{"id":64852,"date":"2021-06-11T08:00:21","date_gmt":"2021-06-11T11:00:21","guid":{"rendered":"https:\/\/www.adf.org.br\/home\/?p=64852"},"modified":"2021-06-10T16:28:54","modified_gmt":"2021-06-10T19:28:54","slug":"inscreva-seus-pedidos-na-missa-do-imaculado-coracao-de-maria","status":"publish","type":"post","link":"https:\/\/www.adf.org.br\/home\/inscreva-seus-pedidos-na-missa-do-imaculado-coracao-de-maria\/","title":{"rendered":"Inscreva seus pedidos na Missa do Imaculado Cora\u00e7\u00e3o de Maria"},"content":{"rendered":"<p>&nbsp;<\/p>\n<h3 style=\"text-align: center;\"><a href=\"tel:08006082128\" target=\"_blank\" rel=\"noopener noreferrer\"><img loading=\"lazy\" class=\"CToWUd alignnone\" src=\"https:\/\/ci5.googleusercontent.com\/proxy\/TMhpP_z-limuOQIPh0kDBn58cWYXo2iN15YSSz27BwicCU7b9e0PzDgrBxSWcgeSNWc3LAMPJ4bPKGCJpJJla_EhpSpBWttWjaVQ9dSO4JChTqdzt1R-Vgl0BmtHF_ksazRDFQwyPa5XbmFJupeGebM=s0-d-e1-ft#https:\/\/adf.org.br\/home\/emkt\/01_emkts\/2021\/ADF\/Junho\/0800\/semana2\/10-06\/testeira_10-06_adf.jpg\" alt=\"Missa\" width=\"586\" height=\"342\" \/><\/a><\/h3>\n<p>&nbsp;<\/p>\n<p><span style=\"color: #000000;\">Amanh\u00e3 a igreja celebra a <strong><span style=\"color: #0000ff;\"><span style=\"text-decoration: underline;\"><a style=\"color: #0000ff; text-decoration: underline;\" href=\"https:\/\/adf.org.br\/velario\/imaculado?origem=19257\" target=\"_blank\" rel=\"noopener noreferrer\">festa do Imaculado Cora\u00e7\u00e3o de Maria<\/a><\/span>.\u00a0<\/span><\/strong><\/span><\/p>\n<p><span style=\"color: #800080;\"><strong>E se voc\u00ea quer alcan\u00e7ar alguma gra\u00e7a, suplique a este Imaculado Cora\u00e7\u00e3o!<\/strong><\/span><\/p>\n<p><span style=\"color: #000000;\">Certamente, as b\u00ean\u00e7\u00e3os que essa devo\u00e7\u00e3o pode nos conceder, s\u00e3o in\u00fameras.<\/span><\/p>\n<p><span style=\"color: #000000;\">Voc\u00ea tamb\u00e9m pode contar com essa intercess\u00e3o se colocar seu nome na <\/span><span style=\"color: #0000ff;\"><strong><a style=\"color: #0000ff;\" href=\"https:\/\/adf.org.br\/velario\/imaculado?origem=19257\" target=\"_blank\" rel=\"noopener noreferrer\"><span style=\"text-decoration: underline;\">Missa do Imaculado Cora\u00e7\u00e3o<\/span> <span style=\"text-decoration: underline;\">de\u00a0Maria<\/span><\/a><\/strong>.<\/span><\/p>\n<blockquote>\n<p style=\"text-align: center;\"><span style=\"color: #000000;\">Ligue\u00a0<b>GRATUITAMENTE<\/b>\u00a0para:<\/span><\/p>\n<h1 style=\"text-align: center;\"><span style=\"color: #0000ff;\"><strong><a style=\"color: #0000ff;\" href=\"tel:08006082128\" target=\"_blank\" rel=\"noopener noreferrer\"><span style=\"text-decoration: underline;\">0800 608 2128<\/span><\/a><\/strong><\/span><\/h1>\n<h6 style=\"text-align: center;\"><strong><br \/>\n<\/strong><span style=\"color: #000000;\"><em>Se estiver no celular, somente tecle no n\u00famero para discar automaticamente.<\/em><\/span><\/h6>\n<p>&nbsp;<\/p><\/blockquote>\n<p><span style=\"color: #000000;\">Aproveite este momento para<strong>\u00a0recorrer ao Cora\u00e7\u00e3o de Nossa Senhora.<\/strong><\/span><\/p>\n<p><span style=\"color: #000000;\">Pois certamente o<\/span> <span style=\"text-decoration: underline;\"><b><span style=\"color: #0000ff;\"><a style=\"color: #0000ff; text-decoration: underline;\" href=\"https:\/\/adf.org.br\/velario\/imaculado?origem=19257\" target=\"_blank\" rel=\"noopener noreferrer\">Imaculado Cora\u00e7\u00e3o de Maria<\/a><\/span> <\/b><\/span><span style=\"color: #000000;\">\u00e9 uma fonte de amor e b\u00ean\u00e7\u00e3os.<\/span><\/p>\n<p><span style=\"color: #000000;\">Portanto,<strong> tenha f\u00e9 e n\u00e3o hesite em fazer seus pedidos<\/strong>, assim voc\u00ea poder\u00e1 alcan\u00e7ar\u00e1 as gra\u00e7as que mais precisa.<\/span><\/p>\n<p><span style=\"color: #000000;\">Voc\u00ea s\u00f3 precisa ligar no<\/span><span style=\"color: #0000ff;\">\u00a0<span style=\"text-decoration: underline;\"><strong><a style=\"color: #0000ff; text-decoration: underline;\" href=\"tel:08006082128\" target=\"_blank\" rel=\"noopener noreferrer\">0800 608 2128<\/a><\/strong><\/span><\/span> <span style=\"color: #000000;\">para inscrever seus pedidos na celebra\u00e7\u00e3o.<\/span><\/p>\n<p><span style=\"color: #000000;\">Caso voc\u00ea n\u00e3o consiga falar conosco,<\/span> <strong><span style=\"color: #0000ff;\"><span style=\"text-decoration: underline;\"><a style=\"color: #0000ff; text-decoration: underline;\" href=\"https:\/\/adf.org.br\/velario\/imaculado?origem=19257\" target=\"_blank\" rel=\"noopener noreferrer\">acenda aqui uma Vela ao Imaculado Cora\u00e7\u00e3o de Maria<\/a><\/span>.<\/span><\/strong><\/p>\n<p>&nbsp;<\/p>\n<p><a href=\"https:\/\/adf.org.br\/velario\/imaculado?origem=19257\" target=\"_blank\" rel=\"noopener noreferrer\"><img loading=\"lazy\" class=\"aligncenter wp-image-64810\" src=\"https:\/\/www.adf.org.br\/home\/wp-content\/uploads\/2021\/06\/imaculado-cora%C3%A7%C3%A3o.png\" alt=\"\" width=\"534\" height=\"170\" \/><\/a><\/p>\n<p>&nbsp;<\/p>\n<p style=\"text-align: center;\"><span style=\"color: #000080;\"><strong><i>Doce Cora\u00e7\u00e3o de Maria, Sede a Nossa Salva\u00e7\u00e3o.<\/i><\/strong><\/span><\/p>\n","protected":false},"excerpt":{"rendered":"<p>&nbsp; &nbsp; Amanh\u00e3 a igreja celebra a festa do Imaculado Cora\u00e7\u00e3o de Maria.\u00a0 E se voc\u00ea quer alcan\u00e7ar alguma gra\u00e7a, suplique a este Imaculado Cora\u00e7\u00e3o! Certamente, as b\u00ean\u00e7\u00e3os que essa devo\u00e7\u00e3o pode nos conceder, s\u00e3o in\u00fameras. Voc\u00ea tamb\u00e9m pode contar com essa intercess\u00e3o se colocar seu nome na Missa do Imaculado Cora\u00e7\u00e3o de\u00a0Maria. Ligue\u00a0GRATUITAMENTE\u00a0para: 0800 [&hellip;]<\/p>\n","protected":false},"author":31,"featured_media":64858,"comment_status":"open","ping_status":"open","sticky":false,"template":"","format":"standard","meta":[],"categories":[20,2473,60,2621,2547,2332],"tags":[3026,65,291,38,57,518],"yoast_head":"<!-- This site is optimized with the Yoast SEO plugin v17.4 - https:\/\/yoast.com\/wordpress\/plugins\/seo\/ -->\n<title>Inscreva seus pedidos na Missa do Imaculado Cora\u00e7\u00e3o de Maria<\/title>\n<meta name=\"description\" content=\"Amanh\u00e3 a igreja celebra a festa do Imaculado Cora\u00e7\u00e3o de Maria.\u00a0E se voc\u00ea quer alcan\u00e7ar alguma gra\u00e7a, inscreva seus pedidos na Missa deste s\u00e1bado.\" \/>\n<meta name=\"robots\" content=\"index, follow, max-snippet:-1, max-image-preview:large, max-video-preview:-1\" \/>\n<link rel=\"canonical\" href=\"https:\/\/www.adf.org.br\/home\/inscreva-seus-pedidos-na-missa-do-imaculado-coracao-de-maria\/\" \/>\n<meta property=\"og:locale\" content=\"pt_BR\" \/>\n<meta property=\"og:type\" content=\"article\" \/>\n<meta property=\"og:title\" content=\"Inscreva seus pedidos na Missa do Imaculado Cora\u00e7\u00e3o de Maria\" \/>\n<meta property=\"og:description\" content=\"Amanh\u00e3 a igreja celebra a festa do Imaculado Cora\u00e7\u00e3o de Maria.\u00a0E se voc\u00ea quer alcan\u00e7ar alguma gra\u00e7a, inscreva seus pedidos na Missa deste s\u00e1bado.\" \/>\n<meta property=\"og:url\" content=\"https:\/\/www.adf.org.br\/home\/inscreva-seus-pedidos-na-missa-do-imaculado-coracao-de-maria\/\" \/>\n<meta property=\"og:site_name\" content=\"Associa\u00e7\u00e3o Devotos de F\u00e1tima\" \/>\n<meta property=\"article:published_time\" content=\"2021-06-11T11:00:21+00:00\" \/>\n<meta property=\"article:modified_time\" content=\"2021-06-10T19:28:54+00:00\" \/>\n<meta property=\"og:image\" content=\"https:\/\/www.adf.org.br\/home\/wp-content\/uploads\/2021\/06\/capa-post-11.06-adf.jpg\" \/>\n\t<meta property=\"og:image:width\" content=\"600\" \/>\n\t<meta property=\"og:image:height\" content=\"350\" \/>\n<meta name=\"twitter:card\" content=\"summary_large_image\" \/>\n<meta name=\"twitter:label1\" content=\"Escrito por\" \/>\n\t<meta name=\"twitter:data1\" content=\"Gabriel Barbosa\" \/>\n\t<meta name=\"twitter:label2\" content=\"Est. tempo de leitura\" \/>\n\t<meta name=\"twitter:data2\" content=\"1 minuto\" \/>\n<script type=\"application\/ld+json\" class=\"yoast-schema-graph\">{\"@context\":\"https:\/\/schema.org\",\"@graph\":[{\"@type\":\"WebSite\",\"@id\":\"https:\/\/www.adf.org.br\/home\/#website\",\"url\":\"https:\/\/www.adf.org.br\/home\/\",\"name\":\"Associa\\u00e7\\u00e3o Devotos de F\\u00e1tima\",\"description\":\"Associa\\u00e7\\u00e3o Devotos de F\\u00e1tima\",\"potentialAction\":[{\"@type\":\"SearchAction\",\"target\":{\"@type\":\"EntryPoint\",\"urlTemplate\":\"https:\/\/www.adf.org.br\/home\/?s={search_term_string}\"},\"query-input\":\"required name=search_term_string\"}],\"inLanguage\":\"pt-BR\"},{\"@type\":\"ImageObject\",\"@id\":\"https:\/\/www.adf.org.br\/home\/inscreva-seus-pedidos-na-missa-do-imaculado-coracao-de-maria\/#primaryimage\",\"inLanguage\":\"pt-BR\",\"url\":\"https:\/\/www.adf.org.br\/home\/wp-content\/uploads\/2021\/06\/capa-post-11.06-adf.jpg\",\"contentUrl\":\"https:\/\/www.adf.org.br\/home\/wp-content\/uploads\/2021\/06\/capa-post-11.06-adf.jpg\",\"width\":600,\"height\":350},{\"@type\":\"WebPage\",\"@id\":\"https:\/\/www.adf.org.br\/home\/inscreva-seus-pedidos-na-missa-do-imaculado-coracao-de-maria\/#webpage\",\"url\":\"https:\/\/www.adf.org.br\/home\/inscreva-seus-pedidos-na-missa-do-imaculado-coracao-de-maria\/\",\"name\":\"Inscreva seus pedidos na Missa do Imaculado Cora\\u00e7\\u00e3o de Maria\",\"isPartOf\":{\"@id\":\"https:\/\/www.adf.org.br\/home\/#website\"},\"primaryImageOfPage\":{\"@id\":\"https:\/\/www.adf.org.br\/home\/inscreva-seus-pedidos-na-missa-do-imaculado-coracao-de-maria\/#primaryimage\"},\"datePublished\":\"2021-06-11T11:00:21+00:00\",\"dateModified\":\"2021-06-10T19:28:54+00:00\",\"author\":{\"@id\":\"https:\/\/www.adf.org.br\/home\/#\/schema\/person\/f35a5c5aa7728a3dedf4ea9aa1fc2753\"},\"description\":\"Amanh\\u00e3 a igreja celebra a festa do Imaculado Cora\\u00e7\\u00e3o de Maria.\\u00a0E se voc\\u00ea quer alcan\\u00e7ar alguma gra\\u00e7a, inscreva seus pedidos na Missa deste s\\u00e1bado.\",\"breadcrumb\":{\"@id\":\"https:\/\/www.adf.org.br\/home\/inscreva-seus-pedidos-na-missa-do-imaculado-coracao-de-maria\/#breadcrumb\"},\"inLanguage\":\"pt-BR\",\"potentialAction\":[{\"@type\":\"ReadAction\",\"target\":[\"https:\/\/www.adf.org.br\/home\/inscreva-seus-pedidos-na-missa-do-imaculado-coracao-de-maria\/\"]}]},{\"@type\":\"BreadcrumbList\",\"@id\":\"https:\/\/www.adf.org.br\/home\/inscreva-seus-pedidos-na-missa-do-imaculado-coracao-de-maria\/#breadcrumb\",\"itemListElement\":[{\"@type\":\"ListItem\",\"position\":1,\"name\":\"Home\",\"item\":\"https:\/\/www.adf.org.br\/home\/\"},{\"@type\":\"ListItem\",\"position\":2,\"name\":\"Inscreva seus pedidos na Missa do Imaculado Cora\\u00e7\\u00e3o de Maria\"}]},{\"@type\":\"Person\",\"@id\":\"https:\/\/www.adf.org.br\/home\/#\/schema\/person\/f35a5c5aa7728a3dedf4ea9aa1fc2753\",\"name\":\"Gabriel Barbosa\",\"image\":{\"@type\":\"ImageObject\",\"@id\":\"https:\/\/www.adf.org.br\/home\/#personlogo\",\"inLanguage\":\"pt-BR\",\"url\":\"https:\/\/secure.gravatar.com\/avatar\/2b2cb2f4637682c5605e8d36818f51ef?s=96&d=mm&r=g\",\"contentUrl\":\"https:\/\/secure.gravatar.com\/avatar\/2b2cb2f4637682c5605e8d36818f51ef?s=96&d=mm&r=g\",\"caption\":\"Gabriel Barbosa\"},\"url\":\"https:\/\/www.adf.org.br\/home\/author\/gabrielpmk-com-br\/\"}]}<\/script>\n<!-- \/ Yoast SEO plugin. -->","yoast_head_json":{"title":"Inscreva seus pedidos na Missa do Imaculado Cora\u00e7\u00e3o de Maria","description":"Amanh\u00e3 a igreja celebra a festa do Imaculado Cora\u00e7\u00e3o de Maria.\u00a0E se voc\u00ea quer alcan\u00e7ar alguma gra\u00e7a, inscreva seus pedidos na Missa deste s\u00e1bado.","robots":{"index":"index","follow":"follow","max-snippet":"max-snippet:-1","max-image-preview":"max-image-preview:large","max-video-preview":"max-video-preview:-1"},"canonical":"https:\/\/www.adf.org.br\/home\/inscreva-seus-pedidos-na-missa-do-imaculado-coracao-de-maria\/","og_locale":"pt_BR","og_type":"article","og_title":"Inscreva seus pedidos na Missa do Imaculado Cora\u00e7\u00e3o de Maria","og_description":"Amanh\u00e3 a igreja celebra a festa do Imaculado Cora\u00e7\u00e3o de Maria.\u00a0E se voc\u00ea quer alcan\u00e7ar alguma gra\u00e7a, inscreva seus pedidos na Missa deste s\u00e1bado.","og_url":"https:\/\/www.adf.org.br\/home\/inscreva-seus-pedidos-na-missa-do-imaculado-coracao-de-maria\/","og_site_name":"Associa\u00e7\u00e3o Devotos de F\u00e1tima","article_published_time":"2021-06-11T11:00:21+00:00","article_modified_time":"2021-06-10T19:28:54+00:00","og_image":[{"width":600,"height":350,"url":"https:\/\/www.adf.org.br\/home\/wp-content\/uploads\/2021\/06\/capa-post-11.06-adf.jpg","type":"image\/jpeg"}],"twitter_card":"summary_large_image","twitter_misc":{"Escrito por":"Gabriel Barbosa","Est. tempo de leitura":"1 minuto"},"schema":{"@context":"https:\/\/schema.org","@graph":[{"@type":"WebSite","@id":"https:\/\/www.adf.org.br\/home\/#website","url":"https:\/\/www.adf.org.br\/home\/","name":"Associa\u00e7\u00e3o Devotos de F\u00e1tima","description":"Associa\u00e7\u00e3o Devotos de F\u00e1tima","potentialAction":[{"@type":"SearchAction","target":{"@type":"EntryPoint","urlTemplate":"https:\/\/www.adf.org.br\/home\/?s={search_term_string}"},"query-input":"required name=search_term_string"}],"inLanguage":"pt-BR"},{"@type":"ImageObject","@id":"https:\/\/www.adf.org.br\/home\/inscreva-seus-pedidos-na-missa-do-imaculado-coracao-de-maria\/#primaryimage","inLanguage":"pt-BR","url":"https:\/\/www.adf.org.br\/home\/wp-content\/uploads\/2021\/06\/capa-post-11.06-adf.jpg","contentUrl":"https:\/\/www.adf.org.br\/home\/wp-content\/uploads\/2021\/06\/capa-post-11.06-adf.jpg","width":600,"height":350},{"@type":"WebPage","@id":"https:\/\/www.adf.org.br\/home\/inscreva-seus-pedidos-na-missa-do-imaculado-coracao-de-maria\/#webpage","url":"https:\/\/www.adf.org.br\/home\/inscreva-seus-pedidos-na-missa-do-imaculado-coracao-de-maria\/","name":"Inscreva seus pedidos na Missa do Imaculado Cora\u00e7\u00e3o de Maria","isPartOf":{"@id":"https:\/\/www.adf.org.br\/home\/#website"},"primaryImageOfPage":{"@id":"https:\/\/www.adf.org.br\/home\/inscreva-seus-pedidos-na-missa-do-imaculado-coracao-de-maria\/#primaryimage"},"datePublished":"2021-06-11T11:00:21+00:00","dateModified":"2021-06-10T19:28:54+00:00","author":{"@id":"https:\/\/www.adf.org.br\/home\/#\/schema\/person\/f35a5c5aa7728a3dedf4ea9aa1fc2753"},"description":"Amanh\u00e3 a igreja celebra a festa do Imaculado Cora\u00e7\u00e3o de Maria.\u00a0E se voc\u00ea quer alcan\u00e7ar alguma gra\u00e7a, inscreva seus pedidos na Missa deste s\u00e1bado.","breadcrumb":{"@id":"https:\/\/www.adf.org.br\/home\/inscreva-seus-pedidos-na-missa-do-imaculado-coracao-de-maria\/#breadcrumb"},"inLanguage":"pt-BR","potentialAction":[{"@type":"ReadAction","target":["https:\/\/www.adf.org.br\/home\/inscreva-seus-pedidos-na-missa-do-imaculado-coracao-de-maria\/"]}]},{"@type":"BreadcrumbList","@id":"https:\/\/www.adf.org.br\/home\/inscreva-seus-pedidos-na-missa-do-imaculado-coracao-de-maria\/#breadcrumb","itemListElement":[{"@type":"ListItem","position":1,"name":"Home","item":"https:\/\/www.adf.org.br\/home\/"},{"@type":"ListItem","position":2,"name":"Inscreva seus pedidos na Missa do Imaculado Cora\u00e7\u00e3o de Maria"}]},{"@type":"Person","@id":"https:\/\/www.adf.org.br\/home\/#\/schema\/person\/f35a5c5aa7728a3dedf4ea9aa1fc2753","name":"Gabriel Barbosa","image":{"@type":"ImageObject","@id":"https:\/\/www.adf.org.br\/home\/#personlogo","inLanguage":"pt-BR","url":"https:\/\/secure.gravatar.com\/avatar\/2b2cb2f4637682c5605e8d36818f51ef?s=96&d=mm&r=g","contentUrl":"https:\/\/secure.gravatar.com\/avatar\/2b2cb2f4637682c5605e8d36818f51ef?s=96&d=mm&r=g","caption":"Gabriel Barbosa"},"url":"https:\/\/www.adf.org.br\/home\/author\/gabrielpmk-com-br\/"}]}},"_links":{"self":[{"href":"https:\/\/www.adf.org.br\/home\/wp-json\/wp\/v2\/posts\/64852"}],"collection":[{"href":"https:\/\/www.adf.org.br\/home\/wp-json\/wp\/v2\/posts"}],"about":[{"href":"https:\/\/www.adf.org.br\/home\/wp-json\/wp\/v2\/types\/post"}],"author":[{"embeddable":true,"href":"https:\/\/www.adf.org.br\/home\/wp-json\/wp\/v2\/users\/31"}],"replies":[{"embeddable":true,"href":"https:\/\/www.adf.org.br\/home\/wp-json\/wp\/v2\/comments?post=64852"}],"version-history":[{"count":12,"href":"https:\/\/www.adf.org.br\/home\/wp-json\/wp\/v2\/posts\/64852\/revisions"}],"predecessor-version":[{"id":64866,"href":"https:\/\/www.adf.org.br\/home\/wp-json\/wp\/v2\/posts\/64852\/revisions\/64866"}],"wp:featuredmedia":[{"embeddable":true,"href":"https:\/\/www.adf.org.br\/home\/wp-json\/wp\/v2\/media\/64858"}],"wp:attachment":[{"href":"https:\/\/www.adf.org.br\/home\/wp-json\/wp\/v2\/media?parent=64852"}],"wp:term":[{"taxonomy":"category","embeddable":true,"href":"https:\/\/www.adf.org.br\/home\/wp-json\/wp\/v2\/categories?post=64852"},{"taxonomy":"post_tag","embeddable":true,"href":"https:\/\/www.adf.org.br\/home\/wp-json\/wp\/v2\/tags?post=64852"}],"curies":[{"name":"wp","href":"https:\/\/api.w.org\/{rel}","templated":true}]}}