{"id":6409,"date":"2010-10-11T00:00:39","date_gmt":"2010-10-11T03:00:39","guid":{"rendered":"http:\/\/www.adf.org.br\/home\/?p=6409"},"modified":"2020-06-09T11:12:48","modified_gmt":"2020-06-09T14:12:48","slug":"maria-intercede-por-toda-graca-em-particular-para-cada-homem","status":"publish","type":"post","link":"https:\/\/www.adf.org.br\/home\/maria-intercede-por-toda-graca-em-particular-para-cada-homem\/","title":{"rendered":"MARIA intercede por toda Gra\u00e7a, em particular para cada homem"},"content":{"rendered":"<p><br class=\"spacer_\" \/><\/p>\n<p class=\"mceTemp mceIEcenter\">\u00a0<\/p>\n<dl id=\"attachment_6412\" class=\"wp-caption aligncenter\" style=\"width: 383px;\">\n<dt class=\"wp-caption-dt\"><a href=\"http:\/\/www.adf.org.br\/vela-das-gracas\/?origem=1\" target=\"_blank\" rel=\"noopener noreferrer\"><img loading=\"lazy\" class=\"size-full wp-image-6412\" title=\"nossa senhora auxiliadora\" src=\"http:\/\/www.adf.org.br\/home\/wp-content\/uploads\/2010\/10\/nossa-senhora-auxiliadora.jpg\" alt=\"\" width=\"373\" height=\"545\" \/><\/a><\/dt>\n<dd class=\"wp-caption-dd\">\n<p><span style=\"color: #0000ff;\"><strong>A Virgem Maria quer interceder por voc\u00ea, mas para isso, a iniciativa de pedir as gra\u00e7as deve partir de voc\u00ea. Fa\u00e7a isso agora, acendendo a <a href=\"http:\/\/www.adf.org.br\/vela-das-gracas\/?origem=1\" target=\"_blank\" rel=\"noopener noreferrer\">Vela das Gra\u00e7as aqu<\/a>i<\/strong><\/span><\/p>\n<\/dd>\n<\/dl>\n<p><br class=\"spacer_\" \/><\/p>\n<p>Esta precios\u00edssima verdade nos ensina o Papa Le\u00e3o  \t\t\t\t\tXIII, na Enc\u00edclica \u201cMagnae Dei Matris\u201d, de 08 de dezembro de  \t\t\t\t\t1892, eco da Tradi\u00e7\u00e3o dos Santos Padres e Doutores:<\/p>\n<p><strong><em>\u201cMARIA, muito melhor que nenhuma outra m\u00e3e,  \t\t\t\t\tconhece e v\u00ea os socorros de que necessitamos para viver, os  \t\t\t\t\tperigos p\u00fablicos e particulares que nos amea\u00e7am, as  \t\t\t\t\tang\u00fastias e males que nos oprimem, e, sobretudo, a luta  \t\t\t\t\tencarni\u00e7ada que havemos de sustentar com os inimigos da  \t\t\t\t\tsalva\u00e7\u00e3o.<\/em><\/strong><\/p>\n<p>Nestas e em outras dificuldades da vida, melhor do  \t\t\t\t\tque ningu\u00e9m, pode ELA generosamente, pois deseja  \t\t\t\t\tardentemente, proporcionar a Seus filhos queridos,  \t\t\t\t\tconsola\u00e7\u00e3o, for\u00e7a e toda a esp\u00e9cie de aux\u00edlios.\u201d<\/p>\n<p><strong><em>\u201cBendita seja a grande M\u00c3E de DEUS, MARIA Sant\u00edssima,  \t\t\t\t\tRef\u00fagio dos pecadores, Consoladora dos aflitos, Socorro  \t\t\t\t\tmuito certo!\u201d<\/em><\/strong><\/p>\n<p><em>Fonte: <a href=\"http:\/\/www.derradeirasgracas.com\/4.%20A%20Media%C3%A7%C3%A3o%20Universal%20de%20Maria%20Sant%C3%ADssima\/A%20MEDIA%C3%87%C3%83O%20UNIVERSAL%20DE%20MARIA%20SANTISSIMA%20-%20V%20.htm\" target=\"_blank\" rel=\"noopener noreferrer\">Derradeiras Gra\u00e7as<\/a><\/em><strong><em><br \/>\n <\/em><\/strong><\/p>\n<p><strong><em><br \/>\n <\/em><\/strong><\/p>\n","protected":false},"excerpt":{"rendered":"<p>\u00a0 A Virgem Maria quer interceder por voc\u00ea, mas para isso, a iniciativa de pedir as gra\u00e7as deve partir de voc\u00ea. Fa\u00e7a isso agora, acendendo a Vela das Gra\u00e7as aqui Esta precios\u00edssima verdade nos ensina o Papa Le\u00e3o XIII, na Enc\u00edclica \u201cMagnae Dei Matris\u201d, de 08 de dezembro de 1892, eco da Tradi\u00e7\u00e3o dos Santos [&hellip;]<\/p>\n","protected":false},"author":27,"featured_media":0,"comment_status":"open","ping_status":"open","sticky":false,"template":"","format":"standard","meta":[],"categories":[20],"tags":[597],"yoast_head":"<!-- This site is optimized with the Yoast SEO plugin v17.4 - https:\/\/yoast.com\/wordpress\/plugins\/seo\/ -->\n<title>MARIA intercede por toda Gra\u00e7a, em particular para cada homem - Associa\u00e7\u00e3o Devotos de F\u00e1tima<\/title>\n<meta name=\"robots\" content=\"index, follow, max-snippet:-1, max-image-preview:large, max-video-preview:-1\" \/>\n<link rel=\"canonical\" href=\"https:\/\/www.adf.org.br\/home\/maria-intercede-por-toda-graca-em-particular-para-cada-homem\/\" \/>\n<meta property=\"og:locale\" content=\"pt_BR\" \/>\n<meta property=\"og:type\" content=\"article\" \/>\n<meta property=\"og:title\" content=\"MARIA intercede por toda Gra\u00e7a, em particular para cada homem - Associa\u00e7\u00e3o Devotos de F\u00e1tima\" \/>\n<meta property=\"og:description\" content=\"\u00a0 A Virgem Maria quer interceder por voc\u00ea, mas para isso, a iniciativa de pedir as gra\u00e7as deve partir de voc\u00ea. Fa\u00e7a isso agora, acendendo a Vela das Gra\u00e7as aqui Esta precios\u00edssima verdade nos ensina o Papa Le\u00e3o XIII, na Enc\u00edclica \u201cMagnae Dei Matris\u201d, de 08 de dezembro de 1892, eco da Tradi\u00e7\u00e3o dos Santos [&hellip;]\" \/>\n<meta property=\"og:url\" content=\"https:\/\/www.adf.org.br\/home\/maria-intercede-por-toda-graca-em-particular-para-cada-homem\/\" \/>\n<meta property=\"og:site_name\" content=\"Associa\u00e7\u00e3o Devotos de F\u00e1tima\" \/>\n<meta property=\"article:published_time\" content=\"2010-10-11T03:00:39+00:00\" \/>\n<meta property=\"article:modified_time\" content=\"2020-06-09T14:12:48+00:00\" \/>\n<meta property=\"og:image\" content=\"http:\/\/www.adf.org.br\/home\/wp-content\/uploads\/2010\/10\/nossa-senhora-auxiliadora.jpg\" \/>\n<meta name=\"twitter:card\" content=\"summary_large_image\" \/>\n<meta name=\"twitter:label1\" content=\"Escrito por\" \/>\n\t<meta name=\"twitter:data1\" content=\"Gabriel Barbosa\" \/>\n\t<meta name=\"twitter:label2\" content=\"Est. tempo de leitura\" \/>\n\t<meta name=\"twitter:data2\" content=\"1 minuto\" \/>\n<script type=\"application\/ld+json\" class=\"yoast-schema-graph\">{\"@context\":\"https:\/\/schema.org\",\"@graph\":[{\"@type\":\"WebSite\",\"@id\":\"https:\/\/www.adf.org.br\/home\/#website\",\"url\":\"https:\/\/www.adf.org.br\/home\/\",\"name\":\"Associa\\u00e7\\u00e3o Devotos de F\\u00e1tima\",\"description\":\"Associa\\u00e7\\u00e3o Devotos de F\\u00e1tima\",\"potentialAction\":[{\"@type\":\"SearchAction\",\"target\":{\"@type\":\"EntryPoint\",\"urlTemplate\":\"https:\/\/www.adf.org.br\/home\/?s={search_term_string}\"},\"query-input\":\"required name=search_term_string\"}],\"inLanguage\":\"pt-BR\"},{\"@type\":\"ImageObject\",\"@id\":\"https:\/\/www.adf.org.br\/home\/maria-intercede-por-toda-graca-em-particular-para-cada-homem\/#primaryimage\",\"inLanguage\":\"pt-BR\",\"url\":\"http:\/\/www.adf.org.br\/home\/wp-content\/uploads\/2010\/10\/nossa-senhora-auxiliadora.jpg\",\"contentUrl\":\"http:\/\/www.adf.org.br\/home\/wp-content\/uploads\/2010\/10\/nossa-senhora-auxiliadora.jpg\"},{\"@type\":\"WebPage\",\"@id\":\"https:\/\/www.adf.org.br\/home\/maria-intercede-por-toda-graca-em-particular-para-cada-homem\/#webpage\",\"url\":\"https:\/\/www.adf.org.br\/home\/maria-intercede-por-toda-graca-em-particular-para-cada-homem\/\",\"name\":\"MARIA intercede por toda Gra\\u00e7a, em particular para cada homem - Associa\\u00e7\\u00e3o Devotos de F\\u00e1tima\",\"isPartOf\":{\"@id\":\"https:\/\/www.adf.org.br\/home\/#website\"},\"primaryImageOfPage\":{\"@id\":\"https:\/\/www.adf.org.br\/home\/maria-intercede-por-toda-graca-em-particular-para-cada-homem\/#primaryimage\"},\"datePublished\":\"2010-10-11T03:00:39+00:00\",\"dateModified\":\"2020-06-09T14:12:48+00:00\",\"author\":{\"@id\":\"https:\/\/www.adf.org.br\/home\/#\/schema\/person\/affa494ecf91434f3620f5392de44327\"},\"breadcrumb\":{\"@id\":\"https:\/\/www.adf.org.br\/home\/maria-intercede-por-toda-graca-em-particular-para-cada-homem\/#breadcrumb\"},\"inLanguage\":\"pt-BR\",\"potentialAction\":[{\"@type\":\"ReadAction\",\"target\":[\"https:\/\/www.adf.org.br\/home\/maria-intercede-por-toda-graca-em-particular-para-cada-homem\/\"]}]},{\"@type\":\"BreadcrumbList\",\"@id\":\"https:\/\/www.adf.org.br\/home\/maria-intercede-por-toda-graca-em-particular-para-cada-homem\/#breadcrumb\",\"itemListElement\":[{\"@type\":\"ListItem\",\"position\":1,\"name\":\"Home\",\"item\":\"https:\/\/www.adf.org.br\/home\/\"},{\"@type\":\"ListItem\",\"position\":2,\"name\":\"MARIA intercede por toda Gra\\u00e7a, em particular para cada homem\"}]},{\"@type\":\"Person\",\"@id\":\"https:\/\/www.adf.org.br\/home\/#\/schema\/person\/affa494ecf91434f3620f5392de44327\",\"name\":\"Gabriel Barbosa\",\"image\":{\"@type\":\"ImageObject\",\"@id\":\"https:\/\/www.adf.org.br\/home\/#personlogo\",\"inLanguage\":\"pt-BR\",\"url\":\"https:\/\/secure.gravatar.com\/avatar\/ecf2eab02e30486a7038f8b2858de06a?s=96&d=mm&r=g\",\"contentUrl\":\"https:\/\/secure.gravatar.com\/avatar\/ecf2eab02e30486a7038f8b2858de06a?s=96&d=mm&r=g\",\"caption\":\"Gabriel Barbosa\"},\"url\":\"https:\/\/www.adf.org.br\/home\/author\/gabriel-aascj\/\"}]}<\/script>\n<!-- \/ Yoast SEO plugin. -->","yoast_head_json":{"title":"MARIA intercede por toda Gra\u00e7a, em particular para cada homem - Associa\u00e7\u00e3o Devotos de F\u00e1tima","robots":{"index":"index","follow":"follow","max-snippet":"max-snippet:-1","max-image-preview":"max-image-preview:large","max-video-preview":"max-video-preview:-1"},"canonical":"https:\/\/www.adf.org.br\/home\/maria-intercede-por-toda-graca-em-particular-para-cada-homem\/","og_locale":"pt_BR","og_type":"article","og_title":"MARIA intercede por toda Gra\u00e7a, em particular para cada homem - Associa\u00e7\u00e3o Devotos de F\u00e1tima","og_description":"\u00a0 A Virgem Maria quer interceder por voc\u00ea, mas para isso, a iniciativa de pedir as gra\u00e7as deve partir de voc\u00ea. Fa\u00e7a isso agora, acendendo a Vela das Gra\u00e7as aqui Esta precios\u00edssima verdade nos ensina o Papa Le\u00e3o XIII, na Enc\u00edclica \u201cMagnae Dei Matris\u201d, de 08 de dezembro de 1892, eco da Tradi\u00e7\u00e3o dos Santos [&hellip;]","og_url":"https:\/\/www.adf.org.br\/home\/maria-intercede-por-toda-graca-em-particular-para-cada-homem\/","og_site_name":"Associa\u00e7\u00e3o Devotos de F\u00e1tima","article_published_time":"2010-10-11T03:00:39+00:00","article_modified_time":"2020-06-09T14:12:48+00:00","og_image":[{"url":"http:\/\/www.adf.org.br\/home\/wp-content\/uploads\/2010\/10\/nossa-senhora-auxiliadora.jpg"}],"twitter_card":"summary_large_image","twitter_misc":{"Escrito por":"Gabriel Barbosa","Est. tempo de leitura":"1 minuto"},"schema":{"@context":"https:\/\/schema.org","@graph":[{"@type":"WebSite","@id":"https:\/\/www.adf.org.br\/home\/#website","url":"https:\/\/www.adf.org.br\/home\/","name":"Associa\u00e7\u00e3o Devotos de F\u00e1tima","description":"Associa\u00e7\u00e3o Devotos de F\u00e1tima","potentialAction":[{"@type":"SearchAction","target":{"@type":"EntryPoint","urlTemplate":"https:\/\/www.adf.org.br\/home\/?s={search_term_string}"},"query-input":"required name=search_term_string"}],"inLanguage":"pt-BR"},{"@type":"ImageObject","@id":"https:\/\/www.adf.org.br\/home\/maria-intercede-por-toda-graca-em-particular-para-cada-homem\/#primaryimage","inLanguage":"pt-BR","url":"http:\/\/www.adf.org.br\/home\/wp-content\/uploads\/2010\/10\/nossa-senhora-auxiliadora.jpg","contentUrl":"http:\/\/www.adf.org.br\/home\/wp-content\/uploads\/2010\/10\/nossa-senhora-auxiliadora.jpg"},{"@type":"WebPage","@id":"https:\/\/www.adf.org.br\/home\/maria-intercede-por-toda-graca-em-particular-para-cada-homem\/#webpage","url":"https:\/\/www.adf.org.br\/home\/maria-intercede-por-toda-graca-em-particular-para-cada-homem\/","name":"MARIA intercede por toda Gra\u00e7a, em particular para cada homem - Associa\u00e7\u00e3o Devotos de F\u00e1tima","isPartOf":{"@id":"https:\/\/www.adf.org.br\/home\/#website"},"primaryImageOfPage":{"@id":"https:\/\/www.adf.org.br\/home\/maria-intercede-por-toda-graca-em-particular-para-cada-homem\/#primaryimage"},"datePublished":"2010-10-11T03:00:39+00:00","dateModified":"2020-06-09T14:12:48+00:00","author":{"@id":"https:\/\/www.adf.org.br\/home\/#\/schema\/person\/affa494ecf91434f3620f5392de44327"},"breadcrumb":{"@id":"https:\/\/www.adf.org.br\/home\/maria-intercede-por-toda-graca-em-particular-para-cada-homem\/#breadcrumb"},"inLanguage":"pt-BR","potentialAction":[{"@type":"ReadAction","target":["https:\/\/www.adf.org.br\/home\/maria-intercede-por-toda-graca-em-particular-para-cada-homem\/"]}]},{"@type":"BreadcrumbList","@id":"https:\/\/www.adf.org.br\/home\/maria-intercede-por-toda-graca-em-particular-para-cada-homem\/#breadcrumb","itemListElement":[{"@type":"ListItem","position":1,"name":"Home","item":"https:\/\/www.adf.org.br\/home\/"},{"@type":"ListItem","position":2,"name":"MARIA intercede por toda Gra\u00e7a, em particular para cada homem"}]},{"@type":"Person","@id":"https:\/\/www.adf.org.br\/home\/#\/schema\/person\/affa494ecf91434f3620f5392de44327","name":"Gabriel Barbosa","image":{"@type":"ImageObject","@id":"https:\/\/www.adf.org.br\/home\/#personlogo","inLanguage":"pt-BR","url":"https:\/\/secure.gravatar.com\/avatar\/ecf2eab02e30486a7038f8b2858de06a?s=96&d=mm&r=g","contentUrl":"https:\/\/secure.gravatar.com\/avatar\/ecf2eab02e30486a7038f8b2858de06a?s=96&d=mm&r=g","caption":"Gabriel Barbosa"},"url":"https:\/\/www.adf.org.br\/home\/author\/gabriel-aascj\/"}]}},"_links":{"self":[{"href":"https:\/\/www.adf.org.br\/home\/wp-json\/wp\/v2\/posts\/6409"}],"collection":[{"href":"https:\/\/www.adf.org.br\/home\/wp-json\/wp\/v2\/posts"}],"about":[{"href":"https:\/\/www.adf.org.br\/home\/wp-json\/wp\/v2\/types\/post"}],"author":[{"embeddable":true,"href":"https:\/\/www.adf.org.br\/home\/wp-json\/wp\/v2\/users\/27"}],"replies":[{"embeddable":true,"href":"https:\/\/www.adf.org.br\/home\/wp-json\/wp\/v2\/comments?post=6409"}],"version-history":[{"count":1,"href":"https:\/\/www.adf.org.br\/home\/wp-json\/wp\/v2\/posts\/6409\/revisions"}],"predecessor-version":[{"id":42781,"href":"https:\/\/www.adf.org.br\/home\/wp-json\/wp\/v2\/posts\/6409\/revisions\/42781"}],"wp:attachment":[{"href":"https:\/\/www.adf.org.br\/home\/wp-json\/wp\/v2\/media?parent=6409"}],"wp:term":[{"taxonomy":"category","embeddable":true,"href":"https:\/\/www.adf.org.br\/home\/wp-json\/wp\/v2\/categories?post=6409"},{"taxonomy":"post_tag","embeddable":true,"href":"https:\/\/www.adf.org.br\/home\/wp-json\/wp\/v2\/tags?post=6409"}],"curies":[{"name":"wp","href":"https:\/\/api.w.org\/{rel}","templated":true}]}}