{"id":63319,"date":"2021-01-20T12:40:41","date_gmt":"2021-01-20T15:40:41","guid":{"rendered":"https:\/\/www.adf.org.br\/home\/?p=63319"},"modified":"2021-01-20T12:40:07","modified_gmt":"2021-01-20T15:40:07","slug":"hoje-e-o-dia-de-nossa-senhora-dos-milagres","status":"publish","type":"post","link":"https:\/\/www.adf.org.br\/home\/hoje-e-o-dia-de-nossa-senhora-dos-milagres\/","title":{"rendered":"Hoje \u00e9 o Dia de Nossa Senhora dos Milagres"},"content":{"rendered":"<figure id=\"attachment_8033\" aria-describedby=\"caption-attachment-8033\" style=\"width: 544px\" class=\"wp-caption aligncenter\"><a href=\"https:\/\/adf.org.br\/velario\/gracas?origem=17514\" target=\"_blank\" rel=\"noopener noreferrer\"><img loading=\"lazy\" class=\"wp-image-8033\" src=\"http:\/\/www.abim.inf.br\/wp-content\/uploads\/2017\/01\/3PRC_Madonna-del-Miracolo--1024x683.jpg\" alt=\"Nossa Senhora \" width=\"544\" height=\"364\" \/><\/a><figcaption id=\"caption-attachment-8033\" class=\"wp-caption-text\">Nossa Senhora do Milagre<\/figcaption><\/figure>\n<p>&nbsp;<\/p>\n<p style=\"text-align: left;\"><span style=\"color: #000000;\"><strong>Um dos fatos marcantes da hist\u00f3ria religiosa do s\u00e9culo XIX foi a apari\u00e7\u00e3o de Nossa Senhora ao judeu Alphonse Ratisbonne e sua\u00a0 convers\u00e3o ao catolicismo.<\/strong><\/span><\/p>\n<p><span style=\"color: #000000;\">Muito distante da f\u00e9 cat\u00f3lica vivia o jovem Ratisbonne, natural de Estrasburgo, nascido em 1814. No dia 20 de janeiro de 1842, em viagem tur\u00edstica a Roma, por curiosidade art\u00edstica ele entrou na Igreja de Sant\u2019Andrea delle Fratte, acompanhado de um amigo, o Bar\u00e3o de Bussi\u00e8res. Enquanto este foi \u00e0 sacristia encomendar uma missa, o jovem judeu apreciava as obras de arte daquele templo.<\/span><\/p>\n<p><span style=\"color: #000000;\">Quando se encontrava diante do<strong> altar<\/strong> <strong>consagrado a Nossa Senhora das Gra\u00e7as da Medalha Milagrosa<\/strong> (hoje conhecido como altar da Madonna del Miracolo \u2014 Nossa Senhora do Milagre), Ela apareceu-lhe e o converteu instantaneamente de inimigo da Igreja cat\u00f3lica em seu fervoroso ap\u00f3stolo.<\/span><\/p>\n<p style=\"text-align: right;\"><span style=\"color: #000000;\">(Fonte: Revista Catolicismo, n\u00ba 673, janeiro\/2007).<\/span><\/p>\n<p>&nbsp;<\/p>\n<p>&nbsp;<\/p>\n<p style=\"text-align: center;\"><strong><span style=\"color: #000080;\">ORA\u00c7\u00c3O \u00c0 NOSSA SENHORA DOS MILAGRES<\/span><\/strong><\/p>\n<blockquote><p>&nbsp;<\/p>\n<p><span style=\"color: #000000;\">\u201c<strong>\u00d3 Imaculada M\u00e3e de Deus, Madonna del Miracolo<\/strong>, que quisestes conquistar com um singular prod\u00edgio de vossa miseric\u00f3rdia o israelita Afonso Ratisbonne, acolhei as s\u00faplicas que vos apresentamos com confian\u00e7a, como um dia acolhestes as s\u00faplicas daqueles que a V\u00f3s recorreram pedindo a convers\u00e3o do filho judeu. Obtende-nos tamb\u00e9m uma sincera e total convers\u00e3o \u00e0 gra\u00e7a e todos os bens da alma e do corpo.<\/span><\/p>\n<p><span style=\"color: #000000;\"><strong>Vossa clem\u00eancia triunfou sobre Ratisbonne,<\/strong> persuadindo-o a receber o batismo e a empenhar-se com vontade s\u00e9ria na observ\u00e2ncia dos Mandamentos. Por esta conquista do vosso amor, obtende-nos a perseveran\u00e7a no cumprimento das promessas do batismo. Fazei com que nenhum obst\u00e1culo se interponha \u00e0 nossa observ\u00e2ncia dos preceitos de Deus e da Igreja.<\/span><\/p>\n<p><span style=\"color: #000000;\"><strong>Vossas m\u00e3os resplandecentes s\u00e3o s\u00edmbolo das inumer\u00e1veis gra\u00e7as<\/strong> que com maternal bondade dispensais profusamente sobre a Terra. Fazei resplandecer tamb\u00e9m sobre n\u00f3s um raio da vossa miseric\u00f3rdia\u201d.\u00a0<\/span><\/p><\/blockquote>\n<p>&nbsp;<\/p>\n<p style=\"text-align: center;\"><span style=\"color: #000000;\"><strong>Reze com fervor esta bel\u00edssima Ora\u00e7\u00e3o<\/strong> e aproveite para acender a Vela virtual<\/span>\u00a0<span style=\"color: #0000ff;\"><a style=\"color: #0000ff;\" href=\"https:\/\/adf.org.br\/velario\/gracas?origem=17514\" target=\"_blank\" rel=\"noopener noreferrer\"><strong>CLICANDO AQUI<\/strong><\/a>\u00a0<\/span><span style=\"color: #000000;\">ou na<strong>\u00a0imagem abaixo<\/strong> e registre seus pedidos para Nossa Senhora.<\/span><\/p>\n<p>&nbsp;<\/p>\n<p><a href=\"https:\/\/adf.org.br\/velario\/gracas?origem=17514\" target=\"_blank\" rel=\"noopener noreferrer\"><img loading=\"lazy\" class=\"aligncenter wp-image-53656\" src=\"https:\/\/www.adf.org.br\/home\/wp-content\/uploads\/2019\/07\/Vela-3.png\" alt=\"Vela\" width=\"411\" height=\"313\" \/><\/a><\/p>\n<p>&nbsp;<\/p>\n","protected":false},"excerpt":{"rendered":"<p>&nbsp; Um dos fatos marcantes da hist\u00f3ria religiosa do s\u00e9culo XIX foi a apari\u00e7\u00e3o de Nossa Senhora ao judeu Alphonse Ratisbonne e sua\u00a0 convers\u00e3o ao catolicismo. Muito distante da f\u00e9 cat\u00f3lica vivia o jovem Ratisbonne, natural de Estrasburgo, nascido em 1814. No dia 20 de janeiro de 1842, em viagem tur\u00edstica a Roma, por curiosidade [&hellip;]<\/p>\n","protected":false},"author":31,"featured_media":63330,"comment_status":"open","ping_status":"open","sticky":false,"template":"","format":"standard","meta":[],"categories":[20,14,2547,2332],"tags":[2130,38,4590,142,2408],"yoast_head":"<!-- This site is optimized with the Yoast SEO plugin v17.4 - https:\/\/yoast.com\/wordpress\/plugins\/seo\/ -->\n<title>Hoje \u00e9 o Dia de Nossa Senhora dos Milagres<\/title>\n<meta name=\"description\" content=\"Um fato marcantes da hist\u00f3ria religiosa do s\u00e9culo XIX foi a apari\u00e7\u00e3o de Nossa Senhora ao judeu Alphonse Ratisbonne e sua\u00a0 convers\u00e3o ao catolicismo. Leia aqui\" \/>\n<meta name=\"robots\" content=\"index, follow, max-snippet:-1, max-image-preview:large, max-video-preview:-1\" \/>\n<link rel=\"canonical\" href=\"https:\/\/www.adf.org.br\/home\/hoje-e-o-dia-de-nossa-senhora-dos-milagres\/\" \/>\n<meta property=\"og:locale\" content=\"pt_BR\" \/>\n<meta property=\"og:type\" content=\"article\" \/>\n<meta property=\"og:title\" content=\"Hoje \u00e9 o Dia de Nossa Senhora dos Milagres\" \/>\n<meta property=\"og:description\" content=\"Um fato marcantes da hist\u00f3ria religiosa do s\u00e9culo XIX foi a apari\u00e7\u00e3o de Nossa Senhora ao judeu Alphonse Ratisbonne e sua\u00a0 convers\u00e3o ao catolicismo. Leia aqui\" \/>\n<meta property=\"og:url\" content=\"https:\/\/www.adf.org.br\/home\/hoje-e-o-dia-de-nossa-senhora-dos-milagres\/\" \/>\n<meta property=\"og:site_name\" content=\"Associa\u00e7\u00e3o Devotos de F\u00e1tima\" \/>\n<meta property=\"article:published_time\" content=\"2021-01-20T15:40:41+00:00\" \/>\n<meta property=\"article:modified_time\" content=\"2021-01-20T15:40:07+00:00\" \/>\n<meta property=\"og:image\" content=\"https:\/\/www.adf.org.br\/home\/wp-content\/uploads\/2021\/01\/CAPA-POST-20.01-ADF.jpg\" \/>\n\t<meta property=\"og:image:width\" content=\"1024\" \/>\n\t<meta property=\"og:image:height\" content=\"683\" \/>\n<meta name=\"twitter:card\" content=\"summary_large_image\" \/>\n<meta name=\"twitter:label1\" content=\"Escrito por\" \/>\n\t<meta name=\"twitter:data1\" content=\"Gabriel Barbosa\" \/>\n\t<meta name=\"twitter:label2\" content=\"Est. tempo de leitura\" \/>\n\t<meta name=\"twitter:data2\" content=\"2 minutos\" \/>\n<script type=\"application\/ld+json\" class=\"yoast-schema-graph\">{\"@context\":\"https:\/\/schema.org\",\"@graph\":[{\"@type\":\"WebSite\",\"@id\":\"https:\/\/www.adf.org.br\/home\/#website\",\"url\":\"https:\/\/www.adf.org.br\/home\/\",\"name\":\"Associa\\u00e7\\u00e3o Devotos de F\\u00e1tima\",\"description\":\"Associa\\u00e7\\u00e3o Devotos de F\\u00e1tima\",\"potentialAction\":[{\"@type\":\"SearchAction\",\"target\":{\"@type\":\"EntryPoint\",\"urlTemplate\":\"https:\/\/www.adf.org.br\/home\/?s={search_term_string}\"},\"query-input\":\"required name=search_term_string\"}],\"inLanguage\":\"pt-BR\"},{\"@type\":\"ImageObject\",\"@id\":\"https:\/\/www.adf.org.br\/home\/hoje-e-o-dia-de-nossa-senhora-dos-milagres\/#primaryimage\",\"inLanguage\":\"pt-BR\",\"url\":\"https:\/\/www.adf.org.br\/home\/wp-content\/uploads\/2021\/01\/CAPA-POST-20.01-ADF.jpg\",\"contentUrl\":\"https:\/\/www.adf.org.br\/home\/wp-content\/uploads\/2021\/01\/CAPA-POST-20.01-ADF.jpg\",\"width\":1024,\"height\":683},{\"@type\":\"WebPage\",\"@id\":\"https:\/\/www.adf.org.br\/home\/hoje-e-o-dia-de-nossa-senhora-dos-milagres\/#webpage\",\"url\":\"https:\/\/www.adf.org.br\/home\/hoje-e-o-dia-de-nossa-senhora-dos-milagres\/\",\"name\":\"Hoje \\u00e9 o Dia de Nossa Senhora dos Milagres\",\"isPartOf\":{\"@id\":\"https:\/\/www.adf.org.br\/home\/#website\"},\"primaryImageOfPage\":{\"@id\":\"https:\/\/www.adf.org.br\/home\/hoje-e-o-dia-de-nossa-senhora-dos-milagres\/#primaryimage\"},\"datePublished\":\"2021-01-20T15:40:41+00:00\",\"dateModified\":\"2021-01-20T15:40:07+00:00\",\"author\":{\"@id\":\"https:\/\/www.adf.org.br\/home\/#\/schema\/person\/f35a5c5aa7728a3dedf4ea9aa1fc2753\"},\"description\":\"Um fato marcantes da hist\\u00f3ria religiosa do s\\u00e9culo XIX foi a apari\\u00e7\\u00e3o de Nossa Senhora ao judeu Alphonse Ratisbonne e sua\\u00a0 convers\\u00e3o ao catolicismo. Leia aqui\",\"breadcrumb\":{\"@id\":\"https:\/\/www.adf.org.br\/home\/hoje-e-o-dia-de-nossa-senhora-dos-milagres\/#breadcrumb\"},\"inLanguage\":\"pt-BR\",\"potentialAction\":[{\"@type\":\"ReadAction\",\"target\":[\"https:\/\/www.adf.org.br\/home\/hoje-e-o-dia-de-nossa-senhora-dos-milagres\/\"]}]},{\"@type\":\"BreadcrumbList\",\"@id\":\"https:\/\/www.adf.org.br\/home\/hoje-e-o-dia-de-nossa-senhora-dos-milagres\/#breadcrumb\",\"itemListElement\":[{\"@type\":\"ListItem\",\"position\":1,\"name\":\"Home\",\"item\":\"https:\/\/www.adf.org.br\/home\/\"},{\"@type\":\"ListItem\",\"position\":2,\"name\":\"Hoje \\u00e9 o Dia de Nossa Senhora dos Milagres\"}]},{\"@type\":\"Person\",\"@id\":\"https:\/\/www.adf.org.br\/home\/#\/schema\/person\/f35a5c5aa7728a3dedf4ea9aa1fc2753\",\"name\":\"Gabriel Barbosa\",\"image\":{\"@type\":\"ImageObject\",\"@id\":\"https:\/\/www.adf.org.br\/home\/#personlogo\",\"inLanguage\":\"pt-BR\",\"url\":\"https:\/\/secure.gravatar.com\/avatar\/2b2cb2f4637682c5605e8d36818f51ef?s=96&d=mm&r=g\",\"contentUrl\":\"https:\/\/secure.gravatar.com\/avatar\/2b2cb2f4637682c5605e8d36818f51ef?s=96&d=mm&r=g\",\"caption\":\"Gabriel Barbosa\"},\"url\":\"https:\/\/www.adf.org.br\/home\/author\/gabrielpmk-com-br\/\"}]}<\/script>\n<!-- \/ Yoast SEO plugin. -->","yoast_head_json":{"title":"Hoje \u00e9 o Dia de Nossa Senhora dos Milagres","description":"Um fato marcantes da hist\u00f3ria religiosa do s\u00e9culo XIX foi a apari\u00e7\u00e3o de Nossa Senhora ao judeu Alphonse Ratisbonne e sua\u00a0 convers\u00e3o ao catolicismo. Leia aqui","robots":{"index":"index","follow":"follow","max-snippet":"max-snippet:-1","max-image-preview":"max-image-preview:large","max-video-preview":"max-video-preview:-1"},"canonical":"https:\/\/www.adf.org.br\/home\/hoje-e-o-dia-de-nossa-senhora-dos-milagres\/","og_locale":"pt_BR","og_type":"article","og_title":"Hoje \u00e9 o Dia de Nossa Senhora dos Milagres","og_description":"Um fato marcantes da hist\u00f3ria religiosa do s\u00e9culo XIX foi a apari\u00e7\u00e3o de Nossa Senhora ao judeu Alphonse Ratisbonne e sua\u00a0 convers\u00e3o ao catolicismo. Leia aqui","og_url":"https:\/\/www.adf.org.br\/home\/hoje-e-o-dia-de-nossa-senhora-dos-milagres\/","og_site_name":"Associa\u00e7\u00e3o Devotos de F\u00e1tima","article_published_time":"2021-01-20T15:40:41+00:00","article_modified_time":"2021-01-20T15:40:07+00:00","og_image":[{"width":1024,"height":683,"url":"https:\/\/www.adf.org.br\/home\/wp-content\/uploads\/2021\/01\/CAPA-POST-20.01-ADF.jpg","type":"image\/jpeg"}],"twitter_card":"summary_large_image","twitter_misc":{"Escrito por":"Gabriel Barbosa","Est. tempo de leitura":"2 minutos"},"schema":{"@context":"https:\/\/schema.org","@graph":[{"@type":"WebSite","@id":"https:\/\/www.adf.org.br\/home\/#website","url":"https:\/\/www.adf.org.br\/home\/","name":"Associa\u00e7\u00e3o Devotos de F\u00e1tima","description":"Associa\u00e7\u00e3o Devotos de F\u00e1tima","potentialAction":[{"@type":"SearchAction","target":{"@type":"EntryPoint","urlTemplate":"https:\/\/www.adf.org.br\/home\/?s={search_term_string}"},"query-input":"required name=search_term_string"}],"inLanguage":"pt-BR"},{"@type":"ImageObject","@id":"https:\/\/www.adf.org.br\/home\/hoje-e-o-dia-de-nossa-senhora-dos-milagres\/#primaryimage","inLanguage":"pt-BR","url":"https:\/\/www.adf.org.br\/home\/wp-content\/uploads\/2021\/01\/CAPA-POST-20.01-ADF.jpg","contentUrl":"https:\/\/www.adf.org.br\/home\/wp-content\/uploads\/2021\/01\/CAPA-POST-20.01-ADF.jpg","width":1024,"height":683},{"@type":"WebPage","@id":"https:\/\/www.adf.org.br\/home\/hoje-e-o-dia-de-nossa-senhora-dos-milagres\/#webpage","url":"https:\/\/www.adf.org.br\/home\/hoje-e-o-dia-de-nossa-senhora-dos-milagres\/","name":"Hoje \u00e9 o Dia de Nossa Senhora dos Milagres","isPartOf":{"@id":"https:\/\/www.adf.org.br\/home\/#website"},"primaryImageOfPage":{"@id":"https:\/\/www.adf.org.br\/home\/hoje-e-o-dia-de-nossa-senhora-dos-milagres\/#primaryimage"},"datePublished":"2021-01-20T15:40:41+00:00","dateModified":"2021-01-20T15:40:07+00:00","author":{"@id":"https:\/\/www.adf.org.br\/home\/#\/schema\/person\/f35a5c5aa7728a3dedf4ea9aa1fc2753"},"description":"Um fato marcantes da hist\u00f3ria religiosa do s\u00e9culo XIX foi a apari\u00e7\u00e3o de Nossa Senhora ao judeu Alphonse Ratisbonne e sua\u00a0 convers\u00e3o ao catolicismo. Leia aqui","breadcrumb":{"@id":"https:\/\/www.adf.org.br\/home\/hoje-e-o-dia-de-nossa-senhora-dos-milagres\/#breadcrumb"},"inLanguage":"pt-BR","potentialAction":[{"@type":"ReadAction","target":["https:\/\/www.adf.org.br\/home\/hoje-e-o-dia-de-nossa-senhora-dos-milagres\/"]}]},{"@type":"BreadcrumbList","@id":"https:\/\/www.adf.org.br\/home\/hoje-e-o-dia-de-nossa-senhora-dos-milagres\/#breadcrumb","itemListElement":[{"@type":"ListItem","position":1,"name":"Home","item":"https:\/\/www.adf.org.br\/home\/"},{"@type":"ListItem","position":2,"name":"Hoje \u00e9 o Dia de Nossa Senhora dos Milagres"}]},{"@type":"Person","@id":"https:\/\/www.adf.org.br\/home\/#\/schema\/person\/f35a5c5aa7728a3dedf4ea9aa1fc2753","name":"Gabriel Barbosa","image":{"@type":"ImageObject","@id":"https:\/\/www.adf.org.br\/home\/#personlogo","inLanguage":"pt-BR","url":"https:\/\/secure.gravatar.com\/avatar\/2b2cb2f4637682c5605e8d36818f51ef?s=96&d=mm&r=g","contentUrl":"https:\/\/secure.gravatar.com\/avatar\/2b2cb2f4637682c5605e8d36818f51ef?s=96&d=mm&r=g","caption":"Gabriel Barbosa"},"url":"https:\/\/www.adf.org.br\/home\/author\/gabrielpmk-com-br\/"}]}},"_links":{"self":[{"href":"https:\/\/www.adf.org.br\/home\/wp-json\/wp\/v2\/posts\/63319"}],"collection":[{"href":"https:\/\/www.adf.org.br\/home\/wp-json\/wp\/v2\/posts"}],"about":[{"href":"https:\/\/www.adf.org.br\/home\/wp-json\/wp\/v2\/types\/post"}],"author":[{"embeddable":true,"href":"https:\/\/www.adf.org.br\/home\/wp-json\/wp\/v2\/users\/31"}],"replies":[{"embeddable":true,"href":"https:\/\/www.adf.org.br\/home\/wp-json\/wp\/v2\/comments?post=63319"}],"version-history":[{"count":18,"href":"https:\/\/www.adf.org.br\/home\/wp-json\/wp\/v2\/posts\/63319\/revisions"}],"predecessor-version":[{"id":63339,"href":"https:\/\/www.adf.org.br\/home\/wp-json\/wp\/v2\/posts\/63319\/revisions\/63339"}],"wp:featuredmedia":[{"embeddable":true,"href":"https:\/\/www.adf.org.br\/home\/wp-json\/wp\/v2\/media\/63330"}],"wp:attachment":[{"href":"https:\/\/www.adf.org.br\/home\/wp-json\/wp\/v2\/media?parent=63319"}],"wp:term":[{"taxonomy":"category","embeddable":true,"href":"https:\/\/www.adf.org.br\/home\/wp-json\/wp\/v2\/categories?post=63319"},{"taxonomy":"post_tag","embeddable":true,"href":"https:\/\/www.adf.org.br\/home\/wp-json\/wp\/v2\/tags?post=63319"}],"curies":[{"name":"wp","href":"https:\/\/api.w.org\/{rel}","templated":true}]}}