{"id":63143,"date":"2021-03-27T00:30:13","date_gmt":"2021-03-27T03:30:13","guid":{"rendered":"https:\/\/www.adf.org.br\/home\/?p=63143"},"modified":"2021-03-24T19:25:39","modified_gmt":"2021-03-24T22:25:39","slug":"mensagem-para-voce-que-esta-angustiado","status":"publish","type":"post","link":"https:\/\/www.adf.org.br\/home\/mensagem-para-voce-que-esta-angustiado\/","title":{"rendered":"Mensagem para voc\u00ea, que est\u00e1 angustiado"},"content":{"rendered":"<p><a href=\"https:\/\/adf.org.br\/apostolosdefatima\/2\/?origem=18239#ChanceUnica\" target=\"_blank\" rel=\"noopener noreferrer\"><img loading=\"lazy\" class=\"wp-image-63144 size-full aligncenter\" src=\"https:\/\/www.adf.org.br\/home\/wp-content\/uploads\/2020\/12\/Ang\u00fastias.jpg\" alt=\"\" width=\"600\" height=\"350\" srcset=\"https:\/\/www.adf.org.br\/home\/wp-content\/uploads\/2020\/12\/Ang\u00fastias.jpg 600w, https:\/\/www.adf.org.br\/home\/wp-content\/uploads\/2020\/12\/Ang\u00fastias-300x175.jpg 300w\" sizes=\"(max-width: 600px) 100vw, 600px\" \/><\/a><\/p>\n<p><span style=\"color: #000000;\">Ol\u00e1, devoto(a) de Nossa Senhora,<\/span><\/p>\n<p><span style=\"color: #000000;\">Quem j\u00e1 passou por isso sabe bem.<\/span><\/p>\n<p><strong><span style=\"color: #000000;\">A ANG\u00daSTIA parece\u00a0<span class=\"il\">que<\/span>\u00a0nos sufoca, nos aprisiona, nos faz perder a raz\u00e3o.<\/span><\/strong><\/p>\n<blockquote><p><span style=\"color: #000000;\">\u00c9 algo como um n\u00f3 na garganta&#8230;<\/span><br \/>\n<span style=\"color: #000000;\"><span class=\"il\">Voc\u00ea<\/span>\u00a0caminha e ela\u00a0<span class=\"il\">est\u00e1<\/span>\u00a0l\u00e1 presente&#8230;<\/span><br \/>\n<span style=\"color: #000000;\">Vai dormir, e ela n\u00e3o te abandona&#8230;<\/span><\/p><\/blockquote>\n<p><span style=\"color: #000000;\">Mas saiba\u00a0<span class=\"il\">que<\/span><strong>\u00a0existe um &#8220;REM\u00c9DIO&#8221;\u00a0<span class=\"il\">para<\/span>\u00a0as suas ang\u00fastias<\/strong>!<\/span><\/p>\n<p><span style=\"text-decoration: underline;\"><span style=\"color: #0000ff; text-decoration: underline;\"><a style=\"color: #0000ff; text-decoration: underline;\" href=\"https:\/\/adf.org.br\/apostolosdefatima\/2\/?origem=18239#ChanceUnica\" target=\"_blank\" rel=\"noopener noreferrer\" data-saferedirecturl=\"https:\/\/www.google.com\/url?q=http:\/\/e.adf.org.br\/bendar\/?atmca%3D8207713%26atmme%3D1%26atmte%3D1%26atmso%3Dck%26utm_content%3D250396380%26atmem%3DZ2FicmllbC5iYXJib3NhLmFhc2NqQGdtYWlsLmNvbQ%3D%3D%26&amp;source=gmail&amp;ust=1608321221561000&amp;usg=AFQjCNH92tzZSCMtNWzT2v7NU2CE6UW0TQ\">N\u00e3o \u00e9 uma f\u00f3rmula milagrosa, mas ela funciona<\/a><\/span><\/span>.<\/p>\n<p><span style=\"color: #000000;\"><strong>1.<\/strong> Reze! Isso mesmo. Nunca perca sua vontade de rezar.<\/span><\/p>\n<p><span style=\"color: #000000;\"><strong>2<\/strong>.\u00a0<strong><span class=\"il\">Voc\u00ea<\/span>\u00a0ainda pode fazer muito mais:<\/strong>\u00a0<\/span><span style=\"text-decoration: underline;\"><span style=\"color: #0000ff; text-decoration: underline;\"><a style=\"color: #0000ff; text-decoration: underline;\" href=\"https:\/\/adf.org.br\/apostolosdefatima\/2\/?origem=18239#ChanceUnica\" target=\"_blank\" rel=\"noopener noreferrer\" data-saferedirecturl=\"https:\/\/www.google.com\/url?q=http:\/\/e.adf.org.br\/bendar\/?atmca%3D8207713%26atmme%3D1%26atmte%3D1%26atmso%3Dck%26utm_content%3D250396380%26atmem%3DZ2FicmllbC5iYXJib3NhLmFhc2NqQGdtYWlsLmNvbQ%3D%3D%26&amp;source=gmail&amp;ust=1608321221561000&amp;usg=AFQjCNH92tzZSCMtNWzT2v7NU2CE6UW0TQ\">Inscreva-se agora no grupo Ap\u00f3stolos de F\u00e1tima e firme um compromisso com Maria Sant\u00edssima<\/a><\/span>.<\/span><\/p>\n<p><span style=\"color: #000000;\">Firmando esse compromisso,\u00a0<span class=\"il\">voc\u00ea<\/span>\u00a0estar\u00e1 deixando\u00a0<span class=\"il\">que<\/span>\u00a0a Virgem Maria tome conta de tudo, inclusive com a tarefa de lhe ajudar a vencer as suas ang\u00fastias.<\/span><\/p>\n<p><span style=\"color: #000000;\">N\u00e3o tenha d\u00favidas! Sem contar\u00a0<span class=\"il\">que<\/span>\u00a0<span style=\"color: #0000ff;\"><a style=\"color: #0000ff;\" href=\"https:\/\/adf.org.br\/apostolosdefatima\/2\/?origem=18239#ChanceUnica\" target=\"_blank\" rel=\"noopener noreferrer\"><strong><span class=\"il\">voc\u00ea<\/span>\u00a0contar\u00e1 com presentes espirituais<\/strong><\/a><\/span>\u00a0<span class=\"il\">que<\/span>\u00a0<strong>fortalecer\u00e3o sua alma<\/strong> e lhe ajudar\u00e3o a <strong>receber as gra\u00e7as\u00a0<span class=\"il\">que<\/span>\u00a0precisa.<\/strong><\/span><\/p>\n<p><span style=\"text-decoration: underline;\"><span style=\"color: #0000ff; text-decoration: underline;\"><a style=\"color: #0000ff; text-decoration: underline;\" href=\"https:\/\/adf.org.br\/apostolosdefatima\/2\/?origem=18239#ChanceUnica\" target=\"_blank\" rel=\"noopener noreferrer\" data-saferedirecturl=\"https:\/\/www.google.com\/url?q=http:\/\/e.adf.org.br\/bendar\/?atmca%3D8207713%26atmme%3D1%26atmte%3D1%26atmso%3Dck%26utm_content%3D250396380%26atmem%3DZ2FicmllbC5iYXJib3NhLmFhc2NqQGdtYWlsLmNvbQ%3D%3D%26&amp;source=gmail&amp;ust=1608321221561000&amp;usg=AFQjCNH92tzZSCMtNWzT2v7NU2CE6UW0TQ\">Clique aqui e fa\u00e7a parte do grupo Ap\u00f3stolos de F\u00e1tima<\/a><\/span><\/span>.<\/p>\n<p><span style=\"color: #000000;\">Ao fazer isso, tenho certeza\u00a0<span class=\"il\">que<\/span>\u00a0<strong><span style=\"color: #0000ff;\"><a style=\"color: #0000ff;\" href=\"https:\/\/adf.org.br\/apostolosdefatima\/2\/?origem=18239#ChanceUnica\" target=\"_blank\" rel=\"noopener noreferrer\">Nossa Senhora poder\u00e1 lhe ajudar imediatamente<\/a><\/span><\/strong>, afinal,\u00a0<span class=\"il\">voc\u00ea<\/span>\u00a0estar\u00e1 em uma uni\u00e3o maior ainda com Ela.<\/span><\/p>\n<p><span style=\"color: #000000;\">E nunca se esque\u00e7a das palavras de S\u00e3o Bernardo:<\/span><\/p>\n<p style=\"padding-left: 40px;\"><span style=\"color: #000080;\"><strong><em>&#8220;Nos perigos, nas ang\u00fastias, em todos os momentos de d\u00favida, pensa em Maria, invoca Maria.&#8221;<\/em><\/strong><\/span><\/p>\n<p><span style=\"color: #000000;\">A Virgem de F\u00e1tima \u00e9 misericordiosa e de uma bondade infinita,\u00a0<strong>Ela lhe ajudar\u00e1 a passar por qualquer turbul\u00eancia.<\/strong><\/span><\/p>\n<p><span style=\"color: #000000;\">Em Jesus e Maria,<\/span><\/p>\n<p><span style=\"color: #000000;\"><strong><i>Carlos Lanna<\/i><\/strong><\/span><br \/>\n<span style=\"color: #000000;\">Coordenador da Associa\u00e7\u00e3o<\/span><br \/>\n<span style=\"color: #000000;\">Devotos de F\u00e1tima<\/span><\/p>\n","protected":false},"excerpt":{"rendered":"<p>Ol\u00e1, devoto(a) de Nossa Senhora, Quem j\u00e1 passou por isso sabe bem. A ANG\u00daSTIA parece\u00a0que\u00a0nos sufoca, nos aprisiona, nos faz perder a raz\u00e3o. \u00c9 algo como um n\u00f3 na garganta&#8230; Voc\u00ea\u00a0caminha e ela\u00a0est\u00e1\u00a0l\u00e1 presente&#8230; Vai dormir, e ela n\u00e3o te abandona&#8230; Mas saiba\u00a0que\u00a0existe um &#8220;REM\u00c9DIO&#8221;\u00a0para\u00a0as suas ang\u00fastias! N\u00e3o \u00e9 uma f\u00f3rmula milagrosa, mas ela funciona. [&hellip;]<\/p>\n","protected":false},"author":27,"featured_media":63149,"comment_status":"open","ping_status":"open","sticky":false,"template":"","format":"standard","meta":[],"categories":[2224,20,2323,56],"tags":[2242,3099,4589,4601],"yoast_head":"<!-- This site is optimized with the Yoast SEO plugin v17.4 - https:\/\/yoast.com\/wordpress\/plugins\/seo\/ -->\n<title>Mensagem para voc\u00ea que est\u00e1 angustiado<\/title>\n<meta name=\"description\" content=\"Voc\u00ea se sente triste e ang\u00fastiado? Tem uma mensagem muito importante para voc\u00ea aqui. Leia com muita aten\u00e7\u00e3o.\" \/>\n<meta name=\"robots\" content=\"index, follow, max-snippet:-1, max-image-preview:large, max-video-preview:-1\" \/>\n<link rel=\"canonical\" href=\"https:\/\/www.adf.org.br\/home\/mensagem-para-voce-que-esta-angustiado\/\" \/>\n<meta property=\"og:locale\" content=\"pt_BR\" \/>\n<meta property=\"og:type\" content=\"article\" \/>\n<meta property=\"og:title\" content=\"Mensagem para voc\u00ea que est\u00e1 angustiado\" \/>\n<meta property=\"og:description\" content=\"Voc\u00ea se sente triste e ang\u00fastiado? Tem uma mensagem muito importante para voc\u00ea aqui. Leia com muita aten\u00e7\u00e3o.\" \/>\n<meta property=\"og:url\" content=\"https:\/\/www.adf.org.br\/home\/mensagem-para-voce-que-esta-angustiado\/\" \/>\n<meta property=\"og:site_name\" content=\"Associa\u00e7\u00e3o Devotos de F\u00e1tima\" \/>\n<meta property=\"article:published_time\" content=\"2021-03-27T03:30:13+00:00\" \/>\n<meta property=\"article:modified_time\" content=\"2021-03-24T22:25:39+00:00\" \/>\n<meta property=\"og:image\" content=\"https:\/\/www.adf.org.br\/home\/wp-content\/uploads\/2020\/01\/POST-ADF-03-01.jpg\" \/>\n\t<meta property=\"og:image:width\" content=\"600\" \/>\n\t<meta property=\"og:image:height\" content=\"350\" \/>\n<meta name=\"twitter:card\" content=\"summary_large_image\" \/>\n<meta name=\"twitter:label1\" content=\"Escrito por\" \/>\n\t<meta name=\"twitter:data1\" content=\"Gabriel Barbosa\" \/>\n\t<meta name=\"twitter:label2\" content=\"Est. tempo de leitura\" \/>\n\t<meta name=\"twitter:data2\" content=\"1 minuto\" \/>\n<script type=\"application\/ld+json\" class=\"yoast-schema-graph\">{\"@context\":\"https:\/\/schema.org\",\"@graph\":[{\"@type\":\"WebSite\",\"@id\":\"https:\/\/www.adf.org.br\/home\/#website\",\"url\":\"https:\/\/www.adf.org.br\/home\/\",\"name\":\"Associa\\u00e7\\u00e3o Devotos de F\\u00e1tima\",\"description\":\"Associa\\u00e7\\u00e3o Devotos de F\\u00e1tima\",\"potentialAction\":[{\"@type\":\"SearchAction\",\"target\":{\"@type\":\"EntryPoint\",\"urlTemplate\":\"https:\/\/www.adf.org.br\/home\/?s={search_term_string}\"},\"query-input\":\"required name=search_term_string\"}],\"inLanguage\":\"pt-BR\"},{\"@type\":\"ImageObject\",\"@id\":\"https:\/\/www.adf.org.br\/home\/mensagem-para-voce-que-esta-angustiado\/#primaryimage\",\"inLanguage\":\"pt-BR\",\"url\":\"https:\/\/www.adf.org.br\/home\/wp-content\/uploads\/2020\/01\/POST-ADF-03-01.jpg\",\"contentUrl\":\"https:\/\/www.adf.org.br\/home\/wp-content\/uploads\/2020\/01\/POST-ADF-03-01.jpg\",\"width\":600,\"height\":350},{\"@type\":\"WebPage\",\"@id\":\"https:\/\/www.adf.org.br\/home\/mensagem-para-voce-que-esta-angustiado\/#webpage\",\"url\":\"https:\/\/www.adf.org.br\/home\/mensagem-para-voce-que-esta-angustiado\/\",\"name\":\"Mensagem para voc\\u00ea que est\\u00e1 angustiado\",\"isPartOf\":{\"@id\":\"https:\/\/www.adf.org.br\/home\/#website\"},\"primaryImageOfPage\":{\"@id\":\"https:\/\/www.adf.org.br\/home\/mensagem-para-voce-que-esta-angustiado\/#primaryimage\"},\"datePublished\":\"2021-03-27T03:30:13+00:00\",\"dateModified\":\"2021-03-24T22:25:39+00:00\",\"author\":{\"@id\":\"https:\/\/www.adf.org.br\/home\/#\/schema\/person\/affa494ecf91434f3620f5392de44327\"},\"description\":\"Voc\\u00ea se sente triste e ang\\u00fastiado? Tem uma mensagem muito importante para voc\\u00ea aqui. Leia com muita aten\\u00e7\\u00e3o.\",\"breadcrumb\":{\"@id\":\"https:\/\/www.adf.org.br\/home\/mensagem-para-voce-que-esta-angustiado\/#breadcrumb\"},\"inLanguage\":\"pt-BR\",\"potentialAction\":[{\"@type\":\"ReadAction\",\"target\":[\"https:\/\/www.adf.org.br\/home\/mensagem-para-voce-que-esta-angustiado\/\"]}]},{\"@type\":\"BreadcrumbList\",\"@id\":\"https:\/\/www.adf.org.br\/home\/mensagem-para-voce-que-esta-angustiado\/#breadcrumb\",\"itemListElement\":[{\"@type\":\"ListItem\",\"position\":1,\"name\":\"Home\",\"item\":\"https:\/\/www.adf.org.br\/home\/\"},{\"@type\":\"ListItem\",\"position\":2,\"name\":\"Mensagem para voc\\u00ea, que est\\u00e1 angustiado\"}]},{\"@type\":\"Person\",\"@id\":\"https:\/\/www.adf.org.br\/home\/#\/schema\/person\/affa494ecf91434f3620f5392de44327\",\"name\":\"Gabriel Barbosa\",\"image\":{\"@type\":\"ImageObject\",\"@id\":\"https:\/\/www.adf.org.br\/home\/#personlogo\",\"inLanguage\":\"pt-BR\",\"url\":\"https:\/\/secure.gravatar.com\/avatar\/ecf2eab02e30486a7038f8b2858de06a?s=96&d=mm&r=g\",\"contentUrl\":\"https:\/\/secure.gravatar.com\/avatar\/ecf2eab02e30486a7038f8b2858de06a?s=96&d=mm&r=g\",\"caption\":\"Gabriel Barbosa\"},\"url\":\"https:\/\/www.adf.org.br\/home\/author\/gabriel-aascj\/\"}]}<\/script>\n<!-- \/ Yoast SEO plugin. -->","yoast_head_json":{"title":"Mensagem para voc\u00ea que est\u00e1 angustiado","description":"Voc\u00ea se sente triste e ang\u00fastiado? Tem uma mensagem muito importante para voc\u00ea aqui. Leia com muita aten\u00e7\u00e3o.","robots":{"index":"index","follow":"follow","max-snippet":"max-snippet:-1","max-image-preview":"max-image-preview:large","max-video-preview":"max-video-preview:-1"},"canonical":"https:\/\/www.adf.org.br\/home\/mensagem-para-voce-que-esta-angustiado\/","og_locale":"pt_BR","og_type":"article","og_title":"Mensagem para voc\u00ea que est\u00e1 angustiado","og_description":"Voc\u00ea se sente triste e ang\u00fastiado? Tem uma mensagem muito importante para voc\u00ea aqui. Leia com muita aten\u00e7\u00e3o.","og_url":"https:\/\/www.adf.org.br\/home\/mensagem-para-voce-que-esta-angustiado\/","og_site_name":"Associa\u00e7\u00e3o Devotos de F\u00e1tima","article_published_time":"2021-03-27T03:30:13+00:00","article_modified_time":"2021-03-24T22:25:39+00:00","og_image":[{"width":600,"height":350,"url":"https:\/\/www.adf.org.br\/home\/wp-content\/uploads\/2020\/01\/POST-ADF-03-01.jpg","type":"image\/jpeg"}],"twitter_card":"summary_large_image","twitter_misc":{"Escrito por":"Gabriel Barbosa","Est. tempo de leitura":"1 minuto"},"schema":{"@context":"https:\/\/schema.org","@graph":[{"@type":"WebSite","@id":"https:\/\/www.adf.org.br\/home\/#website","url":"https:\/\/www.adf.org.br\/home\/","name":"Associa\u00e7\u00e3o Devotos de F\u00e1tima","description":"Associa\u00e7\u00e3o Devotos de F\u00e1tima","potentialAction":[{"@type":"SearchAction","target":{"@type":"EntryPoint","urlTemplate":"https:\/\/www.adf.org.br\/home\/?s={search_term_string}"},"query-input":"required name=search_term_string"}],"inLanguage":"pt-BR"},{"@type":"ImageObject","@id":"https:\/\/www.adf.org.br\/home\/mensagem-para-voce-que-esta-angustiado\/#primaryimage","inLanguage":"pt-BR","url":"https:\/\/www.adf.org.br\/home\/wp-content\/uploads\/2020\/01\/POST-ADF-03-01.jpg","contentUrl":"https:\/\/www.adf.org.br\/home\/wp-content\/uploads\/2020\/01\/POST-ADF-03-01.jpg","width":600,"height":350},{"@type":"WebPage","@id":"https:\/\/www.adf.org.br\/home\/mensagem-para-voce-que-esta-angustiado\/#webpage","url":"https:\/\/www.adf.org.br\/home\/mensagem-para-voce-que-esta-angustiado\/","name":"Mensagem para voc\u00ea que est\u00e1 angustiado","isPartOf":{"@id":"https:\/\/www.adf.org.br\/home\/#website"},"primaryImageOfPage":{"@id":"https:\/\/www.adf.org.br\/home\/mensagem-para-voce-que-esta-angustiado\/#primaryimage"},"datePublished":"2021-03-27T03:30:13+00:00","dateModified":"2021-03-24T22:25:39+00:00","author":{"@id":"https:\/\/www.adf.org.br\/home\/#\/schema\/person\/affa494ecf91434f3620f5392de44327"},"description":"Voc\u00ea se sente triste e ang\u00fastiado? Tem uma mensagem muito importante para voc\u00ea aqui. Leia com muita aten\u00e7\u00e3o.","breadcrumb":{"@id":"https:\/\/www.adf.org.br\/home\/mensagem-para-voce-que-esta-angustiado\/#breadcrumb"},"inLanguage":"pt-BR","potentialAction":[{"@type":"ReadAction","target":["https:\/\/www.adf.org.br\/home\/mensagem-para-voce-que-esta-angustiado\/"]}]},{"@type":"BreadcrumbList","@id":"https:\/\/www.adf.org.br\/home\/mensagem-para-voce-que-esta-angustiado\/#breadcrumb","itemListElement":[{"@type":"ListItem","position":1,"name":"Home","item":"https:\/\/www.adf.org.br\/home\/"},{"@type":"ListItem","position":2,"name":"Mensagem para voc\u00ea, que est\u00e1 angustiado"}]},{"@type":"Person","@id":"https:\/\/www.adf.org.br\/home\/#\/schema\/person\/affa494ecf91434f3620f5392de44327","name":"Gabriel Barbosa","image":{"@type":"ImageObject","@id":"https:\/\/www.adf.org.br\/home\/#personlogo","inLanguage":"pt-BR","url":"https:\/\/secure.gravatar.com\/avatar\/ecf2eab02e30486a7038f8b2858de06a?s=96&d=mm&r=g","contentUrl":"https:\/\/secure.gravatar.com\/avatar\/ecf2eab02e30486a7038f8b2858de06a?s=96&d=mm&r=g","caption":"Gabriel Barbosa"},"url":"https:\/\/www.adf.org.br\/home\/author\/gabriel-aascj\/"}]}},"_links":{"self":[{"href":"https:\/\/www.adf.org.br\/home\/wp-json\/wp\/v2\/posts\/63143"}],"collection":[{"href":"https:\/\/www.adf.org.br\/home\/wp-json\/wp\/v2\/posts"}],"about":[{"href":"https:\/\/www.adf.org.br\/home\/wp-json\/wp\/v2\/types\/post"}],"author":[{"embeddable":true,"href":"https:\/\/www.adf.org.br\/home\/wp-json\/wp\/v2\/users\/27"}],"replies":[{"embeddable":true,"href":"https:\/\/www.adf.org.br\/home\/wp-json\/wp\/v2\/comments?post=63143"}],"version-history":[{"count":9,"href":"https:\/\/www.adf.org.br\/home\/wp-json\/wp\/v2\/posts\/63143\/revisions"}],"predecessor-version":[{"id":63971,"href":"https:\/\/www.adf.org.br\/home\/wp-json\/wp\/v2\/posts\/63143\/revisions\/63971"}],"wp:featuredmedia":[{"embeddable":true,"href":"https:\/\/www.adf.org.br\/home\/wp-json\/wp\/v2\/media\/63149"}],"wp:attachment":[{"href":"https:\/\/www.adf.org.br\/home\/wp-json\/wp\/v2\/media?parent=63143"}],"wp:term":[{"taxonomy":"category","embeddable":true,"href":"https:\/\/www.adf.org.br\/home\/wp-json\/wp\/v2\/categories?post=63143"},{"taxonomy":"post_tag","embeddable":true,"href":"https:\/\/www.adf.org.br\/home\/wp-json\/wp\/v2\/tags?post=63143"}],"curies":[{"name":"wp","href":"https:\/\/api.w.org\/{rel}","templated":true}]}}