{"id":62907,"date":"2020-12-22T00:30:38","date_gmt":"2020-12-22T03:30:38","guid":{"rendered":"https:\/\/www.adf.org.br\/home\/?p=62907"},"modified":"2020-12-14T18:25:04","modified_gmt":"2020-12-14T21:25:04","slug":"novena-de-natal-7o-dia","status":"publish","type":"post","link":"https:\/\/www.adf.org.br\/home\/novena-de-natal-7o-dia\/","title":{"rendered":"Novena de Natal \u2013 7\u00ba Dia"},"content":{"rendered":"<p><a href=\"https:\/\/adf.org.br\/velario\/natal?origem=17083\" target=\"_blank\" rel=\"noopener noreferrer\"><img loading=\"lazy\" class=\"aligncenter wp-image-62918\" src=\"https:\/\/www.adf.org.br\/home\/wp-content\/uploads\/2020\/12\/botao2.png\" alt=\"\" width=\"504\" height=\"283\" \/><\/a><\/p>\n<p>&nbsp;<\/p>\n<blockquote>\n<h3><span style=\"color: #000080;\">Ora\u00e7\u00e3o Inicial<\/span><\/h3>\n<p><strong><span style=\"color: #000000;\">\u201cEm Nome do Pai, do Filho e do Esp\u00edrito Santo. Am\u00e9m!<\/span><\/strong><\/p>\n<p><span style=\"color: #000000;\"><strong>Maria, Virgem Gr\u00e1vida, Mulher de Deus,<\/strong> Virgem do \u2018sim\u2019 fecundo, Tu, que fecundante ao Verbo de Deus e O levaste em Teu seio durante\u00a0nove meses, sentindo-O palpitar e crescer dentro de Ti, experimentando Sua presen\u00e7a e sendo transformada por Ele.<\/span><\/p>\n<p><span style=\"color: #000000;\"><strong>Nestes dias que antecedem ao nascimento de Teu Filho,<\/strong> n\u00f3s queremos acompanhar-Te, queremos estar contigo para aprender de Ti a levar Deus no cora\u00e7\u00e3o e deixarmo-nos transformar por Sua presen\u00e7a.<\/span><\/p>\n<p><span style=\"color: #000000;\"><strong>Maria, Virgem Gr\u00e1vida, n\u00f3s Te pedimos que, ao acompanhar-Te, sejas Tu quem interceda por cada um de n\u00f3s, para que possamos celebrar o Natal cheios da presen\u00e7a de Teu Filho em nossa vida.<\/strong> Maria, Virgem M\u00e3e, mulher da espera confiada, pede por n\u00f3s, para que, neste\u00a0Natal, todos possamos ficar mais perto de seu Filho e, assim, sermos capazes de recome\u00e7ar, de perdoar e sermos perdoados, de voltar a amar, e sermos curados interiormente para celebrar e viver a vida de Deus em n\u00f3s.<\/span><\/p>\n<p><span style=\"color: #000000;\"><strong>Maria, Virgem do \u2018sim\u2019 e da realiza\u00e7\u00e3o,<\/strong> Virgem M\u00e3e do sil\u00eancio eloquente, ajuda-nos a celebrar este Natal, tendo Teu Filho como centro de nossa vida. Maria, pede por n\u00f3s agora e sempre.<\/span><\/p>\n<p><strong><span style=\"color: #000000;\">Que assim seja!\u201d<\/span><\/strong><\/p>\n<p>&nbsp;<\/p>\n<h3><span style=\"color: #000080;\">Ora\u00e7\u00e3o<\/span><\/h3>\n<p><span style=\"color: #000000;\"><strong>Senhor Jesus, Tua m\u00e3e soube reconhecer e manifestar a Tua presen\u00e7a n\u2019Ela e na hist\u00f3ria<\/strong>, e por ter tido a sensibilidade de nos relatar como Tu atuas, o que Te agradas, quem s\u00e3o os Teus privilegiados. Senhor, faz com que aprendamos com Ela a reconhecer a Tua presen\u00e7a em nosso dia a dia, que possamos descobrir-Te em cada acontecimento, e sabendo como \u00e9s, como ages, o que gostas, saibamos confiar e esperar em Ti, Senhor, assim como Tua m\u00e3e, que reconheceu tudo o que o Pai fez n\u2019Ela. E que, da mesma maneira, possa atuar e saber que sem Ti n\u00e3o sou nada, e que \u00e9s Tu quem fazes tudo em mim.<\/span><\/p>\n<p><strong><span style=\"color: #000000;\">Que assim seja.<\/span><\/strong><\/p>\n<p>&nbsp;<\/p>\n<h3><span style=\"color: #000080;\">Ora\u00e7\u00e3o Final<\/span><\/h3>\n<p><span style=\"color: #000000;\"><strong>Menino Jesus,\u00a0assim como Tua M\u00e3e,<\/strong> vimos a Ti para Lhe agradecer e bendizer-Te por tudo o que fazes em n\u00f3s e por n\u00f3s. Agradecemos-Te e bendizemos porque quisestes nos redimir a partir de nossa pr\u00f3pria natureza, porque se fizeste um de n\u00f3s, sendo Tu em tudo semelhante a n\u00f3s, menos no pecado, porque, assumindo nossa vida, nos deste vida com Tua vida.<\/span><\/p>\n<p><span style=\"color: #000000;\"><strong>Damos-Te gra\u00e7as e Te bendizemos,<\/strong> porque, com Teu nascimento, dignificaste a nossa natureza, nos mostrastes o quanto \u00e9 sagrada a vida, porque dignificaste a mulher, nascendo Tu mesmo de Maria Virgem. Glorificamos-Te, porque, com Teu nascimento, Tu d\u00e1s fortaleza e alegria, nos enches de gozo e consolo, nos fazes renascer na esperan\u00e7a, nos mostras que Tu est\u00e1s conosco.<\/span><\/p>\n<p><span style=\"color: #000000;\"><strong>Bendito e louvado sejas, porque \u00e9s o Deus que vive e nos d\u00e1 a vida,<\/strong>que nos conhece por dentro e nos enche de amor. Bendito e louvado sejas, por Teu nascimento e por Tua vida e reden\u00e7\u00e3o. Bendito e louvado sejas, hoje e sempre.<\/span><\/p>\n<p><strong><span style=\"color: #000000;\">Que assim seja!<\/span><\/strong><\/p><\/blockquote>\n<p>&nbsp;<\/p>\n<hr \/>\n<p>&nbsp;<\/p>\n<h3 style=\"text-align: center;\"><span style=\"color: #000000;\">Falta <b>pouco<\/b>\u00a0para a<\/span><span style=\"color: #0000ff;\"><a style=\"color: #0000ff;\" href=\"https:\/\/adf.org.br\/velario\/natal?origem=17083\" target=\"_blank\" rel=\"noopener noreferrer\"><b> Missa de Natal!<\/b><\/a><\/span><\/h3>\n<p style=\"text-align: center;\"><span style=\"color: #000000;\">Se voc\u00ea ainda n\u00e3o<b> colocou seus pedidos nessa Missa, n\u00e3o perca a chance de incluir suas s\u00faplicas nessa celebra\u00e7\u00e3o. \u00c9 GR\u00c1TIS!<\/b><\/span><\/p>\n<p style=\"text-align: center;\"><strong>\u00a0<\/strong><\/p>\n<p style=\"text-align: center;\"><strong><a href=\"https:\/\/adf.org.br\/velario\/natal?origem=17083\" target=\"_blank\" rel=\"noopener noreferrer\"><span style=\"color: #0000ff;\">CLIQUE AQUI ou na imagem abaixo e registre suas s\u00faplicas.<\/span><\/a><\/strong><\/p>\n<p>&nbsp;<\/p>\n<p><img loading=\"lazy\" class=\" wp-image-62920 aligncenter\" src=\"https:\/\/www.adf.org.br\/home\/wp-content\/uploads\/2020\/12\/Botao4.jpg\" alt=\"\" width=\"486\" height=\"365\" srcset=\"https:\/\/www.adf.org.br\/home\/wp-content\/uploads\/2020\/12\/Botao4.jpg 600w, https:\/\/www.adf.org.br\/home\/wp-content\/uploads\/2020\/12\/Botao4-300x225.jpg 300w\" sizes=\"(max-width: 486px) 100vw, 486px\" \/><\/p>\n<div class=\"elementor-column elementor-col-33 elementor-top-column elementor-element elementor-element-3f0ea9c\" data-id=\"3f0ea9c\" data-element_type=\"column\">\n<div class=\"elementor-column-wrap elementor-element-populated\">\n<div class=\"elementor-widget-wrap\">\n<div class=\"elementor-element elementor-element-391b865 elementor-widget elementor-widget-theme-post-content\" data-id=\"391b865\" data-element_type=\"widget\" data-widget_type=\"theme-post-content.default\">\n<div class=\"elementor-widget-container\">\n<p>&nbsp;<\/p>\n<p style=\"text-align: center;\"><span style=\"color: #800080;\">\u201c<em><strong>Que a Virgem Sant\u00edssima e o Menino Jesus lhe cumulem de b\u00ean\u00e7\u00e3os.\u201d<\/strong><\/em><\/span><\/p>\n<\/div>\n<\/div>\n<\/div>\n<\/div>\n<\/div>\n","protected":false},"excerpt":{"rendered":"<p>&nbsp; Ora\u00e7\u00e3o Inicial \u201cEm Nome do Pai, do Filho e do Esp\u00edrito Santo. Am\u00e9m! Maria, Virgem Gr\u00e1vida, Mulher de Deus, Virgem do \u2018sim\u2019 fecundo, Tu, que fecundante ao Verbo de Deus e O levaste em Teu seio durante\u00a0nove meses, sentindo-O palpitar e crescer dentro de Ti, experimentando Sua presen\u00e7a e sendo transformada por Ele. Nestes [&hellip;]<\/p>\n","protected":false},"author":31,"featured_media":62949,"comment_status":"open","ping_status":"open","sticky":false,"template":"","format":"standard","meta":[],"categories":[20,2621,3069,56,14,2332],"tags":[2219,4584,920,57,4585,15,2408,4557],"yoast_head":"<!-- This site is optimized with the Yoast SEO plugin v17.4 - https:\/\/yoast.com\/wordpress\/plugins\/seo\/ -->\n<title>Novena de Natal \u2013 7\u00ba Dia<\/title>\n<meta name=\"description\" content=\"Novena de Natal \u2013 7\u00ba Dia! Reze e fa\u00e7a suas ora\u00e7\u00f5es em mais este dia de novena. Inscreva seu nome e seus pedidos na Santa Missa de Natal que faremos celebrar\" \/>\n<meta name=\"robots\" content=\"index, follow, max-snippet:-1, max-image-preview:large, max-video-preview:-1\" \/>\n<link rel=\"canonical\" href=\"https:\/\/www.adf.org.br\/home\/novena-de-natal-7o-dia\/\" \/>\n<meta property=\"og:locale\" content=\"pt_BR\" \/>\n<meta property=\"og:type\" content=\"article\" \/>\n<meta property=\"og:title\" content=\"Novena de Natal \u2013 7\u00ba Dia\" \/>\n<meta property=\"og:description\" content=\"Novena de Natal \u2013 7\u00ba Dia! Reze e fa\u00e7a suas ora\u00e7\u00f5es em mais este dia de novena. Inscreva seu nome e seus pedidos na Santa Missa de Natal que faremos celebrar\" \/>\n<meta property=\"og:url\" content=\"https:\/\/www.adf.org.br\/home\/novena-de-natal-7o-dia\/\" \/>\n<meta property=\"og:site_name\" content=\"Associa\u00e7\u00e3o Devotos de F\u00e1tima\" \/>\n<meta property=\"article:published_time\" content=\"2020-12-22T03:30:38+00:00\" \/>\n<meta property=\"article:modified_time\" content=\"2020-12-14T21:25:04+00:00\" \/>\n<meta property=\"og:image\" content=\"https:\/\/www.adf.org.br\/home\/wp-content\/uploads\/2020\/12\/capa-novena-adf.jpg\" \/>\n\t<meta property=\"og:image:width\" content=\"1920\" \/>\n\t<meta property=\"og:image:height\" content=\"1080\" \/>\n<meta name=\"twitter:card\" content=\"summary_large_image\" \/>\n<meta name=\"twitter:label1\" content=\"Escrito por\" \/>\n\t<meta name=\"twitter:data1\" content=\"Gabriel Barbosa\" \/>\n\t<meta name=\"twitter:label2\" content=\"Est. tempo de leitura\" \/>\n\t<meta name=\"twitter:data2\" content=\"3 minutos\" \/>\n<script type=\"application\/ld+json\" class=\"yoast-schema-graph\">{\"@context\":\"https:\/\/schema.org\",\"@graph\":[{\"@type\":\"WebSite\",\"@id\":\"https:\/\/www.adf.org.br\/home\/#website\",\"url\":\"https:\/\/www.adf.org.br\/home\/\",\"name\":\"Associa\\u00e7\\u00e3o Devotos de F\\u00e1tima\",\"description\":\"Associa\\u00e7\\u00e3o Devotos de F\\u00e1tima\",\"potentialAction\":[{\"@type\":\"SearchAction\",\"target\":{\"@type\":\"EntryPoint\",\"urlTemplate\":\"https:\/\/www.adf.org.br\/home\/?s={search_term_string}\"},\"query-input\":\"required name=search_term_string\"}],\"inLanguage\":\"pt-BR\"},{\"@type\":\"ImageObject\",\"@id\":\"https:\/\/www.adf.org.br\/home\/novena-de-natal-7o-dia\/#primaryimage\",\"inLanguage\":\"pt-BR\",\"url\":\"https:\/\/www.adf.org.br\/home\/wp-content\/uploads\/2020\/12\/capa-novena-adf.jpg\",\"contentUrl\":\"https:\/\/www.adf.org.br\/home\/wp-content\/uploads\/2020\/12\/capa-novena-adf.jpg\",\"width\":1920,\"height\":1080},{\"@type\":\"WebPage\",\"@id\":\"https:\/\/www.adf.org.br\/home\/novena-de-natal-7o-dia\/#webpage\",\"url\":\"https:\/\/www.adf.org.br\/home\/novena-de-natal-7o-dia\/\",\"name\":\"Novena de Natal \\u2013 7\\u00ba Dia\",\"isPartOf\":{\"@id\":\"https:\/\/www.adf.org.br\/home\/#website\"},\"primaryImageOfPage\":{\"@id\":\"https:\/\/www.adf.org.br\/home\/novena-de-natal-7o-dia\/#primaryimage\"},\"datePublished\":\"2020-12-22T03:30:38+00:00\",\"dateModified\":\"2020-12-14T21:25:04+00:00\",\"author\":{\"@id\":\"https:\/\/www.adf.org.br\/home\/#\/schema\/person\/f35a5c5aa7728a3dedf4ea9aa1fc2753\"},\"description\":\"Novena de Natal \\u2013 7\\u00ba Dia! Reze e fa\\u00e7a suas ora\\u00e7\\u00f5es em mais este dia de novena. Inscreva seu nome e seus pedidos na Santa Missa de Natal que faremos celebrar\",\"breadcrumb\":{\"@id\":\"https:\/\/www.adf.org.br\/home\/novena-de-natal-7o-dia\/#breadcrumb\"},\"inLanguage\":\"pt-BR\",\"potentialAction\":[{\"@type\":\"ReadAction\",\"target\":[\"https:\/\/www.adf.org.br\/home\/novena-de-natal-7o-dia\/\"]}]},{\"@type\":\"BreadcrumbList\",\"@id\":\"https:\/\/www.adf.org.br\/home\/novena-de-natal-7o-dia\/#breadcrumb\",\"itemListElement\":[{\"@type\":\"ListItem\",\"position\":1,\"name\":\"Home\",\"item\":\"https:\/\/www.adf.org.br\/home\/\"},{\"@type\":\"ListItem\",\"position\":2,\"name\":\"Novena de Natal \\u2013 7\\u00ba Dia\"}]},{\"@type\":\"Person\",\"@id\":\"https:\/\/www.adf.org.br\/home\/#\/schema\/person\/f35a5c5aa7728a3dedf4ea9aa1fc2753\",\"name\":\"Gabriel Barbosa\",\"image\":{\"@type\":\"ImageObject\",\"@id\":\"https:\/\/www.adf.org.br\/home\/#personlogo\",\"inLanguage\":\"pt-BR\",\"url\":\"https:\/\/secure.gravatar.com\/avatar\/2b2cb2f4637682c5605e8d36818f51ef?s=96&d=mm&r=g\",\"contentUrl\":\"https:\/\/secure.gravatar.com\/avatar\/2b2cb2f4637682c5605e8d36818f51ef?s=96&d=mm&r=g\",\"caption\":\"Gabriel Barbosa\"},\"url\":\"https:\/\/www.adf.org.br\/home\/author\/gabrielpmk-com-br\/\"}]}<\/script>\n<!-- \/ Yoast SEO plugin. -->","yoast_head_json":{"title":"Novena de Natal \u2013 7\u00ba Dia","description":"Novena de Natal \u2013 7\u00ba Dia! Reze e fa\u00e7a suas ora\u00e7\u00f5es em mais este dia de novena. Inscreva seu nome e seus pedidos na Santa Missa de Natal que faremos celebrar","robots":{"index":"index","follow":"follow","max-snippet":"max-snippet:-1","max-image-preview":"max-image-preview:large","max-video-preview":"max-video-preview:-1"},"canonical":"https:\/\/www.adf.org.br\/home\/novena-de-natal-7o-dia\/","og_locale":"pt_BR","og_type":"article","og_title":"Novena de Natal \u2013 7\u00ba Dia","og_description":"Novena de Natal \u2013 7\u00ba Dia! Reze e fa\u00e7a suas ora\u00e7\u00f5es em mais este dia de novena. Inscreva seu nome e seus pedidos na Santa Missa de Natal que faremos celebrar","og_url":"https:\/\/www.adf.org.br\/home\/novena-de-natal-7o-dia\/","og_site_name":"Associa\u00e7\u00e3o Devotos de F\u00e1tima","article_published_time":"2020-12-22T03:30:38+00:00","article_modified_time":"2020-12-14T21:25:04+00:00","og_image":[{"width":1920,"height":1080,"url":"https:\/\/www.adf.org.br\/home\/wp-content\/uploads\/2020\/12\/capa-novena-adf.jpg","type":"image\/jpeg"}],"twitter_card":"summary_large_image","twitter_misc":{"Escrito por":"Gabriel Barbosa","Est. tempo de leitura":"3 minutos"},"schema":{"@context":"https:\/\/schema.org","@graph":[{"@type":"WebSite","@id":"https:\/\/www.adf.org.br\/home\/#website","url":"https:\/\/www.adf.org.br\/home\/","name":"Associa\u00e7\u00e3o Devotos de F\u00e1tima","description":"Associa\u00e7\u00e3o Devotos de F\u00e1tima","potentialAction":[{"@type":"SearchAction","target":{"@type":"EntryPoint","urlTemplate":"https:\/\/www.adf.org.br\/home\/?s={search_term_string}"},"query-input":"required name=search_term_string"}],"inLanguage":"pt-BR"},{"@type":"ImageObject","@id":"https:\/\/www.adf.org.br\/home\/novena-de-natal-7o-dia\/#primaryimage","inLanguage":"pt-BR","url":"https:\/\/www.adf.org.br\/home\/wp-content\/uploads\/2020\/12\/capa-novena-adf.jpg","contentUrl":"https:\/\/www.adf.org.br\/home\/wp-content\/uploads\/2020\/12\/capa-novena-adf.jpg","width":1920,"height":1080},{"@type":"WebPage","@id":"https:\/\/www.adf.org.br\/home\/novena-de-natal-7o-dia\/#webpage","url":"https:\/\/www.adf.org.br\/home\/novena-de-natal-7o-dia\/","name":"Novena de Natal \u2013 7\u00ba Dia","isPartOf":{"@id":"https:\/\/www.adf.org.br\/home\/#website"},"primaryImageOfPage":{"@id":"https:\/\/www.adf.org.br\/home\/novena-de-natal-7o-dia\/#primaryimage"},"datePublished":"2020-12-22T03:30:38+00:00","dateModified":"2020-12-14T21:25:04+00:00","author":{"@id":"https:\/\/www.adf.org.br\/home\/#\/schema\/person\/f35a5c5aa7728a3dedf4ea9aa1fc2753"},"description":"Novena de Natal \u2013 7\u00ba Dia! Reze e fa\u00e7a suas ora\u00e7\u00f5es em mais este dia de novena. Inscreva seu nome e seus pedidos na Santa Missa de Natal que faremos celebrar","breadcrumb":{"@id":"https:\/\/www.adf.org.br\/home\/novena-de-natal-7o-dia\/#breadcrumb"},"inLanguage":"pt-BR","potentialAction":[{"@type":"ReadAction","target":["https:\/\/www.adf.org.br\/home\/novena-de-natal-7o-dia\/"]}]},{"@type":"BreadcrumbList","@id":"https:\/\/www.adf.org.br\/home\/novena-de-natal-7o-dia\/#breadcrumb","itemListElement":[{"@type":"ListItem","position":1,"name":"Home","item":"https:\/\/www.adf.org.br\/home\/"},{"@type":"ListItem","position":2,"name":"Novena de Natal \u2013 7\u00ba Dia"}]},{"@type":"Person","@id":"https:\/\/www.adf.org.br\/home\/#\/schema\/person\/f35a5c5aa7728a3dedf4ea9aa1fc2753","name":"Gabriel Barbosa","image":{"@type":"ImageObject","@id":"https:\/\/www.adf.org.br\/home\/#personlogo","inLanguage":"pt-BR","url":"https:\/\/secure.gravatar.com\/avatar\/2b2cb2f4637682c5605e8d36818f51ef?s=96&d=mm&r=g","contentUrl":"https:\/\/secure.gravatar.com\/avatar\/2b2cb2f4637682c5605e8d36818f51ef?s=96&d=mm&r=g","caption":"Gabriel Barbosa"},"url":"https:\/\/www.adf.org.br\/home\/author\/gabrielpmk-com-br\/"}]}},"_links":{"self":[{"href":"https:\/\/www.adf.org.br\/home\/wp-json\/wp\/v2\/posts\/62907"}],"collection":[{"href":"https:\/\/www.adf.org.br\/home\/wp-json\/wp\/v2\/posts"}],"about":[{"href":"https:\/\/www.adf.org.br\/home\/wp-json\/wp\/v2\/types\/post"}],"author":[{"embeddable":true,"href":"https:\/\/www.adf.org.br\/home\/wp-json\/wp\/v2\/users\/31"}],"replies":[{"embeddable":true,"href":"https:\/\/www.adf.org.br\/home\/wp-json\/wp\/v2\/comments?post=62907"}],"version-history":[{"count":9,"href":"https:\/\/www.adf.org.br\/home\/wp-json\/wp\/v2\/posts\/62907\/revisions"}],"predecessor-version":[{"id":63004,"href":"https:\/\/www.adf.org.br\/home\/wp-json\/wp\/v2\/posts\/62907\/revisions\/63004"}],"wp:featuredmedia":[{"embeddable":true,"href":"https:\/\/www.adf.org.br\/home\/wp-json\/wp\/v2\/media\/62949"}],"wp:attachment":[{"href":"https:\/\/www.adf.org.br\/home\/wp-json\/wp\/v2\/media?parent=62907"}],"wp:term":[{"taxonomy":"category","embeddable":true,"href":"https:\/\/www.adf.org.br\/home\/wp-json\/wp\/v2\/categories?post=62907"},{"taxonomy":"post_tag","embeddable":true,"href":"https:\/\/www.adf.org.br\/home\/wp-json\/wp\/v2\/tags?post=62907"}],"curies":[{"name":"wp","href":"https:\/\/api.w.org\/{rel}","templated":true}]}}