{"id":62896,"date":"2020-12-20T00:30:18","date_gmt":"2020-12-20T03:30:18","guid":{"rendered":"https:\/\/www.adf.org.br\/home\/?p=62896"},"modified":"2020-12-14T17:43:12","modified_gmt":"2020-12-14T20:43:12","slug":"novena-de-natal-5o-dia","status":"publish","type":"post","link":"https:\/\/www.adf.org.br\/home\/novena-de-natal-5o-dia\/","title":{"rendered":"Novena de Natal \u2013 5\u00ba Dia"},"content":{"rendered":"<p>&nbsp;<\/p>\n<p><a href=\"https:\/\/adf.org.br\/velario\/natal?origem=17076\" target=\"_blank\" rel=\"noopener noreferrer\"><img loading=\"lazy\" class=\"aligncenter wp-image-62918\" src=\"https:\/\/www.adf.org.br\/home\/wp-content\/uploads\/2020\/12\/botao2.png\" alt=\"\" width=\"504\" height=\"283\" \/><\/a><\/p>\n<blockquote>\n<h3><\/h3>\n<h3><span style=\"color: #000080;\">Ora\u00e7\u00e3o Inicial<\/span><\/h3>\n<p><strong><span style=\"color: #000000;\">\u201cEm Nome do Pai, do Filho e do Esp\u00edrito Santo. Am\u00e9m!<\/span><\/strong><\/p>\n<p><span style=\"color: #000000;\"><strong>Maria, Virgem Gr\u00e1vida, Mulher de Deus,<\/strong> Virgem do \u2018sim\u2019 fecundo, Tu, que fecundaste ao Verbo de Deus e O levaste em Teu seio durante\u00a0nove meses, sentindo-O palpitar e crescer dentro de Ti, experimentando Sua presen\u00e7a e sendo transformada por Ele.<\/span><\/p>\n<p><span style=\"color: #000000;\"><strong>Nestes dias que antecedem ao nascimento de Teu Filho,<\/strong> n\u00f3s queremos acompanhar-Te, queremos estar contigo para aprender de Ti a levar Deus no cora\u00e7\u00e3o e deixarmo-nos transformar por Sua presen\u00e7a.<\/span><\/p>\n<p><span style=\"color: #000000;\"><strong>Maria, Virgem\u00a0Gr\u00e1vida,<\/strong> n\u00f3s Te pedimos que, ao acompanhar-Te, sejas Tu quem interceda por cada um de n\u00f3s, para que possamos celebrar o Natal cheios da presen\u00e7a de Teu Filho em nossa vida. Maria, Virgem M\u00e3e, mulher da espera confiada, pede por n\u00f3s, para que, neste Natal, todos possamos ficar mais perto de seu Filho e, assim, sermos capazes de recome\u00e7ar, de perdoar e sermos perdoados, de voltar a amar, e sermos curados interiormente para celebrar e viver a vida de Deus em n\u00f3s.<\/span><\/p>\n<p><span style=\"color: #000000;\"><strong>Maria, Virgem do \u2018sim\u2019 e da realiza\u00e7\u00e3o<\/strong>, Virgem M\u00e3e do sil\u00eancio eloquente, ajuda-nos a celebrar este Natal, tendo Teu Filho como centro de nossa vida. Maria, pede por n\u00f3s agora e sempre.<\/span><\/p>\n<p><strong><span style=\"color: #000000;\">Que assim seja!\u201d<\/span><\/strong><\/p>\n<p>&nbsp;<\/p>\n<h3><span style=\"color: #000080;\">Ora\u00e7\u00e3o<\/span><\/h3>\n<p><strong><span style=\"color: #000000;\">Senhor, n\u00f3s Te damos gra\u00e7as pelo testemunho e o exemplo que nos deixaste de Tua<\/span><\/strong> <span style=\"color: #000000;\"><strong>M\u00e3e Maria<\/strong>. Gra\u00e7as Senhor, porque Maria nos mostra a maneira de viver a nossa vida de f\u00e9. Senhor, te pedimos a Tua ajuda para que tenhamos as mesmas atitudes de Maria. Faz, Senhor, que creiamos, que confiemos em Ti, que nos deixemos guiar pelo Teu\u00a0Esp\u00edrito Santo, para que Tu possas realizar em n\u00f3s a Tua obra salvadora. Senhor, ajuda-nos a viver o que Tu nos pede, e que sempre, com alegria e confian\u00e7a, Te digamos: \u201cque se fa\u00e7a em mim a Tua palavra, a Tua vontade\u201d.<\/span><\/p>\n<p><span style=\"color: #000000;\"><strong>Que assim seja.<\/strong><\/span><\/p>\n<p>&nbsp;<\/p>\n<h3><span style=\"color: #000080;\">Ora\u00e7\u00e3o Final<\/span><\/h3>\n<p><span style=\"color: #000000;\"><strong>Maria, minha M\u00e3e, Tu que soubeste responder ao Senhor, <\/strong>que lhe abriste o cora\u00e7\u00e3o para que fizesse em Ti a Sua obra, para que Te enchesse de Seu Esp\u00edrito Santo e Te transformastes interiormente, para ser instrumento d\u2019Ele, para que seu Filho viesse ao mundo; pedimos a Tua intercess\u00e3o por n\u00f3s e que possa pedir ao Senhor para tamb\u00e9m nos transformar interiormente, para que n\u00f3s saibamos dizer-lhe: \u201cSim, fa\u00e7a-se em mim segundo tua Palavra\u201d.<\/span><\/p>\n<p><span style=\"color: #000000;\"><strong>Maria, ajuda-nos a ter Teus sentimentos, ajuda-nos a confiar sempre no Senhor,<\/strong> a desejarmos ser inundados por Sua presen\u00e7a, pelo Seu Esp\u00edrito Santo. Maria, pede por n\u00f3s e ensina-nos a deixar nossa vida nas m\u00e3os de Teu Filho; e que Ele nos fa\u00e7a instrumentos d\u00f3ceis de Sua presen\u00e7a para os demais. Maria, que, assim como Tu, sempre digamos ao Teu Filho:\u00a0<strong>\u201cSim, fa\u00e7a-se em mim segundo tua Palavra\u201d.<\/strong><\/span><\/p>\n<p><span style=\"color: #000000;\"><strong>Que assim seja!<\/strong><\/span><\/p><\/blockquote>\n<p>&nbsp;<\/p>\n<hr \/>\n<p><span style=\"color: #ff0000;\"><b>Sabe o pedido que voc\u00ea mentalizou nesta Novena de Natal?\u00a0<\/b><\/span><\/p>\n<p><span style=\"color: #000000;\">Ent\u00e3o, voc\u00ea pode intensific\u00e1-lo<\/span>\u00a0<span style=\"color: #0000ff;\"><a style=\"color: #0000ff;\" href=\"https:\/\/adf.org.br\/velario\/gracas?origem=16995\" target=\"_blank\" rel=\"noopener noreferrer\"><strong>acendendo a <\/strong><\/a><a style=\"color: #0000ff;\" href=\"https:\/\/adf.org.br\/velario\/natal?origem=17076\" target=\"_blank\" rel=\"noopener noreferrer\"><b><strong>V<\/strong>ela de Natal<\/b><\/a><b>.<\/b><\/span><\/p>\n<p><a href=\"https:\/\/adf.org.br\/velario\/natal?origem=17076\" target=\"_blank\" rel=\"noopener noreferrer\"><img loading=\"lazy\" class=\"aligncenter wp-image-62922\" src=\"https:\/\/www.adf.org.br\/home\/wp-content\/uploads\/2020\/12\/Botao5.jpg\" alt=\"\" width=\"404\" height=\"303\" srcset=\"https:\/\/www.adf.org.br\/home\/wp-content\/uploads\/2020\/12\/Botao5.jpg 600w, https:\/\/www.adf.org.br\/home\/wp-content\/uploads\/2020\/12\/Botao5-300x225.jpg 300w\" sizes=\"(max-width: 404px) 100vw, 404px\" \/><\/a><\/p>\n<p><span style=\"color: #000000;\">Assim, voc\u00ea poder\u00e1 incluir suas inten\u00e7\u00f5es na<\/span><span style=\"color: #0000ff;\"><a style=\"color: #0000ff;\" href=\"https:\/\/adf.org.br\/velario\/natal?origem=17076\" target=\"_blank\" rel=\"noopener noreferrer\"><b> Santa Missa de Natal<\/b><\/a><\/span>\u00a0<span style=\"color: #000000;\">de forma sigilosa,\u00a0<strong>que ser\u00e1 celebrada no dia 25.12.<\/strong><\/span><\/p>\n<p>&nbsp;<\/p>\n<p style=\"text-align: center;\"><span style=\"color: #800080;\">\u201c<em><strong>Que a Virgem Sant\u00edssima e o Menino Jesus lhe cumulem de b\u00ean\u00e7\u00e3os.\u201d<\/strong><\/em><\/span><\/p>\n","protected":false},"excerpt":{"rendered":"<p>&nbsp; Ora\u00e7\u00e3o Inicial \u201cEm Nome do Pai, do Filho e do Esp\u00edrito Santo. Am\u00e9m! Maria, Virgem Gr\u00e1vida, Mulher de Deus, Virgem do \u2018sim\u2019 fecundo, Tu, que fecundaste ao Verbo de Deus e O levaste em Teu seio durante\u00a0nove meses, sentindo-O palpitar e crescer dentro de Ti, experimentando Sua presen\u00e7a e sendo transformada por Ele. Nestes [&hellip;]<\/p>\n","protected":false},"author":31,"featured_media":62949,"comment_status":"open","ping_status":"open","sticky":false,"template":"","format":"standard","meta":[],"categories":[20,2621,3069,14,2332],"tags":[229,291,57,4582,15,299,2408,4557],"yoast_head":"<!-- This site is optimized with the Yoast SEO plugin v17.4 - https:\/\/yoast.com\/wordpress\/plugins\/seo\/ -->\n<title>Novena de Natal \u2013 5\u00ba Dia<\/title>\n<meta name=\"description\" content=\"Novena de Natal \u2013 5\u00ba Dia! Reze mais um dia da Novena de Natal e inscreva todas as suas s\u00faplicas na Santa Missa que faremos celebrar.\" \/>\n<meta name=\"robots\" content=\"index, follow, max-snippet:-1, max-image-preview:large, max-video-preview:-1\" \/>\n<link rel=\"canonical\" href=\"https:\/\/www.adf.org.br\/home\/novena-de-natal-5o-dia\/\" \/>\n<meta property=\"og:locale\" content=\"pt_BR\" \/>\n<meta property=\"og:type\" content=\"article\" \/>\n<meta property=\"og:title\" content=\"Novena de Natal \u2013 5\u00ba Dia\" \/>\n<meta property=\"og:description\" content=\"Novena de Natal \u2013 5\u00ba Dia! Reze mais um dia da Novena de Natal e inscreva todas as suas s\u00faplicas na Santa Missa que faremos celebrar.\" \/>\n<meta property=\"og:url\" content=\"https:\/\/www.adf.org.br\/home\/novena-de-natal-5o-dia\/\" \/>\n<meta property=\"og:site_name\" content=\"Associa\u00e7\u00e3o Devotos de F\u00e1tima\" \/>\n<meta property=\"article:published_time\" content=\"2020-12-20T03:30:18+00:00\" \/>\n<meta property=\"article:modified_time\" content=\"2020-12-14T20:43:12+00:00\" \/>\n<meta property=\"og:image\" content=\"https:\/\/www.adf.org.br\/home\/wp-content\/uploads\/2020\/12\/capa-novena-adf.jpg\" \/>\n\t<meta property=\"og:image:width\" content=\"1920\" \/>\n\t<meta property=\"og:image:height\" content=\"1080\" \/>\n<meta name=\"twitter:card\" content=\"summary_large_image\" \/>\n<meta name=\"twitter:label1\" content=\"Escrito por\" \/>\n\t<meta name=\"twitter:data1\" content=\"Gabriel Barbosa\" \/>\n\t<meta name=\"twitter:label2\" content=\"Est. tempo de leitura\" \/>\n\t<meta name=\"twitter:data2\" content=\"3 minutos\" \/>\n<script type=\"application\/ld+json\" class=\"yoast-schema-graph\">{\"@context\":\"https:\/\/schema.org\",\"@graph\":[{\"@type\":\"WebSite\",\"@id\":\"https:\/\/www.adf.org.br\/home\/#website\",\"url\":\"https:\/\/www.adf.org.br\/home\/\",\"name\":\"Associa\\u00e7\\u00e3o Devotos de F\\u00e1tima\",\"description\":\"Associa\\u00e7\\u00e3o Devotos de F\\u00e1tima\",\"potentialAction\":[{\"@type\":\"SearchAction\",\"target\":{\"@type\":\"EntryPoint\",\"urlTemplate\":\"https:\/\/www.adf.org.br\/home\/?s={search_term_string}\"},\"query-input\":\"required name=search_term_string\"}],\"inLanguage\":\"pt-BR\"},{\"@type\":\"ImageObject\",\"@id\":\"https:\/\/www.adf.org.br\/home\/novena-de-natal-5o-dia\/#primaryimage\",\"inLanguage\":\"pt-BR\",\"url\":\"https:\/\/www.adf.org.br\/home\/wp-content\/uploads\/2020\/12\/capa-novena-adf.jpg\",\"contentUrl\":\"https:\/\/www.adf.org.br\/home\/wp-content\/uploads\/2020\/12\/capa-novena-adf.jpg\",\"width\":1920,\"height\":1080},{\"@type\":\"WebPage\",\"@id\":\"https:\/\/www.adf.org.br\/home\/novena-de-natal-5o-dia\/#webpage\",\"url\":\"https:\/\/www.adf.org.br\/home\/novena-de-natal-5o-dia\/\",\"name\":\"Novena de Natal \\u2013 5\\u00ba Dia\",\"isPartOf\":{\"@id\":\"https:\/\/www.adf.org.br\/home\/#website\"},\"primaryImageOfPage\":{\"@id\":\"https:\/\/www.adf.org.br\/home\/novena-de-natal-5o-dia\/#primaryimage\"},\"datePublished\":\"2020-12-20T03:30:18+00:00\",\"dateModified\":\"2020-12-14T20:43:12+00:00\",\"author\":{\"@id\":\"https:\/\/www.adf.org.br\/home\/#\/schema\/person\/f35a5c5aa7728a3dedf4ea9aa1fc2753\"},\"description\":\"Novena de Natal \\u2013 5\\u00ba Dia! Reze mais um dia da Novena de Natal e inscreva todas as suas s\\u00faplicas na Santa Missa que faremos celebrar.\",\"breadcrumb\":{\"@id\":\"https:\/\/www.adf.org.br\/home\/novena-de-natal-5o-dia\/#breadcrumb\"},\"inLanguage\":\"pt-BR\",\"potentialAction\":[{\"@type\":\"ReadAction\",\"target\":[\"https:\/\/www.adf.org.br\/home\/novena-de-natal-5o-dia\/\"]}]},{\"@type\":\"BreadcrumbList\",\"@id\":\"https:\/\/www.adf.org.br\/home\/novena-de-natal-5o-dia\/#breadcrumb\",\"itemListElement\":[{\"@type\":\"ListItem\",\"position\":1,\"name\":\"Home\",\"item\":\"https:\/\/www.adf.org.br\/home\/\"},{\"@type\":\"ListItem\",\"position\":2,\"name\":\"Novena de Natal \\u2013 5\\u00ba Dia\"}]},{\"@type\":\"Person\",\"@id\":\"https:\/\/www.adf.org.br\/home\/#\/schema\/person\/f35a5c5aa7728a3dedf4ea9aa1fc2753\",\"name\":\"Gabriel Barbosa\",\"image\":{\"@type\":\"ImageObject\",\"@id\":\"https:\/\/www.adf.org.br\/home\/#personlogo\",\"inLanguage\":\"pt-BR\",\"url\":\"https:\/\/secure.gravatar.com\/avatar\/2b2cb2f4637682c5605e8d36818f51ef?s=96&d=mm&r=g\",\"contentUrl\":\"https:\/\/secure.gravatar.com\/avatar\/2b2cb2f4637682c5605e8d36818f51ef?s=96&d=mm&r=g\",\"caption\":\"Gabriel Barbosa\"},\"url\":\"https:\/\/www.adf.org.br\/home\/author\/gabrielpmk-com-br\/\"}]}<\/script>\n<!-- \/ Yoast SEO plugin. -->","yoast_head_json":{"title":"Novena de Natal \u2013 5\u00ba Dia","description":"Novena de Natal \u2013 5\u00ba Dia! Reze mais um dia da Novena de Natal e inscreva todas as suas s\u00faplicas na Santa Missa que faremos celebrar.","robots":{"index":"index","follow":"follow","max-snippet":"max-snippet:-1","max-image-preview":"max-image-preview:large","max-video-preview":"max-video-preview:-1"},"canonical":"https:\/\/www.adf.org.br\/home\/novena-de-natal-5o-dia\/","og_locale":"pt_BR","og_type":"article","og_title":"Novena de Natal \u2013 5\u00ba Dia","og_description":"Novena de Natal \u2013 5\u00ba Dia! Reze mais um dia da Novena de Natal e inscreva todas as suas s\u00faplicas na Santa Missa que faremos celebrar.","og_url":"https:\/\/www.adf.org.br\/home\/novena-de-natal-5o-dia\/","og_site_name":"Associa\u00e7\u00e3o Devotos de F\u00e1tima","article_published_time":"2020-12-20T03:30:18+00:00","article_modified_time":"2020-12-14T20:43:12+00:00","og_image":[{"width":1920,"height":1080,"url":"https:\/\/www.adf.org.br\/home\/wp-content\/uploads\/2020\/12\/capa-novena-adf.jpg","type":"image\/jpeg"}],"twitter_card":"summary_large_image","twitter_misc":{"Escrito por":"Gabriel Barbosa","Est. tempo de leitura":"3 minutos"},"schema":{"@context":"https:\/\/schema.org","@graph":[{"@type":"WebSite","@id":"https:\/\/www.adf.org.br\/home\/#website","url":"https:\/\/www.adf.org.br\/home\/","name":"Associa\u00e7\u00e3o Devotos de F\u00e1tima","description":"Associa\u00e7\u00e3o Devotos de F\u00e1tima","potentialAction":[{"@type":"SearchAction","target":{"@type":"EntryPoint","urlTemplate":"https:\/\/www.adf.org.br\/home\/?s={search_term_string}"},"query-input":"required name=search_term_string"}],"inLanguage":"pt-BR"},{"@type":"ImageObject","@id":"https:\/\/www.adf.org.br\/home\/novena-de-natal-5o-dia\/#primaryimage","inLanguage":"pt-BR","url":"https:\/\/www.adf.org.br\/home\/wp-content\/uploads\/2020\/12\/capa-novena-adf.jpg","contentUrl":"https:\/\/www.adf.org.br\/home\/wp-content\/uploads\/2020\/12\/capa-novena-adf.jpg","width":1920,"height":1080},{"@type":"WebPage","@id":"https:\/\/www.adf.org.br\/home\/novena-de-natal-5o-dia\/#webpage","url":"https:\/\/www.adf.org.br\/home\/novena-de-natal-5o-dia\/","name":"Novena de Natal \u2013 5\u00ba Dia","isPartOf":{"@id":"https:\/\/www.adf.org.br\/home\/#website"},"primaryImageOfPage":{"@id":"https:\/\/www.adf.org.br\/home\/novena-de-natal-5o-dia\/#primaryimage"},"datePublished":"2020-12-20T03:30:18+00:00","dateModified":"2020-12-14T20:43:12+00:00","author":{"@id":"https:\/\/www.adf.org.br\/home\/#\/schema\/person\/f35a5c5aa7728a3dedf4ea9aa1fc2753"},"description":"Novena de Natal \u2013 5\u00ba Dia! Reze mais um dia da Novena de Natal e inscreva todas as suas s\u00faplicas na Santa Missa que faremos celebrar.","breadcrumb":{"@id":"https:\/\/www.adf.org.br\/home\/novena-de-natal-5o-dia\/#breadcrumb"},"inLanguage":"pt-BR","potentialAction":[{"@type":"ReadAction","target":["https:\/\/www.adf.org.br\/home\/novena-de-natal-5o-dia\/"]}]},{"@type":"BreadcrumbList","@id":"https:\/\/www.adf.org.br\/home\/novena-de-natal-5o-dia\/#breadcrumb","itemListElement":[{"@type":"ListItem","position":1,"name":"Home","item":"https:\/\/www.adf.org.br\/home\/"},{"@type":"ListItem","position":2,"name":"Novena de Natal \u2013 5\u00ba Dia"}]},{"@type":"Person","@id":"https:\/\/www.adf.org.br\/home\/#\/schema\/person\/f35a5c5aa7728a3dedf4ea9aa1fc2753","name":"Gabriel Barbosa","image":{"@type":"ImageObject","@id":"https:\/\/www.adf.org.br\/home\/#personlogo","inLanguage":"pt-BR","url":"https:\/\/secure.gravatar.com\/avatar\/2b2cb2f4637682c5605e8d36818f51ef?s=96&d=mm&r=g","contentUrl":"https:\/\/secure.gravatar.com\/avatar\/2b2cb2f4637682c5605e8d36818f51ef?s=96&d=mm&r=g","caption":"Gabriel Barbosa"},"url":"https:\/\/www.adf.org.br\/home\/author\/gabrielpmk-com-br\/"}]}},"_links":{"self":[{"href":"https:\/\/www.adf.org.br\/home\/wp-json\/wp\/v2\/posts\/62896"}],"collection":[{"href":"https:\/\/www.adf.org.br\/home\/wp-json\/wp\/v2\/posts"}],"about":[{"href":"https:\/\/www.adf.org.br\/home\/wp-json\/wp\/v2\/types\/post"}],"author":[{"embeddable":true,"href":"https:\/\/www.adf.org.br\/home\/wp-json\/wp\/v2\/users\/31"}],"replies":[{"embeddable":true,"href":"https:\/\/www.adf.org.br\/home\/wp-json\/wp\/v2\/comments?post=62896"}],"version-history":[{"count":10,"href":"https:\/\/www.adf.org.br\/home\/wp-json\/wp\/v2\/posts\/62896\/revisions"}],"predecessor-version":[{"id":62998,"href":"https:\/\/www.adf.org.br\/home\/wp-json\/wp\/v2\/posts\/62896\/revisions\/62998"}],"wp:featuredmedia":[{"embeddable":true,"href":"https:\/\/www.adf.org.br\/home\/wp-json\/wp\/v2\/media\/62949"}],"wp:attachment":[{"href":"https:\/\/www.adf.org.br\/home\/wp-json\/wp\/v2\/media?parent=62896"}],"wp:term":[{"taxonomy":"category","embeddable":true,"href":"https:\/\/www.adf.org.br\/home\/wp-json\/wp\/v2\/categories?post=62896"},{"taxonomy":"post_tag","embeddable":true,"href":"https:\/\/www.adf.org.br\/home\/wp-json\/wp\/v2\/tags?post=62896"}],"curies":[{"name":"wp","href":"https:\/\/api.w.org\/{rel}","templated":true}]}}