{"id":6284,"date":"2010-09-28T00:00:32","date_gmt":"2010-09-28T03:00:32","guid":{"rendered":"http:\/\/www.adf.org.br\/home\/?p=6284"},"modified":"2020-06-09T11:13:14","modified_gmt":"2020-06-09T14:13:14","slug":"a-mediacao-universal-de-maria-santissima","status":"publish","type":"post","link":"https:\/\/www.adf.org.br\/home\/a-mediacao-universal-de-maria-santissima\/","title":{"rendered":"A Media\u00e7\u00e3o universal de Maria Sant\u00edssima"},"content":{"rendered":"<p><strong> <\/strong><\/p>\n<p class=\"mceTemp\">\n<dl id=\"attachment_6285\" class=\"wp-caption alignleft\" style=\"width: 269px;\">\n<dt class=\"wp-caption-dt\"><img loading=\"lazy\" class=\"size-full wp-image-6285\" title=\"Nossa Senhora Medianeira\" src=\"http:\/\/www.adf.org.br\/home\/wp-content\/uploads\/2010\/09\/Nossa-Senhora-Medianeira.jpg\" alt=\"\" width=\"259\" height=\"384\" \/><\/dt>\n<dd class=\"wp-caption-dd\" style=\"text-align: center;\"><span style=\"color: #ff0000;\"><strong>Nossa Senhora Medianeira<\/strong><\/span><\/dd>\n<\/dl>\n<p>Antes  \t\t\t\t\tde apresentarmos a Doutrina desta Media\u00e7\u00e3o da M\u00e3e,  \t\t\t\t\tcumpre-nos explicar e expor o <strong><em><span style=\"text-decoration: underline;\">Of\u00edcio Medianeiro de  \t\t\t\t\tCRISTO.<\/span><\/em><\/strong><\/p>\n<p>Ao  \t\t\t\t\tfalar da Media\u00e7\u00e3o de CRISTO, santo Tom\u00e1s de Aquino ensina: \t\t\t\t\t<strong><em>\u201cO Of\u00edcio de Medianeiro entre DEUS, e os homens  \t\t\t\t\tconsiste em uni-los\u201d.<\/em><\/strong> <em> (Suma Teol\u00f3gica3, q.26, a.1)<\/em>.  \t\t\t\t\tA ess\u00eancia, pois, e a finalidade da Media\u00e7\u00e3o de CRISTO est\u00e1  \t\t\t\t\tem unir os homens com DEUS.<\/p>\n<p>O  \t\t\t\t\tMedianeiro, segundo Santo Tom\u00e1s, apresenta a DEUS as ora\u00e7\u00f5es  \t\t\t\t\tdos homens, oferece o Sacrif\u00edcio, que \u00e9 o ato principal da  \t\t\t\t\tvirtude da religi\u00e3o, e distribui aos homens os Dons Divinos  \t\t\t\t\tque santificam as almas.<\/p>\n<p><strong><em> Este Of\u00edcio de Medianeiro, elevado a suprema perfei\u00e7\u00e3o, cabe  \t\t\t\t\te pertence exclusivamente a CRISTO Homem-DEUS, o \u00fanico que  \t\t\t\t\tnos pode reconciliar com DEUS, oferecendo-LHE um Sacrif\u00edcio  \t\t\t\t\tde valor infinito, que \u00e9 perpetuado  \t\t\t\t\tsubstancialmente no Sacrif\u00edcio da Santa Missa.<\/em><\/strong> Somente CRISTO, Cabe\u00e7a da humanidade, nos conquistou, com  \t\t\t\t\tdireito de Justi\u00e7a, todas as gra\u00e7as necess\u00e1rias a nossa  \t\t\t\t\tsalva\u00e7\u00e3o. \u00c9 precisamente neste sentido que S\u00e3o Paulo ensina:<\/p>\n<p><strong><em> \u201cH\u00e1 um s\u00f3 Medianeiro entre DEUS e os homens, o Homem JESUS  \t\t\t\t\tCRISTO, que se deu a Si mesmo em Reden\u00e7\u00e3o por todos.\u201d<\/em><\/strong> <em>(1 Tm. 2, 5-6)<\/em><\/p>\n<p>Com  \t\t\t\t\testas palavras o Ap\u00f3stolo quer dizer que nenhuma outra  \t\t\t\t\tpessoa, tem, em si mesma, autoridade pr\u00f3pria, nem  \t\t\t\t\tmerecimentos pr\u00f3prios, para se apresentar diante de DEUS,  \t\t\t\t\tcomo Medianeiro dos homens, e neste sentido, a Media\u00e7\u00e3o de  \t\t\t\t\tCRISTO \u00e9 \u00fanica e exclusiva.<\/p>\n<p>Mas  \t\t\t\t\testa Media\u00e7\u00e3o absolutamente necess\u00e1ria, superabundante e  \t\t\t\t\tsuficient\u00edssima, e que n\u00e3o carece absolutamente do aux\u00edlio  \t\t\t\t\tde quem quer que seja, n\u00e3o exclui medianeiros subalternos e  \t\t\t\t\tdependentes de CRISTO.<\/p>\n<p>Com  \t\t\t\t\tdi\u00e1fana clareza o Papa Le\u00e3o XIII na Enc\u00edclica \u201cFidentem  \t\t\t\t\tpiumque\u201d de 20 de setembro de 1896, nos prova esta asser\u00e7\u00e3o:<\/p>\n<p><strong><em> \u201cH\u00e1 quem ache ousada a grande confian\u00e7a no patroc\u00ednio da  \t\t\t\t\tVirgem e queira repreender-nos. Em verdade, somente a CRISTO  \t\t\t\t\tcompete o nome e partilha de Medianeiro, a CRISTO que \u00e9 uma  \t\t\t\t\ts\u00f3 pessoa DEUS e Homem, e assim restaurou o g\u00eanero humano na  \t\t\t\t\tgra\u00e7a: \u201cH\u00e1 um s\u00f3 Medianeiro entre DEUS e os homens, o Homem  \t\t\t\t\tJESUS CRISTO, que se deu a Si mesmo, em Reden\u00e7\u00e3o por todos.\u201d<\/em><\/strong> <em>( 1 Tm. 2, 5-6)<\/em><\/p>\n<p>Mas,  \t\t\t\t\tcomo ensina o \u201cAnjo da Escola\u201d, nada se op\u00f5e a que tamb\u00e9m  \t\t\t\t\toutros se designem medianeiros entre DEUS e os homens,  \t\t\t\t\tenquanto como ministros e instrumentos, cooperam na uni\u00e3o  \t\t\t\t\tdos homens com DEUS <em> (Suma Teol\u00f3gica 3, q. 26,  \t\t\t\t\ta.1,2)<\/em>,  \t\t\t\t\tcomo os Anjos e Santos do C\u00e9us, os profetas e sacerdotes de  \t\t\t\t\tambos os Testamentos.<\/p>\n<p>Esta  \t\t\t\t\tdignidade gloriosa cabe, em ponto mais elevado, \u00e0 Sant\u00edssima  \t\t\t\t\tVIRGEM. Pois n\u00e3o se pode imaginar uma s\u00f3 personalidade que  \t\t\t\t\toperasse na reconcilia\u00e7\u00e3o dos homens com DEUS como MARIA, ou  \t\t\t\t\tpudesse jamais operar como ELA. Quando os homens tinham  \t\t\t\t\tincorrido na eterna perdi\u00e7\u00e3o, MARIA deu-nos o SALVADOR. Pois  \t\t\t\t\tfoi ELA quem, em lugar de todo o g\u00eanero humano deu o Seu  \t\t\t\t\tconsentimento, quando o Anjo anunciou o Mist\u00e9rio da Paz \t\t\t\t\t<em>(Suma Teol\u00f3gica 3,  \t\t\t\t\tq. 30, a. 1)<\/em>. \t\t\t\t\t<strong><em>\u00c9 Dela que nasceu JESUS, e ELA \u00e9 verdadeiramente SUA  \t\t\t\t\tM\u00c3E e, por esta causa, Digna e Leg\u00edtima Medianeira do  \t\t\t\t\tMedianeiro.<\/em><\/strong><\/p>\n<p>\u00c9,  \t\t\t\t\tpois, este o pensamento do papa Le\u00e3o XIII: <strong><em>\u201cH\u00e1 um s\u00f3  \t\t\t\t\tMedianeiro, e esse \u00e9 JESUS CRISTO. Mas h\u00e1 junto de JESUS  \t\t\t\t\tCRISTO, a Sant\u00edssima Virgem, M\u00c3E de DEUS, que por sua \u00edntima  \t\t\t\t\tcoopera\u00e7\u00e3o com a Obra da Reden\u00e7\u00e3o, foi constitu\u00edda  \t\t\t\t\tMedianeira, e nesta Sua posi\u00e7\u00e3o central, MARIA supera a  \t\t\t\t\ttodos os Anjos e Santos; \u00e9 Medianeira num sentido, como  \t\t\t\t\tnenhum Anjo e Santo o pode ser\u201d.<\/em><\/strong><\/p>\n<p>Mas,  \t\t\t\t\tse de fato, a media\u00e7\u00e3o de JESUS CRISTO foi suficient\u00edssima,  \t\t\t\t\tsuperabundante, n\u00e3o carecendo do aux\u00edlio de quem quer que  \t\t\t\t\tfosse, para executa-la, qual a raz\u00e3o, ent\u00e3o, de MARIA  \t\t\t\t\tSant\u00edssima cooperar intimamente nela e merecer o t\u00edtulo de  \t\t\t\t\tMedianeira?<\/p>\n<p>MARIA  \t\t\t\t\tSant\u00edssima \u00e9 Medianeira Universal, n\u00e3o porque DEUS dELA\u00a0  \t\t\t\t\tnecessitasse, mas porque unicamente <span style=\"text-decoration: underline;\">assim o quis<\/span>.<\/p>\n<p>DEUS,  \t\t\t\t\tinfinitamente livre, podia querer e n\u00e3o querer a Reden\u00e7\u00e3o. E  \t\t\t\t\tquerendo a Reden\u00e7\u00e3o, podia escolher aquele modo de remir os  \t\t\t\t\thomens que mais LHE agradasse. Pois, infinitamente s\u00e1bio,  \t\t\t\t\ttinha a sua disposi\u00e7\u00e3o infinitos planos redentores.<\/p>\n<p>Entre  \t\t\t\t\tos infinitos planos, ent\u00e3o, escolheu e executou aquele em  \t\t\t\t\tque MARIA Sant\u00edssima ocupa, junto ao Divino Redentor, a  \t\t\t\t\tposi\u00e7\u00e3o central de M\u00c3E e Medianeira Universal.<\/p>\n<p><strong><em>Segundo esse plano, na hora estabelecida por DEUS, o VERBO  \t\t\t\t\tEterno assume a natureza humana,<\/p>\n<p class=\"mceTemp\">\n<dl id=\"attachment_6286\" class=\"wp-caption alignright\" style=\"width: 262px;\">\n<dt class=\"wp-caption-dt\"><strong><em><img loading=\"lazy\" class=\"size-full wp-image-6286\" title=\"Nossa Sra do Carmo\" src=\"http:\/\/www.adf.org.br\/home\/wp-content\/uploads\/2010\/09\/Nossa-Sra-do-Carmo-.jpg\" alt=\"\" width=\"252\" height=\"372\" \/><\/em><\/strong><\/dt>\n<dd class=\"wp-caption-dd\" style=\"text-align: center;\">\n<p><span style=\"color: #ff0000;\"><strong><em>Nossa Senhora do Carmo<\/em><\/strong><\/span><\/p>\n<\/dd>\n<\/dl>\n<p><\/em><\/strong><strong><em> por Obra do Divino ESP\u00cdRITO  \t\t\t\t\tSANTO; mas a assume no seio cast\u00edssimo da Virgem, e somente  \t\t\t\t\tap\u00f3s ELA ter dado seu livre, espont\u00e2neo e pleno  \t\t\t\t\tconsentimento. A Virgem, portanto, por Sua pr\u00f3pria vontade,  \t\t\t\t\ttorna-se M\u00c3E do Salvador, fornecendo-LHE o Sangue  \t\t\t\t\tPrecios\u00edssimo a ser derramado e o corpo Sant\u00edssimo a ser  \t\t\t\t\timolado no Santo Sacrif\u00edcio da Cruz.<\/em><\/strong><\/p>\n<p>Durante os anos que levou a prepara\u00e7\u00e3o do Santo Sacrif\u00edcio,  \t\t\t\t\tMARIA Sant\u00edssima vive com o FILHO em perfeita, ininterrupta  \t\t\t\t\te \u00edntima comunh\u00e3o de sentimentos e dores.<\/p>\n<p><strong><em>Na Sexta Feira Santa, no alto do Calv\u00e1rio, MARIA Sant\u00edssima  \t\t\t\t\tapresenta a DEUS a V\u00edtima Divina. M\u00c3E e FILHO entrela\u00e7ados  \t\t\t\t\tnum s\u00f3 sentimento, numa s\u00f3 vontade, oferecem o Sacrif\u00edcio  \t\t\t\t\tRedentor \u00e0 Justi\u00e7a Divina. Eis, pois, JESUS, o Redentor do  \t\t\t\t\tg\u00eanero humano, satisfazendo plenamente pelos pecados dos  \t\t\t\t\thomens, e eis a Seu lado a Sant\u00edssima M\u00c3E a Co-Redentora,  \t\t\t\t\tque por Seus sofrimentos, se torna M\u00c3E de todos os remidos.<\/em><\/strong><\/p>\n<p><strong><em> <\/em><\/strong><\/p>\n<p>E  \t\t\t\t\tagora perguntamos: A miss\u00e3o da Sant\u00edssima Virgem estar\u00e1  \t\t\t\t\tconclu\u00edda com a morte do Redentor ou continuar\u00e1 ELA pela  \t\t\t\t\tdistribui\u00e7\u00e3o das Gra\u00e7as, conquistadas com Sua coopera\u00e7\u00e3o, na  \t\t\t\t\tdolorosa Obra da Reden\u00e7\u00e3o?<\/p>\n<p><strong><em>A mesma Vontade Sant\u00edssima que escolheu a Virgem para M\u00c3E do  \t\t\t\t\tRedentor, que LHE pediu assist\u00eancia Maternal para os 33 anos  \t\t\t\t\tde vida e para a hora do Sacrif\u00edcio Supremo, esta mesma  \t\t\t\t\tVontade quer e determina que ELA seja, junto do FILHO, a  \t\t\t\t\tDispensadora de todas as Gra\u00e7as.<\/em><\/strong> Pois, o Plano Redentor, abrange n\u00e3o s\u00f3 a conquista de todas as  \t\t\t\t\tGra\u00e7as, realizadas aqui na Terra, mas tamb\u00e9m a distribui\u00e7\u00e3o  \t\t\t\t\tdas mesmas que se faz nos C\u00e9us.<\/p>\n<p>Seria  \t\t\t\t\tat\u00e9 de estranhar, se Deus convidasse a Virgem para  \t\t\t\t\tacompanhar o SALVADOR na Sua crudel\u00edssima jornada, come\u00e7ada  \t\t\t\t\tna Encarna\u00e7\u00e3o e conclu\u00edda no Calv\u00e1rio, e n\u00e3o A associasse a  \t\t\t\t\tCRISTO nas alegrias da distribui\u00e7\u00e3o de todas as gra\u00e7as,  \t\t\t\t\tfruto precios\u00edssimo tamb\u00e9m do sofrimento da M\u00c3E Celeste.<\/p>\n<p><strong><em>Portanto, a Sant\u00edssima Virgem, unida a CRISTO, aqui na Terra  \t\t\t\t\tnos sofrimentos cru\u00e9is da Reden\u00e7\u00e3o, est\u00e1 agora unida a  \t\t\t\t\tCRISTO nos C\u00e9us, na distribui\u00e7\u00e3o dos frutos da Reden\u00e7\u00e3o.<\/em><\/strong><\/p>\n<p>Como  \t\t\t\t\tvemos, aqui temos enfeixado, em poucas palavras, o Plano da  \t\t\t\t\tReden\u00e7\u00e3o do g\u00eanero humano, e neste Plano est\u00e1 contida a  \t\t\t\t\tMedia\u00e7\u00e3o da Sant\u00edssima Virgem. Distinguimos duas fases da  \t\t\t\t\tMedia\u00e7\u00e3o Universal de MARIA Sant\u00edssima:<\/p>\n<p><em>A  \t\t\t\t\tprimeira<strong> <\/strong><\/em> compreende a participa\u00e7\u00e3o de MARIA SANT\u00cdSSIMA nos mist\u00e9rios  \t\t\t\t\tda salva\u00e7\u00e3o humana: a come\u00e7ar da Encarna\u00e7\u00e3o do VERBO, por  \t\t\t\t\tELA livremente aceita, continuada durante os 33 anos da Vida  \t\t\t\t\tdo SENHOR e conclu\u00edda com o Sacrif\u00edcio da Cruz. Esta  \t\t\t\t\tprimeira parte da Media\u00e7\u00e3o confere a MARIA Sant\u00edssima o  \t\t\t\t\tglorioso <strong><em>t\u00edtulo de Co-Redentora do g\u00eanero humano<\/em><\/strong>,  \t\t\t\t\te disso tratar\u00e1 as tr\u00eas pr\u00f3ximas partes.<\/p>\n<p><em>A  \t\t\t\t\tsegunda<\/em> fase da Media\u00e7\u00e3o universal de MARIA Sant\u00edssima diz respeito  \t\t\t\t\t\u00e0 distribui\u00e7\u00e3o de todas as Gra\u00e7as, iniciada no Dia da  \t\t\t\t\tGloriosa Assun\u00e7\u00e3o da Sant\u00edssima Virgem e a perpetuar-se at\u00e9  \t\t\t\t\to fim do mundo, e que Lhe d\u00e1 o consolador <strong><em>t\u00edtulo de  \t\t\t\t\tDispensadora de Todas as Gra\u00e7as.<\/em><\/strong> Fatos que  \t\t\t\t\tabordaremos a partir da quinta parte. Pois, enquanto a  \t\t\t\t\taquisi\u00e7\u00e3o das Gra\u00e7as pela Media\u00e7\u00e3o da Virgem \u00e9 um fato j\u00e1  \t\t\t\t\trealizado e consumado, a <strong><em>Distribui\u00e7\u00e3o das mesmas \u00e9 um  \t\t\t\t\tfato a consumar-se diariamente, at\u00e9 o Ju\u00edzo Final.<\/em><\/strong><\/p>\n<p>Mais  \t\t\t\t\tadiante falaremos ainda da devo\u00e7\u00e3o que devemos ter \u00e0  \t\t\t\t\tMedianeira de Todas as Gra\u00e7as e de exemplos Marianos, onde  \t\t\t\t\tpoderemos admirar as infinitas maneiras pelas quais a  \t\t\t\t\tSant\u00edssima Virgem exerce Sua miss\u00e3o Celestial de Medianeira  \t\t\t\t\tdo Medianeiro.<\/p>\n<p><em>&#8220;Transcrito do site: <a href=\"http:\/\/www.derradeirasgracas.com\/4.%20A%20Media%C3%A7%C3%A3o%20Universal%20de%20Maria%20Sant%C3%ADssima\/A%20MEDIA%C3%87%C3%83O%20UNIVERSAL%20DE%20MARIA%20SANTISSIMA%20-%20I%20.htm\" target=\"_blank\" rel=\"noopener noreferrer\">derradeiras e \u00faltimas gra\u00e7as<\/a>&#8220;.<\/em><\/p>\n","protected":false},"excerpt":{"rendered":"<p>Nossa Senhora Medianeira Antes de apresentarmos a Doutrina desta Media\u00e7\u00e3o da M\u00e3e, cumpre-nos explicar e expor o Of\u00edcio Medianeiro de CRISTO. Ao falar da Media\u00e7\u00e3o de CRISTO, santo Tom\u00e1s de Aquino ensina: \u201cO Of\u00edcio de Medianeiro entre DEUS, e os homens consiste em uni-los\u201d. (Suma Teol\u00f3gica3, q.26, a.1). A ess\u00eancia, pois, e a finalidade da [&hellip;]<\/p>\n","protected":false},"author":27,"featured_media":0,"comment_status":"open","ping_status":"open","sticky":false,"template":"","format":"standard","meta":[],"categories":[20],"tags":[241,38],"yoast_head":"<!-- This site is optimized with the Yoast SEO plugin v17.4 - https:\/\/yoast.com\/wordpress\/plugins\/seo\/ -->\n<title>A Media\u00e7\u00e3o universal de Maria Sant\u00edssima - Associa\u00e7\u00e3o Devotos de F\u00e1tima<\/title>\n<meta name=\"robots\" content=\"index, follow, max-snippet:-1, max-image-preview:large, max-video-preview:-1\" \/>\n<link rel=\"canonical\" href=\"https:\/\/www.adf.org.br\/home\/a-mediacao-universal-de-maria-santissima\/\" \/>\n<meta property=\"og:locale\" content=\"pt_BR\" \/>\n<meta property=\"og:type\" content=\"article\" \/>\n<meta property=\"og:title\" content=\"A Media\u00e7\u00e3o universal de Maria Sant\u00edssima - Associa\u00e7\u00e3o Devotos de F\u00e1tima\" \/>\n<meta property=\"og:description\" content=\"Nossa Senhora Medianeira Antes de apresentarmos a Doutrina desta Media\u00e7\u00e3o da M\u00e3e, cumpre-nos explicar e expor o Of\u00edcio Medianeiro de CRISTO. Ao falar da Media\u00e7\u00e3o de CRISTO, santo Tom\u00e1s de Aquino ensina: \u201cO Of\u00edcio de Medianeiro entre DEUS, e os homens consiste em uni-los\u201d. (Suma Teol\u00f3gica3, q.26, a.1). A ess\u00eancia, pois, e a finalidade da [&hellip;]\" \/>\n<meta property=\"og:url\" content=\"https:\/\/www.adf.org.br\/home\/a-mediacao-universal-de-maria-santissima\/\" \/>\n<meta property=\"og:site_name\" content=\"Associa\u00e7\u00e3o Devotos de F\u00e1tima\" \/>\n<meta property=\"article:published_time\" content=\"2010-09-28T03:00:32+00:00\" \/>\n<meta property=\"article:modified_time\" content=\"2020-06-09T14:13:14+00:00\" \/>\n<meta property=\"og:image\" content=\"http:\/\/www.adf.org.br\/home\/wp-content\/uploads\/2010\/09\/Nossa-Senhora-Medianeira.jpg\" \/>\n<meta name=\"twitter:card\" content=\"summary_large_image\" \/>\n<meta name=\"twitter:label1\" content=\"Escrito por\" \/>\n\t<meta name=\"twitter:data1\" content=\"Gabriel Barbosa\" \/>\n\t<meta name=\"twitter:label2\" content=\"Est. tempo de leitura\" \/>\n\t<meta name=\"twitter:data2\" content=\"7 minutos\" \/>\n<script type=\"application\/ld+json\" class=\"yoast-schema-graph\">{\"@context\":\"https:\/\/schema.org\",\"@graph\":[{\"@type\":\"WebSite\",\"@id\":\"https:\/\/www.adf.org.br\/home\/#website\",\"url\":\"https:\/\/www.adf.org.br\/home\/\",\"name\":\"Associa\\u00e7\\u00e3o Devotos de F\\u00e1tima\",\"description\":\"Associa\\u00e7\\u00e3o Devotos de F\\u00e1tima\",\"potentialAction\":[{\"@type\":\"SearchAction\",\"target\":{\"@type\":\"EntryPoint\",\"urlTemplate\":\"https:\/\/www.adf.org.br\/home\/?s={search_term_string}\"},\"query-input\":\"required name=search_term_string\"}],\"inLanguage\":\"pt-BR\"},{\"@type\":\"ImageObject\",\"@id\":\"https:\/\/www.adf.org.br\/home\/a-mediacao-universal-de-maria-santissima\/#primaryimage\",\"inLanguage\":\"pt-BR\",\"url\":\"http:\/\/www.adf.org.br\/home\/wp-content\/uploads\/2010\/09\/Nossa-Senhora-Medianeira.jpg\",\"contentUrl\":\"http:\/\/www.adf.org.br\/home\/wp-content\/uploads\/2010\/09\/Nossa-Senhora-Medianeira.jpg\"},{\"@type\":\"WebPage\",\"@id\":\"https:\/\/www.adf.org.br\/home\/a-mediacao-universal-de-maria-santissima\/#webpage\",\"url\":\"https:\/\/www.adf.org.br\/home\/a-mediacao-universal-de-maria-santissima\/\",\"name\":\"A Media\\u00e7\\u00e3o universal de Maria Sant\\u00edssima - Associa\\u00e7\\u00e3o Devotos de F\\u00e1tima\",\"isPartOf\":{\"@id\":\"https:\/\/www.adf.org.br\/home\/#website\"},\"primaryImageOfPage\":{\"@id\":\"https:\/\/www.adf.org.br\/home\/a-mediacao-universal-de-maria-santissima\/#primaryimage\"},\"datePublished\":\"2010-09-28T03:00:32+00:00\",\"dateModified\":\"2020-06-09T14:13:14+00:00\",\"author\":{\"@id\":\"https:\/\/www.adf.org.br\/home\/#\/schema\/person\/affa494ecf91434f3620f5392de44327\"},\"breadcrumb\":{\"@id\":\"https:\/\/www.adf.org.br\/home\/a-mediacao-universal-de-maria-santissima\/#breadcrumb\"},\"inLanguage\":\"pt-BR\",\"potentialAction\":[{\"@type\":\"ReadAction\",\"target\":[\"https:\/\/www.adf.org.br\/home\/a-mediacao-universal-de-maria-santissima\/\"]}]},{\"@type\":\"BreadcrumbList\",\"@id\":\"https:\/\/www.adf.org.br\/home\/a-mediacao-universal-de-maria-santissima\/#breadcrumb\",\"itemListElement\":[{\"@type\":\"ListItem\",\"position\":1,\"name\":\"Home\",\"item\":\"https:\/\/www.adf.org.br\/home\/\"},{\"@type\":\"ListItem\",\"position\":2,\"name\":\"A Media\\u00e7\\u00e3o universal de Maria Sant\\u00edssima\"}]},{\"@type\":\"Person\",\"@id\":\"https:\/\/www.adf.org.br\/home\/#\/schema\/person\/affa494ecf91434f3620f5392de44327\",\"name\":\"Gabriel Barbosa\",\"image\":{\"@type\":\"ImageObject\",\"@id\":\"https:\/\/www.adf.org.br\/home\/#personlogo\",\"inLanguage\":\"pt-BR\",\"url\":\"https:\/\/secure.gravatar.com\/avatar\/ecf2eab02e30486a7038f8b2858de06a?s=96&d=mm&r=g\",\"contentUrl\":\"https:\/\/secure.gravatar.com\/avatar\/ecf2eab02e30486a7038f8b2858de06a?s=96&d=mm&r=g\",\"caption\":\"Gabriel Barbosa\"},\"url\":\"https:\/\/www.adf.org.br\/home\/author\/gabriel-aascj\/\"}]}<\/script>\n<!-- \/ Yoast SEO plugin. -->","yoast_head_json":{"title":"A Media\u00e7\u00e3o universal de Maria Sant\u00edssima - Associa\u00e7\u00e3o Devotos de F\u00e1tima","robots":{"index":"index","follow":"follow","max-snippet":"max-snippet:-1","max-image-preview":"max-image-preview:large","max-video-preview":"max-video-preview:-1"},"canonical":"https:\/\/www.adf.org.br\/home\/a-mediacao-universal-de-maria-santissima\/","og_locale":"pt_BR","og_type":"article","og_title":"A Media\u00e7\u00e3o universal de Maria Sant\u00edssima - Associa\u00e7\u00e3o Devotos de F\u00e1tima","og_description":"Nossa Senhora Medianeira Antes de apresentarmos a Doutrina desta Media\u00e7\u00e3o da M\u00e3e, cumpre-nos explicar e expor o Of\u00edcio Medianeiro de CRISTO. Ao falar da Media\u00e7\u00e3o de CRISTO, santo Tom\u00e1s de Aquino ensina: \u201cO Of\u00edcio de Medianeiro entre DEUS, e os homens consiste em uni-los\u201d. (Suma Teol\u00f3gica3, q.26, a.1). A ess\u00eancia, pois, e a finalidade da [&hellip;]","og_url":"https:\/\/www.adf.org.br\/home\/a-mediacao-universal-de-maria-santissima\/","og_site_name":"Associa\u00e7\u00e3o Devotos de F\u00e1tima","article_published_time":"2010-09-28T03:00:32+00:00","article_modified_time":"2020-06-09T14:13:14+00:00","og_image":[{"url":"http:\/\/www.adf.org.br\/home\/wp-content\/uploads\/2010\/09\/Nossa-Senhora-Medianeira.jpg"}],"twitter_card":"summary_large_image","twitter_misc":{"Escrito por":"Gabriel Barbosa","Est. tempo de leitura":"7 minutos"},"schema":{"@context":"https:\/\/schema.org","@graph":[{"@type":"WebSite","@id":"https:\/\/www.adf.org.br\/home\/#website","url":"https:\/\/www.adf.org.br\/home\/","name":"Associa\u00e7\u00e3o Devotos de F\u00e1tima","description":"Associa\u00e7\u00e3o Devotos de F\u00e1tima","potentialAction":[{"@type":"SearchAction","target":{"@type":"EntryPoint","urlTemplate":"https:\/\/www.adf.org.br\/home\/?s={search_term_string}"},"query-input":"required name=search_term_string"}],"inLanguage":"pt-BR"},{"@type":"ImageObject","@id":"https:\/\/www.adf.org.br\/home\/a-mediacao-universal-de-maria-santissima\/#primaryimage","inLanguage":"pt-BR","url":"http:\/\/www.adf.org.br\/home\/wp-content\/uploads\/2010\/09\/Nossa-Senhora-Medianeira.jpg","contentUrl":"http:\/\/www.adf.org.br\/home\/wp-content\/uploads\/2010\/09\/Nossa-Senhora-Medianeira.jpg"},{"@type":"WebPage","@id":"https:\/\/www.adf.org.br\/home\/a-mediacao-universal-de-maria-santissima\/#webpage","url":"https:\/\/www.adf.org.br\/home\/a-mediacao-universal-de-maria-santissima\/","name":"A Media\u00e7\u00e3o universal de Maria Sant\u00edssima - Associa\u00e7\u00e3o Devotos de F\u00e1tima","isPartOf":{"@id":"https:\/\/www.adf.org.br\/home\/#website"},"primaryImageOfPage":{"@id":"https:\/\/www.adf.org.br\/home\/a-mediacao-universal-de-maria-santissima\/#primaryimage"},"datePublished":"2010-09-28T03:00:32+00:00","dateModified":"2020-06-09T14:13:14+00:00","author":{"@id":"https:\/\/www.adf.org.br\/home\/#\/schema\/person\/affa494ecf91434f3620f5392de44327"},"breadcrumb":{"@id":"https:\/\/www.adf.org.br\/home\/a-mediacao-universal-de-maria-santissima\/#breadcrumb"},"inLanguage":"pt-BR","potentialAction":[{"@type":"ReadAction","target":["https:\/\/www.adf.org.br\/home\/a-mediacao-universal-de-maria-santissima\/"]}]},{"@type":"BreadcrumbList","@id":"https:\/\/www.adf.org.br\/home\/a-mediacao-universal-de-maria-santissima\/#breadcrumb","itemListElement":[{"@type":"ListItem","position":1,"name":"Home","item":"https:\/\/www.adf.org.br\/home\/"},{"@type":"ListItem","position":2,"name":"A Media\u00e7\u00e3o universal de Maria Sant\u00edssima"}]},{"@type":"Person","@id":"https:\/\/www.adf.org.br\/home\/#\/schema\/person\/affa494ecf91434f3620f5392de44327","name":"Gabriel Barbosa","image":{"@type":"ImageObject","@id":"https:\/\/www.adf.org.br\/home\/#personlogo","inLanguage":"pt-BR","url":"https:\/\/secure.gravatar.com\/avatar\/ecf2eab02e30486a7038f8b2858de06a?s=96&d=mm&r=g","contentUrl":"https:\/\/secure.gravatar.com\/avatar\/ecf2eab02e30486a7038f8b2858de06a?s=96&d=mm&r=g","caption":"Gabriel Barbosa"},"url":"https:\/\/www.adf.org.br\/home\/author\/gabriel-aascj\/"}]}},"_links":{"self":[{"href":"https:\/\/www.adf.org.br\/home\/wp-json\/wp\/v2\/posts\/6284"}],"collection":[{"href":"https:\/\/www.adf.org.br\/home\/wp-json\/wp\/v2\/posts"}],"about":[{"href":"https:\/\/www.adf.org.br\/home\/wp-json\/wp\/v2\/types\/post"}],"author":[{"embeddable":true,"href":"https:\/\/www.adf.org.br\/home\/wp-json\/wp\/v2\/users\/27"}],"replies":[{"embeddable":true,"href":"https:\/\/www.adf.org.br\/home\/wp-json\/wp\/v2\/comments?post=6284"}],"version-history":[{"count":1,"href":"https:\/\/www.adf.org.br\/home\/wp-json\/wp\/v2\/posts\/6284\/revisions"}],"predecessor-version":[{"id":42803,"href":"https:\/\/www.adf.org.br\/home\/wp-json\/wp\/v2\/posts\/6284\/revisions\/42803"}],"wp:attachment":[{"href":"https:\/\/www.adf.org.br\/home\/wp-json\/wp\/v2\/media?parent=6284"}],"wp:term":[{"taxonomy":"category","embeddable":true,"href":"https:\/\/www.adf.org.br\/home\/wp-json\/wp\/v2\/categories?post=6284"},{"taxonomy":"post_tag","embeddable":true,"href":"https:\/\/www.adf.org.br\/home\/wp-json\/wp\/v2\/tags?post=6284"}],"curies":[{"name":"wp","href":"https:\/\/api.w.org\/{rel}","templated":true}]}}