{"id":6254,"date":"2010-09-25T00:00:53","date_gmt":"2010-09-25T03:00:53","guid":{"rendered":"http:\/\/www.adf.org.br\/home\/?p=6254"},"modified":"2020-06-09T11:44:45","modified_gmt":"2020-06-09T14:44:45","slug":"historia-da-virgem-dos-33","status":"publish","type":"post","link":"https:\/\/www.adf.org.br\/home\/historia-da-virgem-dos-33\/","title":{"rendered":"Hist\u00f3ria da Virgem dos 33"},"content":{"rendered":"<p><span style=\"font-size: x-large;\"><span style=\"color: #0000ff;\"><strong>E<\/strong><\/span><\/span>m virtude da not\u00edcia que publicamos no portal sobre um grupo de jovens cat\u00f3licos uruguaios ter enviado para o 33 mineiros soterrados no Chile, uma imagem da Vigem dos 33, muitos amigos deste Apostolado entraram em contato querendo saber mais sobre esta devo\u00e7\u00e3o.(<a href=\"http:\/\/www.adf.org.br\/home\/2010\/09\/mineiros-soterrados-no-chile-receberao-uma-virgem-dos-33\/\" target=\"_blank\" rel=\"noopener noreferrer\">Leia aqui a not\u00edcia<\/a>)<\/p>\n<p><strong>Eis abaixo um breve hist\u00f3rico: <\/strong><\/p>\n<p>_________________________________________<\/p>\n<p style=\"text-align: center;\"><a rel=\"attachment wp-att-6255\" href=\"http:\/\/www.adf.org.br\/home\/2010\/09\/historia-da-virgem-dos-33\/virgem-dos-33\/\"><img loading=\"lazy\" class=\"size-large wp-image-6255 aligncenter\" title=\"virgem dos 33\" src=\"http:\/\/www.adf.org.br\/home\/wp-content\/uploads\/2010\/09\/virgem-dos-33-679x1024.jpg\" alt=\"\" width=\"391\" height=\"589\" \/><\/a><\/p>\n<p>A devo\u00e7\u00e3o \u00e0 imagem que tomou o nome de \u201c<em>A Virgem dos Trinta e Tr\u00eas<\/em>\u201d teve in\u00edcio numa fazenda denominada &#8220;Virgem dos Desamparados&#8221;, de propriedade dos padres Jesu\u00edtas, e situada ao redor da cidade de nome Florida, no Uruguai.<\/p>\n<p>A propriedade era cortada por um riacho chamado <em>Arroyo de La Virgem <\/em>e no cume da Serra Del Pintado, havia um orat\u00f3rio com uma imagem de Nossa Senhora, representando a Virgem subindo aos c\u00e9us, levada pelos anjos (inspirada na &#8220;Assun\u00e7\u00e3o\u201d, de Murillo).<\/p>\n<p>Em 1767 os Padres Jesu\u00edtas foram expulsos da Espanha e tamb\u00e9m de toda a Am\u00e9rica Latina. O povoado, que era pr\u00f3spero, decaiu tanto que mais tarde, quando o novo p\u00e1roco, Padre Santiago Figueiredo tomou posse, n\u00e3o restavam mais do que cinco fam\u00edlias no local, em um terreno improdutivo e est\u00e9ril.<\/p>\n<p>O povo, por\u00e9m, n\u00e3o esqueceu a milagrosa imagem, construindo uma r\u00fastica capela de palha e barro.<\/p>\n<p>No dia 19 de abril de 1825, desembarcaram na praia da Agraciada, trinta e tr\u00eas homens comandados pelo general Ant\u00f4nio Lavalleja que pretendiam libertar a p\u00e1tria, sob o lema: \u201cLiberdade ou morte\u201d. Conquistaram Soriano, Colonia, San Jos\u00e9, Guadalupe e Florida. Instalaram em junho um Governo provis\u00f3rio e, conforme o costume daqueles tempos, foram \u00e0 Igreja para implorar o aux\u00edlio de Deus e de Sua Sant\u00edssima M\u00e3e para a nova p\u00e1tria uruguaia.<\/p>\n<p>Na mesma cidade de Florida, no dia 25 de agosto de 1825, reuniu-se a Assembl\u00e9ia Nacional Constituinte da Rep\u00fablica Oriental do Uruguai para declarar a sua independ\u00eancia.<\/p>\n<p>Depois de lida a ata, todos, governantes e povo, se dirigiram \u00e0 Igreja e ajoelharam-se diante da pequena imagem da Virgem, colocando a p\u00e1tria sob a sua maternal prote\u00e7\u00e3o. Diante da imagem foi colocada uma bandeira tricolor. Comandantes e soldados dobraram reverentes os joelhos. O povo, que enchia a pra\u00e7a maior, o ex\u00e9rcito e o novo governo lotaram a Igreja para o solene canto do &#8220;Te Deum&#8221; (A\u00e7\u00e3o de Gra\u00e7as) e o p\u00e1roco deu a ben\u00e7\u00e3o aos her\u00f3is e ao povo.<\/p>\n<p>Quando algo nasce da espontaneidade, n\u00e3o se pode definir uma data certa; mas, com toda a certeza, foi a partir da instala\u00e7\u00e3o da Soberana Assembl\u00e9ia, ainda na casa de D. Ana Hernandez, ao lado da Igreja, que se come\u00e7ou a chamar aquela milagrosa imagem de &#8220;<em>A Virgem dos Trinta e Tr\u00eas<\/em>&#8220;. <br \/>\n No ano de 1857, o segundo chefe dos Trinta e Tr\u00eas, general Manuel Oribe, em agradecimento \u00e0 &#8220;Virgem dos Trinta e Tr\u00eas&#8221;, ofereceu-lhe uma preciosa coroa que at\u00e9 hoje se conserva no tesouro da Catedral.<\/p>\n<p>Diante da pequena imagem h\u00e1 uma l\u00e1pide com a inscri\u00e7\u00e3o: \u201cDiante desta imagem de Nossa Senhora de Luj\u00e1n del Pintado, os trinta e tr\u00eas inclinaram sua bandeira tricolor; a ela tamb\u00e9m invocaram os Convencionais da Independ\u00eancia&#8220;.<\/p>\n<p>No dia 11 de novembro de 1961 a Santa S\u00e9 permitiu a coroa\u00e7\u00e3o pontif\u00edcia da imagem e, no dia 21 de novembro de 1962, a <em>Virgem dos Trinta e Tr\u00eas<\/em> foi proclamada padroeira do Uruguai.<\/p>\n<p>No segundo domingo de novembro de cada ano, milhares de peregrinos se re\u00fanem para celebrar as festividades de sua Padroeira e pedir a sua prote\u00e7\u00e3o para os uruguaios.<\/p>\n","protected":false},"excerpt":{"rendered":"<p>Em virtude da not\u00edcia que publicamos no portal sobre um grupo de jovens cat\u00f3licos uruguaios ter enviado para o 33 mineiros soterrados no Chile, uma imagem da Vigem dos 33, muitos amigos deste Apostolado entraram em contato querendo saber mais sobre esta devo\u00e7\u00e3o.(Leia aqui a not\u00edcia) Eis abaixo um breve hist\u00f3rico: _________________________________________ A devo\u00e7\u00e3o \u00e0 [&hellip;]<\/p>\n","protected":false},"author":27,"featured_media":0,"comment_status":"open","ping_status":"open","sticky":false,"template":"","format":"standard","meta":[],"categories":[20],"tags":[188],"yoast_head":"<!-- This site is optimized with the Yoast SEO plugin v17.4 - https:\/\/yoast.com\/wordpress\/plugins\/seo\/ -->\n<title>Hist\u00f3ria da Virgem dos 33 - Associa\u00e7\u00e3o Devotos de F\u00e1tima<\/title>\n<meta name=\"robots\" content=\"index, follow, max-snippet:-1, max-image-preview:large, max-video-preview:-1\" \/>\n<link rel=\"canonical\" href=\"https:\/\/www.adf.org.br\/home\/historia-da-virgem-dos-33\/\" \/>\n<meta property=\"og:locale\" content=\"pt_BR\" \/>\n<meta property=\"og:type\" content=\"article\" \/>\n<meta property=\"og:title\" content=\"Hist\u00f3ria da Virgem dos 33 - Associa\u00e7\u00e3o Devotos de F\u00e1tima\" \/>\n<meta property=\"og:description\" content=\"Em virtude da not\u00edcia que publicamos no portal sobre um grupo de jovens cat\u00f3licos uruguaios ter enviado para o 33 mineiros soterrados no Chile, uma imagem da Vigem dos 33, muitos amigos deste Apostolado entraram em contato querendo saber mais sobre esta devo\u00e7\u00e3o.(Leia aqui a not\u00edcia) Eis abaixo um breve hist\u00f3rico: _________________________________________ A devo\u00e7\u00e3o \u00e0 [&hellip;]\" \/>\n<meta property=\"og:url\" content=\"https:\/\/www.adf.org.br\/home\/historia-da-virgem-dos-33\/\" \/>\n<meta property=\"og:site_name\" content=\"Associa\u00e7\u00e3o Devotos de F\u00e1tima\" \/>\n<meta property=\"article:published_time\" content=\"2010-09-25T03:00:53+00:00\" \/>\n<meta property=\"article:modified_time\" content=\"2020-06-09T14:44:45+00:00\" \/>\n<meta property=\"og:image\" content=\"http:\/\/www.adf.org.br\/home\/wp-content\/uploads\/2010\/09\/virgem-dos-33-679x1024.jpg\" \/>\n<meta name=\"twitter:card\" content=\"summary_large_image\" \/>\n<meta name=\"twitter:label1\" content=\"Escrito por\" \/>\n\t<meta name=\"twitter:data1\" content=\"Gabriel Barbosa\" \/>\n\t<meta name=\"twitter:label2\" content=\"Est. tempo de leitura\" \/>\n\t<meta name=\"twitter:data2\" content=\"3 minutos\" \/>\n<script type=\"application\/ld+json\" class=\"yoast-schema-graph\">{\"@context\":\"https:\/\/schema.org\",\"@graph\":[{\"@type\":\"WebSite\",\"@id\":\"https:\/\/www.adf.org.br\/home\/#website\",\"url\":\"https:\/\/www.adf.org.br\/home\/\",\"name\":\"Associa\\u00e7\\u00e3o Devotos de F\\u00e1tima\",\"description\":\"Associa\\u00e7\\u00e3o Devotos de F\\u00e1tima\",\"potentialAction\":[{\"@type\":\"SearchAction\",\"target\":{\"@type\":\"EntryPoint\",\"urlTemplate\":\"https:\/\/www.adf.org.br\/home\/?s={search_term_string}\"},\"query-input\":\"required name=search_term_string\"}],\"inLanguage\":\"pt-BR\"},{\"@type\":\"ImageObject\",\"@id\":\"https:\/\/www.adf.org.br\/home\/historia-da-virgem-dos-33\/#primaryimage\",\"inLanguage\":\"pt-BR\",\"url\":\"http:\/\/www.adf.org.br\/home\/wp-content\/uploads\/2010\/09\/virgem-dos-33-679x1024.jpg\",\"contentUrl\":\"http:\/\/www.adf.org.br\/home\/wp-content\/uploads\/2010\/09\/virgem-dos-33-679x1024.jpg\"},{\"@type\":\"WebPage\",\"@id\":\"https:\/\/www.adf.org.br\/home\/historia-da-virgem-dos-33\/#webpage\",\"url\":\"https:\/\/www.adf.org.br\/home\/historia-da-virgem-dos-33\/\",\"name\":\"Hist\\u00f3ria da Virgem dos 33 - Associa\\u00e7\\u00e3o Devotos de F\\u00e1tima\",\"isPartOf\":{\"@id\":\"https:\/\/www.adf.org.br\/home\/#website\"},\"primaryImageOfPage\":{\"@id\":\"https:\/\/www.adf.org.br\/home\/historia-da-virgem-dos-33\/#primaryimage\"},\"datePublished\":\"2010-09-25T03:00:53+00:00\",\"dateModified\":\"2020-06-09T14:44:45+00:00\",\"author\":{\"@id\":\"https:\/\/www.adf.org.br\/home\/#\/schema\/person\/affa494ecf91434f3620f5392de44327\"},\"breadcrumb\":{\"@id\":\"https:\/\/www.adf.org.br\/home\/historia-da-virgem-dos-33\/#breadcrumb\"},\"inLanguage\":\"pt-BR\",\"potentialAction\":[{\"@type\":\"ReadAction\",\"target\":[\"https:\/\/www.adf.org.br\/home\/historia-da-virgem-dos-33\/\"]}]},{\"@type\":\"BreadcrumbList\",\"@id\":\"https:\/\/www.adf.org.br\/home\/historia-da-virgem-dos-33\/#breadcrumb\",\"itemListElement\":[{\"@type\":\"ListItem\",\"position\":1,\"name\":\"Home\",\"item\":\"https:\/\/www.adf.org.br\/home\/\"},{\"@type\":\"ListItem\",\"position\":2,\"name\":\"Hist\\u00f3ria da Virgem dos 33\"}]},{\"@type\":\"Person\",\"@id\":\"https:\/\/www.adf.org.br\/home\/#\/schema\/person\/affa494ecf91434f3620f5392de44327\",\"name\":\"Gabriel Barbosa\",\"image\":{\"@type\":\"ImageObject\",\"@id\":\"https:\/\/www.adf.org.br\/home\/#personlogo\",\"inLanguage\":\"pt-BR\",\"url\":\"https:\/\/secure.gravatar.com\/avatar\/ecf2eab02e30486a7038f8b2858de06a?s=96&d=mm&r=g\",\"contentUrl\":\"https:\/\/secure.gravatar.com\/avatar\/ecf2eab02e30486a7038f8b2858de06a?s=96&d=mm&r=g\",\"caption\":\"Gabriel Barbosa\"},\"url\":\"https:\/\/www.adf.org.br\/home\/author\/gabriel-aascj\/\"}]}<\/script>\n<!-- \/ Yoast SEO plugin. -->","yoast_head_json":{"title":"Hist\u00f3ria da Virgem dos 33 - Associa\u00e7\u00e3o Devotos de F\u00e1tima","robots":{"index":"index","follow":"follow","max-snippet":"max-snippet:-1","max-image-preview":"max-image-preview:large","max-video-preview":"max-video-preview:-1"},"canonical":"https:\/\/www.adf.org.br\/home\/historia-da-virgem-dos-33\/","og_locale":"pt_BR","og_type":"article","og_title":"Hist\u00f3ria da Virgem dos 33 - Associa\u00e7\u00e3o Devotos de F\u00e1tima","og_description":"Em virtude da not\u00edcia que publicamos no portal sobre um grupo de jovens cat\u00f3licos uruguaios ter enviado para o 33 mineiros soterrados no Chile, uma imagem da Vigem dos 33, muitos amigos deste Apostolado entraram em contato querendo saber mais sobre esta devo\u00e7\u00e3o.(Leia aqui a not\u00edcia) Eis abaixo um breve hist\u00f3rico: _________________________________________ A devo\u00e7\u00e3o \u00e0 [&hellip;]","og_url":"https:\/\/www.adf.org.br\/home\/historia-da-virgem-dos-33\/","og_site_name":"Associa\u00e7\u00e3o Devotos de F\u00e1tima","article_published_time":"2010-09-25T03:00:53+00:00","article_modified_time":"2020-06-09T14:44:45+00:00","og_image":[{"url":"http:\/\/www.adf.org.br\/home\/wp-content\/uploads\/2010\/09\/virgem-dos-33-679x1024.jpg"}],"twitter_card":"summary_large_image","twitter_misc":{"Escrito por":"Gabriel Barbosa","Est. tempo de leitura":"3 minutos"},"schema":{"@context":"https:\/\/schema.org","@graph":[{"@type":"WebSite","@id":"https:\/\/www.adf.org.br\/home\/#website","url":"https:\/\/www.adf.org.br\/home\/","name":"Associa\u00e7\u00e3o Devotos de F\u00e1tima","description":"Associa\u00e7\u00e3o Devotos de F\u00e1tima","potentialAction":[{"@type":"SearchAction","target":{"@type":"EntryPoint","urlTemplate":"https:\/\/www.adf.org.br\/home\/?s={search_term_string}"},"query-input":"required name=search_term_string"}],"inLanguage":"pt-BR"},{"@type":"ImageObject","@id":"https:\/\/www.adf.org.br\/home\/historia-da-virgem-dos-33\/#primaryimage","inLanguage":"pt-BR","url":"http:\/\/www.adf.org.br\/home\/wp-content\/uploads\/2010\/09\/virgem-dos-33-679x1024.jpg","contentUrl":"http:\/\/www.adf.org.br\/home\/wp-content\/uploads\/2010\/09\/virgem-dos-33-679x1024.jpg"},{"@type":"WebPage","@id":"https:\/\/www.adf.org.br\/home\/historia-da-virgem-dos-33\/#webpage","url":"https:\/\/www.adf.org.br\/home\/historia-da-virgem-dos-33\/","name":"Hist\u00f3ria da Virgem dos 33 - Associa\u00e7\u00e3o Devotos de F\u00e1tima","isPartOf":{"@id":"https:\/\/www.adf.org.br\/home\/#website"},"primaryImageOfPage":{"@id":"https:\/\/www.adf.org.br\/home\/historia-da-virgem-dos-33\/#primaryimage"},"datePublished":"2010-09-25T03:00:53+00:00","dateModified":"2020-06-09T14:44:45+00:00","author":{"@id":"https:\/\/www.adf.org.br\/home\/#\/schema\/person\/affa494ecf91434f3620f5392de44327"},"breadcrumb":{"@id":"https:\/\/www.adf.org.br\/home\/historia-da-virgem-dos-33\/#breadcrumb"},"inLanguage":"pt-BR","potentialAction":[{"@type":"ReadAction","target":["https:\/\/www.adf.org.br\/home\/historia-da-virgem-dos-33\/"]}]},{"@type":"BreadcrumbList","@id":"https:\/\/www.adf.org.br\/home\/historia-da-virgem-dos-33\/#breadcrumb","itemListElement":[{"@type":"ListItem","position":1,"name":"Home","item":"https:\/\/www.adf.org.br\/home\/"},{"@type":"ListItem","position":2,"name":"Hist\u00f3ria da Virgem dos 33"}]},{"@type":"Person","@id":"https:\/\/www.adf.org.br\/home\/#\/schema\/person\/affa494ecf91434f3620f5392de44327","name":"Gabriel Barbosa","image":{"@type":"ImageObject","@id":"https:\/\/www.adf.org.br\/home\/#personlogo","inLanguage":"pt-BR","url":"https:\/\/secure.gravatar.com\/avatar\/ecf2eab02e30486a7038f8b2858de06a?s=96&d=mm&r=g","contentUrl":"https:\/\/secure.gravatar.com\/avatar\/ecf2eab02e30486a7038f8b2858de06a?s=96&d=mm&r=g","caption":"Gabriel Barbosa"},"url":"https:\/\/www.adf.org.br\/home\/author\/gabriel-aascj\/"}]}},"_links":{"self":[{"href":"https:\/\/www.adf.org.br\/home\/wp-json\/wp\/v2\/posts\/6254"}],"collection":[{"href":"https:\/\/www.adf.org.br\/home\/wp-json\/wp\/v2\/posts"}],"about":[{"href":"https:\/\/www.adf.org.br\/home\/wp-json\/wp\/v2\/types\/post"}],"author":[{"embeddable":true,"href":"https:\/\/www.adf.org.br\/home\/wp-json\/wp\/v2\/users\/27"}],"replies":[{"embeddable":true,"href":"https:\/\/www.adf.org.br\/home\/wp-json\/wp\/v2\/comments?post=6254"}],"version-history":[{"count":1,"href":"https:\/\/www.adf.org.br\/home\/wp-json\/wp\/v2\/posts\/6254\/revisions"}],"predecessor-version":[{"id":59419,"href":"https:\/\/www.adf.org.br\/home\/wp-json\/wp\/v2\/posts\/6254\/revisions\/59419"}],"wp:attachment":[{"href":"https:\/\/www.adf.org.br\/home\/wp-json\/wp\/v2\/media?parent=6254"}],"wp:term":[{"taxonomy":"category","embeddable":true,"href":"https:\/\/www.adf.org.br\/home\/wp-json\/wp\/v2\/categories?post=6254"},{"taxonomy":"post_tag","embeddable":true,"href":"https:\/\/www.adf.org.br\/home\/wp-json\/wp\/v2\/tags?post=6254"}],"curies":[{"name":"wp","href":"https:\/\/api.w.org\/{rel}","templated":true}]}}