{"id":6115,"date":"2010-09-11T00:00:34","date_gmt":"2010-09-11T03:00:34","guid":{"rendered":"http:\/\/www.adf.org.br\/home\/?p=6115"},"modified":"2020-06-09T11:45:03","modified_gmt":"2020-06-09T14:45:03","slug":"o-pndh-3-ameaca-para-o-futuro-ou-para-agora","status":"publish","type":"post","link":"https:\/\/www.adf.org.br\/home\/o-pndh-3-ameaca-para-o-futuro-ou-para-agora\/","title":{"rendered":"O PNDH-3, amea\u00e7a para o Futuro, ou para agora?"},"content":{"rendered":"<p><span style=\"font-size: large;\"><span style=\"color: #0000ff;\"><strong>D<\/strong><\/span><\/span>ir-se-ia que n\u00e3o \u00e9 para j\u00e1. Estamos num ano de elei\u00e7\u00f5es, e o bom senso pede que aqueles in\u00fameros itens do <em><strong>Programa Nacional de Direitos Humanos <\/strong><\/em>(PNDH-3) fiquem para serem discutidos em 2011.<\/p>\n<p> Mas  o bom senso n\u00e3o parece ser uma qualidade corrente em certos meios. Por  isso, evitando o que possa dar id\u00e9ia de um perigo, de uma amea\u00e7a, vai-se  aplicando o conte\u00fado do PNDH-3 gradualmente, ponto por ponto.<\/p>\n<p> Seria  um pouco como se, em vez de promover uma invas\u00e3o maci\u00e7a, uma tropa  executasse uma infiltra\u00e7\u00e3o soldado a soldado aproveitando da penumbra.<\/p>\n<p> Assim  sempre haver\u00e1 quem n\u00e3o se d\u00ea conta da manobra, e fique com a impress\u00e3o  do que o PNDH-3 jaz adormecido nalguma gaveta, devido \u00e0 forte rea\u00e7\u00e3o  contr\u00e1ria.<\/p>\n<p>\n<a href=\"http:\/\/www.ipco.org.br\/pndh\/conteudo\/veja-como-voce-pode-se-mobilizar-contra-o-pndh-3\" target=\"_blank\" rel=\"noopener noreferrer\"><img loading=\"lazy\" class=\"aligncenter size-full wp-image-6116\" title=\"Sou-Cat\u00f3lico-e-n\u00e3o-vou-me-omitir-26\" src=\"http:\/\/www.adf.org.br\/home\/wp-content\/uploads\/2010\/09\/Sou-Cat\u00f3lico-e-n\u00e3o-vou-me-omitir-26.jpg\" alt=\"\" width=\"414\" height=\"121\" srcset=\"https:\/\/www.adf.org.br\/home\/wp-content\/uploads\/2010\/09\/Sou-Cat\u00f3lico-e-n\u00e3o-vou-me-omitir-26.jpg 557w, https:\/\/www.adf.org.br\/home\/wp-content\/uploads\/2010\/09\/Sou-Cat\u00f3lico-e-n\u00e3o-vou-me-omitir-26-300x88.jpg 300w\" sizes=\"(max-width: 414px) 100vw, 414px\" \/><\/a> <br \/>\n Um exemplo? O PNDH-3 defende a <em><strong>\u201cdesconstru\u00e7\u00e3o da heteronormatividade\u201d<\/strong><\/em>,  ou seja, fazer com que desapare\u00e7a a id\u00e9ia corrente no povo brasileiro  de que o normal, o habitual, o santificado por um Sacramento \u00e9 o  casamento entre pessoas de sexo diferente.<\/p>\n<p> O PNDH-3 tocou a trombeta da <em><strong>\u201cdesconstru\u00e7\u00e3o da heteronormatividade\u201d<\/strong><\/em>,  e um \u00f3rg\u00e3o do Minist\u00e9rio da Justi\u00e7a agora ecoou seu som (Portaria n\u00ba  25, de 25 de agosto de 2010), constituindo um Grupo de Trabalho para <em><strong>\u201cdiagnosticar, elaborar e avaliar a promo\u00e7\u00e3o das pol\u00edticas de seguran\u00e7a p\u00fablica\u201d<\/strong><\/em> para os LGBT (L\u00e9sbicas, Gays, Bissexuais,Travestis e Transexuais).<\/p>\n<p> Em  vez de apoiar o casamento verdadeiro e \u201cdesconstruir\u201d suas deturpa\u00e7\u00f5es,  v\u00e3o fazer o contr\u00e1rio: promover \u201clinhas de apoio\u201d \u2014 como diz a  resolu\u00e7\u00e3o governamental \u2014 para as aberra\u00e7\u00f5es, e a \u201cdesconstru\u00e7\u00e3o\u201d para o  verdadeiro casamento, para as aut\u00eanticas fam\u00edlias, com base na  \u201cheteronormatividade\u201d! Invers\u00e3o total!<\/p>\n<p> Encontramos na Profecia de Ezequiel: <em>\u201cTu  n\u00e3o s\u00f3 n\u00e3o ficaste atr\u00e1s em seguir os seus caminhos (de Sodoma), e em  obrar segundo as suas maldades, mas quase foste mais perversa que elas  em teu proceder\u201d<\/em> (16, 47). \u00c9 de se meditar.<\/p>\n<p> Esse  \u00e9 apenas um item do PNDH-3, que escolhemos a t\u00edtulo de exemplo. Estamos  sob a amea\u00e7a do conjunto deles, e essa amea\u00e7a em boa parte \u00e9 para hoje.<\/p>\n<p> O perigo, diz um ditado, vem mais rapidamente quando \u00e9 desprezado. No nosso caso, ele est\u00e1 \u00e0s nossas portas. N\u00e3o o desprezemos.<\/p>\n<p><br class=\"spacer_\" \/><\/p>\n<p>Fonte: <a href=\"http:\/\/agenciaboaimprensa.blogspot.com\/2010\/09\/o-pndh-3-ameaca-para-o-futuro-ou-para.html\" target=\"_blank\" rel=\"noopener noreferrer\">ABIM<\/a><\/p>\n","protected":false},"excerpt":{"rendered":"<p>Dir-se-ia que n\u00e3o \u00e9 para j\u00e1. Estamos num ano de elei\u00e7\u00f5es, e o bom senso pede que aqueles in\u00fameros itens do Programa Nacional de Direitos Humanos (PNDH-3) fiquem para serem discutidos em 2011. Mas o bom senso n\u00e3o parece ser uma qualidade corrente em certos meios. Por isso, evitando o que possa dar id\u00e9ia de [&hellip;]<\/p>\n","protected":false},"author":27,"featured_media":0,"comment_status":"open","ping_status":"open","sticky":false,"template":"","format":"standard","meta":[],"categories":[20],"tags":[131],"yoast_head":"<!-- This site is optimized with the Yoast SEO plugin v17.4 - https:\/\/yoast.com\/wordpress\/plugins\/seo\/ -->\n<title>O PNDH-3, amea\u00e7a para o Futuro, ou para agora? - Associa\u00e7\u00e3o Devotos de F\u00e1tima<\/title>\n<meta name=\"robots\" content=\"index, follow, max-snippet:-1, max-image-preview:large, max-video-preview:-1\" \/>\n<link rel=\"canonical\" href=\"https:\/\/www.adf.org.br\/home\/o-pndh-3-ameaca-para-o-futuro-ou-para-agora\/\" \/>\n<meta property=\"og:locale\" content=\"pt_BR\" \/>\n<meta property=\"og:type\" content=\"article\" \/>\n<meta property=\"og:title\" content=\"O PNDH-3, amea\u00e7a para o Futuro, ou para agora? - Associa\u00e7\u00e3o Devotos de F\u00e1tima\" \/>\n<meta property=\"og:description\" content=\"Dir-se-ia que n\u00e3o \u00e9 para j\u00e1. Estamos num ano de elei\u00e7\u00f5es, e o bom senso pede que aqueles in\u00fameros itens do Programa Nacional de Direitos Humanos (PNDH-3) fiquem para serem discutidos em 2011. Mas o bom senso n\u00e3o parece ser uma qualidade corrente em certos meios. Por isso, evitando o que possa dar id\u00e9ia de [&hellip;]\" \/>\n<meta property=\"og:url\" content=\"https:\/\/www.adf.org.br\/home\/o-pndh-3-ameaca-para-o-futuro-ou-para-agora\/\" \/>\n<meta property=\"og:site_name\" content=\"Associa\u00e7\u00e3o Devotos de F\u00e1tima\" \/>\n<meta property=\"article:published_time\" content=\"2010-09-11T03:00:34+00:00\" \/>\n<meta property=\"article:modified_time\" content=\"2020-06-09T14:45:03+00:00\" \/>\n<meta property=\"og:image\" content=\"http:\/\/www.adf.org.br\/home\/wp-content\/uploads\/2010\/09\/Sou-Cat\u00f3lico-e-n\u00e3o-vou-me-omitir-26.jpg\" \/>\n<meta name=\"twitter:card\" content=\"summary_large_image\" \/>\n<meta name=\"twitter:label1\" content=\"Escrito por\" \/>\n\t<meta name=\"twitter:data1\" content=\"Gabriel Barbosa\" \/>\n\t<meta name=\"twitter:label2\" content=\"Est. tempo de leitura\" \/>\n\t<meta name=\"twitter:data2\" content=\"2 minutos\" \/>\n<script type=\"application\/ld+json\" class=\"yoast-schema-graph\">{\"@context\":\"https:\/\/schema.org\",\"@graph\":[{\"@type\":\"WebSite\",\"@id\":\"https:\/\/www.adf.org.br\/home\/#website\",\"url\":\"https:\/\/www.adf.org.br\/home\/\",\"name\":\"Associa\\u00e7\\u00e3o Devotos de F\\u00e1tima\",\"description\":\"Associa\\u00e7\\u00e3o Devotos de F\\u00e1tima\",\"potentialAction\":[{\"@type\":\"SearchAction\",\"target\":{\"@type\":\"EntryPoint\",\"urlTemplate\":\"https:\/\/www.adf.org.br\/home\/?s={search_term_string}\"},\"query-input\":\"required name=search_term_string\"}],\"inLanguage\":\"pt-BR\"},{\"@type\":\"ImageObject\",\"@id\":\"https:\/\/www.adf.org.br\/home\/o-pndh-3-ameaca-para-o-futuro-ou-para-agora\/#primaryimage\",\"inLanguage\":\"pt-BR\",\"url\":\"http:\/\/www.adf.org.br\/home\/wp-content\/uploads\/2010\/09\/Sou-Cat\\u00f3lico-e-n\\u00e3o-vou-me-omitir-26.jpg\",\"contentUrl\":\"http:\/\/www.adf.org.br\/home\/wp-content\/uploads\/2010\/09\/Sou-Cat\\u00f3lico-e-n\\u00e3o-vou-me-omitir-26.jpg\"},{\"@type\":\"WebPage\",\"@id\":\"https:\/\/www.adf.org.br\/home\/o-pndh-3-ameaca-para-o-futuro-ou-para-agora\/#webpage\",\"url\":\"https:\/\/www.adf.org.br\/home\/o-pndh-3-ameaca-para-o-futuro-ou-para-agora\/\",\"name\":\"O PNDH-3, amea\\u00e7a para o Futuro, ou para agora? - Associa\\u00e7\\u00e3o Devotos de F\\u00e1tima\",\"isPartOf\":{\"@id\":\"https:\/\/www.adf.org.br\/home\/#website\"},\"primaryImageOfPage\":{\"@id\":\"https:\/\/www.adf.org.br\/home\/o-pndh-3-ameaca-para-o-futuro-ou-para-agora\/#primaryimage\"},\"datePublished\":\"2010-09-11T03:00:34+00:00\",\"dateModified\":\"2020-06-09T14:45:03+00:00\",\"author\":{\"@id\":\"https:\/\/www.adf.org.br\/home\/#\/schema\/person\/affa494ecf91434f3620f5392de44327\"},\"breadcrumb\":{\"@id\":\"https:\/\/www.adf.org.br\/home\/o-pndh-3-ameaca-para-o-futuro-ou-para-agora\/#breadcrumb\"},\"inLanguage\":\"pt-BR\",\"potentialAction\":[{\"@type\":\"ReadAction\",\"target\":[\"https:\/\/www.adf.org.br\/home\/o-pndh-3-ameaca-para-o-futuro-ou-para-agora\/\"]}]},{\"@type\":\"BreadcrumbList\",\"@id\":\"https:\/\/www.adf.org.br\/home\/o-pndh-3-ameaca-para-o-futuro-ou-para-agora\/#breadcrumb\",\"itemListElement\":[{\"@type\":\"ListItem\",\"position\":1,\"name\":\"Home\",\"item\":\"https:\/\/www.adf.org.br\/home\/\"},{\"@type\":\"ListItem\",\"position\":2,\"name\":\"O PNDH-3, amea\\u00e7a para o Futuro, ou para agora?\"}]},{\"@type\":\"Person\",\"@id\":\"https:\/\/www.adf.org.br\/home\/#\/schema\/person\/affa494ecf91434f3620f5392de44327\",\"name\":\"Gabriel Barbosa\",\"image\":{\"@type\":\"ImageObject\",\"@id\":\"https:\/\/www.adf.org.br\/home\/#personlogo\",\"inLanguage\":\"pt-BR\",\"url\":\"https:\/\/secure.gravatar.com\/avatar\/ecf2eab02e30486a7038f8b2858de06a?s=96&d=mm&r=g\",\"contentUrl\":\"https:\/\/secure.gravatar.com\/avatar\/ecf2eab02e30486a7038f8b2858de06a?s=96&d=mm&r=g\",\"caption\":\"Gabriel Barbosa\"},\"url\":\"https:\/\/www.adf.org.br\/home\/author\/gabriel-aascj\/\"}]}<\/script>\n<!-- \/ Yoast SEO plugin. -->","yoast_head_json":{"title":"O PNDH-3, amea\u00e7a para o Futuro, ou para agora? - Associa\u00e7\u00e3o Devotos de F\u00e1tima","robots":{"index":"index","follow":"follow","max-snippet":"max-snippet:-1","max-image-preview":"max-image-preview:large","max-video-preview":"max-video-preview:-1"},"canonical":"https:\/\/www.adf.org.br\/home\/o-pndh-3-ameaca-para-o-futuro-ou-para-agora\/","og_locale":"pt_BR","og_type":"article","og_title":"O PNDH-3, amea\u00e7a para o Futuro, ou para agora? - Associa\u00e7\u00e3o Devotos de F\u00e1tima","og_description":"Dir-se-ia que n\u00e3o \u00e9 para j\u00e1. Estamos num ano de elei\u00e7\u00f5es, e o bom senso pede que aqueles in\u00fameros itens do Programa Nacional de Direitos Humanos (PNDH-3) fiquem para serem discutidos em 2011. Mas o bom senso n\u00e3o parece ser uma qualidade corrente em certos meios. Por isso, evitando o que possa dar id\u00e9ia de [&hellip;]","og_url":"https:\/\/www.adf.org.br\/home\/o-pndh-3-ameaca-para-o-futuro-ou-para-agora\/","og_site_name":"Associa\u00e7\u00e3o Devotos de F\u00e1tima","article_published_time":"2010-09-11T03:00:34+00:00","article_modified_time":"2020-06-09T14:45:03+00:00","og_image":[{"url":"http:\/\/www.adf.org.br\/home\/wp-content\/uploads\/2010\/09\/Sou-Cat\u00f3lico-e-n\u00e3o-vou-me-omitir-26.jpg"}],"twitter_card":"summary_large_image","twitter_misc":{"Escrito por":"Gabriel Barbosa","Est. tempo de leitura":"2 minutos"},"schema":{"@context":"https:\/\/schema.org","@graph":[{"@type":"WebSite","@id":"https:\/\/www.adf.org.br\/home\/#website","url":"https:\/\/www.adf.org.br\/home\/","name":"Associa\u00e7\u00e3o Devotos de F\u00e1tima","description":"Associa\u00e7\u00e3o Devotos de F\u00e1tima","potentialAction":[{"@type":"SearchAction","target":{"@type":"EntryPoint","urlTemplate":"https:\/\/www.adf.org.br\/home\/?s={search_term_string}"},"query-input":"required name=search_term_string"}],"inLanguage":"pt-BR"},{"@type":"ImageObject","@id":"https:\/\/www.adf.org.br\/home\/o-pndh-3-ameaca-para-o-futuro-ou-para-agora\/#primaryimage","inLanguage":"pt-BR","url":"http:\/\/www.adf.org.br\/home\/wp-content\/uploads\/2010\/09\/Sou-Cat\u00f3lico-e-n\u00e3o-vou-me-omitir-26.jpg","contentUrl":"http:\/\/www.adf.org.br\/home\/wp-content\/uploads\/2010\/09\/Sou-Cat\u00f3lico-e-n\u00e3o-vou-me-omitir-26.jpg"},{"@type":"WebPage","@id":"https:\/\/www.adf.org.br\/home\/o-pndh-3-ameaca-para-o-futuro-ou-para-agora\/#webpage","url":"https:\/\/www.adf.org.br\/home\/o-pndh-3-ameaca-para-o-futuro-ou-para-agora\/","name":"O PNDH-3, amea\u00e7a para o Futuro, ou para agora? - Associa\u00e7\u00e3o Devotos de F\u00e1tima","isPartOf":{"@id":"https:\/\/www.adf.org.br\/home\/#website"},"primaryImageOfPage":{"@id":"https:\/\/www.adf.org.br\/home\/o-pndh-3-ameaca-para-o-futuro-ou-para-agora\/#primaryimage"},"datePublished":"2010-09-11T03:00:34+00:00","dateModified":"2020-06-09T14:45:03+00:00","author":{"@id":"https:\/\/www.adf.org.br\/home\/#\/schema\/person\/affa494ecf91434f3620f5392de44327"},"breadcrumb":{"@id":"https:\/\/www.adf.org.br\/home\/o-pndh-3-ameaca-para-o-futuro-ou-para-agora\/#breadcrumb"},"inLanguage":"pt-BR","potentialAction":[{"@type":"ReadAction","target":["https:\/\/www.adf.org.br\/home\/o-pndh-3-ameaca-para-o-futuro-ou-para-agora\/"]}]},{"@type":"BreadcrumbList","@id":"https:\/\/www.adf.org.br\/home\/o-pndh-3-ameaca-para-o-futuro-ou-para-agora\/#breadcrumb","itemListElement":[{"@type":"ListItem","position":1,"name":"Home","item":"https:\/\/www.adf.org.br\/home\/"},{"@type":"ListItem","position":2,"name":"O PNDH-3, amea\u00e7a para o Futuro, ou para agora?"}]},{"@type":"Person","@id":"https:\/\/www.adf.org.br\/home\/#\/schema\/person\/affa494ecf91434f3620f5392de44327","name":"Gabriel Barbosa","image":{"@type":"ImageObject","@id":"https:\/\/www.adf.org.br\/home\/#personlogo","inLanguage":"pt-BR","url":"https:\/\/secure.gravatar.com\/avatar\/ecf2eab02e30486a7038f8b2858de06a?s=96&d=mm&r=g","contentUrl":"https:\/\/secure.gravatar.com\/avatar\/ecf2eab02e30486a7038f8b2858de06a?s=96&d=mm&r=g","caption":"Gabriel Barbosa"},"url":"https:\/\/www.adf.org.br\/home\/author\/gabriel-aascj\/"}]}},"_links":{"self":[{"href":"https:\/\/www.adf.org.br\/home\/wp-json\/wp\/v2\/posts\/6115"}],"collection":[{"href":"https:\/\/www.adf.org.br\/home\/wp-json\/wp\/v2\/posts"}],"about":[{"href":"https:\/\/www.adf.org.br\/home\/wp-json\/wp\/v2\/types\/post"}],"author":[{"embeddable":true,"href":"https:\/\/www.adf.org.br\/home\/wp-json\/wp\/v2\/users\/27"}],"replies":[{"embeddable":true,"href":"https:\/\/www.adf.org.br\/home\/wp-json\/wp\/v2\/comments?post=6115"}],"version-history":[{"count":1,"href":"https:\/\/www.adf.org.br\/home\/wp-json\/wp\/v2\/posts\/6115\/revisions"}],"predecessor-version":[{"id":59445,"href":"https:\/\/www.adf.org.br\/home\/wp-json\/wp\/v2\/posts\/6115\/revisions\/59445"}],"wp:attachment":[{"href":"https:\/\/www.adf.org.br\/home\/wp-json\/wp\/v2\/media?parent=6115"}],"wp:term":[{"taxonomy":"category","embeddable":true,"href":"https:\/\/www.adf.org.br\/home\/wp-json\/wp\/v2\/categories?post=6115"},{"taxonomy":"post_tag","embeddable":true,"href":"https:\/\/www.adf.org.br\/home\/wp-json\/wp\/v2\/tags?post=6115"}],"curies":[{"name":"wp","href":"https:\/\/api.w.org\/{rel}","templated":true}]}}