{"id":60882,"date":"2021-05-04T00:30:57","date_gmt":"2021-05-04T03:30:57","guid":{"rendered":"https:\/\/www.adf.org.br\/home\/?p=60882"},"modified":"2021-05-03T17:28:24","modified_gmt":"2021-05-03T20:28:24","slug":"acenda-aqui-uma-vela-especial-para-desatar-os-nos-da-sua-vida","status":"publish","type":"post","link":"https:\/\/www.adf.org.br\/home\/acenda-aqui-uma-vela-especial-para-desatar-os-nos-da-sua-vida\/","title":{"rendered":"ACENDA AQUI UMA VELA ESPECIAL PARA DESATAR OS N\u00d3S DA SUA VIDA"},"content":{"rendered":"<p><a href=\"https:\/\/adf.org.br\/velario\/desatadora?origem=18728\" target=\"_blank\" rel=\"noopener noreferrer\" data-saferedirecturl=\"https:\/\/www.google.com\/url?q=http:\/\/e.adf.org.br\/bendar\/?atmca%3D8912807%26atmme%3D90376%26atmte%3D1%26atmso%3Dck%26utm_content%3D260970178%26atmem%3DY2FtaWxhLmFhc2NqQGdtYWlsLmNvbQ%3D%3D%26&amp;source=gmail&amp;ust=1620156573693000&amp;usg=AFQjCNF9y53Hm1OIsDghmJm4bP49x2Dznw\"><img loading=\"lazy\" class=\"CToWUd aligncenter\" src=\"https:\/\/ci3.googleusercontent.com\/proxy\/pBdmfzdQyZ_5cVqy7lqzIh3mui3JfULVCuuQ18h2BE99O7bcJdtwWgqc4K6Miwf3Qnd2uNAfKD-odjNKvOTJBC9wLJ56D23bvzt2jImt=s0-d-e1-ft#http:\/\/adf.org.br\/home\/emkt\/001_dell\/ADF-EMKT-DMD-16-01.jpg\" alt=\"Associacao_Devotos_De_Nossa_Senhora_De_Fatima\" width=\"521\" height=\"308\" \/><\/a><\/p>\n<p>&nbsp;<\/p>\n<p><span style=\"color: #000000;\">Recebemos in\u00fameras mensagens de fam\u00edlias dizendo que estavam com <span style=\"color: #800080;\"><strong>pend\u00eancias que precisavam ser resolvidas<\/strong>,<strong> alguns problemas que aparentavam n\u00e3o ter solu\u00e7\u00e3o.<\/strong><\/span><\/span><\/p>\n<p style=\"text-align: left;\"><span style=\"color: #000000;\">Voc\u00ea se sente dessa mesma forma?<\/span><\/p>\n<p><span style=\"color: #000000;\">Se h\u00e1 algo que a <span style=\"color: #0000ff;\"><a style=\"color: #0000ff;\" href=\"https:\/\/adf.org.br\/velario\/desatadora?origem=18728\" target=\"_blank\" rel=\"noopener noreferrer\"><strong>Virgem Maria<\/strong> <\/a><\/span>pode fazer por voc\u00ea, n\u00e3o hesite em<strong><a style=\"color: #000000;\" href=\"https:\/\/adf.org.br\/velario\/desatadora?origem=16458\" target=\"_blank\" rel=\"noopener noreferrer\"> recorrer \u00e0 Ela<\/a>.<\/strong><\/span><\/p>\n<p>&nbsp;<\/p>\n<p style=\"text-align: center;\"><a href=\"https:\/\/adf.org.br\/velario\/desatadora?origem=18728\" target=\"_blank\" rel=\"noopener noreferrer\"><span style=\"color: #0000ff;\"><strong>Acenda aqui a Vela para incluir seu nome na Missa de Nossa Senhora Desatadora dos N\u00f3s!\u00a0<\/strong><\/span><\/a><\/p>\n<p>&nbsp;<\/p>\n<p style=\"text-align: left;\"><span style=\"color: #ff0000;\"><strong>N\u00e3o importa o\u00a0<span class=\"il\">N\u00f3<\/span> que voc\u00ea tenha na vida, porque para Ela nada \u00e9 imposs\u00edvel.<\/strong><\/span><\/p>\n<p style=\"text-align: left;\"><span style=\"color: #0000ff;\"><a style=\"color: #0000ff;\" href=\"https:\/\/adf.org.br\/velario\/desatadora?origem=18728\" target=\"_blank\" rel=\"noopener noreferrer\"><strong>Acesse aqui<\/strong><\/a><\/span>\u00a0<span style=\"color: #000000;\"><a style=\"color: #000000;\" href=\"https:\/\/adf.org.br\/velario\/desatadora?origem=18728\" rel=\"noopener noreferrer\">para inscrever suas preces para quem sempre realiza incont\u00e1veis milagres.<\/a><\/span><\/p>\n<p><span style=\"color: #000000;\"><strong>Tenha F\u00e9 e reze <\/strong>pela intercess\u00e3o de <a href=\"https:\/\/adf.org.br\/velario\/desatadora?origem=18728\" target=\"_blank\" rel=\"noopener noreferrer\"><strong><span style=\"color: #0000ff;\">Nossa Senhora Desatadora dos N\u00f3s<\/span><\/strong><\/a>, pois certamente <strong>Ela ir\u00e1 lhe atender com todo seu Amor e Aux\u00edlio.<\/strong><\/span><\/p>\n<p><a href=\"https:\/\/adf.org.br\/velario\/desatadora?origem=18728\" target=\"_blank\" rel=\"noopener noreferrer\"><img loading=\"lazy\" class=\"aligncenter wp-image-53248\" src=\"https:\/\/www.adf.org.br\/home\/wp-content\/uploads\/2019\/07\/Vela.png\" alt=\"Vela\" width=\"272\" height=\"207\" \/><\/a><\/p>\n<p style=\"text-align: center;\"><span style=\"color: #000080;\"><strong><i>Nossa Senhora\u00a0<span class=\"il\">Desatadora<\/span>\u00a0dos\u00a0<span class=\"il\">N\u00f3s<\/span>, desatai os\u00a0<span class=\"il\">n\u00f3s<\/span> da minha vida.<\/i><\/strong><\/span><\/p>\n","protected":false},"excerpt":{"rendered":"<p>&nbsp; Recebemos in\u00fameras mensagens de fam\u00edlias dizendo que estavam com pend\u00eancias que precisavam ser resolvidas, alguns problemas que aparentavam n\u00e3o ter solu\u00e7\u00e3o. Voc\u00ea se sente dessa mesma forma? Se h\u00e1 algo que a Virgem Maria pode fazer por voc\u00ea, n\u00e3o hesite em recorrer \u00e0 Ela. &nbsp; Acenda aqui a Vela para incluir seu nome na [&hellip;]<\/p>\n","protected":false},"author":31,"featured_media":64270,"comment_status":"open","ping_status":"open","sticky":false,"template":"","format":"standard","meta":[],"categories":[20,60,2621,2332],"tags":[4591,2130,2660,3311,38,1688,1138,470],"yoast_head":"<!-- This site is optimized with the Yoast SEO plugin v17.4 - https:\/\/yoast.com\/wordpress\/plugins\/seo\/ -->\n<title>ACENDA AQUI UMA VELA ESPECIAL PARA DESATAR OS N\u00d3S DA SUA VIDA<\/title>\n<meta name=\"description\" content=\"Recebemos in\u00fameras mensagens de fam\u00edlias dizendo que estavam com pend\u00eancias que precisavam ser resolvidas. Voc\u00ea se sente dessa mesma forma?\" \/>\n<meta name=\"robots\" content=\"index, follow, max-snippet:-1, max-image-preview:large, max-video-preview:-1\" \/>\n<link rel=\"canonical\" href=\"https:\/\/www.adf.org.br\/home\/acenda-aqui-uma-vela-especial-para-desatar-os-nos-da-sua-vida\/\" \/>\n<meta property=\"og:locale\" content=\"pt_BR\" \/>\n<meta property=\"og:type\" content=\"article\" \/>\n<meta property=\"og:title\" content=\"ACENDA AQUI UMA VELA ESPECIAL PARA DESATAR OS N\u00d3S DA SUA VIDA\" \/>\n<meta property=\"og:description\" content=\"Recebemos in\u00fameras mensagens de fam\u00edlias dizendo que estavam com pend\u00eancias que precisavam ser resolvidas. Voc\u00ea se sente dessa mesma forma?\" \/>\n<meta property=\"og:url\" content=\"https:\/\/www.adf.org.br\/home\/acenda-aqui-uma-vela-especial-para-desatar-os-nos-da-sua-vida\/\" \/>\n<meta property=\"og:site_name\" content=\"Associa\u00e7\u00e3o Devotos de F\u00e1tima\" \/>\n<meta property=\"article:published_time\" content=\"2021-05-04T03:30:57+00:00\" \/>\n<meta property=\"article:modified_time\" content=\"2021-05-03T20:28:24+00:00\" \/>\n<meta property=\"og:image\" content=\"https:\/\/www.adf.org.br\/home\/wp-content\/uploads\/2021\/05\/capa-post-04.05-adf.jpg\" \/>\n\t<meta property=\"og:image:width\" content=\"612\" \/>\n\t<meta property=\"og:image:height\" content=\"362\" \/>\n<meta name=\"twitter:card\" content=\"summary_large_image\" \/>\n<meta name=\"twitter:label1\" content=\"Escrito por\" \/>\n\t<meta name=\"twitter:data1\" content=\"Gabriel Barbosa\" \/>\n\t<meta name=\"twitter:label2\" content=\"Est. tempo de leitura\" \/>\n\t<meta name=\"twitter:data2\" content=\"1 minuto\" \/>\n<script type=\"application\/ld+json\" class=\"yoast-schema-graph\">{\"@context\":\"https:\/\/schema.org\",\"@graph\":[{\"@type\":\"WebSite\",\"@id\":\"https:\/\/www.adf.org.br\/home\/#website\",\"url\":\"https:\/\/www.adf.org.br\/home\/\",\"name\":\"Associa\\u00e7\\u00e3o Devotos de F\\u00e1tima\",\"description\":\"Associa\\u00e7\\u00e3o Devotos de F\\u00e1tima\",\"potentialAction\":[{\"@type\":\"SearchAction\",\"target\":{\"@type\":\"EntryPoint\",\"urlTemplate\":\"https:\/\/www.adf.org.br\/home\/?s={search_term_string}\"},\"query-input\":\"required name=search_term_string\"}],\"inLanguage\":\"pt-BR\"},{\"@type\":\"ImageObject\",\"@id\":\"https:\/\/www.adf.org.br\/home\/acenda-aqui-uma-vela-especial-para-desatar-os-nos-da-sua-vida\/#primaryimage\",\"inLanguage\":\"pt-BR\",\"url\":\"https:\/\/www.adf.org.br\/home\/wp-content\/uploads\/2021\/05\/capa-post-04.05-adf.jpg\",\"contentUrl\":\"https:\/\/www.adf.org.br\/home\/wp-content\/uploads\/2021\/05\/capa-post-04.05-adf.jpg\",\"width\":612,\"height\":362},{\"@type\":\"WebPage\",\"@id\":\"https:\/\/www.adf.org.br\/home\/acenda-aqui-uma-vela-especial-para-desatar-os-nos-da-sua-vida\/#webpage\",\"url\":\"https:\/\/www.adf.org.br\/home\/acenda-aqui-uma-vela-especial-para-desatar-os-nos-da-sua-vida\/\",\"name\":\"ACENDA AQUI UMA VELA ESPECIAL PARA DESATAR OS N\\u00d3S DA SUA VIDA\",\"isPartOf\":{\"@id\":\"https:\/\/www.adf.org.br\/home\/#website\"},\"primaryImageOfPage\":{\"@id\":\"https:\/\/www.adf.org.br\/home\/acenda-aqui-uma-vela-especial-para-desatar-os-nos-da-sua-vida\/#primaryimage\"},\"datePublished\":\"2021-05-04T03:30:57+00:00\",\"dateModified\":\"2021-05-03T20:28:24+00:00\",\"author\":{\"@id\":\"https:\/\/www.adf.org.br\/home\/#\/schema\/person\/f35a5c5aa7728a3dedf4ea9aa1fc2753\"},\"description\":\"Recebemos in\\u00fameras mensagens de fam\\u00edlias dizendo que estavam com pend\\u00eancias que precisavam ser resolvidas. Voc\\u00ea se sente dessa mesma forma?\",\"breadcrumb\":{\"@id\":\"https:\/\/www.adf.org.br\/home\/acenda-aqui-uma-vela-especial-para-desatar-os-nos-da-sua-vida\/#breadcrumb\"},\"inLanguage\":\"pt-BR\",\"potentialAction\":[{\"@type\":\"ReadAction\",\"target\":[\"https:\/\/www.adf.org.br\/home\/acenda-aqui-uma-vela-especial-para-desatar-os-nos-da-sua-vida\/\"]}]},{\"@type\":\"BreadcrumbList\",\"@id\":\"https:\/\/www.adf.org.br\/home\/acenda-aqui-uma-vela-especial-para-desatar-os-nos-da-sua-vida\/#breadcrumb\",\"itemListElement\":[{\"@type\":\"ListItem\",\"position\":1,\"name\":\"Home\",\"item\":\"https:\/\/www.adf.org.br\/home\/\"},{\"@type\":\"ListItem\",\"position\":2,\"name\":\"ACENDA AQUI UMA VELA ESPECIAL PARA DESATAR OS N\\u00d3S DA SUA VIDA\"}]},{\"@type\":\"Person\",\"@id\":\"https:\/\/www.adf.org.br\/home\/#\/schema\/person\/f35a5c5aa7728a3dedf4ea9aa1fc2753\",\"name\":\"Gabriel Barbosa\",\"image\":{\"@type\":\"ImageObject\",\"@id\":\"https:\/\/www.adf.org.br\/home\/#personlogo\",\"inLanguage\":\"pt-BR\",\"url\":\"https:\/\/secure.gravatar.com\/avatar\/2b2cb2f4637682c5605e8d36818f51ef?s=96&d=mm&r=g\",\"contentUrl\":\"https:\/\/secure.gravatar.com\/avatar\/2b2cb2f4637682c5605e8d36818f51ef?s=96&d=mm&r=g\",\"caption\":\"Gabriel Barbosa\"},\"url\":\"https:\/\/www.adf.org.br\/home\/author\/gabrielpmk-com-br\/\"}]}<\/script>\n<!-- \/ Yoast SEO plugin. -->","yoast_head_json":{"title":"ACENDA AQUI UMA VELA ESPECIAL PARA DESATAR OS N\u00d3S DA SUA VIDA","description":"Recebemos in\u00fameras mensagens de fam\u00edlias dizendo que estavam com pend\u00eancias que precisavam ser resolvidas. Voc\u00ea se sente dessa mesma forma?","robots":{"index":"index","follow":"follow","max-snippet":"max-snippet:-1","max-image-preview":"max-image-preview:large","max-video-preview":"max-video-preview:-1"},"canonical":"https:\/\/www.adf.org.br\/home\/acenda-aqui-uma-vela-especial-para-desatar-os-nos-da-sua-vida\/","og_locale":"pt_BR","og_type":"article","og_title":"ACENDA AQUI UMA VELA ESPECIAL PARA DESATAR OS N\u00d3S DA SUA VIDA","og_description":"Recebemos in\u00fameras mensagens de fam\u00edlias dizendo que estavam com pend\u00eancias que precisavam ser resolvidas. Voc\u00ea se sente dessa mesma forma?","og_url":"https:\/\/www.adf.org.br\/home\/acenda-aqui-uma-vela-especial-para-desatar-os-nos-da-sua-vida\/","og_site_name":"Associa\u00e7\u00e3o Devotos de F\u00e1tima","article_published_time":"2021-05-04T03:30:57+00:00","article_modified_time":"2021-05-03T20:28:24+00:00","og_image":[{"width":612,"height":362,"url":"https:\/\/www.adf.org.br\/home\/wp-content\/uploads\/2021\/05\/capa-post-04.05-adf.jpg","type":"image\/jpeg"}],"twitter_card":"summary_large_image","twitter_misc":{"Escrito por":"Gabriel Barbosa","Est. tempo de leitura":"1 minuto"},"schema":{"@context":"https:\/\/schema.org","@graph":[{"@type":"WebSite","@id":"https:\/\/www.adf.org.br\/home\/#website","url":"https:\/\/www.adf.org.br\/home\/","name":"Associa\u00e7\u00e3o Devotos de F\u00e1tima","description":"Associa\u00e7\u00e3o Devotos de F\u00e1tima","potentialAction":[{"@type":"SearchAction","target":{"@type":"EntryPoint","urlTemplate":"https:\/\/www.adf.org.br\/home\/?s={search_term_string}"},"query-input":"required name=search_term_string"}],"inLanguage":"pt-BR"},{"@type":"ImageObject","@id":"https:\/\/www.adf.org.br\/home\/acenda-aqui-uma-vela-especial-para-desatar-os-nos-da-sua-vida\/#primaryimage","inLanguage":"pt-BR","url":"https:\/\/www.adf.org.br\/home\/wp-content\/uploads\/2021\/05\/capa-post-04.05-adf.jpg","contentUrl":"https:\/\/www.adf.org.br\/home\/wp-content\/uploads\/2021\/05\/capa-post-04.05-adf.jpg","width":612,"height":362},{"@type":"WebPage","@id":"https:\/\/www.adf.org.br\/home\/acenda-aqui-uma-vela-especial-para-desatar-os-nos-da-sua-vida\/#webpage","url":"https:\/\/www.adf.org.br\/home\/acenda-aqui-uma-vela-especial-para-desatar-os-nos-da-sua-vida\/","name":"ACENDA AQUI UMA VELA ESPECIAL PARA DESATAR OS N\u00d3S DA SUA VIDA","isPartOf":{"@id":"https:\/\/www.adf.org.br\/home\/#website"},"primaryImageOfPage":{"@id":"https:\/\/www.adf.org.br\/home\/acenda-aqui-uma-vela-especial-para-desatar-os-nos-da-sua-vida\/#primaryimage"},"datePublished":"2021-05-04T03:30:57+00:00","dateModified":"2021-05-03T20:28:24+00:00","author":{"@id":"https:\/\/www.adf.org.br\/home\/#\/schema\/person\/f35a5c5aa7728a3dedf4ea9aa1fc2753"},"description":"Recebemos in\u00fameras mensagens de fam\u00edlias dizendo que estavam com pend\u00eancias que precisavam ser resolvidas. Voc\u00ea se sente dessa mesma forma?","breadcrumb":{"@id":"https:\/\/www.adf.org.br\/home\/acenda-aqui-uma-vela-especial-para-desatar-os-nos-da-sua-vida\/#breadcrumb"},"inLanguage":"pt-BR","potentialAction":[{"@type":"ReadAction","target":["https:\/\/www.adf.org.br\/home\/acenda-aqui-uma-vela-especial-para-desatar-os-nos-da-sua-vida\/"]}]},{"@type":"BreadcrumbList","@id":"https:\/\/www.adf.org.br\/home\/acenda-aqui-uma-vela-especial-para-desatar-os-nos-da-sua-vida\/#breadcrumb","itemListElement":[{"@type":"ListItem","position":1,"name":"Home","item":"https:\/\/www.adf.org.br\/home\/"},{"@type":"ListItem","position":2,"name":"ACENDA AQUI UMA VELA ESPECIAL PARA DESATAR OS N\u00d3S DA SUA VIDA"}]},{"@type":"Person","@id":"https:\/\/www.adf.org.br\/home\/#\/schema\/person\/f35a5c5aa7728a3dedf4ea9aa1fc2753","name":"Gabriel Barbosa","image":{"@type":"ImageObject","@id":"https:\/\/www.adf.org.br\/home\/#personlogo","inLanguage":"pt-BR","url":"https:\/\/secure.gravatar.com\/avatar\/2b2cb2f4637682c5605e8d36818f51ef?s=96&d=mm&r=g","contentUrl":"https:\/\/secure.gravatar.com\/avatar\/2b2cb2f4637682c5605e8d36818f51ef?s=96&d=mm&r=g","caption":"Gabriel Barbosa"},"url":"https:\/\/www.adf.org.br\/home\/author\/gabrielpmk-com-br\/"}]}},"_links":{"self":[{"href":"https:\/\/www.adf.org.br\/home\/wp-json\/wp\/v2\/posts\/60882"}],"collection":[{"href":"https:\/\/www.adf.org.br\/home\/wp-json\/wp\/v2\/posts"}],"about":[{"href":"https:\/\/www.adf.org.br\/home\/wp-json\/wp\/v2\/types\/post"}],"author":[{"embeddable":true,"href":"https:\/\/www.adf.org.br\/home\/wp-json\/wp\/v2\/users\/31"}],"replies":[{"embeddable":true,"href":"https:\/\/www.adf.org.br\/home\/wp-json\/wp\/v2\/comments?post=60882"}],"version-history":[{"count":30,"href":"https:\/\/www.adf.org.br\/home\/wp-json\/wp\/v2\/posts\/60882\/revisions"}],"predecessor-version":[{"id":64277,"href":"https:\/\/www.adf.org.br\/home\/wp-json\/wp\/v2\/posts\/60882\/revisions\/64277"}],"wp:featuredmedia":[{"embeddable":true,"href":"https:\/\/www.adf.org.br\/home\/wp-json\/wp\/v2\/media\/64270"}],"wp:attachment":[{"href":"https:\/\/www.adf.org.br\/home\/wp-json\/wp\/v2\/media?parent=60882"}],"wp:term":[{"taxonomy":"category","embeddable":true,"href":"https:\/\/www.adf.org.br\/home\/wp-json\/wp\/v2\/categories?post=60882"},{"taxonomy":"post_tag","embeddable":true,"href":"https:\/\/www.adf.org.br\/home\/wp-json\/wp\/v2\/tags?post=60882"}],"curies":[{"name":"wp","href":"https:\/\/api.w.org\/{rel}","templated":true}]}}