{"id":60308,"date":"2021-07-20T09:20:13","date_gmt":"2021-07-20T12:20:13","guid":{"rendered":"https:\/\/www.adf.org.br\/home\/?p=60308"},"modified":"2021-07-20T09:25:20","modified_gmt":"2021-07-20T12:25:20","slug":"inclua-agora-seu-nome-na-missa-de-gracas-de-nossa-senhora-de-fatima-e-gratis","status":"publish","type":"post","link":"https:\/\/www.adf.org.br\/home\/inclua-agora-seu-nome-na-missa-de-gracas-de-nossa-senhora-de-fatima-e-gratis\/","title":{"rendered":"INCLUA AGORA SEU NOME NA MISSA DAS GRA\u00c7AS DE NOSSA SENHORA DE F\u00c1TIMA. \u00c9 GR\u00c1TIS!"},"content":{"rendered":"<p>&nbsp;<\/p>\n<h3><a href=\"https:\/\/adf.org.br\/velario\/fatima?origem=20039\" target=\"_blank\" rel=\"noopener noreferrer\"><img loading=\"lazy\" class=\"aligncenter wp-image-58655 size-full\" src=\"https:\/\/www.adf.org.br\/home\/wp-content\/uploads\/2020\/05\/Novena-de-Nossa-Senhora-de-F%C3%A1tima-1.png\" alt=\"Nossa Senhora de F\u00e1tima no texto Novena a Nossa Senhora de F\u00e1tima \u2013 6\u00ba Dia\" width=\"600\" height=\"431\" \/><\/a><\/h3>\n<h3 style=\"text-align: center;\"><span style=\"color: #000080;\"><b>MISSA DAS GRA\u00c7AS DE NOSSA SENHORA DE F\u00c1TIMA<\/b><\/span><\/h3>\n<h4 style=\"text-align: center;\"><strong><span style=\"color: #800000;\">Ligue no<\/span>\u00a0<span style=\"color: #0000ff;\"><a style=\"color: #0000ff;\" href=\"tel:08006082128\" target=\"_blank\" rel=\"noopener noreferrer\"><span style=\"text-decoration: underline;\">0800 608 2128<\/span><\/a><\/span><\/strong><span style=\"color: #0000ff;\">\u00a0<\/span><span style=\"color: #800000;\"><strong>e<\/strong>\u00a0<strong>inscreva suas inten\u00e7\u00f5es<\/strong><\/span><\/h4>\n<p><span style=\"color: #ffffff;\">.<\/span><\/p>\n<p><span style=\"color: #000000;\">Maria cuidou de Jesus como a melhor e mais amorosa das m\u00e3es. N\u00e3o tenhamos nenhuma d\u00favida que ela cuida de n\u00f3s da mesma maneira.<\/span><\/p>\n<p><span style=\"color: #000000;\">Devemos andar de m\u00e3os dadas com a Virgem Maria, confiando todas as nossas intranquilidades, pequenas ou grandes, e todas as nossas preocupa\u00e7\u00f5es.<\/span><\/p>\n<p style=\"text-align: center;\"><span style=\"color: #800080;\"><strong><em>A Virgem Maria est\u00e1 atenta \u00e0s nossas necessidades.\u00a0<\/em><\/strong><\/span><\/p>\n<p><span style=\"color: #000000;\">E voc\u00ea pode fazer isso imediatamente, acendendo a <span style=\"text-decoration: underline;\"><a href=\"https:\/\/adf.org.br\/velario\/fatima?origem=20039\" target=\"_blank\" rel=\"noopener noreferrer\"><span style=\"color: #0000ff; text-decoration: underline;\">Vela das Gra\u00e7as de Nossa Senhora de F\u00e1tim<\/span><\/a><span style=\"color: #0000ff; text-decoration: underline;\">a<\/span><\/span>. Ligue agora mesmo para:<\/span><\/p>\n<h1 style=\"text-align: center;\"><span style=\"text-decoration: underline;\"><a href=\"tel:08006082128\" target=\"_blank\" rel=\"noopener noreferrer\"><span style=\"color: #0000ff; text-decoration: underline;\">0800 608 2128<\/span><\/a><\/span><\/h1>\n<h6 style=\"text-align: center;\"><span style=\"color: #000000;\"><em>Se estiver no celular, tecle sobre o n\u00famero e ser\u00e1 discado automaticamente.<\/em><\/span><\/h6>\n<p><span style=\"color: #ffffff;\">.<\/span><\/p>\n<p><span style=\"color: #000000;\">Ser carregado pela <span style=\"color: #0000ff;\"><a style=\"color: #0000ff;\" href=\"https:\/\/adf.org.br\/velario\/fatima?origem=20039\" target=\"_blank\" rel=\"noopener noreferrer\"><strong>nossa M\u00e3e<\/strong><\/a><\/span> \u00e9 a melhor <\/span><span style=\"color: #000000;\"><strong>forma de alcan\u00e7ar incont\u00e1veis gra\u00e7as. Chega a ser um m\u00e9todo infal\u00edvel.<\/strong><\/span><\/p>\n<p><span style=\"color: #000000;\">Se voc\u00ea n\u00e3o conseguir falar conosco,<\/span>\u00a0<strong><span style=\"color: #0000ff;\"><a style=\"color: #0000ff;\" href=\"https:\/\/adf.org.br\/velario\/fatima?origem=20039\" target=\"_blank\" rel=\"noopener noreferrer\">clique aqui<\/a><\/span><\/strong> <span style=\"color: #000000;\">ou na imagem abaixo, e inscreva todos os seus pedidos em ora\u00e7\u00e3o.<\/span><\/p>\n<p><span style=\"color: #000000;\">Espero muito que voc\u00ea\u00a0<\/span><span style=\"color: #0000ff;\"><strong><a style=\"color: #0000ff;\" href=\"https:\/\/adf.org.br\/velario\/fatima?origem=20039\" target=\"_blank\" rel=\"noopener noreferrer\" data-saferedirecturl=\"https:\/\/www.google.com\/url?q=http:\/\/e.adf.org.br\/bendar\/?atmca%3D8575855%26atmme%3D55497%26atmte%3D1%26atmso%3Dck%26utm_content%3D255924235%26atmem%3DY2FtaWxhLmFhc2NqQGdtYWlsLmNvbQ%3D%3D%26&amp;source=gmail&amp;ust=1594118753697000&amp;usg=AFQjCNEvakpgycy20V_os60EN2Tc-XjFIg\"><span style=\"text-decoration: underline;\">alcance todas as b\u00ean\u00e7\u00e3os de Nossa Senhora de F\u00e1tima<\/span><\/a><\/strong>.<\/span><\/p>\n<p>&nbsp;<\/p>\n<p><a href=\"https:\/\/adf.org.br\/velario\/fatima?origem=20039\" target=\"_blank\" rel=\"noopener noreferrer\"><img loading=\"lazy\" class=\"aligncenter wp-image-59160\" src=\"https:\/\/www.adf.org.br\/home\/wp-content\/uploads\/2020\/05\/Vela-de-Nossa-Senhora.jpg\" sizes=\"(max-width: 600px) 100vw, 600px\" srcset=\"https:\/\/www.adf.org.br\/home\/wp-content\/uploads\/2020\/05\/Vela-de-Nossa-Senhora.jpg 600w, https:\/\/www.adf.org.br\/home\/wp-content\/uploads\/2020\/05\/Vela-de-Nossa-Senhora-300x175.jpg 300w, https:\/\/www.adf.org.br\/home\/wp-content\/uploads\/2020\/05\/Vela-de-Nossa-Senhora-343x200.jpg 343w\" alt=\"Vela de Nossa Senhora \" width=\"494\" height=\"288\" \/><\/a><\/p>\n<p>&nbsp;<\/p>\n","protected":false},"excerpt":{"rendered":"<p>&nbsp; MISSA DAS GRA\u00c7AS DE NOSSA SENHORA DE F\u00c1TIMA Ligue no\u00a00800 608 2128\u00a0e\u00a0inscreva suas inten\u00e7\u00f5es . Maria cuidou de Jesus como a melhor e mais amorosa das m\u00e3es. N\u00e3o tenhamos nenhuma d\u00favida que ela cuida de n\u00f3s da mesma maneira. Devemos andar de m\u00e3os dadas com a Virgem Maria, confiando todas as nossas intranquilidades, pequenas [&hellip;]<\/p>\n","protected":false},"author":31,"featured_media":60368,"comment_status":"open","ping_status":"open","sticky":false,"template":"","format":"standard","meta":[],"categories":[20,2473,60,2621,56,2332],"tags":[505,2821,2660,4545,38,57,299,470],"yoast_head":"<!-- This site is optimized with the Yoast SEO plugin v17.4 - https:\/\/yoast.com\/wordpress\/plugins\/seo\/ -->\n<title>INCLUA SEU NOME NA MISSA DE GRA\u00c7AS DE NOSSA SENHORA<\/title>\n<meta name=\"description\" content=\"Maria cuidou de Jesus como a melhor e mais amorosa das m\u00e3es. N\u00e3o tenhamos nenhuma d\u00favida que ela cuida de n\u00f3s da mesma maneira.\" \/>\n<meta name=\"robots\" content=\"index, follow, max-snippet:-1, max-image-preview:large, max-video-preview:-1\" \/>\n<link rel=\"canonical\" href=\"https:\/\/www.adf.org.br\/home\/inclua-agora-seu-nome-na-missa-de-gracas-de-nossa-senhora-de-fatima-e-gratis\/\" \/>\n<meta property=\"og:locale\" content=\"pt_BR\" \/>\n<meta property=\"og:type\" content=\"article\" \/>\n<meta property=\"og:title\" content=\"INCLUA SEU NOME NA MISSA DE GRA\u00c7AS DE NOSSA SENHORA\" \/>\n<meta property=\"og:description\" content=\"Maria cuidou de Jesus como a melhor e mais amorosa das m\u00e3es. N\u00e3o tenhamos nenhuma d\u00favida que ela cuida de n\u00f3s da mesma maneira.\" \/>\n<meta property=\"og:url\" content=\"https:\/\/www.adf.org.br\/home\/inclua-agora-seu-nome-na-missa-de-gracas-de-nossa-senhora-de-fatima-e-gratis\/\" \/>\n<meta property=\"og:site_name\" content=\"Associa\u00e7\u00e3o Devotos de F\u00e1tima\" \/>\n<meta property=\"article:published_time\" content=\"2021-07-20T12:20:13+00:00\" \/>\n<meta property=\"article:modified_time\" content=\"2021-07-20T12:25:20+00:00\" \/>\n<meta property=\"og:image\" content=\"https:\/\/www.adf.org.br\/home\/wp-content\/uploads\/2020\/07\/missa-harmonia-na-familia.jpg\" \/>\n\t<meta property=\"og:image:width\" content=\"620\" \/>\n\t<meta property=\"og:image:height\" content=\"378\" \/>\n<meta name=\"twitter:card\" content=\"summary_large_image\" \/>\n<meta name=\"twitter:label1\" content=\"Escrito por\" \/>\n\t<meta name=\"twitter:data1\" content=\"Gabriel Barbosa\" \/>\n\t<meta name=\"twitter:label2\" content=\"Est. tempo de leitura\" \/>\n\t<meta name=\"twitter:data2\" content=\"1 minuto\" \/>\n<script type=\"application\/ld+json\" class=\"yoast-schema-graph\">{\"@context\":\"https:\/\/schema.org\",\"@graph\":[{\"@type\":\"WebSite\",\"@id\":\"https:\/\/www.adf.org.br\/home\/#website\",\"url\":\"https:\/\/www.adf.org.br\/home\/\",\"name\":\"Associa\\u00e7\\u00e3o Devotos de F\\u00e1tima\",\"description\":\"Associa\\u00e7\\u00e3o Devotos de F\\u00e1tima\",\"potentialAction\":[{\"@type\":\"SearchAction\",\"target\":{\"@type\":\"EntryPoint\",\"urlTemplate\":\"https:\/\/www.adf.org.br\/home\/?s={search_term_string}\"},\"query-input\":\"required name=search_term_string\"}],\"inLanguage\":\"pt-BR\"},{\"@type\":\"ImageObject\",\"@id\":\"https:\/\/www.adf.org.br\/home\/inclua-agora-seu-nome-na-missa-de-gracas-de-nossa-senhora-de-fatima-e-gratis\/#primaryimage\",\"inLanguage\":\"pt-BR\",\"url\":\"https:\/\/www.adf.org.br\/home\/wp-content\/uploads\/2020\/07\/missa-harmonia-na-familia.jpg\",\"contentUrl\":\"https:\/\/www.adf.org.br\/home\/wp-content\/uploads\/2020\/07\/missa-harmonia-na-familia.jpg\",\"width\":620,\"height\":378},{\"@type\":\"WebPage\",\"@id\":\"https:\/\/www.adf.org.br\/home\/inclua-agora-seu-nome-na-missa-de-gracas-de-nossa-senhora-de-fatima-e-gratis\/#webpage\",\"url\":\"https:\/\/www.adf.org.br\/home\/inclua-agora-seu-nome-na-missa-de-gracas-de-nossa-senhora-de-fatima-e-gratis\/\",\"name\":\"INCLUA SEU NOME NA MISSA DE GRA\\u00c7AS DE NOSSA SENHORA\",\"isPartOf\":{\"@id\":\"https:\/\/www.adf.org.br\/home\/#website\"},\"primaryImageOfPage\":{\"@id\":\"https:\/\/www.adf.org.br\/home\/inclua-agora-seu-nome-na-missa-de-gracas-de-nossa-senhora-de-fatima-e-gratis\/#primaryimage\"},\"datePublished\":\"2021-07-20T12:20:13+00:00\",\"dateModified\":\"2021-07-20T12:25:20+00:00\",\"author\":{\"@id\":\"https:\/\/www.adf.org.br\/home\/#\/schema\/person\/f35a5c5aa7728a3dedf4ea9aa1fc2753\"},\"description\":\"Maria cuidou de Jesus como a melhor e mais amorosa das m\\u00e3es. N\\u00e3o tenhamos nenhuma d\\u00favida que ela cuida de n\\u00f3s da mesma maneira.\",\"breadcrumb\":{\"@id\":\"https:\/\/www.adf.org.br\/home\/inclua-agora-seu-nome-na-missa-de-gracas-de-nossa-senhora-de-fatima-e-gratis\/#breadcrumb\"},\"inLanguage\":\"pt-BR\",\"potentialAction\":[{\"@type\":\"ReadAction\",\"target\":[\"https:\/\/www.adf.org.br\/home\/inclua-agora-seu-nome-na-missa-de-gracas-de-nossa-senhora-de-fatima-e-gratis\/\"]}]},{\"@type\":\"BreadcrumbList\",\"@id\":\"https:\/\/www.adf.org.br\/home\/inclua-agora-seu-nome-na-missa-de-gracas-de-nossa-senhora-de-fatima-e-gratis\/#breadcrumb\",\"itemListElement\":[{\"@type\":\"ListItem\",\"position\":1,\"name\":\"Home\",\"item\":\"https:\/\/www.adf.org.br\/home\/\"},{\"@type\":\"ListItem\",\"position\":2,\"name\":\"INCLUA AGORA SEU NOME NA MISSA DAS GRA\\u00c7AS DE NOSSA SENHORA DE F\\u00c1TIMA. \\u00c9 GR\\u00c1TIS!\"}]},{\"@type\":\"Person\",\"@id\":\"https:\/\/www.adf.org.br\/home\/#\/schema\/person\/f35a5c5aa7728a3dedf4ea9aa1fc2753\",\"name\":\"Gabriel Barbosa\",\"image\":{\"@type\":\"ImageObject\",\"@id\":\"https:\/\/www.adf.org.br\/home\/#personlogo\",\"inLanguage\":\"pt-BR\",\"url\":\"https:\/\/secure.gravatar.com\/avatar\/2b2cb2f4637682c5605e8d36818f51ef?s=96&d=mm&r=g\",\"contentUrl\":\"https:\/\/secure.gravatar.com\/avatar\/2b2cb2f4637682c5605e8d36818f51ef?s=96&d=mm&r=g\",\"caption\":\"Gabriel Barbosa\"},\"url\":\"https:\/\/www.adf.org.br\/home\/author\/gabrielpmk-com-br\/\"}]}<\/script>\n<!-- \/ Yoast SEO plugin. -->","yoast_head_json":{"title":"INCLUA SEU NOME NA MISSA DE GRA\u00c7AS DE NOSSA SENHORA","description":"Maria cuidou de Jesus como a melhor e mais amorosa das m\u00e3es. N\u00e3o tenhamos nenhuma d\u00favida que ela cuida de n\u00f3s da mesma maneira.","robots":{"index":"index","follow":"follow","max-snippet":"max-snippet:-1","max-image-preview":"max-image-preview:large","max-video-preview":"max-video-preview:-1"},"canonical":"https:\/\/www.adf.org.br\/home\/inclua-agora-seu-nome-na-missa-de-gracas-de-nossa-senhora-de-fatima-e-gratis\/","og_locale":"pt_BR","og_type":"article","og_title":"INCLUA SEU NOME NA MISSA DE GRA\u00c7AS DE NOSSA SENHORA","og_description":"Maria cuidou de Jesus como a melhor e mais amorosa das m\u00e3es. N\u00e3o tenhamos nenhuma d\u00favida que ela cuida de n\u00f3s da mesma maneira.","og_url":"https:\/\/www.adf.org.br\/home\/inclua-agora-seu-nome-na-missa-de-gracas-de-nossa-senhora-de-fatima-e-gratis\/","og_site_name":"Associa\u00e7\u00e3o Devotos de F\u00e1tima","article_published_time":"2021-07-20T12:20:13+00:00","article_modified_time":"2021-07-20T12:25:20+00:00","og_image":[{"width":620,"height":378,"url":"https:\/\/www.adf.org.br\/home\/wp-content\/uploads\/2020\/07\/missa-harmonia-na-familia.jpg","type":"image\/jpeg"}],"twitter_card":"summary_large_image","twitter_misc":{"Escrito por":"Gabriel Barbosa","Est. tempo de leitura":"1 minuto"},"schema":{"@context":"https:\/\/schema.org","@graph":[{"@type":"WebSite","@id":"https:\/\/www.adf.org.br\/home\/#website","url":"https:\/\/www.adf.org.br\/home\/","name":"Associa\u00e7\u00e3o Devotos de F\u00e1tima","description":"Associa\u00e7\u00e3o Devotos de F\u00e1tima","potentialAction":[{"@type":"SearchAction","target":{"@type":"EntryPoint","urlTemplate":"https:\/\/www.adf.org.br\/home\/?s={search_term_string}"},"query-input":"required name=search_term_string"}],"inLanguage":"pt-BR"},{"@type":"ImageObject","@id":"https:\/\/www.adf.org.br\/home\/inclua-agora-seu-nome-na-missa-de-gracas-de-nossa-senhora-de-fatima-e-gratis\/#primaryimage","inLanguage":"pt-BR","url":"https:\/\/www.adf.org.br\/home\/wp-content\/uploads\/2020\/07\/missa-harmonia-na-familia.jpg","contentUrl":"https:\/\/www.adf.org.br\/home\/wp-content\/uploads\/2020\/07\/missa-harmonia-na-familia.jpg","width":620,"height":378},{"@type":"WebPage","@id":"https:\/\/www.adf.org.br\/home\/inclua-agora-seu-nome-na-missa-de-gracas-de-nossa-senhora-de-fatima-e-gratis\/#webpage","url":"https:\/\/www.adf.org.br\/home\/inclua-agora-seu-nome-na-missa-de-gracas-de-nossa-senhora-de-fatima-e-gratis\/","name":"INCLUA SEU NOME NA MISSA DE GRA\u00c7AS DE NOSSA SENHORA","isPartOf":{"@id":"https:\/\/www.adf.org.br\/home\/#website"},"primaryImageOfPage":{"@id":"https:\/\/www.adf.org.br\/home\/inclua-agora-seu-nome-na-missa-de-gracas-de-nossa-senhora-de-fatima-e-gratis\/#primaryimage"},"datePublished":"2021-07-20T12:20:13+00:00","dateModified":"2021-07-20T12:25:20+00:00","author":{"@id":"https:\/\/www.adf.org.br\/home\/#\/schema\/person\/f35a5c5aa7728a3dedf4ea9aa1fc2753"},"description":"Maria cuidou de Jesus como a melhor e mais amorosa das m\u00e3es. N\u00e3o tenhamos nenhuma d\u00favida que ela cuida de n\u00f3s da mesma maneira.","breadcrumb":{"@id":"https:\/\/www.adf.org.br\/home\/inclua-agora-seu-nome-na-missa-de-gracas-de-nossa-senhora-de-fatima-e-gratis\/#breadcrumb"},"inLanguage":"pt-BR","potentialAction":[{"@type":"ReadAction","target":["https:\/\/www.adf.org.br\/home\/inclua-agora-seu-nome-na-missa-de-gracas-de-nossa-senhora-de-fatima-e-gratis\/"]}]},{"@type":"BreadcrumbList","@id":"https:\/\/www.adf.org.br\/home\/inclua-agora-seu-nome-na-missa-de-gracas-de-nossa-senhora-de-fatima-e-gratis\/#breadcrumb","itemListElement":[{"@type":"ListItem","position":1,"name":"Home","item":"https:\/\/www.adf.org.br\/home\/"},{"@type":"ListItem","position":2,"name":"INCLUA AGORA SEU NOME NA MISSA DAS GRA\u00c7AS DE NOSSA SENHORA DE F\u00c1TIMA. \u00c9 GR\u00c1TIS!"}]},{"@type":"Person","@id":"https:\/\/www.adf.org.br\/home\/#\/schema\/person\/f35a5c5aa7728a3dedf4ea9aa1fc2753","name":"Gabriel Barbosa","image":{"@type":"ImageObject","@id":"https:\/\/www.adf.org.br\/home\/#personlogo","inLanguage":"pt-BR","url":"https:\/\/secure.gravatar.com\/avatar\/2b2cb2f4637682c5605e8d36818f51ef?s=96&d=mm&r=g","contentUrl":"https:\/\/secure.gravatar.com\/avatar\/2b2cb2f4637682c5605e8d36818f51ef?s=96&d=mm&r=g","caption":"Gabriel Barbosa"},"url":"https:\/\/www.adf.org.br\/home\/author\/gabrielpmk-com-br\/"}]}},"_links":{"self":[{"href":"https:\/\/www.adf.org.br\/home\/wp-json\/wp\/v2\/posts\/60308"}],"collection":[{"href":"https:\/\/www.adf.org.br\/home\/wp-json\/wp\/v2\/posts"}],"about":[{"href":"https:\/\/www.adf.org.br\/home\/wp-json\/wp\/v2\/types\/post"}],"author":[{"embeddable":true,"href":"https:\/\/www.adf.org.br\/home\/wp-json\/wp\/v2\/users\/31"}],"replies":[{"embeddable":true,"href":"https:\/\/www.adf.org.br\/home\/wp-json\/wp\/v2\/comments?post=60308"}],"version-history":[{"count":28,"href":"https:\/\/www.adf.org.br\/home\/wp-json\/wp\/v2\/posts\/60308\/revisions"}],"predecessor-version":[{"id":65218,"href":"https:\/\/www.adf.org.br\/home\/wp-json\/wp\/v2\/posts\/60308\/revisions\/65218"}],"wp:featuredmedia":[{"embeddable":true,"href":"https:\/\/www.adf.org.br\/home\/wp-json\/wp\/v2\/media\/60368"}],"wp:attachment":[{"href":"https:\/\/www.adf.org.br\/home\/wp-json\/wp\/v2\/media?parent=60308"}],"wp:term":[{"taxonomy":"category","embeddable":true,"href":"https:\/\/www.adf.org.br\/home\/wp-json\/wp\/v2\/categories?post=60308"},{"taxonomy":"post_tag","embeddable":true,"href":"https:\/\/www.adf.org.br\/home\/wp-json\/wp\/v2\/tags?post=60308"}],"curies":[{"name":"wp","href":"https:\/\/api.w.org\/{rel}","templated":true}]}}