{"id":5956,"date":"2010-08-28T00:00:59","date_gmt":"2010-08-28T03:00:59","guid":{"rendered":"http:\/\/www.adf.org.br\/home\/?p=5956"},"modified":"2020-06-09T11:45:43","modified_gmt":"2020-06-09T14:45:43","slug":"5956-2","status":"publish","type":"post","link":"https:\/\/www.adf.org.br\/home\/5956-2\/","title":{"rendered":"N\u00e3o deixe o Brasil na escurid\u00e3o do pecado"},"content":{"rendered":"<p><br class=\"spacer_\" \/><\/p>\n<p class=\"mceTemp mceIEcenter\">\u00a0<\/p>\n<dl id=\"attachment_5959\" class=\"wp-caption  aligncenter\" style=\"width: 547px;\">\n<dt class=\"wp-caption-dt\"><a href=\"http:\/\/www.adf.org.br\/home\/wp-content\/uploads\/2010\/08\/confusa.jpg\"><img loading=\"lazy\" class=\"size-full wp-image-5959\" title=\"confusa\" src=\"http:\/\/www.adf.org.br\/home\/wp-content\/uploads\/2010\/08\/confusa.jpg\" alt=\"\" width=\"537\" height=\"357\" srcset=\"https:\/\/www.adf.org.br\/home\/wp-content\/uploads\/2010\/08\/confusa.jpg 537w, https:\/\/www.adf.org.br\/home\/wp-content\/uploads\/2010\/08\/confusa-300x199.jpg 300w\" sizes=\"(max-width: 537px) 100vw, 537px\" \/><\/a><\/dt>\n<dd class=\"wp-caption-dd\" style=\"text-align: center;\"><span style=\"color: #0000ff;\"><strong>Imagine a confus\u00e3o de uma crian\u00e7a ao ver seus amiguinhos com uma fam\u00edlia normal e ela com &#8220;dois pais&#8221;? Nossa Senhora, retirai o pecado de nossa sociedade<\/strong><\/span><\/dd>\n<\/dl>\n<p><span style=\"color: #0000ff;\"><span style=\"font-size: x-large;\"><strong>U<\/strong><\/span><\/span>ma decis\u00e3o do Supremo Tribunal Federal (STF)  nos deixa realmente at\u00f4nitos. O STF autorizou a ado\u00e7\u00e3o de crian\u00e7as, de  qualquer sexo e idade, para um casal homossexual \u00a0que mora em Curitiba, no Paran\u00e1.<\/p>\n<p>A crian\u00e7a que este casal adotar viver\u00e1 em um ambiente onde n\u00e3o existir\u00e1 uma figura materna, mas sim dois \u201cpais\u201d.<\/p>\n<p>Imaginemos agora como ser\u00e1\u00a0o ambiente\u00a0onde esta  crian\u00e7a ser\u00e1 educada e formar\u00e1 os valores que a acompanhar\u00e3o durante o  resto de sua vida&#8230;\u00a0Ora, duas pessoas do mesmo sexo unidas em  &#8220;casamento&#8221; n\u00e3o s\u00e3o uma fam\u00edlia \u00e0 luz da lei natural.<\/p>\n<p>E o que acontecer\u00e1 se isso se estender a outros &#8220;casais&#8221; de dois  pais ou duas m\u00e3es? Nossa sociedade se transformar\u00e1 em um caos e a  institui\u00e7\u00e3o sagrada da fam\u00edlia, tal qual conhecemos hoje,\u00a0desaparecer\u00e1.<\/p>\n<p>Como Nossa Senhora deve estar triste com toda essa situa\u00e7\u00e3o! Ela, que preza tanto a fam\u00edlia, sustento da sociedade.<\/p>\n<p><strong>Fam\u00edlia \u00e9 sin\u00f4nimo de homem, mulher, amor e filhos.<\/strong> Como devotos de Nossa Senhora de F\u00e1tima, precisamos deixar clara nossa  oposi\u00e7\u00e3o a distor\u00e7\u00f5es da fam\u00edlia, como a mencionada acima.<\/p>\n<p>Nosso Pa\u00eds n\u00e3o pode sucumbir a tantos pecados.  Precisamos dar o exemplo de f\u00e9 e obedi\u00eancia a Deus e\u00a0rezar pela  repara\u00e7\u00e3o do\u00a0Imaculado Cora\u00e7\u00e3o de Maria.<\/p>\n<p>Acenda agora sua vela no <a href=\"http:\/\/oratoriodamedalhamilagrosa.org.br\/home\/\" target=\"_blank\" rel=\"noopener noreferrer\">Orat\u00f3rio da Medalha Milagrosa<\/a> e pe\u00e7a luz divinal para o Brasil. Vamos rezar para\u00a0que estes pecados contra Deus sejam afastados de nossa sociedade.<\/p>\n<p><br class=\"spacer_\" \/><\/p>\n<p>Fonte: <a href=\"http:\/\/www.estadao.com.br\/estadaodehoje\/20100826\/not_imp600490,0.php\" target=\"_blank\" rel=\"noopener noreferrer\"><span style=\"text-decoration: underline;\">Estad\u00e3o<\/span><\/a><\/p>\n","protected":false},"excerpt":{"rendered":"<p>\u00a0 Imagine a confus\u00e3o de uma crian\u00e7a ao ver seus amiguinhos com uma fam\u00edlia normal e ela com &#8220;dois pais&#8221;? Nossa Senhora, retirai o pecado de nossa sociedade Uma decis\u00e3o do Supremo Tribunal Federal (STF) nos deixa realmente at\u00f4nitos. O STF autorizou a ado\u00e7\u00e3o de crian\u00e7as, de qualquer sexo e idade, para um casal homossexual [&hellip;]<\/p>\n","protected":false},"author":27,"featured_media":0,"comment_status":"open","ping_status":"open","sticky":false,"template":"","format":"standard","meta":[],"categories":[20],"tags":[265,83],"yoast_head":"<!-- This site is optimized with the Yoast SEO plugin v17.4 - https:\/\/yoast.com\/wordpress\/plugins\/seo\/ -->\n<title>N\u00e3o deixe o Brasil na escurid\u00e3o do pecado - Associa\u00e7\u00e3o Devotos de F\u00e1tima<\/title>\n<meta name=\"robots\" content=\"index, follow, max-snippet:-1, max-image-preview:large, max-video-preview:-1\" \/>\n<link rel=\"canonical\" href=\"https:\/\/www.adf.org.br\/home\/5956-2\/\" \/>\n<meta property=\"og:locale\" content=\"pt_BR\" \/>\n<meta property=\"og:type\" content=\"article\" \/>\n<meta property=\"og:title\" content=\"N\u00e3o deixe o Brasil na escurid\u00e3o do pecado - Associa\u00e7\u00e3o Devotos de F\u00e1tima\" \/>\n<meta property=\"og:description\" content=\"\u00a0 Imagine a confus\u00e3o de uma crian\u00e7a ao ver seus amiguinhos com uma fam\u00edlia normal e ela com &#8220;dois pais&#8221;? Nossa Senhora, retirai o pecado de nossa sociedade Uma decis\u00e3o do Supremo Tribunal Federal (STF) nos deixa realmente at\u00f4nitos. O STF autorizou a ado\u00e7\u00e3o de crian\u00e7as, de qualquer sexo e idade, para um casal homossexual [&hellip;]\" \/>\n<meta property=\"og:url\" content=\"https:\/\/www.adf.org.br\/home\/5956-2\/\" \/>\n<meta property=\"og:site_name\" content=\"Associa\u00e7\u00e3o Devotos de F\u00e1tima\" \/>\n<meta property=\"article:published_time\" content=\"2010-08-28T03:00:59+00:00\" \/>\n<meta property=\"article:modified_time\" content=\"2020-06-09T14:45:43+00:00\" \/>\n<meta property=\"og:image\" content=\"http:\/\/www.adf.org.br\/home\/wp-content\/uploads\/2010\/08\/confusa.jpg\" \/>\n<meta name=\"twitter:card\" content=\"summary_large_image\" \/>\n<meta name=\"twitter:label1\" content=\"Escrito por\" \/>\n\t<meta name=\"twitter:data1\" content=\"Gabriel Barbosa\" \/>\n\t<meta name=\"twitter:label2\" content=\"Est. tempo de leitura\" \/>\n\t<meta name=\"twitter:data2\" content=\"1 minuto\" \/>\n<script type=\"application\/ld+json\" class=\"yoast-schema-graph\">{\"@context\":\"https:\/\/schema.org\",\"@graph\":[{\"@type\":\"WebSite\",\"@id\":\"https:\/\/www.adf.org.br\/home\/#website\",\"url\":\"https:\/\/www.adf.org.br\/home\/\",\"name\":\"Associa\\u00e7\\u00e3o Devotos de F\\u00e1tima\",\"description\":\"Associa\\u00e7\\u00e3o Devotos de F\\u00e1tima\",\"potentialAction\":[{\"@type\":\"SearchAction\",\"target\":{\"@type\":\"EntryPoint\",\"urlTemplate\":\"https:\/\/www.adf.org.br\/home\/?s={search_term_string}\"},\"query-input\":\"required name=search_term_string\"}],\"inLanguage\":\"pt-BR\"},{\"@type\":\"ImageObject\",\"@id\":\"https:\/\/www.adf.org.br\/home\/5956-2\/#primaryimage\",\"inLanguage\":\"pt-BR\",\"url\":\"http:\/\/www.adf.org.br\/home\/wp-content\/uploads\/2010\/08\/confusa.jpg\",\"contentUrl\":\"http:\/\/www.adf.org.br\/home\/wp-content\/uploads\/2010\/08\/confusa.jpg\"},{\"@type\":\"WebPage\",\"@id\":\"https:\/\/www.adf.org.br\/home\/5956-2\/#webpage\",\"url\":\"https:\/\/www.adf.org.br\/home\/5956-2\/\",\"name\":\"N\\u00e3o deixe o Brasil na escurid\\u00e3o do pecado - Associa\\u00e7\\u00e3o Devotos de F\\u00e1tima\",\"isPartOf\":{\"@id\":\"https:\/\/www.adf.org.br\/home\/#website\"},\"primaryImageOfPage\":{\"@id\":\"https:\/\/www.adf.org.br\/home\/5956-2\/#primaryimage\"},\"datePublished\":\"2010-08-28T03:00:59+00:00\",\"dateModified\":\"2020-06-09T14:45:43+00:00\",\"author\":{\"@id\":\"https:\/\/www.adf.org.br\/home\/#\/schema\/person\/affa494ecf91434f3620f5392de44327\"},\"breadcrumb\":{\"@id\":\"https:\/\/www.adf.org.br\/home\/5956-2\/#breadcrumb\"},\"inLanguage\":\"pt-BR\",\"potentialAction\":[{\"@type\":\"ReadAction\",\"target\":[\"https:\/\/www.adf.org.br\/home\/5956-2\/\"]}]},{\"@type\":\"BreadcrumbList\",\"@id\":\"https:\/\/www.adf.org.br\/home\/5956-2\/#breadcrumb\",\"itemListElement\":[{\"@type\":\"ListItem\",\"position\":1,\"name\":\"Home\",\"item\":\"https:\/\/www.adf.org.br\/home\/\"},{\"@type\":\"ListItem\",\"position\":2,\"name\":\"N\\u00e3o deixe o Brasil na escurid\\u00e3o do pecado\"}]},{\"@type\":\"Person\",\"@id\":\"https:\/\/www.adf.org.br\/home\/#\/schema\/person\/affa494ecf91434f3620f5392de44327\",\"name\":\"Gabriel Barbosa\",\"image\":{\"@type\":\"ImageObject\",\"@id\":\"https:\/\/www.adf.org.br\/home\/#personlogo\",\"inLanguage\":\"pt-BR\",\"url\":\"https:\/\/secure.gravatar.com\/avatar\/ecf2eab02e30486a7038f8b2858de06a?s=96&d=mm&r=g\",\"contentUrl\":\"https:\/\/secure.gravatar.com\/avatar\/ecf2eab02e30486a7038f8b2858de06a?s=96&d=mm&r=g\",\"caption\":\"Gabriel Barbosa\"},\"url\":\"https:\/\/www.adf.org.br\/home\/author\/gabriel-aascj\/\"}]}<\/script>\n<!-- \/ Yoast SEO plugin. -->","yoast_head_json":{"title":"N\u00e3o deixe o Brasil na escurid\u00e3o do pecado - Associa\u00e7\u00e3o Devotos de F\u00e1tima","robots":{"index":"index","follow":"follow","max-snippet":"max-snippet:-1","max-image-preview":"max-image-preview:large","max-video-preview":"max-video-preview:-1"},"canonical":"https:\/\/www.adf.org.br\/home\/5956-2\/","og_locale":"pt_BR","og_type":"article","og_title":"N\u00e3o deixe o Brasil na escurid\u00e3o do pecado - Associa\u00e7\u00e3o Devotos de F\u00e1tima","og_description":"\u00a0 Imagine a confus\u00e3o de uma crian\u00e7a ao ver seus amiguinhos com uma fam\u00edlia normal e ela com &#8220;dois pais&#8221;? Nossa Senhora, retirai o pecado de nossa sociedade Uma decis\u00e3o do Supremo Tribunal Federal (STF) nos deixa realmente at\u00f4nitos. O STF autorizou a ado\u00e7\u00e3o de crian\u00e7as, de qualquer sexo e idade, para um casal homossexual [&hellip;]","og_url":"https:\/\/www.adf.org.br\/home\/5956-2\/","og_site_name":"Associa\u00e7\u00e3o Devotos de F\u00e1tima","article_published_time":"2010-08-28T03:00:59+00:00","article_modified_time":"2020-06-09T14:45:43+00:00","og_image":[{"url":"http:\/\/www.adf.org.br\/home\/wp-content\/uploads\/2010\/08\/confusa.jpg"}],"twitter_card":"summary_large_image","twitter_misc":{"Escrito por":"Gabriel Barbosa","Est. tempo de leitura":"1 minuto"},"schema":{"@context":"https:\/\/schema.org","@graph":[{"@type":"WebSite","@id":"https:\/\/www.adf.org.br\/home\/#website","url":"https:\/\/www.adf.org.br\/home\/","name":"Associa\u00e7\u00e3o Devotos de F\u00e1tima","description":"Associa\u00e7\u00e3o Devotos de F\u00e1tima","potentialAction":[{"@type":"SearchAction","target":{"@type":"EntryPoint","urlTemplate":"https:\/\/www.adf.org.br\/home\/?s={search_term_string}"},"query-input":"required name=search_term_string"}],"inLanguage":"pt-BR"},{"@type":"ImageObject","@id":"https:\/\/www.adf.org.br\/home\/5956-2\/#primaryimage","inLanguage":"pt-BR","url":"http:\/\/www.adf.org.br\/home\/wp-content\/uploads\/2010\/08\/confusa.jpg","contentUrl":"http:\/\/www.adf.org.br\/home\/wp-content\/uploads\/2010\/08\/confusa.jpg"},{"@type":"WebPage","@id":"https:\/\/www.adf.org.br\/home\/5956-2\/#webpage","url":"https:\/\/www.adf.org.br\/home\/5956-2\/","name":"N\u00e3o deixe o Brasil na escurid\u00e3o do pecado - Associa\u00e7\u00e3o Devotos de F\u00e1tima","isPartOf":{"@id":"https:\/\/www.adf.org.br\/home\/#website"},"primaryImageOfPage":{"@id":"https:\/\/www.adf.org.br\/home\/5956-2\/#primaryimage"},"datePublished":"2010-08-28T03:00:59+00:00","dateModified":"2020-06-09T14:45:43+00:00","author":{"@id":"https:\/\/www.adf.org.br\/home\/#\/schema\/person\/affa494ecf91434f3620f5392de44327"},"breadcrumb":{"@id":"https:\/\/www.adf.org.br\/home\/5956-2\/#breadcrumb"},"inLanguage":"pt-BR","potentialAction":[{"@type":"ReadAction","target":["https:\/\/www.adf.org.br\/home\/5956-2\/"]}]},{"@type":"BreadcrumbList","@id":"https:\/\/www.adf.org.br\/home\/5956-2\/#breadcrumb","itemListElement":[{"@type":"ListItem","position":1,"name":"Home","item":"https:\/\/www.adf.org.br\/home\/"},{"@type":"ListItem","position":2,"name":"N\u00e3o deixe o Brasil na escurid\u00e3o do pecado"}]},{"@type":"Person","@id":"https:\/\/www.adf.org.br\/home\/#\/schema\/person\/affa494ecf91434f3620f5392de44327","name":"Gabriel Barbosa","image":{"@type":"ImageObject","@id":"https:\/\/www.adf.org.br\/home\/#personlogo","inLanguage":"pt-BR","url":"https:\/\/secure.gravatar.com\/avatar\/ecf2eab02e30486a7038f8b2858de06a?s=96&d=mm&r=g","contentUrl":"https:\/\/secure.gravatar.com\/avatar\/ecf2eab02e30486a7038f8b2858de06a?s=96&d=mm&r=g","caption":"Gabriel Barbosa"},"url":"https:\/\/www.adf.org.br\/home\/author\/gabriel-aascj\/"}]}},"_links":{"self":[{"href":"https:\/\/www.adf.org.br\/home\/wp-json\/wp\/v2\/posts\/5956"}],"collection":[{"href":"https:\/\/www.adf.org.br\/home\/wp-json\/wp\/v2\/posts"}],"about":[{"href":"https:\/\/www.adf.org.br\/home\/wp-json\/wp\/v2\/types\/post"}],"author":[{"embeddable":true,"href":"https:\/\/www.adf.org.br\/home\/wp-json\/wp\/v2\/users\/27"}],"replies":[{"embeddable":true,"href":"https:\/\/www.adf.org.br\/home\/wp-json\/wp\/v2\/comments?post=5956"}],"version-history":[{"count":1,"href":"https:\/\/www.adf.org.br\/home\/wp-json\/wp\/v2\/posts\/5956\/revisions"}],"predecessor-version":[{"id":59468,"href":"https:\/\/www.adf.org.br\/home\/wp-json\/wp\/v2\/posts\/5956\/revisions\/59468"}],"wp:attachment":[{"href":"https:\/\/www.adf.org.br\/home\/wp-json\/wp\/v2\/media?parent=5956"}],"wp:term":[{"taxonomy":"category","embeddable":true,"href":"https:\/\/www.adf.org.br\/home\/wp-json\/wp\/v2\/categories?post=5956"},{"taxonomy":"post_tag","embeddable":true,"href":"https:\/\/www.adf.org.br\/home\/wp-json\/wp\/v2\/tags?post=5956"}],"curies":[{"name":"wp","href":"https:\/\/api.w.org\/{rel}","templated":true}]}}