{"id":5947,"date":"2010-08-26T11:11:53","date_gmt":"2010-08-26T14:11:53","guid":{"rendered":"http:\/\/www.adf.org.br\/home\/?p=5947"},"modified":"2020-06-09T11:45:44","modified_gmt":"2020-06-09T14:45:44","slug":"rosario-e-solucao-nos-violentos-dias-atuais","status":"publish","type":"post","link":"https:\/\/www.adf.org.br\/home\/rosario-e-solucao-nos-violentos-dias-atuais\/","title":{"rendered":"Ros\u00e1rio \u00e9 solu\u00e7\u00e3o nos violentos dias atuais"},"content":{"rendered":"<p><br class=\"spacer_\" \/><\/p>\n<p class=\"mceTemp\">\u00a0<\/p>\n<dl id=\"attachment_5948\" class=\"wp-caption alignleft\" style=\"width: 264px;\">\n<dt class=\"wp-caption-dt\"><a href=\"http:\/\/www.adf.org.br\/unidos-pelo-rosario\" target=\"_blank\" rel=\"noopener noreferrer\"><img loading=\"lazy\" class=\"size-medium wp-image-5948\" title=\"vela_do_rosarioo\" src=\"http:\/\/www.adf.org.br\/home\/wp-content\/uploads\/2010\/08\/vela_do_rosarioo-254x300.jpg\" alt=\"\" width=\"254\" height=\"300\" \/><\/a><\/dt>\n<dd class=\"wp-caption-dd\" style=\"text-align: center;\"><span style=\"color: #0000ff;\"><strong>Tem uma Vela do Ros\u00e1rio reservada a voc\u00ea. Clique na imagem e saiba como acend\u00ea-la.<\/strong><\/span><\/dd>\n<\/dl>\n<p><span style=\"color: #0000ff;\"><span style=\"font-size: x-large;\"><strong>Q<\/strong><\/span><\/span>ual foi a \u00faltima vez em que voc\u00ea assistiu a um telejornal em que boa parte das not\u00edcias \u2013 sen\u00e3o a grande maioria \u2013 n\u00e3o relatasse trag\u00e9dias? Casamentos dissolvidos, crimes passionais, viol\u00eancia dom\u00e9stica, assaltos, chacinas&#8230; Esses s\u00e3o temas cada vez mais presentes nos notici\u00e1rios. E evidenciam a escalada da viol\u00eancia mundo afora.<\/p>\n<p>Nossa Senhora certamente sabia que estar\u00edamos caminhando para essa realidade. N\u00e3o \u00e0 toa, logo na primeira apari\u00e7\u00e3o aos Pastorinhos de F\u00e1tima, 93 anos atr\u00e1s, Ela j\u00e1 advertia: \u201cRezem o Ter\u00e7o todos os dias, para alcan\u00e7arem a paz no mundo\u201d.<\/p>\n<p>Agora, pense: seria muito bom se un\u00edssemos nossa f\u00e9 para cumprir esse pedido de Nossa Sant\u00edssima M\u00e3e. Por isso, gostar\u00edamos de convid\u00e1-lo a <a href=\"http:\/\/www.adf.org.br\/unidos-pelo-rosario\" target=\"_blank\" rel=\"noopener noreferrer\">acender a sua Vela do Ros\u00e1rio no Orat\u00f3rio da Medalha Milagrosa<\/a>.<\/p>\n<p><strong>Sua Vela ficar\u00e1 acesa at\u00e9 13 de outubro, data em que rezaremos um Ros\u00e1rio na sede da Associa\u00e7\u00e3o e faremos celebrar a Santa Missa do Ros\u00e1rio.<\/strong> Seu nome e suas inten\u00e7\u00f5es ser\u00e3o inclu\u00eddos em ambas as celebra\u00e7\u00f5es.<\/p>\n<p>Voc\u00ea tamb\u00e9m poder\u00e1 ter acesso a um livro virtual sobre o Ros\u00e1rio. Editado em Portugal, essa obra retrata detalhes preciosos sobre a devo\u00e7\u00e3o ao Ros\u00e1rio. Algo que certamente far\u00e1 a sua f\u00e9 em Nossa Senhora crescer.<\/p>\n<p>Al\u00e9m de tudo isso, voc\u00ea tem a chance de receber um Ter\u00e7o do Pastorinhos, que lhe acompanhar\u00e1 quando voc\u00ea rezar o Ros\u00e1rio.<\/p>\n<p><a href=\"http:\/\/www.adf.org.br\/unidos-pelo-rosario\" target=\"_blank\" rel=\"noopener noreferrer\">Saiba como receber o Ter\u00e7o dos Pastorinhos e ter acesso ao livro sobre o Ros\u00e1rio<\/a><a href=\"..\/..\/unidos-pelo-rosario\">.<\/a><\/p>\n<p>Esse \u00e9 o instante de nos unirmos e cumprir o que Nossa Senhora pediu. O Ros\u00e1rio \u00e9 a solu\u00e7\u00e3o para os violentos dias atuais!<\/p>\n<p><br class=\"spacer_\" \/><\/p>\n","protected":false},"excerpt":{"rendered":"<p>\u00a0 Tem uma Vela do Ros\u00e1rio reservada a voc\u00ea. Clique na imagem e saiba como acend\u00ea-la. Qual foi a \u00faltima vez em que voc\u00ea assistiu a um telejornal em que boa parte das not\u00edcias \u2013 sen\u00e3o a grande maioria \u2013 n\u00e3o relatasse trag\u00e9dias? Casamentos dissolvidos, crimes passionais, viol\u00eancia dom\u00e9stica, assaltos, chacinas&#8230; Esses s\u00e3o temas cada [&hellip;]<\/p>\n","protected":false},"author":27,"featured_media":0,"comment_status":"open","ping_status":"open","sticky":false,"template":"","format":"standard","meta":[],"categories":[20],"tags":[523],"yoast_head":"<!-- This site is optimized with the Yoast SEO plugin v17.4 - https:\/\/yoast.com\/wordpress\/plugins\/seo\/ -->\n<title>Ros\u00e1rio \u00e9 solu\u00e7\u00e3o nos violentos dias atuais - Associa\u00e7\u00e3o Devotos de F\u00e1tima<\/title>\n<meta name=\"robots\" content=\"index, follow, max-snippet:-1, max-image-preview:large, max-video-preview:-1\" \/>\n<link rel=\"canonical\" href=\"https:\/\/www.adf.org.br\/home\/rosario-e-solucao-nos-violentos-dias-atuais\/\" \/>\n<meta property=\"og:locale\" content=\"pt_BR\" \/>\n<meta property=\"og:type\" content=\"article\" \/>\n<meta property=\"og:title\" content=\"Ros\u00e1rio \u00e9 solu\u00e7\u00e3o nos violentos dias atuais - Associa\u00e7\u00e3o Devotos de F\u00e1tima\" \/>\n<meta property=\"og:description\" content=\"\u00a0 Tem uma Vela do Ros\u00e1rio reservada a voc\u00ea. Clique na imagem e saiba como acend\u00ea-la. Qual foi a \u00faltima vez em que voc\u00ea assistiu a um telejornal em que boa parte das not\u00edcias \u2013 sen\u00e3o a grande maioria \u2013 n\u00e3o relatasse trag\u00e9dias? Casamentos dissolvidos, crimes passionais, viol\u00eancia dom\u00e9stica, assaltos, chacinas&#8230; Esses s\u00e3o temas cada [&hellip;]\" \/>\n<meta property=\"og:url\" content=\"https:\/\/www.adf.org.br\/home\/rosario-e-solucao-nos-violentos-dias-atuais\/\" \/>\n<meta property=\"og:site_name\" content=\"Associa\u00e7\u00e3o Devotos de F\u00e1tima\" \/>\n<meta property=\"article:published_time\" content=\"2010-08-26T14:11:53+00:00\" \/>\n<meta property=\"article:modified_time\" content=\"2020-06-09T14:45:44+00:00\" \/>\n<meta property=\"og:image\" content=\"http:\/\/www.adf.org.br\/home\/wp-content\/uploads\/2010\/08\/vela_do_rosarioo-254x300.jpg\" \/>\n<meta name=\"twitter:card\" content=\"summary_large_image\" \/>\n<meta name=\"twitter:label1\" content=\"Escrito por\" \/>\n\t<meta name=\"twitter:data1\" content=\"Gabriel Barbosa\" \/>\n\t<meta name=\"twitter:label2\" content=\"Est. tempo de leitura\" \/>\n\t<meta name=\"twitter:data2\" content=\"2 minutos\" \/>\n<script type=\"application\/ld+json\" class=\"yoast-schema-graph\">{\"@context\":\"https:\/\/schema.org\",\"@graph\":[{\"@type\":\"WebSite\",\"@id\":\"https:\/\/www.adf.org.br\/home\/#website\",\"url\":\"https:\/\/www.adf.org.br\/home\/\",\"name\":\"Associa\\u00e7\\u00e3o Devotos de F\\u00e1tima\",\"description\":\"Associa\\u00e7\\u00e3o Devotos de F\\u00e1tima\",\"potentialAction\":[{\"@type\":\"SearchAction\",\"target\":{\"@type\":\"EntryPoint\",\"urlTemplate\":\"https:\/\/www.adf.org.br\/home\/?s={search_term_string}\"},\"query-input\":\"required name=search_term_string\"}],\"inLanguage\":\"pt-BR\"},{\"@type\":\"ImageObject\",\"@id\":\"https:\/\/www.adf.org.br\/home\/rosario-e-solucao-nos-violentos-dias-atuais\/#primaryimage\",\"inLanguage\":\"pt-BR\",\"url\":\"http:\/\/www.adf.org.br\/home\/wp-content\/uploads\/2010\/08\/vela_do_rosarioo-254x300.jpg\",\"contentUrl\":\"http:\/\/www.adf.org.br\/home\/wp-content\/uploads\/2010\/08\/vela_do_rosarioo-254x300.jpg\"},{\"@type\":\"WebPage\",\"@id\":\"https:\/\/www.adf.org.br\/home\/rosario-e-solucao-nos-violentos-dias-atuais\/#webpage\",\"url\":\"https:\/\/www.adf.org.br\/home\/rosario-e-solucao-nos-violentos-dias-atuais\/\",\"name\":\"Ros\\u00e1rio \\u00e9 solu\\u00e7\\u00e3o nos violentos dias atuais - Associa\\u00e7\\u00e3o Devotos de F\\u00e1tima\",\"isPartOf\":{\"@id\":\"https:\/\/www.adf.org.br\/home\/#website\"},\"primaryImageOfPage\":{\"@id\":\"https:\/\/www.adf.org.br\/home\/rosario-e-solucao-nos-violentos-dias-atuais\/#primaryimage\"},\"datePublished\":\"2010-08-26T14:11:53+00:00\",\"dateModified\":\"2020-06-09T14:45:44+00:00\",\"author\":{\"@id\":\"https:\/\/www.adf.org.br\/home\/#\/schema\/person\/affa494ecf91434f3620f5392de44327\"},\"breadcrumb\":{\"@id\":\"https:\/\/www.adf.org.br\/home\/rosario-e-solucao-nos-violentos-dias-atuais\/#breadcrumb\"},\"inLanguage\":\"pt-BR\",\"potentialAction\":[{\"@type\":\"ReadAction\",\"target\":[\"https:\/\/www.adf.org.br\/home\/rosario-e-solucao-nos-violentos-dias-atuais\/\"]}]},{\"@type\":\"BreadcrumbList\",\"@id\":\"https:\/\/www.adf.org.br\/home\/rosario-e-solucao-nos-violentos-dias-atuais\/#breadcrumb\",\"itemListElement\":[{\"@type\":\"ListItem\",\"position\":1,\"name\":\"Home\",\"item\":\"https:\/\/www.adf.org.br\/home\/\"},{\"@type\":\"ListItem\",\"position\":2,\"name\":\"Ros\\u00e1rio \\u00e9 solu\\u00e7\\u00e3o nos violentos dias atuais\"}]},{\"@type\":\"Person\",\"@id\":\"https:\/\/www.adf.org.br\/home\/#\/schema\/person\/affa494ecf91434f3620f5392de44327\",\"name\":\"Gabriel Barbosa\",\"image\":{\"@type\":\"ImageObject\",\"@id\":\"https:\/\/www.adf.org.br\/home\/#personlogo\",\"inLanguage\":\"pt-BR\",\"url\":\"https:\/\/secure.gravatar.com\/avatar\/ecf2eab02e30486a7038f8b2858de06a?s=96&d=mm&r=g\",\"contentUrl\":\"https:\/\/secure.gravatar.com\/avatar\/ecf2eab02e30486a7038f8b2858de06a?s=96&d=mm&r=g\",\"caption\":\"Gabriel Barbosa\"},\"url\":\"https:\/\/www.adf.org.br\/home\/author\/gabriel-aascj\/\"}]}<\/script>\n<!-- \/ Yoast SEO plugin. -->","yoast_head_json":{"title":"Ros\u00e1rio \u00e9 solu\u00e7\u00e3o nos violentos dias atuais - Associa\u00e7\u00e3o Devotos de F\u00e1tima","robots":{"index":"index","follow":"follow","max-snippet":"max-snippet:-1","max-image-preview":"max-image-preview:large","max-video-preview":"max-video-preview:-1"},"canonical":"https:\/\/www.adf.org.br\/home\/rosario-e-solucao-nos-violentos-dias-atuais\/","og_locale":"pt_BR","og_type":"article","og_title":"Ros\u00e1rio \u00e9 solu\u00e7\u00e3o nos violentos dias atuais - Associa\u00e7\u00e3o Devotos de F\u00e1tima","og_description":"\u00a0 Tem uma Vela do Ros\u00e1rio reservada a voc\u00ea. Clique na imagem e saiba como acend\u00ea-la. Qual foi a \u00faltima vez em que voc\u00ea assistiu a um telejornal em que boa parte das not\u00edcias \u2013 sen\u00e3o a grande maioria \u2013 n\u00e3o relatasse trag\u00e9dias? Casamentos dissolvidos, crimes passionais, viol\u00eancia dom\u00e9stica, assaltos, chacinas&#8230; Esses s\u00e3o temas cada [&hellip;]","og_url":"https:\/\/www.adf.org.br\/home\/rosario-e-solucao-nos-violentos-dias-atuais\/","og_site_name":"Associa\u00e7\u00e3o Devotos de F\u00e1tima","article_published_time":"2010-08-26T14:11:53+00:00","article_modified_time":"2020-06-09T14:45:44+00:00","og_image":[{"url":"http:\/\/www.adf.org.br\/home\/wp-content\/uploads\/2010\/08\/vela_do_rosarioo-254x300.jpg"}],"twitter_card":"summary_large_image","twitter_misc":{"Escrito por":"Gabriel Barbosa","Est. tempo de leitura":"2 minutos"},"schema":{"@context":"https:\/\/schema.org","@graph":[{"@type":"WebSite","@id":"https:\/\/www.adf.org.br\/home\/#website","url":"https:\/\/www.adf.org.br\/home\/","name":"Associa\u00e7\u00e3o Devotos de F\u00e1tima","description":"Associa\u00e7\u00e3o Devotos de F\u00e1tima","potentialAction":[{"@type":"SearchAction","target":{"@type":"EntryPoint","urlTemplate":"https:\/\/www.adf.org.br\/home\/?s={search_term_string}"},"query-input":"required name=search_term_string"}],"inLanguage":"pt-BR"},{"@type":"ImageObject","@id":"https:\/\/www.adf.org.br\/home\/rosario-e-solucao-nos-violentos-dias-atuais\/#primaryimage","inLanguage":"pt-BR","url":"http:\/\/www.adf.org.br\/home\/wp-content\/uploads\/2010\/08\/vela_do_rosarioo-254x300.jpg","contentUrl":"http:\/\/www.adf.org.br\/home\/wp-content\/uploads\/2010\/08\/vela_do_rosarioo-254x300.jpg"},{"@type":"WebPage","@id":"https:\/\/www.adf.org.br\/home\/rosario-e-solucao-nos-violentos-dias-atuais\/#webpage","url":"https:\/\/www.adf.org.br\/home\/rosario-e-solucao-nos-violentos-dias-atuais\/","name":"Ros\u00e1rio \u00e9 solu\u00e7\u00e3o nos violentos dias atuais - Associa\u00e7\u00e3o Devotos de F\u00e1tima","isPartOf":{"@id":"https:\/\/www.adf.org.br\/home\/#website"},"primaryImageOfPage":{"@id":"https:\/\/www.adf.org.br\/home\/rosario-e-solucao-nos-violentos-dias-atuais\/#primaryimage"},"datePublished":"2010-08-26T14:11:53+00:00","dateModified":"2020-06-09T14:45:44+00:00","author":{"@id":"https:\/\/www.adf.org.br\/home\/#\/schema\/person\/affa494ecf91434f3620f5392de44327"},"breadcrumb":{"@id":"https:\/\/www.adf.org.br\/home\/rosario-e-solucao-nos-violentos-dias-atuais\/#breadcrumb"},"inLanguage":"pt-BR","potentialAction":[{"@type":"ReadAction","target":["https:\/\/www.adf.org.br\/home\/rosario-e-solucao-nos-violentos-dias-atuais\/"]}]},{"@type":"BreadcrumbList","@id":"https:\/\/www.adf.org.br\/home\/rosario-e-solucao-nos-violentos-dias-atuais\/#breadcrumb","itemListElement":[{"@type":"ListItem","position":1,"name":"Home","item":"https:\/\/www.adf.org.br\/home\/"},{"@type":"ListItem","position":2,"name":"Ros\u00e1rio \u00e9 solu\u00e7\u00e3o nos violentos dias atuais"}]},{"@type":"Person","@id":"https:\/\/www.adf.org.br\/home\/#\/schema\/person\/affa494ecf91434f3620f5392de44327","name":"Gabriel Barbosa","image":{"@type":"ImageObject","@id":"https:\/\/www.adf.org.br\/home\/#personlogo","inLanguage":"pt-BR","url":"https:\/\/secure.gravatar.com\/avatar\/ecf2eab02e30486a7038f8b2858de06a?s=96&d=mm&r=g","contentUrl":"https:\/\/secure.gravatar.com\/avatar\/ecf2eab02e30486a7038f8b2858de06a?s=96&d=mm&r=g","caption":"Gabriel Barbosa"},"url":"https:\/\/www.adf.org.br\/home\/author\/gabriel-aascj\/"}]}},"_links":{"self":[{"href":"https:\/\/www.adf.org.br\/home\/wp-json\/wp\/v2\/posts\/5947"}],"collection":[{"href":"https:\/\/www.adf.org.br\/home\/wp-json\/wp\/v2\/posts"}],"about":[{"href":"https:\/\/www.adf.org.br\/home\/wp-json\/wp\/v2\/types\/post"}],"author":[{"embeddable":true,"href":"https:\/\/www.adf.org.br\/home\/wp-json\/wp\/v2\/users\/27"}],"replies":[{"embeddable":true,"href":"https:\/\/www.adf.org.br\/home\/wp-json\/wp\/v2\/comments?post=5947"}],"version-history":[{"count":1,"href":"https:\/\/www.adf.org.br\/home\/wp-json\/wp\/v2\/posts\/5947\/revisions"}],"predecessor-version":[{"id":59470,"href":"https:\/\/www.adf.org.br\/home\/wp-json\/wp\/v2\/posts\/5947\/revisions\/59470"}],"wp:attachment":[{"href":"https:\/\/www.adf.org.br\/home\/wp-json\/wp\/v2\/media?parent=5947"}],"wp:term":[{"taxonomy":"category","embeddable":true,"href":"https:\/\/www.adf.org.br\/home\/wp-json\/wp\/v2\/categories?post=5947"},{"taxonomy":"post_tag","embeddable":true,"href":"https:\/\/www.adf.org.br\/home\/wp-json\/wp\/v2\/tags?post=5947"}],"curies":[{"name":"wp","href":"https:\/\/api.w.org\/{rel}","templated":true}]}}