{"id":59415,"date":"2019-07-28T00:30:55","date_gmt":"2019-07-28T03:30:55","guid":{"rendered":"http:\/\/www.adf.org.br\/home\/?p=45038"},"modified":"2020-12-17T09:33:42","modified_gmt":"2020-12-17T12:33:42","slug":"oracao-de-lourdes","status":"publish","type":"post","link":"https:\/\/www.adf.org.br\/home\/oracao-de-lourdes\/","title":{"rendered":"DOWNLOAD GRATUITO! Ora\u00e7\u00e3o de Nossa Senhora de Lourdes, a Protetora dos Enfermos"},"content":{"rendered":"\t\t<div data-elementor-type=\"wp-post\" data-elementor-id=\"59415\" class=\"elementor elementor-59415\" data-elementor-settings=\"[]\">\n\t\t\t\t\t\t<div class=\"elementor-inner\">\n\t\t\t\t\t\t\t<div class=\"elementor-section-wrap\">\n\t\t\t\t\t\t\t<section class=\"elementor-section elementor-top-section elementor-element elementor-element-6a9e27f7 elementor-section-boxed elementor-section-height-default elementor-section-height-default\" data-id=\"6a9e27f7\" data-element_type=\"section\">\n\t\t\t\t\t\t<div class=\"elementor-container elementor-column-gap-default\">\n\t\t\t\t\t\t\t<div class=\"elementor-row\">\n\t\t\t\t\t<div class=\"elementor-column elementor-col-100 elementor-top-column elementor-element elementor-element-1706dff4\" data-id=\"1706dff4\" data-element_type=\"column\">\n\t\t\t<div class=\"elementor-column-wrap elementor-element-populated\">\n\t\t\t\t\t\t\t<div class=\"elementor-widget-wrap\">\n\t\t\t\t\t\t<div class=\"elementor-element elementor-element-4ca27ffd elementor-widget elementor-widget-text-editor\" data-id=\"4ca27ffd\" data-element_type=\"widget\" data-widget_type=\"text-editor.default\">\n\t\t\t\t<div class=\"elementor-widget-container\">\n\t\t\t\t\t<div class=\"elementor-text-editor elementor-clearfix\"><figure id=\"attachment_45039\" aria-describedby=\"caption-attachment-45039\" style=\"width: 396px\" class=\"wp-caption aligncenter\"><a href=\"#\" onclick=\"return false;\" data-id=\"modalgeral\" data-url=\"https:\/\/adf.org.br\/transferencia-de-conteudo\/formulario\/cadastro.php\/?COD=764&amp;origem=11338\" data-toggle=\"modal\" data-target=\"#modal\" target=\"_blank\" rel=\"noopener noreferrer\"><img loading=\"lazy\" class=\"wp-image-45039\" src=\"https:\/\/www.adf.org.br\/home\/wp-content\/uploads\/2017\/08\/Transfer\u00eancia-de-Conte\u00fado-Nossa-Senhora-de-Lourdes-ADF.jpg\" alt=\"Transfer\u00eancia de Conte\u00fado - Nossa Senhora de Lourdes ADF\" width=\"396\" height=\"560\" \/><\/a><figcaption id=\"caption-attachment-45039\" class=\"wp-caption-text\">Clique na imagem!<\/figcaption><\/figure>\n<h5 class=\"subtitle\" style=\"text-align: center;\"><span style=\"font-family: verdana, geneva, sans-serif; font-size: 12pt; color: #000000;\"><span style=\"color: #ffffff;\">.<\/span><\/span>\n<span style=\"font-size: 14pt;\"><strong><span style=\"font-family: verdana, geneva, sans-serif; color: #800080;\">Pe\u00e7a aquela gra\u00e7a que tanto necessita \u00e0 Protetora dos Enfermos!<\/span><\/strong><\/span><\/h5>\n<p class=\"subtitle\" style=\"text-align: center;\"><span style=\"font-family: verdana, geneva, sans-serif; font-size: 12pt; color: #000000;\">\n<span style=\"font-size: 14pt;\"><span style=\"font-size: 24pt;\">V<\/span>oc\u00ea que precisa de uma<strong> <a href=\"#\" onclick=\"return false;\" data-id=\"modalgeral\" data-url=\"https:\/\/adf.org.br\/transferencia-de-conteudo\/formulario\/cadastro.php\/?COD=764&amp;origem=11338\" data-toggle=\"modal\" data-target=\"#modal\" target=\"_blank\" rel=\"noopener noreferrer\"><span style=\"color: #0000ff;\">Gra\u00e7a Especial<\/span><\/a><\/strong>? N\u00e3o deixe para depois!<\/span><\/span><\/p>\n<p class=\"subtitle\" style=\"text-align: center;\"><span style=\"color: #ffffff;\">.<\/span><\/p>\n<p class=\"subtitle\" style=\"text-align: center;\"><strong><span style=\"font-family: verdana, geneva, sans-serif; font-size: 12pt; color: #000000;\"><span style=\"font-size: 14pt;\">Este pode ser o momento que Nossa Senhora poder\u00e1 interceder\u00a0por voc\u00ea!<\/span><\/span><\/strong><\/p>\n<p class=\"subtitle\" style=\"text-align: center;\"><span style=\"color: #ffffff;\">.<\/span><\/p>\n<p class=\"subtitle\" style=\"text-align: center;\"><span style=\"color: #800080;\"><strong><span style=\"font-family: verdana, geneva, sans-serif; font-size: 12pt;\">\n<span style=\"color: #000000; font-size: 14pt;\">Fa\u00e7a o <\/span><span style=\"color: #0000ff; font-size: 14pt;\"><a style=\"color: #0000ff;\" href=\"#\" onclick=\"return false;\" data-id=\"modalgeral\" data-url=\"https:\/\/adf.org.br\/transferencia-de-conteudo\/formulario\/cadastro.php\/?COD=764&amp;origem=11338\" data-toggle=\"modal\" data-target=\"#modal\" target=\"_blank\" rel=\"noopener noreferrer\">DOWNLOAD<\/a><\/span><span style=\"color: #000000; font-size: 14pt;\">, \u00e9 gratuito!<\/span><\/span><\/strong><\/span><\/p>\n<p class=\"subtitle\" style=\"text-align: center;\"><span style=\"font-family: verdana, geneva, sans-serif; font-size: 12pt; color: #000000;\">\n<span style=\"color: #0000ff;\"><strong><span style=\"font-size: 18pt;\"><a style=\"color: #0000ff;\" href=\"#\" onclick=\"return false;\" data-id=\"modalgeral\" data-url=\"https:\/\/adf.org.br\/transferencia-de-conteudo\/formulario\/cadastro.php\/?COD=764&amp;origem=11338\" data-toggle=\"modal\" data-target=\"#modal\" target=\"_blank\" rel=\"noopener noreferrer\">Clique Aqui!<\/a><\/span><\/strong><\/span><\/span><\/p>\n<p class=\"subtitle\" style=\"text-align: center;\"><span style=\"font-family: verdana, geneva, sans-serif; font-size: 12pt; color: #ffffff;\">.<\/span><\/p>\n\n\n<hr \/>\n<p class=\"subtitle\" style=\"text-align: center;\"><a href=\"http:\/\/feedburner.google.com\/fb\/a\/mailverify?uri=devotosdefatima&amp;loc=pt_B\" target=\"_blank\" rel=\"noopener noreferrer\"><img loading=\"lazy\" class=\"alignnone wp-image-53062 size-full\" src=\"https:\/\/www.adf.org.br\/home\/wp-content\/uploads\/2019\/06\/ADF-Bot\u00e3o-Feedburner-3.png\" alt=\"ADF - Bot\u00e3o Feedburner\" width=\"362\" height=\"192\" data-wp-editing=\"1\" \/><\/a><\/p>\n<p class=\"subtitle\" style=\"text-align: center;\"><span style=\"color: #ffffff;\">.<\/span><\/p><\/div>\n\t\t\t\t<\/div>\n\t\t\t\t<\/div>\n\t\t\t\t\t\t<\/div>\n\t\t\t\t\t<\/div>\n\t\t<\/div>\n\t\t\t\t\t\t\t\t<\/div>\n\t\t\t\t\t<\/div>\n\t\t<\/section>\n\t\t\t\t\t\t<\/div>\n\t\t\t\t\t\t<\/div>\n\t\t\t\t\t<\/div>\n\t\t","protected":false},"excerpt":{"rendered":"<p>Pe\u00e7a aquela gra\u00e7a especial \u00e0 Protetora dos Enfermos!<\/p>\n","protected":false},"author":31,"featured_media":53615,"comment_status":"open","ping_status":"open","sticky":false,"template":"","format":"standard","meta":[],"categories":[20,2387,2460,14,2332],"tags":[2562,38,54,2433,2924],"yoast_head":"<!-- This site is optimized with the Yoast SEO plugin v17.4 - https:\/\/yoast.com\/wordpress\/plugins\/seo\/ -->\n<title>DOWNLOAD GRATUITO! Ora\u00e7\u00e3o de Nossa Senhora de Lourdes.<\/title>\n<meta name=\"description\" content=\"DOWNLOAD GRATUITO! Ora\u00e7\u00e3o de Nossa Senhora de Lourdes. Aproveite e fa\u00e7a aquele pedido mais urgente, por voc\u00ea ou algu\u00e9m pr\u00f3ximo. Veja!\" \/>\n<meta name=\"robots\" content=\"index, follow, max-snippet:-1, max-image-preview:large, max-video-preview:-1\" \/>\n<link rel=\"canonical\" href=\"https:\/\/www.adf.org.br\/home\/oracao-de-lourdes\/\" \/>\n<meta property=\"og:locale\" content=\"pt_BR\" \/>\n<meta property=\"og:type\" content=\"article\" \/>\n<meta property=\"og:title\" content=\"DOWNLOAD GRATUITO! Ora\u00e7\u00e3o de Nossa Senhora de Lourdes.\" \/>\n<meta property=\"og:description\" content=\"DOWNLOAD GRATUITO! Ora\u00e7\u00e3o de Nossa Senhora de Lourdes. Aproveite e fa\u00e7a aquele pedido mais urgente, por voc\u00ea ou algu\u00e9m pr\u00f3ximo. Veja!\" \/>\n<meta property=\"og:url\" content=\"https:\/\/www.adf.org.br\/home\/oracao-de-lourdes\/\" \/>\n<meta property=\"og:site_name\" content=\"Associa\u00e7\u00e3o Devotos de F\u00e1tima\" \/>\n<meta property=\"article:published_time\" content=\"2019-07-28T03:30:55+00:00\" \/>\n<meta property=\"article:modified_time\" content=\"2020-12-17T12:33:42+00:00\" \/>\n<meta name=\"twitter:card\" content=\"summary_large_image\" \/>\n<meta name=\"twitter:label1\" content=\"Escrito por\" \/>\n\t<meta name=\"twitter:data1\" content=\"Gabriel Barbosa\" \/>\n<script type=\"application\/ld+json\" class=\"yoast-schema-graph\">{\"@context\":\"https:\/\/schema.org\",\"@graph\":[{\"@type\":\"WebSite\",\"@id\":\"https:\/\/www.adf.org.br\/home\/#website\",\"url\":\"https:\/\/www.adf.org.br\/home\/\",\"name\":\"Associa\\u00e7\\u00e3o Devotos de F\\u00e1tima\",\"description\":\"Associa\\u00e7\\u00e3o Devotos de F\\u00e1tima\",\"potentialAction\":[{\"@type\":\"SearchAction\",\"target\":{\"@type\":\"EntryPoint\",\"urlTemplate\":\"https:\/\/www.adf.org.br\/home\/?s={search_term_string}\"},\"query-input\":\"required name=search_term_string\"}],\"inLanguage\":\"pt-BR\"},{\"@type\":\"ImageObject\",\"@id\":\"https:\/\/www.adf.org.br\/home\/oracao-de-lourdes\/#primaryimage\",\"inLanguage\":\"pt-BR\",\"url\":\"\",\"contentUrl\":\"\"},{\"@type\":\"WebPage\",\"@id\":\"https:\/\/www.adf.org.br\/home\/oracao-de-lourdes\/#webpage\",\"url\":\"https:\/\/www.adf.org.br\/home\/oracao-de-lourdes\/\",\"name\":\"DOWNLOAD GRATUITO! Ora\\u00e7\\u00e3o de Nossa Senhora de Lourdes.\",\"isPartOf\":{\"@id\":\"https:\/\/www.adf.org.br\/home\/#website\"},\"primaryImageOfPage\":{\"@id\":\"https:\/\/www.adf.org.br\/home\/oracao-de-lourdes\/#primaryimage\"},\"datePublished\":\"2019-07-28T03:30:55+00:00\",\"dateModified\":\"2020-12-17T12:33:42+00:00\",\"author\":{\"@id\":\"https:\/\/www.adf.org.br\/home\/#\/schema\/person\/f35a5c5aa7728a3dedf4ea9aa1fc2753\"},\"description\":\"DOWNLOAD GRATUITO! Ora\\u00e7\\u00e3o de Nossa Senhora de Lourdes. Aproveite e fa\\u00e7a aquele pedido mais urgente, por voc\\u00ea ou algu\\u00e9m pr\\u00f3ximo. Veja!\",\"breadcrumb\":{\"@id\":\"https:\/\/www.adf.org.br\/home\/oracao-de-lourdes\/#breadcrumb\"},\"inLanguage\":\"pt-BR\",\"potentialAction\":[{\"@type\":\"ReadAction\",\"target\":[\"https:\/\/www.adf.org.br\/home\/oracao-de-lourdes\/\"]}]},{\"@type\":\"BreadcrumbList\",\"@id\":\"https:\/\/www.adf.org.br\/home\/oracao-de-lourdes\/#breadcrumb\",\"itemListElement\":[{\"@type\":\"ListItem\",\"position\":1,\"name\":\"Home\",\"item\":\"https:\/\/www.adf.org.br\/home\/\"},{\"@type\":\"ListItem\",\"position\":2,\"name\":\"DOWNLOAD GRATUITO! Ora\\u00e7\\u00e3o de Nossa Senhora de Lourdes, a Protetora dos Enfermos\"}]},{\"@type\":\"Person\",\"@id\":\"https:\/\/www.adf.org.br\/home\/#\/schema\/person\/f35a5c5aa7728a3dedf4ea9aa1fc2753\",\"name\":\"Gabriel Barbosa\",\"image\":{\"@type\":\"ImageObject\",\"@id\":\"https:\/\/www.adf.org.br\/home\/#personlogo\",\"inLanguage\":\"pt-BR\",\"url\":\"https:\/\/secure.gravatar.com\/avatar\/2b2cb2f4637682c5605e8d36818f51ef?s=96&d=mm&r=g\",\"contentUrl\":\"https:\/\/secure.gravatar.com\/avatar\/2b2cb2f4637682c5605e8d36818f51ef?s=96&d=mm&r=g\",\"caption\":\"Gabriel Barbosa\"},\"url\":\"https:\/\/www.adf.org.br\/home\/author\/gabrielpmk-com-br\/\"}]}<\/script>\n<!-- \/ Yoast SEO plugin. -->","yoast_head_json":{"title":"DOWNLOAD GRATUITO! Ora\u00e7\u00e3o de Nossa Senhora de Lourdes.","description":"DOWNLOAD GRATUITO! Ora\u00e7\u00e3o de Nossa Senhora de Lourdes. Aproveite e fa\u00e7a aquele pedido mais urgente, por voc\u00ea ou algu\u00e9m pr\u00f3ximo. Veja!","robots":{"index":"index","follow":"follow","max-snippet":"max-snippet:-1","max-image-preview":"max-image-preview:large","max-video-preview":"max-video-preview:-1"},"canonical":"https:\/\/www.adf.org.br\/home\/oracao-de-lourdes\/","og_locale":"pt_BR","og_type":"article","og_title":"DOWNLOAD GRATUITO! Ora\u00e7\u00e3o de Nossa Senhora de Lourdes.","og_description":"DOWNLOAD GRATUITO! Ora\u00e7\u00e3o de Nossa Senhora de Lourdes. Aproveite e fa\u00e7a aquele pedido mais urgente, por voc\u00ea ou algu\u00e9m pr\u00f3ximo. Veja!","og_url":"https:\/\/www.adf.org.br\/home\/oracao-de-lourdes\/","og_site_name":"Associa\u00e7\u00e3o Devotos de F\u00e1tima","article_published_time":"2019-07-28T03:30:55+00:00","article_modified_time":"2020-12-17T12:33:42+00:00","twitter_card":"summary_large_image","twitter_misc":{"Escrito por":"Gabriel Barbosa"},"schema":{"@context":"https:\/\/schema.org","@graph":[{"@type":"WebSite","@id":"https:\/\/www.adf.org.br\/home\/#website","url":"https:\/\/www.adf.org.br\/home\/","name":"Associa\u00e7\u00e3o Devotos de F\u00e1tima","description":"Associa\u00e7\u00e3o Devotos de F\u00e1tima","potentialAction":[{"@type":"SearchAction","target":{"@type":"EntryPoint","urlTemplate":"https:\/\/www.adf.org.br\/home\/?s={search_term_string}"},"query-input":"required name=search_term_string"}],"inLanguage":"pt-BR"},{"@type":"ImageObject","@id":"https:\/\/www.adf.org.br\/home\/oracao-de-lourdes\/#primaryimage","inLanguage":"pt-BR","url":"","contentUrl":""},{"@type":"WebPage","@id":"https:\/\/www.adf.org.br\/home\/oracao-de-lourdes\/#webpage","url":"https:\/\/www.adf.org.br\/home\/oracao-de-lourdes\/","name":"DOWNLOAD GRATUITO! Ora\u00e7\u00e3o de Nossa Senhora de Lourdes.","isPartOf":{"@id":"https:\/\/www.adf.org.br\/home\/#website"},"primaryImageOfPage":{"@id":"https:\/\/www.adf.org.br\/home\/oracao-de-lourdes\/#primaryimage"},"datePublished":"2019-07-28T03:30:55+00:00","dateModified":"2020-12-17T12:33:42+00:00","author":{"@id":"https:\/\/www.adf.org.br\/home\/#\/schema\/person\/f35a5c5aa7728a3dedf4ea9aa1fc2753"},"description":"DOWNLOAD GRATUITO! Ora\u00e7\u00e3o de Nossa Senhora de Lourdes. Aproveite e fa\u00e7a aquele pedido mais urgente, por voc\u00ea ou algu\u00e9m pr\u00f3ximo. Veja!","breadcrumb":{"@id":"https:\/\/www.adf.org.br\/home\/oracao-de-lourdes\/#breadcrumb"},"inLanguage":"pt-BR","potentialAction":[{"@type":"ReadAction","target":["https:\/\/www.adf.org.br\/home\/oracao-de-lourdes\/"]}]},{"@type":"BreadcrumbList","@id":"https:\/\/www.adf.org.br\/home\/oracao-de-lourdes\/#breadcrumb","itemListElement":[{"@type":"ListItem","position":1,"name":"Home","item":"https:\/\/www.adf.org.br\/home\/"},{"@type":"ListItem","position":2,"name":"DOWNLOAD GRATUITO! Ora\u00e7\u00e3o de Nossa Senhora de Lourdes, a Protetora dos Enfermos"}]},{"@type":"Person","@id":"https:\/\/www.adf.org.br\/home\/#\/schema\/person\/f35a5c5aa7728a3dedf4ea9aa1fc2753","name":"Gabriel Barbosa","image":{"@type":"ImageObject","@id":"https:\/\/www.adf.org.br\/home\/#personlogo","inLanguage":"pt-BR","url":"https:\/\/secure.gravatar.com\/avatar\/2b2cb2f4637682c5605e8d36818f51ef?s=96&d=mm&r=g","contentUrl":"https:\/\/secure.gravatar.com\/avatar\/2b2cb2f4637682c5605e8d36818f51ef?s=96&d=mm&r=g","caption":"Gabriel Barbosa"},"url":"https:\/\/www.adf.org.br\/home\/author\/gabrielpmk-com-br\/"}]}},"_links":{"self":[{"href":"https:\/\/www.adf.org.br\/home\/wp-json\/wp\/v2\/posts\/59415"}],"collection":[{"href":"https:\/\/www.adf.org.br\/home\/wp-json\/wp\/v2\/posts"}],"about":[{"href":"https:\/\/www.adf.org.br\/home\/wp-json\/wp\/v2\/types\/post"}],"author":[{"embeddable":true,"href":"https:\/\/www.adf.org.br\/home\/wp-json\/wp\/v2\/users\/31"}],"replies":[{"embeddable":true,"href":"https:\/\/www.adf.org.br\/home\/wp-json\/wp\/v2\/comments?post=59415"}],"version-history":[{"count":2,"href":"https:\/\/www.adf.org.br\/home\/wp-json\/wp\/v2\/posts\/59415\/revisions"}],"predecessor-version":[{"id":63077,"href":"https:\/\/www.adf.org.br\/home\/wp-json\/wp\/v2\/posts\/59415\/revisions\/63077"}],"wp:featuredmedia":[{"embeddable":true,"href":"https:\/\/www.adf.org.br\/home\/wp-json\/wp\/v2\/media\/53615"}],"wp:attachment":[{"href":"https:\/\/www.adf.org.br\/home\/wp-json\/wp\/v2\/media?parent=59415"}],"wp:term":[{"taxonomy":"category","embeddable":true,"href":"https:\/\/www.adf.org.br\/home\/wp-json\/wp\/v2\/categories?post=59415"},{"taxonomy":"post_tag","embeddable":true,"href":"https:\/\/www.adf.org.br\/home\/wp-json\/wp\/v2\/tags?post=59415"}],"curies":[{"name":"wp","href":"https:\/\/api.w.org\/{rel}","templated":true}]}}