{"id":59414,"date":"2020-06-12T00:00:23","date_gmt":"2020-06-12T03:00:23","guid":{"rendered":"http:\/\/www.adf.org.br\/home\/?p=59414"},"modified":"2020-06-10T15:41:23","modified_gmt":"2020-06-10T18:41:23","slug":"deus-revelou-um-segredo-de-maria-veja-so","status":"publish","type":"post","link":"https:\/\/www.adf.org.br\/home\/deus-revelou-um-segredo-de-maria-veja-so\/","title":{"rendered":"DEUS REVELOU UM SEGREDO DE MARIA! VEJA S\u00d3"},"content":{"rendered":"<p style=\"text-align: center;\">.<iframe loading=\"lazy\" src=\"https:\/\/www.youtube.com\/embed\/Synt_1wnL6k\" width=\"560\" height=\"315\" frameborder=\"0\" allowfullscreen=\"allowfullscreen\"><\/iframe><\/p>\n<h5><span style=\"color: #000000; font-size: 14pt;\">Aproveite esta chance de unir seu cora\u00e7\u00e3o cada vez mais com a M\u00e3e de Deus.<\/span><\/h5>\n<p><span style=\"color: #000000;\">Nossa Senhora te chama!<\/span><\/p>\n<p><span style=\"color: #000000;\">E para que a transforma\u00e7\u00e3o espiritual aconte\u00e7a \u00e9 necess\u00e1rio que voc\u00ea d\u00ea o primeiro passo.<\/span><\/p>\n<p><span style=\"color: #000000;\">Sendo assim, convidamos\u00a0<strong>VOC\u00ca\u00a0<\/strong>a participar dos<\/span><strong><span style=\"color: #0000ff;\"><a style=\"color: #0000ff;\" href=\"https:\/\/adf.org.br\/apostolosdefatima\/2\/?origem=14718#\" target=\"_blank\" rel=\"noopener noreferrer\"> Ap\u00f3stolos de F\u00e1tima<\/a><\/span><\/strong>, <span style=\"color: #000000;\">um aben\u00e7oado grupo que se dedica a levar a devo\u00e7\u00e3o de Nossa Senhora de F\u00e1tima para vida de milhares de brasileiros.<\/span><\/p>\n<h3 style=\"text-align: center;\"><span style=\"color: #000000; font-size: 14pt;\">Ligue gratuitamente para:<\/span><\/h3>\n<p style=\"text-align: center;\"><span style=\"font-size: 18pt; color: #0000ff;\"><strong><a style=\"color: #0000ff;\" href=\"tel:08006086246\" rel=\"noopener noreferrer\"><span style=\"font-size: 24pt;\">0800 608 6246<\/span><\/a><\/strong><\/span><\/p>\n<p style=\"text-align: center;\"><span style=\"color: #000000; font-size: 12pt;\"><b><i>Dica:<\/i><\/b><i>\u00a0Se estiver no celular, somente tecle no n\u00famero para discar automaticamente.<\/i><\/span><\/p>\n<blockquote><p><span style=\"font-size: 14pt; color: #000000;\">A <strong>liga\u00e7\u00e3o \u00e9 gratuita<\/strong> para qualquer regi\u00e3o do Brasil e estamos dispon\u00edveis de segunda a sexta-feira, das 08h \u00e0s 18h, para atender a todos que desejam propagar o amor de Maria.<\/span><span style=\"color: #ffffff;\">.<\/span><\/p><\/blockquote>\n<p><a href=\"https:\/\/adf.org.br\/apostolosdefatima\/2\/?origem=14718#\" target=\"_blank\" rel=\"noopener noreferrer\"><strong><span style=\"color: #0000ff;\">Clique aqui<\/span><\/strong><\/a> <span style=\"color: #000000;\">para ser a pr\u00f3xima pessoa a entrar neste grupo aben\u00e7oado e assim contar com muitas b\u00ean\u00e7\u00e3os em sua vida!<\/span><\/p>\n<hr \/>\n<p>&nbsp;<\/p>\n<h3 style=\"text-align: center;\"><span style=\"color: #0000ff;\"><a style=\"color: #0000ff;\" href=\"https:\/\/adf.org.br\/velario\/fatima?origem=14718#\" target=\"_blank\" rel=\"noopener noreferrer\"><span style=\"font-size: 14pt;\"><strong>Vela das Gra\u00e7as de Nossa Senhora<\/strong><\/span><\/a><\/span><\/h3>\n<p><span style=\"font-size: 14pt;\"><strong><a href=\"https:\/\/adf.org.br\/velario\/fatima?origem=14718#\" target=\"_blank\" rel=\"noopener noreferrer\"><span style=\"color: #0000ff;\">Acesse aqui<\/span><\/a><\/strong><span style=\"color: #0000ff;\">\u00a0<\/span><span style=\"color: #000000;\">ou na imagem abaixo para fazer seus\u00a0<strong>pedidos de gra\u00e7as e acender uma vela<\/strong>\u00a0para Nossa M\u00e3e Sant\u00edssima. <strong>\u00c9 gr\u00e1tis!<\/strong><\/span><\/span><\/p>\n<p>.<\/p>\n<p><a href=\"https:\/\/adf.org.br\/velario\/fatima?origem=14718#\" target=\"_blank\" rel=\"noopener noreferrer\"><img loading=\"lazy\" class=\"aligncenter wp-image-57873 size-full\" src=\"https:\/\/www.adf.org.br\/home\/wp-content\/uploads\/2020\/03\/Vela-e-Nossa-Senhora-de-F%C3%A1tima-1.jpg\" alt=\"\" width=\"568\" height=\"339\" \/><\/a><\/p>\n","protected":false},"excerpt":{"rendered":"<p>. Aproveite esta chance de unir seu cora\u00e7\u00e3o cada vez mais com a M\u00e3e de Deus. Nossa Senhora te chama! E para que a transforma\u00e7\u00e3o espiritual aconte\u00e7a \u00e9 necess\u00e1rio que voc\u00ea d\u00ea o primeiro passo. Sendo assim, convidamos\u00a0VOC\u00ca\u00a0a participar dos Ap\u00f3stolos de F\u00e1tima, um aben\u00e7oado grupo que se dedica a levar a devo\u00e7\u00e3o de Nossa [&hellip;]<\/p>\n","protected":false},"author":31,"featured_media":59748,"comment_status":"open","ping_status":"open","sticky":false,"template":"","format":"standard","meta":[],"categories":[20,2473,2621,56,101],"tags":[2242,357,3664,2616,57,3665],"yoast_head":"<!-- This site is optimized with the Yoast SEO plugin v17.4 - https:\/\/yoast.com\/wordpress\/plugins\/seo\/ -->\n<title>DEUS REVELOU UM SEGREDO DE MARIA! VEJA S\u00d3<\/title>\n<meta name=\"description\" content=\"Esse \u00e9 um Segredo de Nossa Senhora que, talvez, voc\u00ea n\u00e3o tenha ouvido falar sobre em nenhum outro lugar. N\u00e3o deixe de assistir.\" \/>\n<meta name=\"robots\" content=\"index, follow, max-snippet:-1, max-image-preview:large, max-video-preview:-1\" \/>\n<link rel=\"canonical\" href=\"https:\/\/www.adf.org.br\/home\/deus-revelou-um-segredo-de-maria-veja-so\/\" \/>\n<meta property=\"og:locale\" content=\"pt_BR\" \/>\n<meta property=\"og:type\" content=\"article\" \/>\n<meta property=\"og:title\" content=\"DEUS REVELOU UM SEGREDO DE MARIA! VEJA S\u00d3\" \/>\n<meta property=\"og:description\" content=\"Esse \u00e9 um Segredo de Nossa Senhora que, talvez, voc\u00ea n\u00e3o tenha ouvido falar sobre em nenhum outro lugar. N\u00e3o deixe de assistir.\" \/>\n<meta property=\"og:url\" content=\"https:\/\/www.adf.org.br\/home\/deus-revelou-um-segredo-de-maria-veja-so\/\" \/>\n<meta property=\"og:site_name\" content=\"Associa\u00e7\u00e3o Devotos de F\u00e1tima\" \/>\n<meta property=\"article:published_time\" content=\"2020-06-12T03:00:23+00:00\" \/>\n<meta property=\"article:modified_time\" content=\"2020-06-10T18:41:23+00:00\" \/>\n<meta property=\"og:image\" content=\"https:\/\/www.adf.org.br\/home\/wp-content\/uploads\/2020\/06\/capa-post-mist\u00e9rio.jpg\" \/>\n\t<meta property=\"og:image:width\" content=\"1920\" \/>\n\t<meta property=\"og:image:height\" content=\"1080\" \/>\n<meta name=\"twitter:card\" content=\"summary_large_image\" \/>\n<meta name=\"twitter:label1\" content=\"Escrito por\" \/>\n\t<meta name=\"twitter:data1\" content=\"Gabriel Barbosa\" \/>\n\t<meta name=\"twitter:label2\" content=\"Est. tempo de leitura\" \/>\n\t<meta name=\"twitter:data2\" content=\"1 minuto\" \/>\n<script type=\"application\/ld+json\" class=\"yoast-schema-graph\">{\"@context\":\"https:\/\/schema.org\",\"@graph\":[{\"@type\":\"WebSite\",\"@id\":\"https:\/\/www.adf.org.br\/home\/#website\",\"url\":\"https:\/\/www.adf.org.br\/home\/\",\"name\":\"Associa\\u00e7\\u00e3o Devotos de F\\u00e1tima\",\"description\":\"Associa\\u00e7\\u00e3o Devotos de F\\u00e1tima\",\"potentialAction\":[{\"@type\":\"SearchAction\",\"target\":{\"@type\":\"EntryPoint\",\"urlTemplate\":\"https:\/\/www.adf.org.br\/home\/?s={search_term_string}\"},\"query-input\":\"required name=search_term_string\"}],\"inLanguage\":\"pt-BR\"},{\"@type\":\"ImageObject\",\"@id\":\"https:\/\/www.adf.org.br\/home\/deus-revelou-um-segredo-de-maria-veja-so\/#primaryimage\",\"inLanguage\":\"pt-BR\",\"url\":\"https:\/\/www.adf.org.br\/home\/wp-content\/uploads\/2020\/06\/capa-post-mist\\u00e9rio.jpg\",\"contentUrl\":\"https:\/\/www.adf.org.br\/home\/wp-content\/uploads\/2020\/06\/capa-post-mist\\u00e9rio.jpg\",\"width\":1920,\"height\":1080},{\"@type\":\"WebPage\",\"@id\":\"https:\/\/www.adf.org.br\/home\/deus-revelou-um-segredo-de-maria-veja-so\/#webpage\",\"url\":\"https:\/\/www.adf.org.br\/home\/deus-revelou-um-segredo-de-maria-veja-so\/\",\"name\":\"DEUS REVELOU UM SEGREDO DE MARIA! VEJA S\\u00d3\",\"isPartOf\":{\"@id\":\"https:\/\/www.adf.org.br\/home\/#website\"},\"primaryImageOfPage\":{\"@id\":\"https:\/\/www.adf.org.br\/home\/deus-revelou-um-segredo-de-maria-veja-so\/#primaryimage\"},\"datePublished\":\"2020-06-12T03:00:23+00:00\",\"dateModified\":\"2020-06-10T18:41:23+00:00\",\"author\":{\"@id\":\"https:\/\/www.adf.org.br\/home\/#\/schema\/person\/f35a5c5aa7728a3dedf4ea9aa1fc2753\"},\"description\":\"Esse \\u00e9 um Segredo de Nossa Senhora que, talvez, voc\\u00ea n\\u00e3o tenha ouvido falar sobre em nenhum outro lugar. N\\u00e3o deixe de assistir.\",\"breadcrumb\":{\"@id\":\"https:\/\/www.adf.org.br\/home\/deus-revelou-um-segredo-de-maria-veja-so\/#breadcrumb\"},\"inLanguage\":\"pt-BR\",\"potentialAction\":[{\"@type\":\"ReadAction\",\"target\":[\"https:\/\/www.adf.org.br\/home\/deus-revelou-um-segredo-de-maria-veja-so\/\"]}]},{\"@type\":\"BreadcrumbList\",\"@id\":\"https:\/\/www.adf.org.br\/home\/deus-revelou-um-segredo-de-maria-veja-so\/#breadcrumb\",\"itemListElement\":[{\"@type\":\"ListItem\",\"position\":1,\"name\":\"Home\",\"item\":\"https:\/\/www.adf.org.br\/home\/\"},{\"@type\":\"ListItem\",\"position\":2,\"name\":\"DEUS REVELOU UM SEGREDO DE MARIA! VEJA S\\u00d3\"}]},{\"@type\":\"Person\",\"@id\":\"https:\/\/www.adf.org.br\/home\/#\/schema\/person\/f35a5c5aa7728a3dedf4ea9aa1fc2753\",\"name\":\"Gabriel Barbosa\",\"image\":{\"@type\":\"ImageObject\",\"@id\":\"https:\/\/www.adf.org.br\/home\/#personlogo\",\"inLanguage\":\"pt-BR\",\"url\":\"https:\/\/secure.gravatar.com\/avatar\/2b2cb2f4637682c5605e8d36818f51ef?s=96&d=mm&r=g\",\"contentUrl\":\"https:\/\/secure.gravatar.com\/avatar\/2b2cb2f4637682c5605e8d36818f51ef?s=96&d=mm&r=g\",\"caption\":\"Gabriel Barbosa\"},\"url\":\"https:\/\/www.adf.org.br\/home\/author\/gabrielpmk-com-br\/\"}]}<\/script>\n<!-- \/ Yoast SEO plugin. -->","yoast_head_json":{"title":"DEUS REVELOU UM SEGREDO DE MARIA! VEJA S\u00d3","description":"Esse \u00e9 um Segredo de Nossa Senhora que, talvez, voc\u00ea n\u00e3o tenha ouvido falar sobre em nenhum outro lugar. N\u00e3o deixe de assistir.","robots":{"index":"index","follow":"follow","max-snippet":"max-snippet:-1","max-image-preview":"max-image-preview:large","max-video-preview":"max-video-preview:-1"},"canonical":"https:\/\/www.adf.org.br\/home\/deus-revelou-um-segredo-de-maria-veja-so\/","og_locale":"pt_BR","og_type":"article","og_title":"DEUS REVELOU UM SEGREDO DE MARIA! VEJA S\u00d3","og_description":"Esse \u00e9 um Segredo de Nossa Senhora que, talvez, voc\u00ea n\u00e3o tenha ouvido falar sobre em nenhum outro lugar. N\u00e3o deixe de assistir.","og_url":"https:\/\/www.adf.org.br\/home\/deus-revelou-um-segredo-de-maria-veja-so\/","og_site_name":"Associa\u00e7\u00e3o Devotos de F\u00e1tima","article_published_time":"2020-06-12T03:00:23+00:00","article_modified_time":"2020-06-10T18:41:23+00:00","og_image":[{"width":1920,"height":1080,"url":"https:\/\/www.adf.org.br\/home\/wp-content\/uploads\/2020\/06\/capa-post-mist\u00e9rio.jpg","type":"image\/jpeg"}],"twitter_card":"summary_large_image","twitter_misc":{"Escrito por":"Gabriel Barbosa","Est. tempo de leitura":"1 minuto"},"schema":{"@context":"https:\/\/schema.org","@graph":[{"@type":"WebSite","@id":"https:\/\/www.adf.org.br\/home\/#website","url":"https:\/\/www.adf.org.br\/home\/","name":"Associa\u00e7\u00e3o Devotos de F\u00e1tima","description":"Associa\u00e7\u00e3o Devotos de F\u00e1tima","potentialAction":[{"@type":"SearchAction","target":{"@type":"EntryPoint","urlTemplate":"https:\/\/www.adf.org.br\/home\/?s={search_term_string}"},"query-input":"required name=search_term_string"}],"inLanguage":"pt-BR"},{"@type":"ImageObject","@id":"https:\/\/www.adf.org.br\/home\/deus-revelou-um-segredo-de-maria-veja-so\/#primaryimage","inLanguage":"pt-BR","url":"https:\/\/www.adf.org.br\/home\/wp-content\/uploads\/2020\/06\/capa-post-mist\u00e9rio.jpg","contentUrl":"https:\/\/www.adf.org.br\/home\/wp-content\/uploads\/2020\/06\/capa-post-mist\u00e9rio.jpg","width":1920,"height":1080},{"@type":"WebPage","@id":"https:\/\/www.adf.org.br\/home\/deus-revelou-um-segredo-de-maria-veja-so\/#webpage","url":"https:\/\/www.adf.org.br\/home\/deus-revelou-um-segredo-de-maria-veja-so\/","name":"DEUS REVELOU UM SEGREDO DE MARIA! VEJA S\u00d3","isPartOf":{"@id":"https:\/\/www.adf.org.br\/home\/#website"},"primaryImageOfPage":{"@id":"https:\/\/www.adf.org.br\/home\/deus-revelou-um-segredo-de-maria-veja-so\/#primaryimage"},"datePublished":"2020-06-12T03:00:23+00:00","dateModified":"2020-06-10T18:41:23+00:00","author":{"@id":"https:\/\/www.adf.org.br\/home\/#\/schema\/person\/f35a5c5aa7728a3dedf4ea9aa1fc2753"},"description":"Esse \u00e9 um Segredo de Nossa Senhora que, talvez, voc\u00ea n\u00e3o tenha ouvido falar sobre em nenhum outro lugar. N\u00e3o deixe de assistir.","breadcrumb":{"@id":"https:\/\/www.adf.org.br\/home\/deus-revelou-um-segredo-de-maria-veja-so\/#breadcrumb"},"inLanguage":"pt-BR","potentialAction":[{"@type":"ReadAction","target":["https:\/\/www.adf.org.br\/home\/deus-revelou-um-segredo-de-maria-veja-so\/"]}]},{"@type":"BreadcrumbList","@id":"https:\/\/www.adf.org.br\/home\/deus-revelou-um-segredo-de-maria-veja-so\/#breadcrumb","itemListElement":[{"@type":"ListItem","position":1,"name":"Home","item":"https:\/\/www.adf.org.br\/home\/"},{"@type":"ListItem","position":2,"name":"DEUS REVELOU UM SEGREDO DE MARIA! VEJA S\u00d3"}]},{"@type":"Person","@id":"https:\/\/www.adf.org.br\/home\/#\/schema\/person\/f35a5c5aa7728a3dedf4ea9aa1fc2753","name":"Gabriel Barbosa","image":{"@type":"ImageObject","@id":"https:\/\/www.adf.org.br\/home\/#personlogo","inLanguage":"pt-BR","url":"https:\/\/secure.gravatar.com\/avatar\/2b2cb2f4637682c5605e8d36818f51ef?s=96&d=mm&r=g","contentUrl":"https:\/\/secure.gravatar.com\/avatar\/2b2cb2f4637682c5605e8d36818f51ef?s=96&d=mm&r=g","caption":"Gabriel Barbosa"},"url":"https:\/\/www.adf.org.br\/home\/author\/gabrielpmk-com-br\/"}]}},"_links":{"self":[{"href":"https:\/\/www.adf.org.br\/home\/wp-json\/wp\/v2\/posts\/59414"}],"collection":[{"href":"https:\/\/www.adf.org.br\/home\/wp-json\/wp\/v2\/posts"}],"about":[{"href":"https:\/\/www.adf.org.br\/home\/wp-json\/wp\/v2\/types\/post"}],"author":[{"embeddable":true,"href":"https:\/\/www.adf.org.br\/home\/wp-json\/wp\/v2\/users\/31"}],"replies":[{"embeddable":true,"href":"https:\/\/www.adf.org.br\/home\/wp-json\/wp\/v2\/comments?post=59414"}],"version-history":[{"count":25,"href":"https:\/\/www.adf.org.br\/home\/wp-json\/wp\/v2\/posts\/59414\/revisions"}],"predecessor-version":[{"id":59797,"href":"https:\/\/www.adf.org.br\/home\/wp-json\/wp\/v2\/posts\/59414\/revisions\/59797"}],"wp:featuredmedia":[{"embeddable":true,"href":"https:\/\/www.adf.org.br\/home\/wp-json\/wp\/v2\/media\/59748"}],"wp:attachment":[{"href":"https:\/\/www.adf.org.br\/home\/wp-json\/wp\/v2\/media?parent=59414"}],"wp:term":[{"taxonomy":"category","embeddable":true,"href":"https:\/\/www.adf.org.br\/home\/wp-json\/wp\/v2\/categories?post=59414"},{"taxonomy":"post_tag","embeddable":true,"href":"https:\/\/www.adf.org.br\/home\/wp-json\/wp\/v2\/tags?post=59414"}],"curies":[{"name":"wp","href":"https:\/\/api.w.org\/{rel}","templated":true}]}}