{"id":5927,"date":"2010-08-25T00:01:44","date_gmt":"2010-08-25T03:01:44","guid":{"rendered":"http:\/\/www.adf.org.br\/home\/?p=5927"},"modified":"2020-06-09T11:45:45","modified_gmt":"2020-06-09T14:45:45","slug":"santa-bernadete-soubirous","status":"publish","type":"post","link":"https:\/\/www.adf.org.br\/home\/santa-bernadete-soubirous\/","title":{"rendered":"Santa Bernadete Soubirous"},"content":{"rendered":"<p class=\"mceTemp\">\n<dl id=\"attachment_5928\" class=\"wp-caption alignleft\" style=\"width: 330px;\">\n<dt class=\"wp-caption-dt\"><a href=\"http:\/\/www.adf.org.br\/home\/wp-content\/uploads\/2010\/08\/Santa-Bernadette-religiosa-em-Nevers.jpg\"><img loading=\"lazy\" class=\"size-full wp-image-5928\" title=\"Santa Bernadette, religiosa em Nevers\" src=\"http:\/\/www.adf.org.br\/home\/wp-content\/uploads\/2010\/08\/Santa-Bernadette-religiosa-em-Nevers.jpg\" alt=\"\" width=\"284\" height=\"356\" srcset=\"https:\/\/www.adf.org.br\/home\/wp-content\/uploads\/2010\/08\/Santa-Bernadette-religiosa-em-Nevers.jpg 320w, https:\/\/www.adf.org.br\/home\/wp-content\/uploads\/2010\/08\/Santa-Bernadette-religiosa-em-Nevers-240x300.jpg 240w\" sizes=\"(max-width: 284px) 100vw, 284px\" \/><\/a><\/dt>\n<dd class=\"wp-caption-dd\" style=\"text-align: center;\"><span style=\"color: #0000ff;\"><strong>Santa Bernadete Soubirous<\/strong><\/span><\/dd>\n<\/dl>\n<p>A Sant\u00edssima Virgem manifestou muitas vezes sua predile\u00e7\u00e3o pela humildade, nas pessoas que favoreceu com suas apari\u00e7\u00f5es. Santa Bernadete foi um exemplo not\u00e1vel. Pertencia a uma fam\u00edlia pobre; durante v\u00e1rios anos lhe foi confiada a guarda de rebanhos; aprendia com dificuldade o catecismo:<\/p>\n<p>&#8211; Vai, nunca ser\u00e1s mais do que uma louca e uma ignorante, dizia seu catequista desesperado. E Bernadete, confusa e meiga, lhe testemunhava ainda mais ternura.<\/p>\n<p>Um pouco depois, a Sant\u00edssima Virgem lhe apareceu v\u00e1rias vezes, nas margens do Gave. Este privil\u00e9gio n\u00e3o excita seu amor pr\u00f3prio.<\/p>\n<p>&#8211; Eu n\u00e3o sei, dizia ela, se a Sant\u00edssima Virgem me escolheu por ser a mais ignorante!<\/p>\n<p>E numa outra ocasi\u00e3o, acrescentava:<\/p>\n<p>&#8211; Que m\u00e9rito posso ter? A Sant\u00edssima Virgem se serviu de mim como duma pedra&#8230; fez como os bois de Betarram, que descobriram uma est\u00e1tua.<\/p>\n<p>Durante toda a sua vida religiosa, em Nevers, ela tornou-se ainda mais humilde. Ter-se-ia dito que procurava esquecer o passado. Sua humildade na honra \u00e9 digna de louvores. Nunca se desmentiu, quer no noviciado, quer depois de sua profiss\u00e3o ou no exerc\u00edcio de suas fun\u00e7\u00f5es. Numa palavra, como a Sant\u00edssima Virgem, esfor\u00e7a-se por agradar ao Senhor pelo sentimento de sua pequenez.<\/p>\n<p>Senhor Jesus Cristo, modelo e recompensa da verdadeira humildade, concedei-nos a gra\u00e7a de imitar santa Bernadete na sua humildade e participar de sua gl\u00f3ria.<\/p>\n<p><em>(M\u00caS DE MARIA \u2013 J.B. Bord \u2013 Editora Vozes Ltda., Petr\u00f3polis, RJ. \u2013 1&#8242; edi\u00e7\u00e3o, 1940, pp 103 \u2013 104).<\/em><\/p>\n","protected":false},"excerpt":{"rendered":"<p>Santa Bernadete Soubirous A Sant\u00edssima Virgem manifestou muitas vezes sua predile\u00e7\u00e3o pela humildade, nas pessoas que favoreceu com suas apari\u00e7\u00f5es. Santa Bernadete foi um exemplo not\u00e1vel. Pertencia a uma fam\u00edlia pobre; durante v\u00e1rios anos lhe foi confiada a guarda de rebanhos; aprendia com dificuldade o catecismo: &#8211; Vai, nunca ser\u00e1s mais do que uma louca [&hellip;]<\/p>\n","protected":false},"author":27,"featured_media":0,"comment_status":"open","ping_status":"open","sticky":false,"template":"","format":"standard","meta":[],"categories":[20],"tags":[289],"yoast_head":"<!-- This site is optimized with the Yoast SEO plugin v17.4 - https:\/\/yoast.com\/wordpress\/plugins\/seo\/ -->\n<title>Santa Bernadete Soubirous - Associa\u00e7\u00e3o Devotos de F\u00e1tima<\/title>\n<meta name=\"robots\" content=\"index, follow, max-snippet:-1, max-image-preview:large, max-video-preview:-1\" \/>\n<link rel=\"canonical\" href=\"https:\/\/www.adf.org.br\/home\/santa-bernadete-soubirous\/\" \/>\n<meta property=\"og:locale\" content=\"pt_BR\" \/>\n<meta property=\"og:type\" content=\"article\" \/>\n<meta property=\"og:title\" content=\"Santa Bernadete Soubirous - Associa\u00e7\u00e3o Devotos de F\u00e1tima\" \/>\n<meta property=\"og:description\" content=\"Santa Bernadete Soubirous A Sant\u00edssima Virgem manifestou muitas vezes sua predile\u00e7\u00e3o pela humildade, nas pessoas que favoreceu com suas apari\u00e7\u00f5es. Santa Bernadete foi um exemplo not\u00e1vel. Pertencia a uma fam\u00edlia pobre; durante v\u00e1rios anos lhe foi confiada a guarda de rebanhos; aprendia com dificuldade o catecismo: &#8211; Vai, nunca ser\u00e1s mais do que uma louca [&hellip;]\" \/>\n<meta property=\"og:url\" content=\"https:\/\/www.adf.org.br\/home\/santa-bernadete-soubirous\/\" \/>\n<meta property=\"og:site_name\" content=\"Associa\u00e7\u00e3o Devotos de F\u00e1tima\" \/>\n<meta property=\"article:published_time\" content=\"2010-08-25T03:01:44+00:00\" \/>\n<meta property=\"article:modified_time\" content=\"2020-06-09T14:45:45+00:00\" \/>\n<meta property=\"og:image\" content=\"http:\/\/www.adf.org.br\/home\/wp-content\/uploads\/2010\/08\/Santa-Bernadette-religiosa-em-Nevers.jpg\" \/>\n<meta name=\"twitter:card\" content=\"summary_large_image\" \/>\n<meta name=\"twitter:label1\" content=\"Escrito por\" \/>\n\t<meta name=\"twitter:data1\" content=\"Gabriel Barbosa\" \/>\n\t<meta name=\"twitter:label2\" content=\"Est. tempo de leitura\" \/>\n\t<meta name=\"twitter:data2\" content=\"1 minuto\" \/>\n<script type=\"application\/ld+json\" class=\"yoast-schema-graph\">{\"@context\":\"https:\/\/schema.org\",\"@graph\":[{\"@type\":\"WebSite\",\"@id\":\"https:\/\/www.adf.org.br\/home\/#website\",\"url\":\"https:\/\/www.adf.org.br\/home\/\",\"name\":\"Associa\\u00e7\\u00e3o Devotos de F\\u00e1tima\",\"description\":\"Associa\\u00e7\\u00e3o Devotos de F\\u00e1tima\",\"potentialAction\":[{\"@type\":\"SearchAction\",\"target\":{\"@type\":\"EntryPoint\",\"urlTemplate\":\"https:\/\/www.adf.org.br\/home\/?s={search_term_string}\"},\"query-input\":\"required name=search_term_string\"}],\"inLanguage\":\"pt-BR\"},{\"@type\":\"ImageObject\",\"@id\":\"https:\/\/www.adf.org.br\/home\/santa-bernadete-soubirous\/#primaryimage\",\"inLanguage\":\"pt-BR\",\"url\":\"http:\/\/www.adf.org.br\/home\/wp-content\/uploads\/2010\/08\/Santa-Bernadette-religiosa-em-Nevers.jpg\",\"contentUrl\":\"http:\/\/www.adf.org.br\/home\/wp-content\/uploads\/2010\/08\/Santa-Bernadette-religiosa-em-Nevers.jpg\"},{\"@type\":\"WebPage\",\"@id\":\"https:\/\/www.adf.org.br\/home\/santa-bernadete-soubirous\/#webpage\",\"url\":\"https:\/\/www.adf.org.br\/home\/santa-bernadete-soubirous\/\",\"name\":\"Santa Bernadete Soubirous - Associa\\u00e7\\u00e3o Devotos de F\\u00e1tima\",\"isPartOf\":{\"@id\":\"https:\/\/www.adf.org.br\/home\/#website\"},\"primaryImageOfPage\":{\"@id\":\"https:\/\/www.adf.org.br\/home\/santa-bernadete-soubirous\/#primaryimage\"},\"datePublished\":\"2010-08-25T03:01:44+00:00\",\"dateModified\":\"2020-06-09T14:45:45+00:00\",\"author\":{\"@id\":\"https:\/\/www.adf.org.br\/home\/#\/schema\/person\/affa494ecf91434f3620f5392de44327\"},\"breadcrumb\":{\"@id\":\"https:\/\/www.adf.org.br\/home\/santa-bernadete-soubirous\/#breadcrumb\"},\"inLanguage\":\"pt-BR\",\"potentialAction\":[{\"@type\":\"ReadAction\",\"target\":[\"https:\/\/www.adf.org.br\/home\/santa-bernadete-soubirous\/\"]}]},{\"@type\":\"BreadcrumbList\",\"@id\":\"https:\/\/www.adf.org.br\/home\/santa-bernadete-soubirous\/#breadcrumb\",\"itemListElement\":[{\"@type\":\"ListItem\",\"position\":1,\"name\":\"Home\",\"item\":\"https:\/\/www.adf.org.br\/home\/\"},{\"@type\":\"ListItem\",\"position\":2,\"name\":\"Santa Bernadete Soubirous\"}]},{\"@type\":\"Person\",\"@id\":\"https:\/\/www.adf.org.br\/home\/#\/schema\/person\/affa494ecf91434f3620f5392de44327\",\"name\":\"Gabriel Barbosa\",\"image\":{\"@type\":\"ImageObject\",\"@id\":\"https:\/\/www.adf.org.br\/home\/#personlogo\",\"inLanguage\":\"pt-BR\",\"url\":\"https:\/\/secure.gravatar.com\/avatar\/ecf2eab02e30486a7038f8b2858de06a?s=96&d=mm&r=g\",\"contentUrl\":\"https:\/\/secure.gravatar.com\/avatar\/ecf2eab02e30486a7038f8b2858de06a?s=96&d=mm&r=g\",\"caption\":\"Gabriel Barbosa\"},\"url\":\"https:\/\/www.adf.org.br\/home\/author\/gabriel-aascj\/\"}]}<\/script>\n<!-- \/ Yoast SEO plugin. -->","yoast_head_json":{"title":"Santa Bernadete Soubirous - Associa\u00e7\u00e3o Devotos de F\u00e1tima","robots":{"index":"index","follow":"follow","max-snippet":"max-snippet:-1","max-image-preview":"max-image-preview:large","max-video-preview":"max-video-preview:-1"},"canonical":"https:\/\/www.adf.org.br\/home\/santa-bernadete-soubirous\/","og_locale":"pt_BR","og_type":"article","og_title":"Santa Bernadete Soubirous - Associa\u00e7\u00e3o Devotos de F\u00e1tima","og_description":"Santa Bernadete Soubirous A Sant\u00edssima Virgem manifestou muitas vezes sua predile\u00e7\u00e3o pela humildade, nas pessoas que favoreceu com suas apari\u00e7\u00f5es. Santa Bernadete foi um exemplo not\u00e1vel. Pertencia a uma fam\u00edlia pobre; durante v\u00e1rios anos lhe foi confiada a guarda de rebanhos; aprendia com dificuldade o catecismo: &#8211; Vai, nunca ser\u00e1s mais do que uma louca [&hellip;]","og_url":"https:\/\/www.adf.org.br\/home\/santa-bernadete-soubirous\/","og_site_name":"Associa\u00e7\u00e3o Devotos de F\u00e1tima","article_published_time":"2010-08-25T03:01:44+00:00","article_modified_time":"2020-06-09T14:45:45+00:00","og_image":[{"url":"http:\/\/www.adf.org.br\/home\/wp-content\/uploads\/2010\/08\/Santa-Bernadette-religiosa-em-Nevers.jpg"}],"twitter_card":"summary_large_image","twitter_misc":{"Escrito por":"Gabriel Barbosa","Est. tempo de leitura":"1 minuto"},"schema":{"@context":"https:\/\/schema.org","@graph":[{"@type":"WebSite","@id":"https:\/\/www.adf.org.br\/home\/#website","url":"https:\/\/www.adf.org.br\/home\/","name":"Associa\u00e7\u00e3o Devotos de F\u00e1tima","description":"Associa\u00e7\u00e3o Devotos de F\u00e1tima","potentialAction":[{"@type":"SearchAction","target":{"@type":"EntryPoint","urlTemplate":"https:\/\/www.adf.org.br\/home\/?s={search_term_string}"},"query-input":"required name=search_term_string"}],"inLanguage":"pt-BR"},{"@type":"ImageObject","@id":"https:\/\/www.adf.org.br\/home\/santa-bernadete-soubirous\/#primaryimage","inLanguage":"pt-BR","url":"http:\/\/www.adf.org.br\/home\/wp-content\/uploads\/2010\/08\/Santa-Bernadette-religiosa-em-Nevers.jpg","contentUrl":"http:\/\/www.adf.org.br\/home\/wp-content\/uploads\/2010\/08\/Santa-Bernadette-religiosa-em-Nevers.jpg"},{"@type":"WebPage","@id":"https:\/\/www.adf.org.br\/home\/santa-bernadete-soubirous\/#webpage","url":"https:\/\/www.adf.org.br\/home\/santa-bernadete-soubirous\/","name":"Santa Bernadete Soubirous - Associa\u00e7\u00e3o Devotos de F\u00e1tima","isPartOf":{"@id":"https:\/\/www.adf.org.br\/home\/#website"},"primaryImageOfPage":{"@id":"https:\/\/www.adf.org.br\/home\/santa-bernadete-soubirous\/#primaryimage"},"datePublished":"2010-08-25T03:01:44+00:00","dateModified":"2020-06-09T14:45:45+00:00","author":{"@id":"https:\/\/www.adf.org.br\/home\/#\/schema\/person\/affa494ecf91434f3620f5392de44327"},"breadcrumb":{"@id":"https:\/\/www.adf.org.br\/home\/santa-bernadete-soubirous\/#breadcrumb"},"inLanguage":"pt-BR","potentialAction":[{"@type":"ReadAction","target":["https:\/\/www.adf.org.br\/home\/santa-bernadete-soubirous\/"]}]},{"@type":"BreadcrumbList","@id":"https:\/\/www.adf.org.br\/home\/santa-bernadete-soubirous\/#breadcrumb","itemListElement":[{"@type":"ListItem","position":1,"name":"Home","item":"https:\/\/www.adf.org.br\/home\/"},{"@type":"ListItem","position":2,"name":"Santa Bernadete Soubirous"}]},{"@type":"Person","@id":"https:\/\/www.adf.org.br\/home\/#\/schema\/person\/affa494ecf91434f3620f5392de44327","name":"Gabriel Barbosa","image":{"@type":"ImageObject","@id":"https:\/\/www.adf.org.br\/home\/#personlogo","inLanguage":"pt-BR","url":"https:\/\/secure.gravatar.com\/avatar\/ecf2eab02e30486a7038f8b2858de06a?s=96&d=mm&r=g","contentUrl":"https:\/\/secure.gravatar.com\/avatar\/ecf2eab02e30486a7038f8b2858de06a?s=96&d=mm&r=g","caption":"Gabriel Barbosa"},"url":"https:\/\/www.adf.org.br\/home\/author\/gabriel-aascj\/"}]}},"_links":{"self":[{"href":"https:\/\/www.adf.org.br\/home\/wp-json\/wp\/v2\/posts\/5927"}],"collection":[{"href":"https:\/\/www.adf.org.br\/home\/wp-json\/wp\/v2\/posts"}],"about":[{"href":"https:\/\/www.adf.org.br\/home\/wp-json\/wp\/v2\/types\/post"}],"author":[{"embeddable":true,"href":"https:\/\/www.adf.org.br\/home\/wp-json\/wp\/v2\/users\/27"}],"replies":[{"embeddable":true,"href":"https:\/\/www.adf.org.br\/home\/wp-json\/wp\/v2\/comments?post=5927"}],"version-history":[{"count":1,"href":"https:\/\/www.adf.org.br\/home\/wp-json\/wp\/v2\/posts\/5927\/revisions"}],"predecessor-version":[{"id":59472,"href":"https:\/\/www.adf.org.br\/home\/wp-json\/wp\/v2\/posts\/5927\/revisions\/59472"}],"wp:attachment":[{"href":"https:\/\/www.adf.org.br\/home\/wp-json\/wp\/v2\/media?parent=5927"}],"wp:term":[{"taxonomy":"category","embeddable":true,"href":"https:\/\/www.adf.org.br\/home\/wp-json\/wp\/v2\/categories?post=5927"},{"taxonomy":"post_tag","embeddable":true,"href":"https:\/\/www.adf.org.br\/home\/wp-json\/wp\/v2\/tags?post=5927"}],"curies":[{"name":"wp","href":"https:\/\/api.w.org\/{rel}","templated":true}]}}