{"id":59256,"date":"2020-06-04T00:00:19","date_gmt":"2020-06-04T03:00:19","guid":{"rendered":"http:\/\/www.adf.org.br\/home\/?p=59256"},"modified":"2020-06-09T12:56:47","modified_gmt":"2020-06-09T15:56:47","slug":"mensagem-de-fatima-2","status":"publish","type":"post","link":"https:\/\/www.adf.org.br\/home\/mensagem-de-fatima-2\/","title":{"rendered":"MENSAGEM IMPORTANTE AOS DEVOTOS DE F\u00c1TIMA"},"content":{"rendered":"<p style=\"text-align: center\"><span style=\"color: #ffffff\">.<\/span><\/p>\n<p>&nbsp;<\/p>\n<p><span style=\"font-weight: 400;font-size: 12pt;color: #000000\"><strong><span style=\"font-size: 24pt\">E<\/span><\/strong>ssa foi a <span style=\"color: #0000ff\"><a style=\"color: #0000ff\" href=\"https:\/\/adf.org.br\/velario\/harmonia?=14623\" target=\"_blank\" rel=\"noopener noreferrer\"><strong>Santa<\/strong> <strong>Missa de Nossa Senhora de F\u00e1tima<\/strong><\/a><\/span> que mandamos celebrar no dia 13\/05.<\/span><\/p>\n<p>&nbsp;<\/p>\n<p><span style=\"font-weight: 400;font-size: 12pt;color: #000000\">Agradecemos aos <a style=\"color: #000000\" href=\"https:\/\/adf.org.br\/apostolosdefatima?origem=14623#Participar\" target=\"_blank\" rel=\"noopener noreferrer\"><strong>Ap\u00f3stolos de F\u00e1tima<\/strong><\/a> que nos permitem realizar qualquer a\u00e7\u00e3o em prol da Sant\u00edssima Virgem.\u00a0<\/span><\/p>\n<p>&nbsp;<\/p>\n<p><span style=\"font-weight: 400;color: #000000;font-size: 12pt\">O Seu nome estava no altar dessa Missa? Voc\u00ea parou um minuto do seu dia para pedir ora\u00e7\u00f5es\u00a0 pela sua fam\u00edlia?<\/span><\/p>\n<p>&nbsp;<\/p>\n<p><span style=\"font-weight: 400;color: #000000;font-size: 12pt\">Ent\u00e3o fa\u00e7a isso agora, inscreva suas s\u00faplicas na Missa deste s\u00e1bado.<\/span><\/p>\n<p>&nbsp;<\/p>\n<p style=\"text-align: center\"><strong><span style=\"color: #000000\">Ligue agora mesmo no:<\/span><\/strong><\/p>\n<p style=\"text-align: center\"><a href=\"tel:08006086246\"><strong><span style=\"font-size: 24pt;color: #0000ff\">0800 608 6246<\/span><br \/>\n<\/strong><\/a><span style=\"color: #000000\"><b><i>Dica:<\/i><\/b><i>\u00a0Se estiver no celular, somente tecle no n\u00famero para discar automaticamente.<\/i><\/span><\/p>\n<p>&nbsp;<\/p>\n<p><span style=\"font-size: 14pt\"><span style=\"font-size: 12pt\"><span style=\"color: #000000\">A\u00a0<b>liga\u00e7\u00e3o \u00e9 gratuita <\/b>e estamos dispon\u00edveis de segunda a sexta-feira, das 08h \u00e0s 18h<\/span>.<\/span><b><br \/>\n<\/b><span style=\"color: #ffffff\">.<\/span><\/span><\/p>\n<h3><span style=\"font-size: 12pt;color: #000000\"><strong>N\u00e3o deixe para a \u00faltima hora!<\/strong>\u00a0<\/span><\/h3>\n<p>&nbsp;<\/p>\n<p><span style=\"font-weight: 400;font-size: 12pt\"><span style=\"color: #000000\">Se por algum motivo voc\u00ea n\u00e3o conseguir falar conosco, n\u00e3o se preocupe, <strong><span style=\"color: #0000ff\"><a style=\"color: #0000ff\" href=\"http:\/\/www.adf.org.br\/velario\/harmonia?=14623\" target=\"_blank\" rel=\"noopener noreferrer\">clicando aqui<\/a> <\/span><\/strong>poder\u00e1 incluir suas inten\u00e7\u00f5es.<\/span>\u00a0<\/span><\/p>\n<p>&nbsp;<\/p>\n<p><span style=\"font-weight: 400;color: #000000;font-size: 12pt\">Comprovadamente, a <strong><span style=\"color: #0000ff\"><a style=\"color: #0000ff\" href=\"https:\/\/adf.org.br\/velario\/harmonia?=14623\" target=\"_blank\" rel=\"noopener noreferrer\">Santa Missa<\/a> <\/span><\/strong>\u00e9 um dos melhores caminhos para alcan\u00e7ar tudo aquilo que mais precisamos.<\/span><\/p>\n<p>&nbsp;<\/p>\n<p><span style=\"font-weight: 400;color: #000000;font-size: 12pt\">Tenha <strong>F\u00c9<\/strong>, voc\u00ea poder\u00e1 alcan\u00e7ar aquilo que mais precisa.<\/span><\/p>\n<p>&nbsp;<\/p>\n<p style=\"text-align: center\"><span style=\"font-size: 14pt\"><span style=\"color: #000000\"><b><i>\u201cDoce Cora\u00e7\u00e3o de Maria, sede a nossa salva\u00e7\u00e3o.\u201d\u00a0<\/i><\/b><\/span><b>\ud83d\ude4f<\/b><\/span><\/p>\n<p style=\"text-align: left\"><strong>Compartilhe com seus amigos essa mensagem!<\/strong><\/p>\n<hr \/>\n<div class=\"container-fluid largura_maxima_site\">\n<div class=\"col-md-8 sem_padding_menor margin_topo_20\">\n<div id=\"post-59109\" class=\"col-md-12 conteudo_single\">\n<div class=\"col-md-12 quebra_palavra sem_padding_esquerda\">\n<p><a href=\"https:\/\/adf.org.br\/apostolosdefatima?origem=14623#Participar\" target=\"_blank\" rel=\"noopener noreferrer\"><img loading=\"lazy\" class=\"aligncenter wp-image-57821 size-full\" src=\"https:\/\/www.adf.org.br\/home\/wp-content\/uploads\/2020\/03\/2-Ap\u00f3stolo-de-F\u00e1tima-min.png\" alt=\"Bot\u00e3o de Inscri\u00e7\u00e3o Ap\u00f3stolos de F\u00e1tima\" width=\"600\" height=\"200\" \/><\/a><\/p>\n<\/div>\n<\/div>\n<\/div>\n<\/div>\n<p>&nbsp;<\/p>\n","protected":false},"excerpt":{"rendered":"<p>. &nbsp; Essa foi a Santa Missa de Nossa Senhora de F\u00e1tima que mandamos celebrar no dia 13\/05. &nbsp; Agradecemos aos Ap\u00f3stolos de F\u00e1tima que nos permitem realizar qualquer a\u00e7\u00e3o em prol da Sant\u00edssima Virgem.\u00a0 &nbsp; O Seu nome estava no altar dessa Missa? Voc\u00ea parou um minuto do seu dia para pedir ora\u00e7\u00f5es\u00a0 pela [&hellip;]<\/p>\n","protected":false},"author":31,"featured_media":59704,"comment_status":"open","ping_status":"open","sticky":false,"template":"","format":"standard","meta":[],"categories":[20,2323,2473,2621,56,101],"tags":[3453,291,2875,57,470],"yoast_head":"<!-- This site is optimized with the Yoast SEO plugin v17.4 - https:\/\/yoast.com\/wordpress\/plugins\/seo\/ -->\n<title>MENSAGEM IMPORTANTE AOS DEVOTOS DE F\u00c1TIMA<\/title>\n<meta name=\"description\" content=\"Assista neste v\u00eddeo a Missa que mandamos celebrar no dia 13 de Maio e veja como colocar suas inten\u00e7\u00f5es na pr\u00f3xima.\" \/>\n<meta name=\"robots\" content=\"index, follow, max-snippet:-1, max-image-preview:large, max-video-preview:-1\" \/>\n<link rel=\"canonical\" href=\"https:\/\/www.adf.org.br\/home\/mensagem-de-fatima-2\/\" \/>\n<meta property=\"og:locale\" content=\"pt_BR\" \/>\n<meta property=\"og:type\" content=\"article\" \/>\n<meta property=\"og:title\" content=\"MENSAGEM IMPORTANTE AOS DEVOTOS DE F\u00c1TIMA\" \/>\n<meta property=\"og:description\" content=\"Assista neste v\u00eddeo a Missa que mandamos celebrar no dia 13 de Maio e veja como colocar suas inten\u00e7\u00f5es na pr\u00f3xima.\" \/>\n<meta property=\"og:url\" content=\"https:\/\/www.adf.org.br\/home\/mensagem-de-fatima-2\/\" \/>\n<meta property=\"og:site_name\" content=\"Associa\u00e7\u00e3o Devotos de F\u00e1tima\" \/>\n<meta property=\"article:published_time\" content=\"2020-06-04T03:00:19+00:00\" \/>\n<meta property=\"article:modified_time\" content=\"2020-06-09T15:56:47+00:00\" \/>\n<meta property=\"og:image\" content=\"https:\/\/www.adf.org.br\/home\/wp-content\/uploads\/2020\/06\/capa-mensagem-importante-devotos.jpg\" \/>\n\t<meta property=\"og:image:width\" content=\"356\" \/>\n\t<meta property=\"og:image:height\" content=\"200\" \/>\n<meta name=\"twitter:card\" content=\"summary_large_image\" \/>\n<meta name=\"twitter:label1\" content=\"Escrito por\" \/>\n\t<meta name=\"twitter:data1\" content=\"Gabriel Barbosa\" \/>\n\t<meta name=\"twitter:label2\" content=\"Est. tempo de leitura\" \/>\n\t<meta name=\"twitter:data2\" content=\"1 minuto\" \/>\n<script type=\"application\/ld+json\" class=\"yoast-schema-graph\">{\"@context\":\"https:\/\/schema.org\",\"@graph\":[{\"@type\":\"WebSite\",\"@id\":\"https:\/\/www.adf.org.br\/home\/#website\",\"url\":\"https:\/\/www.adf.org.br\/home\/\",\"name\":\"Associa\\u00e7\\u00e3o Devotos de F\\u00e1tima\",\"description\":\"Associa\\u00e7\\u00e3o Devotos de F\\u00e1tima\",\"potentialAction\":[{\"@type\":\"SearchAction\",\"target\":{\"@type\":\"EntryPoint\",\"urlTemplate\":\"https:\/\/www.adf.org.br\/home\/?s={search_term_string}\"},\"query-input\":\"required name=search_term_string\"}],\"inLanguage\":\"pt-BR\"},{\"@type\":\"ImageObject\",\"@id\":\"https:\/\/www.adf.org.br\/home\/mensagem-de-fatima-2\/#primaryimage\",\"inLanguage\":\"pt-BR\",\"url\":\"https:\/\/www.adf.org.br\/home\/wp-content\/uploads\/2020\/06\/capa-mensagem-importante-devotos.jpg\",\"contentUrl\":\"https:\/\/www.adf.org.br\/home\/wp-content\/uploads\/2020\/06\/capa-mensagem-importante-devotos.jpg\",\"width\":356,\"height\":200},{\"@type\":\"WebPage\",\"@id\":\"https:\/\/www.adf.org.br\/home\/mensagem-de-fatima-2\/#webpage\",\"url\":\"https:\/\/www.adf.org.br\/home\/mensagem-de-fatima-2\/\",\"name\":\"MENSAGEM IMPORTANTE AOS DEVOTOS DE F\\u00c1TIMA\",\"isPartOf\":{\"@id\":\"https:\/\/www.adf.org.br\/home\/#website\"},\"primaryImageOfPage\":{\"@id\":\"https:\/\/www.adf.org.br\/home\/mensagem-de-fatima-2\/#primaryimage\"},\"datePublished\":\"2020-06-04T03:00:19+00:00\",\"dateModified\":\"2020-06-09T15:56:47+00:00\",\"author\":{\"@id\":\"https:\/\/www.adf.org.br\/home\/#\/schema\/person\/f35a5c5aa7728a3dedf4ea9aa1fc2753\"},\"description\":\"Assista neste v\\u00eddeo a Missa que mandamos celebrar no dia 13 de Maio e veja como colocar suas inten\\u00e7\\u00f5es na pr\\u00f3xima.\",\"breadcrumb\":{\"@id\":\"https:\/\/www.adf.org.br\/home\/mensagem-de-fatima-2\/#breadcrumb\"},\"inLanguage\":\"pt-BR\",\"potentialAction\":[{\"@type\":\"ReadAction\",\"target\":[\"https:\/\/www.adf.org.br\/home\/mensagem-de-fatima-2\/\"]}]},{\"@type\":\"BreadcrumbList\",\"@id\":\"https:\/\/www.adf.org.br\/home\/mensagem-de-fatima-2\/#breadcrumb\",\"itemListElement\":[{\"@type\":\"ListItem\",\"position\":1,\"name\":\"Home\",\"item\":\"https:\/\/www.adf.org.br\/home\/\"},{\"@type\":\"ListItem\",\"position\":2,\"name\":\"MENSAGEM IMPORTANTE AOS DEVOTOS DE F\\u00c1TIMA\"}]},{\"@type\":\"Person\",\"@id\":\"https:\/\/www.adf.org.br\/home\/#\/schema\/person\/f35a5c5aa7728a3dedf4ea9aa1fc2753\",\"name\":\"Gabriel Barbosa\",\"image\":{\"@type\":\"ImageObject\",\"@id\":\"https:\/\/www.adf.org.br\/home\/#personlogo\",\"inLanguage\":\"pt-BR\",\"url\":\"https:\/\/secure.gravatar.com\/avatar\/2b2cb2f4637682c5605e8d36818f51ef?s=96&d=mm&r=g\",\"contentUrl\":\"https:\/\/secure.gravatar.com\/avatar\/2b2cb2f4637682c5605e8d36818f51ef?s=96&d=mm&r=g\",\"caption\":\"Gabriel Barbosa\"},\"url\":\"https:\/\/www.adf.org.br\/home\/author\/gabrielpmk-com-br\/\"}]}<\/script>\n<!-- \/ Yoast SEO plugin. -->","yoast_head_json":{"title":"MENSAGEM IMPORTANTE AOS DEVOTOS DE F\u00c1TIMA","description":"Assista neste v\u00eddeo a Missa que mandamos celebrar no dia 13 de Maio e veja como colocar suas inten\u00e7\u00f5es na pr\u00f3xima.","robots":{"index":"index","follow":"follow","max-snippet":"max-snippet:-1","max-image-preview":"max-image-preview:large","max-video-preview":"max-video-preview:-1"},"canonical":"https:\/\/www.adf.org.br\/home\/mensagem-de-fatima-2\/","og_locale":"pt_BR","og_type":"article","og_title":"MENSAGEM IMPORTANTE AOS DEVOTOS DE F\u00c1TIMA","og_description":"Assista neste v\u00eddeo a Missa que mandamos celebrar no dia 13 de Maio e veja como colocar suas inten\u00e7\u00f5es na pr\u00f3xima.","og_url":"https:\/\/www.adf.org.br\/home\/mensagem-de-fatima-2\/","og_site_name":"Associa\u00e7\u00e3o Devotos de F\u00e1tima","article_published_time":"2020-06-04T03:00:19+00:00","article_modified_time":"2020-06-09T15:56:47+00:00","og_image":[{"width":356,"height":200,"url":"https:\/\/www.adf.org.br\/home\/wp-content\/uploads\/2020\/06\/capa-mensagem-importante-devotos.jpg","type":"image\/jpeg"}],"twitter_card":"summary_large_image","twitter_misc":{"Escrito por":"Gabriel Barbosa","Est. tempo de leitura":"1 minuto"},"schema":{"@context":"https:\/\/schema.org","@graph":[{"@type":"WebSite","@id":"https:\/\/www.adf.org.br\/home\/#website","url":"https:\/\/www.adf.org.br\/home\/","name":"Associa\u00e7\u00e3o Devotos de F\u00e1tima","description":"Associa\u00e7\u00e3o Devotos de F\u00e1tima","potentialAction":[{"@type":"SearchAction","target":{"@type":"EntryPoint","urlTemplate":"https:\/\/www.adf.org.br\/home\/?s={search_term_string}"},"query-input":"required name=search_term_string"}],"inLanguage":"pt-BR"},{"@type":"ImageObject","@id":"https:\/\/www.adf.org.br\/home\/mensagem-de-fatima-2\/#primaryimage","inLanguage":"pt-BR","url":"https:\/\/www.adf.org.br\/home\/wp-content\/uploads\/2020\/06\/capa-mensagem-importante-devotos.jpg","contentUrl":"https:\/\/www.adf.org.br\/home\/wp-content\/uploads\/2020\/06\/capa-mensagem-importante-devotos.jpg","width":356,"height":200},{"@type":"WebPage","@id":"https:\/\/www.adf.org.br\/home\/mensagem-de-fatima-2\/#webpage","url":"https:\/\/www.adf.org.br\/home\/mensagem-de-fatima-2\/","name":"MENSAGEM IMPORTANTE AOS DEVOTOS DE F\u00c1TIMA","isPartOf":{"@id":"https:\/\/www.adf.org.br\/home\/#website"},"primaryImageOfPage":{"@id":"https:\/\/www.adf.org.br\/home\/mensagem-de-fatima-2\/#primaryimage"},"datePublished":"2020-06-04T03:00:19+00:00","dateModified":"2020-06-09T15:56:47+00:00","author":{"@id":"https:\/\/www.adf.org.br\/home\/#\/schema\/person\/f35a5c5aa7728a3dedf4ea9aa1fc2753"},"description":"Assista neste v\u00eddeo a Missa que mandamos celebrar no dia 13 de Maio e veja como colocar suas inten\u00e7\u00f5es na pr\u00f3xima.","breadcrumb":{"@id":"https:\/\/www.adf.org.br\/home\/mensagem-de-fatima-2\/#breadcrumb"},"inLanguage":"pt-BR","potentialAction":[{"@type":"ReadAction","target":["https:\/\/www.adf.org.br\/home\/mensagem-de-fatima-2\/"]}]},{"@type":"BreadcrumbList","@id":"https:\/\/www.adf.org.br\/home\/mensagem-de-fatima-2\/#breadcrumb","itemListElement":[{"@type":"ListItem","position":1,"name":"Home","item":"https:\/\/www.adf.org.br\/home\/"},{"@type":"ListItem","position":2,"name":"MENSAGEM IMPORTANTE AOS DEVOTOS DE F\u00c1TIMA"}]},{"@type":"Person","@id":"https:\/\/www.adf.org.br\/home\/#\/schema\/person\/f35a5c5aa7728a3dedf4ea9aa1fc2753","name":"Gabriel Barbosa","image":{"@type":"ImageObject","@id":"https:\/\/www.adf.org.br\/home\/#personlogo","inLanguage":"pt-BR","url":"https:\/\/secure.gravatar.com\/avatar\/2b2cb2f4637682c5605e8d36818f51ef?s=96&d=mm&r=g","contentUrl":"https:\/\/secure.gravatar.com\/avatar\/2b2cb2f4637682c5605e8d36818f51ef?s=96&d=mm&r=g","caption":"Gabriel Barbosa"},"url":"https:\/\/www.adf.org.br\/home\/author\/gabrielpmk-com-br\/"}]}},"_links":{"self":[{"href":"https:\/\/www.adf.org.br\/home\/wp-json\/wp\/v2\/posts\/59256"}],"collection":[{"href":"https:\/\/www.adf.org.br\/home\/wp-json\/wp\/v2\/posts"}],"about":[{"href":"https:\/\/www.adf.org.br\/home\/wp-json\/wp\/v2\/types\/post"}],"author":[{"embeddable":true,"href":"https:\/\/www.adf.org.br\/home\/wp-json\/wp\/v2\/users\/31"}],"replies":[{"embeddable":true,"href":"https:\/\/www.adf.org.br\/home\/wp-json\/wp\/v2\/comments?post=59256"}],"version-history":[{"count":2,"href":"https:\/\/www.adf.org.br\/home\/wp-json\/wp\/v2\/posts\/59256\/revisions"}],"predecessor-version":[{"id":59706,"href":"https:\/\/www.adf.org.br\/home\/wp-json\/wp\/v2\/posts\/59256\/revisions\/59706"}],"wp:featuredmedia":[{"embeddable":true,"href":"https:\/\/www.adf.org.br\/home\/wp-json\/wp\/v2\/media\/59704"}],"wp:attachment":[{"href":"https:\/\/www.adf.org.br\/home\/wp-json\/wp\/v2\/media?parent=59256"}],"wp:term":[{"taxonomy":"category","embeddable":true,"href":"https:\/\/www.adf.org.br\/home\/wp-json\/wp\/v2\/categories?post=59256"},{"taxonomy":"post_tag","embeddable":true,"href":"https:\/\/www.adf.org.br\/home\/wp-json\/wp\/v2\/tags?post=59256"}],"curies":[{"name":"wp","href":"https:\/\/api.w.org\/{rel}","templated":true}]}}