{"id":59176,"date":"2020-05-31T07:00:38","date_gmt":"2020-05-31T10:00:38","guid":{"rendered":"http:\/\/www.adf.org.br\/home\/?p=59176"},"modified":"2020-06-09T14:41:21","modified_gmt":"2020-06-09T17:41:21","slug":"o-dia-de-pentecostes-e-os-dons-do-espirito-santo-em-maria","status":"publish","type":"post","link":"https:\/\/www.adf.org.br\/home\/o-dia-de-pentecostes-e-os-dons-do-espirito-santo-em-maria\/","title":{"rendered":"O Dia de Pentecostes e os dons do Esp\u00edrito Santo em Maria"},"content":{"rendered":"<p><a href=\"https:\/\/adf.org.br\/velario\/medalhamilagrosa?origem=14569\" target=\"_blank\" rel=\"noopener noreferrer\"><img loading=\"lazy\" class=\"aligncenter wp-image-59189 size-full\" src=\"https:\/\/www.adf.org.br\/home\/wp-content\/uploads\/2020\/05\/Pentecostes-Descida-do-Esp\u00edrito-Santo-1.jpg\" alt=\"O Dia de Pentecostes e os dons do Esp\u00edrito Santo em Maria\" width=\"437\" height=\"672\" \/><\/a><\/p>\n<p><span style=\"color: #ffffff;\">.<\/span><\/p>\n<p style=\"text-align: center;\"><span style=\"font-size: 14pt;\"><strong><span style=\"font-family: verdana, geneva, sans-serif; color: #003366;\">O Dia de Pentecostes e os dons do Esp\u00edrito Santo em Maria<\/span><\/strong><\/span><\/p>\n<p><span style=\"font-family: verdana, geneva, sans-serif; color: #ffffff; font-size: 12pt;\">.<\/span><\/p>\n<p><span style=\"font-family: verdana, geneva, sans-serif; color: #000000; font-size: 12pt;\"><span style=\"font-weight: 400;\">Hoje \u00e9 <\/span><b>Dia de Pentecostes<\/b><span style=\"font-weight: 400;\">, a Festa na qual celebramos a descida do <\/span><b>Esp\u00edrito Santo<\/b><span style=\"font-weight: 400;\"> sobre os Ap\u00f3stolos de Nosso Senhor Jesus Cristo, em sua amada m\u00e3e, Maria Sant\u00edssima e outros disc\u00edpulos.\u00a0<\/span><\/span><\/p>\n<p><span style=\"font-weight: 400; font-family: verdana, geneva, sans-serif; color: #000000; font-size: 12pt;\">\u00c9 o aben\u00e7oado momento em que a Igreja \u00e9 apresentada ao mundo.<\/span><\/p>\n<p><span style=\"font-weight: 400; font-family: verdana, geneva, sans-serif; font-size: 12pt; color: #ffffff;\">.<\/span><\/p>\n<blockquote>\n<p style=\"padding-left: 40px;\"><span style=\"font-family: verdana, geneva, sans-serif; color: #003366; font-size: 12pt;\"><i><span style=\"font-weight: 400;\">&#8220;Chegando o dia de <strong>Pentecostes<\/strong>, estavam todos reu\u00adnidos no mesmo lugar. De repente, veio do c\u00e9u um ru\u00eddo, como se soprasse um vento impetuoso, e encheu toda a casa onde estavam sentados.<\/span><\/i><\/span><\/p>\n<p style=\"padding-left: 40px;\"><span style=\"font-family: verdana, geneva, sans-serif; color: #003366; font-size: 12pt;\"><i><span style=\"font-weight: 400;\">Apareceu-lhes ent\u00e3o uma esp\u00e9cie de l\u00ednguas de fogo, que se repartiram e pousaram sobre cada um deles.\u00a0<\/span><\/i><\/span><\/p>\n<p style=\"padding-left: 40px; text-align: left;\"><span style=\"font-family: verdana, geneva, sans-serif; color: #003366; font-size: 12pt;\"><b><i>Ficaram todos cheios do Esp\u00edrito Santo<\/i><\/b><i><span style=\"font-weight: 400;\"> e come\u00e7aram a falar em outras l\u00ednguas, conforme o Esp\u00edrito Santo lhes concedia que falassem.&#8221; <\/span><\/i><\/span><span style=\"font-family: verdana, geneva, sans-serif; color: #003366; font-size: 12pt;\"><strong>(At 1,1-4)<\/strong><\/span><\/p>\n<\/blockquote>\n<p><span style=\"font-family: verdana, geneva, sans-serif; color: #ffffff; font-size: 12pt;\">.<\/span><\/p>\n<p><span style=\"font-weight: 400; font-family: verdana, geneva, sans-serif; color: #000000; font-size: 12pt;\">Nesta data t\u00e3o grandiosa para a Santa Igreja e para n\u00f3s, entenda como os dons do Esp\u00edrito Santo s\u00e3o manifestados em Maria.<\/span><\/p>\n<p>&nbsp;<\/p>\n<h3><span style=\"font-family: verdana, geneva, sans-serif; color: #003366; font-size: 14pt;\"><b>Os dons do Esp\u00edrito Santo\u00a0<\/b><\/span><\/h3>\n<p>&nbsp;<\/p>\n<p><span style=\"font-weight: 400; font-family: verdana, geneva, sans-serif; color: #000000; font-size: 12pt;\">Os dons do Esp\u00edrito Santo s\u00e3o h\u00e1bitos sobrenaturais que d\u00e3o \u00e0s faculdades da alma tal docilidade que estas obedecem prontamente \u00e0s inspira\u00e7\u00f5es da gra\u00e7a.<\/span><\/p>\n<p>&nbsp;<\/p>\n<p><span style=\"font-weight: 400; font-family: verdana, geneva, sans-serif; color: #000000; font-size: 12pt;\">A diferen\u00e7a essencial entre as virtudes e os dons deriva da diferente maneira de operarem aquelas e estes: na pr\u00e1tica da virtude, a gra\u00e7a nos deixa ativos, sob o influxo da prud\u00eancia; o uso dos dons, ao inv\u00e9s, quando j\u00e1 chegamos a seu pleno desenvolvimento, requer de nossa parte mais docilidade do que atividade.<br \/>\n<span style=\"color: #ffffff;\">.<\/span><\/span><\/p>\n<p><span style=\"font-family: verdana, geneva, sans-serif; color: #000000; font-size: 12pt;\"><b>Quais e quantos s\u00e3o esses dons?<\/b><span style=\"font-weight: 400;\">\u00a0<\/span><\/span><\/p>\n<p>&nbsp;<\/p>\n<p><span style=\"font-weight: 400; font-family: verdana, geneva, sans-serif; color: #000000; font-size: 12pt;\">S\u00e3o sete (Is 11, 2-3): <em><span style=\"color: #003366;\">sabedoria<\/span>, <span style=\"color: #003366;\">intelig\u00eancia<\/span>, <span style=\"color: #003366;\">ci\u00eancia<\/span>, <span style=\"color: #003366;\">conselho<\/span>, <span style=\"color: #003366;\">piedade<\/span>, <span style=\"color: #003366;\">fortaleza<\/span> e <span style=\"color: #003366;\">temor de Deus<\/span><\/em>.<\/span><\/p>\n<p>&nbsp;<\/p>\n<p><span style=\"font-weight: 400; font-family: verdana, geneva, sans-serif; color: #000000; font-size: 12pt;\">Deus d\u00e1, juntamente com a gra\u00e7a santificante, todos esses dons; d\u00e1-os, por\u00e9m, a cada um em determinada medida. S\u00f3 a Maria, por assim dizer, os deu sem medida.<\/span><\/p>\n<p>&nbsp;<\/p>\n<p><span style=\"font-family: verdana, geneva, sans-serif; color: #003366; font-size: 14pt;\"><b>A Plenitude dos Dons em Maria<\/b><\/span><\/p>\n<p>&nbsp;<\/p>\n<h3><span style=\"font-family: verdana, geneva, sans-serif; color: #000000; font-size: 12pt;\"><b>a)<\/b> <b>Dom do Conselho<br \/>\n<span style=\"color: #ffffff;\">.<\/span><\/b><\/span><\/h3>\n<p><span style=\"font-family: verdana, geneva, sans-serif; color: #000000; font-size: 12pt;\"><span style=\"font-weight: 400;\">Admir\u00e1vel foi esse dom em Maria, que \u00e9 chamada pela Igreja a <\/span><em><b>\u201cM\u00e3e do Bom Conselho\u201d<\/b><\/em><span style=\"font-weight: 400;\">.<\/span><\/span><\/p>\n<p><span style=\"font-family: verdana, geneva, sans-serif; color: #000000; font-size: 12pt;\"><span style=\"font-weight: 400;\"><span style=\"color: #ffffff;\">.<\/span><br \/>\nCom efeito, a alma de Maria esteve sempre voltada para Deus, de quem recebia com suma facilidade todas as aspira\u00e7\u00f5es, motivo por que a Ela, mais de que a qualquer outro Santo, se podem aplicar as palavras:<\/span><span style=\"color: #003366;\"><i><span style=\"font-weight: 400;\"> \u201cTua prote\u00e7\u00e3o ser\u00e1 o bom conselho e a prud\u00eancia te salvar\u00e1\u201d<\/span><\/i><\/span><span style=\"font-weight: 400;\"><strong><span style=\"color: #003366;\"> (Prov 2, 11)<\/span><\/strong>.<\/span><\/span><\/p>\n<p>&nbsp;<\/p>\n<h3><span style=\"font-family: verdana, geneva, sans-serif; color: #000000; font-size: 12pt;\"><b>b)<\/b> <b>Dom da Piedade<br \/>\n<span style=\"color: #ffffff;\">.<\/span><\/b><\/span><\/h3>\n<p><span style=\"font-family: verdana, geneva, sans-serif; color: #000000; font-size: 12pt;\"><span style=\"font-weight: 400;\">Foi o dom de piedade que levou Maria menina a dedicar sua atividade ao servi\u00e7o do Templo, que Ela, com a mesma terna piedade, venerava por cima de todas as coisas materiais. E que lhe inspirou uma venera\u00e7\u00e3o especial pela Sagrada Escritura, como pelas palavras pronunciadas por seu Filho Jesus, as quais <\/span><span style=\"color: #003366;\"><i><span style=\"font-weight: 400;\">\u201cconservava todas em seu cora\u00e7\u00e3o\u201d<\/span><\/i><\/span><span style=\"font-weight: 400;\">.<\/span><\/span><\/p>\n<p>&nbsp;<\/p>\n<h3><span style=\"font-family: verdana, geneva, sans-serif; color: #000000; font-size: 12pt;\"><b>c) Dom da Fortaleza<br \/>\n<span style=\"color: #ffffff;\">.<\/span><\/b><\/span><\/h3>\n<p><span style=\"font-weight: 400; font-family: verdana, geneva, sans-serif; color: #000000; font-size: 12pt;\">\u201cSe considerarmos, de um lado, a grandeza da obra a realizar-se, \u00e1 que Maria fora predestinada por Deus e, de outro lado, as dificuldades inumer\u00e1veis que lhe competia afrontar, n\u00e3o por parte da carne, pois era imaculada, mas por parte do dem\u00f4nio e do mundo, veremos que teria havido motivo muito justo para Ela perder a coragem, se houvesse sido deixada entregue a suas pr\u00f3prias for\u00e7as. [&#8230;]<\/span><\/p>\n<p>&nbsp;<\/p>\n<p style=\"padding-left: 80px;\"><span style=\"font-family: verdana, geneva, sans-serif; color: #003366; font-size: 12pt;\"><span style=\"font-weight: 400;\">Mas, por meio da <span style=\"color: #0000ff;\"><strong><a style=\"color: #0000ff;\" href=\"https:\/\/www.adf.org.br\/home\/maria-mae-da-graca-e-da-salvacao\/\" target=\"_blank\" rel=\"noopener noreferrer\">gra\u00e7a<\/a><\/strong> <\/span>que lhe ser\u00e1 dada quase sem medida pelos m\u00e9ritos de Jesus Cristo, seu Filho, Maria vencer\u00e1 todas as dificuldades, todo perigo e cumprir\u00e1 a \u00e1rdua empresa de cooperar com Cristo, no resgate do g\u00eanero humano. <\/span><\/span><\/p>\n<p><span style=\"font-family: verdana, geneva, sans-serif; color: #000000; font-size: 12pt;\"><span style=\"font-weight: 400;\"><span style=\"color: #ffffff;\">.<\/span><br \/>\n<\/span><\/span><span style=\"font-family: verdana, geneva, sans-serif; color: #000000; font-size: 12pt;\"><span style=\"font-weight: 400;\">Essa gra\u00e7a a tornar\u00e1 inarred\u00e1vel (<\/span><i><span style=\"font-weight: 400;\">firme<\/span><\/i><span style=\"font-weight: 400;\">), qual escolho em meio de um mar tempestuoso e far\u00e1 com que Ela repouse em Deus como uma crian\u00e7a nos bra\u00e7os maternos\u201d (L\u00c9PICIER, 1. c.).<\/span><\/span><\/p>\n<p>&nbsp;<\/p>\n<h3><span style=\"font-family: verdana, geneva, sans-serif; color: #000000; font-size: 12pt;\"><b>d) Dom do Temor<br \/>\n<span style=\"color: #ffffff;\">.<\/span><\/b><\/span><\/h3>\n<p><span style=\"font-weight: 400; font-family: verdana, geneva, sans-serif; color: #000000; font-size: 12pt;\">Grande foi, na realidade, o temor de Maria, por\u00e9m n\u00e3o foi nada servil. <span style=\"color: #003366;\">Com efeito, cheia como era da gra\u00e7a divina e t\u00e3o pura, t\u00e3o santa, que castigo poderia jamais temer?<\/span><br \/>\n<span style=\"color: #ffffff;\">.<\/span><\/span><\/p>\n<p><span style=\"font-weight: 400; font-family: verdana, geneva, sans-serif; color: #000000; font-size: 12pt;\">Nem ao menos houve propriamente nEla aquele temor chamado casto, o qual considera a possibilidade e o perigo de perder Deus com o pecado, pois sabia que, por uma assist\u00eancia especial do Esp\u00edrito Santo, n\u00e3o podia perder a <span style=\"color: #0000ff;\"><a style=\"color: #0000ff;\" href=\"https:\/\/www.adf.org.br\/home\/maria-mae-da-graca-e-da-salvacao\/\" target=\"_blank\" rel=\"noopener noreferrer\"><strong>gra\u00e7a<\/strong><\/a><\/span>; pelo que o temor de Maria, \u00e0 semelhan\u00e7a do temor de que esteve oprimida a pr\u00f3pria alma de Cristo, era um temor reverencial, produzido por um sentimento viv\u00edssimo da majestade infinita de Deus e de seu infinito poder.<\/span><\/p>\n<p>&nbsp;<\/p>\n<h3><span style=\"font-family: verdana, geneva, sans-serif; color: #000000; font-size: 12pt;\"><b>e) Dom da Ci\u00eancia<br \/>\n<\/b><span style=\"color: #ffffff;\">.<\/span><\/span><\/h3>\n<p><span style=\"font-weight: 400; font-family: verdana, geneva, sans-serif; color: #000000; font-size: 12pt;\">\u00c0 M\u00e3e de seu Filho, Deus n\u00e3o s\u00f3 concedeu uma vast\u00edssima ci\u00eancia das coisas sobrenaturais e naturais, mas infundiu tamb\u00e9m aquele instinto divino, com o qual Ela poderia apreciar com seguran\u00e7a o valor das coisas divinas e como todo saber humano converge para a fonte de toda verdade, que \u00e9 Deus.<\/span><\/p>\n<p>&nbsp;<\/p>\n<h3><span style=\"font-family: verdana, geneva, sans-serif; color: #000000; font-size: 12pt;\"><b>f) Dom da Intelig\u00eancia<br \/>\n<\/b><span style=\"color: #ffffff;\">.<\/span><\/span><\/h3>\n<p><span style=\"font-weight: 400; font-family: verdana, geneva, sans-serif; color: #000000; font-size: 12pt;\">\u201cComo o Esp\u00edrito se comprazia em escolher Maria para sua esposa, assim quis tamb\u00e9m adorn\u00e1-la com o precioso dom de intelig\u00eancia, para que, al\u00e9m da luz da f\u00e9 que a iluminou acerca dos mist\u00e9rios, Ela recebesse outros raios de viva luz, destinados a dar-lhe a intelig\u00eancia dos mist\u00e9rios divinos e especialmente daquele glorioso mist\u00e9rio que nEla devia realizar-se (L\u00c9PICIER, 1. c.)\u201d.<\/span><\/p>\n<p>&nbsp;<\/p>\n<h3><span style=\"font-family: verdana, geneva, sans-serif; color: #000000; font-size: 12pt;\"><b>g) Dom da Sabedoria<br \/>\n<\/b><span style=\"color: #ffffff;\">.<\/span><\/span><\/h3>\n<p><span style=\"font-weight: 400; font-family: verdana, geneva, sans-serif; color: #000000; font-size: 12pt;\">\u201cComo Maria recebeu, mais que qualquer outra criatura, uma larga participa\u00e7\u00e3o na virtude da caridade divina, assim tamb\u00e9m possuiu, com inigual\u00e1vel perfei\u00e7\u00e3o, o dom de sabedoria, pelo qual sabia discernir quase por instinto divino as coisas divinas das coisas do mundo, com aquela delicadeza de afeto pr\u00f3pria de todo aquele ama, em todas as suas a\u00e7\u00f5es.<\/span><\/p>\n<p>&nbsp;<\/p>\n<p><span style=\"font-weight: 400; font-family: verdana, geneva, sans-serif; color: #000000; font-size: 12pt;\">Essa celeste sabedoria encheu, em seguida, sua alma de uma do\u00e7ura imensa e infundiu, por fim, em suas obras exteriores um perfume do para\u00edso, pois est\u00e1 escrito que <span style=\"color: #003366;\"><em>\u201cnada de amargo existe no trato da sabedoria e conviver com ela n\u00e3o causa t\u00e9dio, mas consola\u00e7\u00e3o e alegria<\/em><\/span> (L\u00c9PICIER, 1. c.)\u201d.<\/span><\/p>\n<p>&nbsp;<\/p>\n<p style=\"text-align: right;\"><span style=\"font-weight: 400; font-family: verdana, geneva, sans-serif; color: #000000; font-size: 10pt;\">ROSCHINI, G. Instru\u00e7\u00f5es Marianas. Tradu\u00e7\u00e3o de Jos\u00e9 Vicente. S\u00e3o Paulo: Edi\u00e7\u00f5es Paulinas, 1960, p.176-181.<\/span><\/p>\n<p style=\"text-align: right;\"><span style=\"font-family: verdana, geneva, sans-serif; color: #000000; font-size: 10pt;\"><b>Fonte: <\/b><span style=\"color: #0000ff;\"><a style=\"color: #0000ff;\" href=\"http:\/\/mulhercatolica.com\/\" target=\"_blank\" rel=\"noopener noreferrer\"><span style=\"font-weight: 400;\">Mulher Cat\u00f3lica.org<\/span><\/a><\/span><\/span><\/p>\n<p><span style=\"font-family: verdana, geneva, sans-serif; color: #ffffff; font-size: 12pt;\">.<\/span><\/p>\n<hr \/>\n<p><a href=\"https:\/\/adf.org.br\/velario\/medalhamilagrosa?origem=14569\" target=\"_blank\" rel=\"noopener noreferrer\"><img loading=\"lazy\" class=\"aligncenter wp-image-59062 size-full\" src=\"https:\/\/www.adf.org.br\/home\/wp-content\/uploads\/2020\/05\/Vela-da-Medalha-Milagrosa.jpg\" alt=\"Vela de Nossa Senhora das Gra\u00e7as \" width=\"600\" height=\"220\" \/><\/a><\/p>\n<p><span style=\"color: #ffffff;\">.<\/span><\/p>\n<hr \/>\n<p style=\"text-align: center;\"><span style=\"font-family: verdana, geneva, sans-serif; font-size: 14pt; color: #000000;\"><b>Vamos rezar um Ter\u00e7o por voc\u00ea!<\/b><\/span><\/p>\n<p>&nbsp;<\/p>\n<p style=\"text-align: center;\"><span style=\"font-family: verdana, geneva, sans-serif; font-size: 12pt; color: #000000;\"><a href=\"https:\/\/adf.org.br\/terco\/?origem=14569\" target=\"_blank\" rel=\"noopener noreferrer\"><span style=\"color: #0000ff;\"><b><span style=\"color: #0000ff;\">Clique aqui<\/span><\/b><\/span><\/a><b> <\/b><span style=\"font-weight: 400;\">para inscrever seu nome.<\/span><\/span><\/p>\n<p style=\"text-align: center;\"><span style=\"font-family: verdana, geneva, sans-serif; font-size: 12pt; color: #ffffff;\">.<\/span><br \/>\n<span style=\"font-family: verdana, geneva, sans-serif; font-size: 12pt;\"><span style=\"color: #003366;\"><i><span style=\"font-weight: 400;\">\u201c\u00d3 Maria, concebida sem pecado, rogai por n\u00f3s que recorremos a v\u00f3s.\u201d <\/span><\/i><\/span><span style=\"font-weight: 400;\">\ud83d\ude4f\u2764\ufe0f<\/span><\/span><\/p>\n<p style=\"text-align: center;\"><span style=\"color: #ffffff;\">.<\/span><\/p>\n","protected":false},"excerpt":{"rendered":"<p>. O Dia de Pentecostes e os dons do Esp\u00edrito Santo em Maria . Hoje \u00e9 Dia de Pentecostes, a Festa na qual celebramos a descida do Esp\u00edrito Santo sobre os Ap\u00f3stolos de Nosso Senhor Jesus Cristo, em sua amada m\u00e3e, Maria Sant\u00edssima e outros disc\u00edpulos.\u00a0 \u00c9 o aben\u00e7oado momento em que a Igreja \u00e9 [&hellip;]<\/p>\n","protected":false},"author":31,"featured_media":59718,"comment_status":"open","ping_status":"open","sticky":false,"template":"","format":"standard","meta":[],"categories":[20,2332],"tags":[1102,357,2986,3433,1099,3434,3435,348,90,504,133,646,38,3436,1133,470],"yoast_head":"<!-- This site is optimized with the Yoast SEO plugin v17.4 - https:\/\/yoast.com\/wordpress\/plugins\/seo\/ -->\n<title>O Dia de Pentecostes e os dons do Esp\u00edrito Santo em Maria - ADF 2020<\/title>\n<meta name=\"description\" content=\"O Dia de Pentecostes e os dons do Esp\u00edrito Santo em Maria - Descubra aqui como os dons do Esp\u00edrito Santo s\u00e3o manifestados em Nossa Senhora.\" \/>\n<meta name=\"robots\" content=\"index, follow, max-snippet:-1, max-image-preview:large, max-video-preview:-1\" \/>\n<link rel=\"canonical\" href=\"https:\/\/www.adf.org.br\/home\/o-dia-de-pentecostes-e-os-dons-do-espirito-santo-em-maria\/\" \/>\n<meta property=\"og:locale\" content=\"pt_BR\" \/>\n<meta property=\"og:type\" content=\"article\" \/>\n<meta property=\"og:title\" content=\"O Dia de Pentecostes e os dons do Esp\u00edrito Santo em Maria - ADF 2020\" \/>\n<meta property=\"og:description\" content=\"O Dia de Pentecostes e os dons do Esp\u00edrito Santo em Maria - Descubra aqui como os dons do Esp\u00edrito Santo s\u00e3o manifestados em Nossa Senhora.\" \/>\n<meta property=\"og:url\" content=\"https:\/\/www.adf.org.br\/home\/o-dia-de-pentecostes-e-os-dons-do-espirito-santo-em-maria\/\" \/>\n<meta property=\"og:site_name\" content=\"Associa\u00e7\u00e3o Devotos de F\u00e1tima\" \/>\n<meta property=\"article:published_time\" content=\"2020-05-31T10:00:38+00:00\" \/>\n<meta property=\"article:modified_time\" content=\"2020-06-09T17:41:21+00:00\" \/>\n<meta property=\"og:image\" content=\"https:\/\/www.adf.org.br\/home\/wp-content\/uploads\/2020\/05\/dia-de-pentescostes.jpg\" \/>\n\t<meta property=\"og:image:width\" content=\"600\" \/>\n\t<meta property=\"og:image:height\" content=\"353\" \/>\n<meta name=\"twitter:card\" content=\"summary_large_image\" \/>\n<meta name=\"twitter:label1\" content=\"Escrito por\" \/>\n\t<meta name=\"twitter:data1\" content=\"Gabriel Barbosa\" \/>\n\t<meta name=\"twitter:label2\" content=\"Est. tempo de leitura\" \/>\n\t<meta name=\"twitter:data2\" content=\"5 minutos\" \/>\n<script type=\"application\/ld+json\" class=\"yoast-schema-graph\">{\"@context\":\"https:\/\/schema.org\",\"@graph\":[{\"@type\":\"WebSite\",\"@id\":\"https:\/\/www.adf.org.br\/home\/#website\",\"url\":\"https:\/\/www.adf.org.br\/home\/\",\"name\":\"Associa\\u00e7\\u00e3o Devotos de F\\u00e1tima\",\"description\":\"Associa\\u00e7\\u00e3o Devotos de F\\u00e1tima\",\"potentialAction\":[{\"@type\":\"SearchAction\",\"target\":{\"@type\":\"EntryPoint\",\"urlTemplate\":\"https:\/\/www.adf.org.br\/home\/?s={search_term_string}\"},\"query-input\":\"required name=search_term_string\"}],\"inLanguage\":\"pt-BR\"},{\"@type\":\"ImageObject\",\"@id\":\"https:\/\/www.adf.org.br\/home\/o-dia-de-pentecostes-e-os-dons-do-espirito-santo-em-maria\/#primaryimage\",\"inLanguage\":\"pt-BR\",\"url\":\"https:\/\/www.adf.org.br\/home\/wp-content\/uploads\/2020\/05\/dia-de-pentescostes.jpg\",\"contentUrl\":\"https:\/\/www.adf.org.br\/home\/wp-content\/uploads\/2020\/05\/dia-de-pentescostes.jpg\",\"width\":600,\"height\":353},{\"@type\":\"WebPage\",\"@id\":\"https:\/\/www.adf.org.br\/home\/o-dia-de-pentecostes-e-os-dons-do-espirito-santo-em-maria\/#webpage\",\"url\":\"https:\/\/www.adf.org.br\/home\/o-dia-de-pentecostes-e-os-dons-do-espirito-santo-em-maria\/\",\"name\":\"O Dia de Pentecostes e os dons do Esp\\u00edrito Santo em Maria - ADF 2020\",\"isPartOf\":{\"@id\":\"https:\/\/www.adf.org.br\/home\/#website\"},\"primaryImageOfPage\":{\"@id\":\"https:\/\/www.adf.org.br\/home\/o-dia-de-pentecostes-e-os-dons-do-espirito-santo-em-maria\/#primaryimage\"},\"datePublished\":\"2020-05-31T10:00:38+00:00\",\"dateModified\":\"2020-06-09T17:41:21+00:00\",\"author\":{\"@id\":\"https:\/\/www.adf.org.br\/home\/#\/schema\/person\/f35a5c5aa7728a3dedf4ea9aa1fc2753\"},\"description\":\"O Dia de Pentecostes e os dons do Esp\\u00edrito Santo em Maria - Descubra aqui como os dons do Esp\\u00edrito Santo s\\u00e3o manifestados em Nossa Senhora.\",\"breadcrumb\":{\"@id\":\"https:\/\/www.adf.org.br\/home\/o-dia-de-pentecostes-e-os-dons-do-espirito-santo-em-maria\/#breadcrumb\"},\"inLanguage\":\"pt-BR\",\"potentialAction\":[{\"@type\":\"ReadAction\",\"target\":[\"https:\/\/www.adf.org.br\/home\/o-dia-de-pentecostes-e-os-dons-do-espirito-santo-em-maria\/\"]}]},{\"@type\":\"BreadcrumbList\",\"@id\":\"https:\/\/www.adf.org.br\/home\/o-dia-de-pentecostes-e-os-dons-do-espirito-santo-em-maria\/#breadcrumb\",\"itemListElement\":[{\"@type\":\"ListItem\",\"position\":1,\"name\":\"Home\",\"item\":\"https:\/\/www.adf.org.br\/home\/\"},{\"@type\":\"ListItem\",\"position\":2,\"name\":\"O Dia de Pentecostes e os dons do Esp\\u00edrito Santo em Maria\"}]},{\"@type\":\"Person\",\"@id\":\"https:\/\/www.adf.org.br\/home\/#\/schema\/person\/f35a5c5aa7728a3dedf4ea9aa1fc2753\",\"name\":\"Gabriel Barbosa\",\"image\":{\"@type\":\"ImageObject\",\"@id\":\"https:\/\/www.adf.org.br\/home\/#personlogo\",\"inLanguage\":\"pt-BR\",\"url\":\"https:\/\/secure.gravatar.com\/avatar\/2b2cb2f4637682c5605e8d36818f51ef?s=96&d=mm&r=g\",\"contentUrl\":\"https:\/\/secure.gravatar.com\/avatar\/2b2cb2f4637682c5605e8d36818f51ef?s=96&d=mm&r=g\",\"caption\":\"Gabriel Barbosa\"},\"url\":\"https:\/\/www.adf.org.br\/home\/author\/gabrielpmk-com-br\/\"}]}<\/script>\n<!-- \/ Yoast SEO plugin. -->","yoast_head_json":{"title":"O Dia de Pentecostes e os dons do Esp\u00edrito Santo em Maria - ADF 2020","description":"O Dia de Pentecostes e os dons do Esp\u00edrito Santo em Maria - Descubra aqui como os dons do Esp\u00edrito Santo s\u00e3o manifestados em Nossa Senhora.","robots":{"index":"index","follow":"follow","max-snippet":"max-snippet:-1","max-image-preview":"max-image-preview:large","max-video-preview":"max-video-preview:-1"},"canonical":"https:\/\/www.adf.org.br\/home\/o-dia-de-pentecostes-e-os-dons-do-espirito-santo-em-maria\/","og_locale":"pt_BR","og_type":"article","og_title":"O Dia de Pentecostes e os dons do Esp\u00edrito Santo em Maria - ADF 2020","og_description":"O Dia de Pentecostes e os dons do Esp\u00edrito Santo em Maria - Descubra aqui como os dons do Esp\u00edrito Santo s\u00e3o manifestados em Nossa Senhora.","og_url":"https:\/\/www.adf.org.br\/home\/o-dia-de-pentecostes-e-os-dons-do-espirito-santo-em-maria\/","og_site_name":"Associa\u00e7\u00e3o Devotos de F\u00e1tima","article_published_time":"2020-05-31T10:00:38+00:00","article_modified_time":"2020-06-09T17:41:21+00:00","og_image":[{"width":600,"height":353,"url":"https:\/\/www.adf.org.br\/home\/wp-content\/uploads\/2020\/05\/dia-de-pentescostes.jpg","type":"image\/jpeg"}],"twitter_card":"summary_large_image","twitter_misc":{"Escrito por":"Gabriel Barbosa","Est. tempo de leitura":"5 minutos"},"schema":{"@context":"https:\/\/schema.org","@graph":[{"@type":"WebSite","@id":"https:\/\/www.adf.org.br\/home\/#website","url":"https:\/\/www.adf.org.br\/home\/","name":"Associa\u00e7\u00e3o Devotos de F\u00e1tima","description":"Associa\u00e7\u00e3o Devotos de F\u00e1tima","potentialAction":[{"@type":"SearchAction","target":{"@type":"EntryPoint","urlTemplate":"https:\/\/www.adf.org.br\/home\/?s={search_term_string}"},"query-input":"required name=search_term_string"}],"inLanguage":"pt-BR"},{"@type":"ImageObject","@id":"https:\/\/www.adf.org.br\/home\/o-dia-de-pentecostes-e-os-dons-do-espirito-santo-em-maria\/#primaryimage","inLanguage":"pt-BR","url":"https:\/\/www.adf.org.br\/home\/wp-content\/uploads\/2020\/05\/dia-de-pentescostes.jpg","contentUrl":"https:\/\/www.adf.org.br\/home\/wp-content\/uploads\/2020\/05\/dia-de-pentescostes.jpg","width":600,"height":353},{"@type":"WebPage","@id":"https:\/\/www.adf.org.br\/home\/o-dia-de-pentecostes-e-os-dons-do-espirito-santo-em-maria\/#webpage","url":"https:\/\/www.adf.org.br\/home\/o-dia-de-pentecostes-e-os-dons-do-espirito-santo-em-maria\/","name":"O Dia de Pentecostes e os dons do Esp\u00edrito Santo em Maria - ADF 2020","isPartOf":{"@id":"https:\/\/www.adf.org.br\/home\/#website"},"primaryImageOfPage":{"@id":"https:\/\/www.adf.org.br\/home\/o-dia-de-pentecostes-e-os-dons-do-espirito-santo-em-maria\/#primaryimage"},"datePublished":"2020-05-31T10:00:38+00:00","dateModified":"2020-06-09T17:41:21+00:00","author":{"@id":"https:\/\/www.adf.org.br\/home\/#\/schema\/person\/f35a5c5aa7728a3dedf4ea9aa1fc2753"},"description":"O Dia de Pentecostes e os dons do Esp\u00edrito Santo em Maria - Descubra aqui como os dons do Esp\u00edrito Santo s\u00e3o manifestados em Nossa Senhora.","breadcrumb":{"@id":"https:\/\/www.adf.org.br\/home\/o-dia-de-pentecostes-e-os-dons-do-espirito-santo-em-maria\/#breadcrumb"},"inLanguage":"pt-BR","potentialAction":[{"@type":"ReadAction","target":["https:\/\/www.adf.org.br\/home\/o-dia-de-pentecostes-e-os-dons-do-espirito-santo-em-maria\/"]}]},{"@type":"BreadcrumbList","@id":"https:\/\/www.adf.org.br\/home\/o-dia-de-pentecostes-e-os-dons-do-espirito-santo-em-maria\/#breadcrumb","itemListElement":[{"@type":"ListItem","position":1,"name":"Home","item":"https:\/\/www.adf.org.br\/home\/"},{"@type":"ListItem","position":2,"name":"O Dia de Pentecostes e os dons do Esp\u00edrito Santo em Maria"}]},{"@type":"Person","@id":"https:\/\/www.adf.org.br\/home\/#\/schema\/person\/f35a5c5aa7728a3dedf4ea9aa1fc2753","name":"Gabriel Barbosa","image":{"@type":"ImageObject","@id":"https:\/\/www.adf.org.br\/home\/#personlogo","inLanguage":"pt-BR","url":"https:\/\/secure.gravatar.com\/avatar\/2b2cb2f4637682c5605e8d36818f51ef?s=96&d=mm&r=g","contentUrl":"https:\/\/secure.gravatar.com\/avatar\/2b2cb2f4637682c5605e8d36818f51ef?s=96&d=mm&r=g","caption":"Gabriel Barbosa"},"url":"https:\/\/www.adf.org.br\/home\/author\/gabrielpmk-com-br\/"}]}},"_links":{"self":[{"href":"https:\/\/www.adf.org.br\/home\/wp-json\/wp\/v2\/posts\/59176"}],"collection":[{"href":"https:\/\/www.adf.org.br\/home\/wp-json\/wp\/v2\/posts"}],"about":[{"href":"https:\/\/www.adf.org.br\/home\/wp-json\/wp\/v2\/types\/post"}],"author":[{"embeddable":true,"href":"https:\/\/www.adf.org.br\/home\/wp-json\/wp\/v2\/users\/31"}],"replies":[{"embeddable":true,"href":"https:\/\/www.adf.org.br\/home\/wp-json\/wp\/v2\/comments?post=59176"}],"version-history":[{"count":1,"href":"https:\/\/www.adf.org.br\/home\/wp-json\/wp\/v2\/posts\/59176\/revisions"}],"predecessor-version":[{"id":59719,"href":"https:\/\/www.adf.org.br\/home\/wp-json\/wp\/v2\/posts\/59176\/revisions\/59719"}],"wp:featuredmedia":[{"embeddable":true,"href":"https:\/\/www.adf.org.br\/home\/wp-json\/wp\/v2\/media\/59718"}],"wp:attachment":[{"href":"https:\/\/www.adf.org.br\/home\/wp-json\/wp\/v2\/media?parent=59176"}],"wp:term":[{"taxonomy":"category","embeddable":true,"href":"https:\/\/www.adf.org.br\/home\/wp-json\/wp\/v2\/categories?post=59176"},{"taxonomy":"post_tag","embeddable":true,"href":"https:\/\/www.adf.org.br\/home\/wp-json\/wp\/v2\/tags?post=59176"}],"curies":[{"name":"wp","href":"https:\/\/api.w.org\/{rel}","templated":true}]}}