{"id":58989,"date":"2021-01-25T00:30:40","date_gmt":"2021-01-25T03:30:40","guid":{"rendered":"http:\/\/www.adf.org.br\/home\/?p=58989"},"modified":"2021-01-19T19:46:41","modified_gmt":"2021-01-19T22:46:41","slug":"de-maos-dadas-com-a-virgem-maria","status":"publish","type":"post","link":"https:\/\/www.adf.org.br\/home\/de-maos-dadas-com-a-virgem-maria\/","title":{"rendered":"De m\u00e3os dadas com a Virgem Maria"},"content":{"rendered":"<h3><a href=\"https:\/\/adf.org.br\/velario\/gracas?origem=17493\" target=\"_blank\" rel=\"noopener noreferrer\"><img loading=\"lazy\" class=\"aligncenter wp-image-59018 size-full\" src=\"https:\/\/www.adf.org.br\/home\/wp-content\/uploads\/2020\/05\/Rezar-4-Imagem-Destacada.jpg\" alt=\"Mulher rezando para Nossa Senhora no texto De m\u00e3os dadas com a Virgem Maria\" width=\"620\" height=\"393\" \/><\/a><\/h3>\n<h3><span style=\"color: #ffffff;\">.<\/span><\/h3>\n<h3 style=\"text-align: center;\"><strong><span style=\"font-family: verdana, geneva, sans-serif; font-size: 14pt; color: #003366;\">De m\u00e3os dadas com a Virgem Maria<\/span><\/strong><\/h3>\n<p>&nbsp;<\/p>\n<p><span style=\"font-size: 18pt; color: #000000;\">J<\/span><span style=\"color: #000000; font-family: verdana, geneva, sans-serif; font-size: 12pt;\">esus nos deu sua m\u00e3e. E n\u00e3o a qualquer momento: pouco antes de morrer.<\/span><\/p>\n<p>&nbsp;<\/p>\n<blockquote>\n<p style=\"padding-left: 40px;\"><span style=\"color: #003366; font-family: verdana, geneva, sans-serif; font-size: 12pt;\"><em><span style=\"font-weight: 400;\">\u00a0\u201cQuando viu a m\u00e3e e perto dela o disc\u00edpulo a quem Ele amava, <strong>Jesus disse-lhe<\/strong>: <\/span><span style=\"font-weight: 400;\">\u2018Mulher, aqui est\u00e1 o seu filho.\u2019<\/span><span style=\"font-weight: 400;\"> Ent\u00e3o ele disse ao disc\u00edpulo: <\/span><span style=\"font-weight: 400;\">\u2018Aqui est\u00e1 a sua m\u00e3e\u2019<\/span><span style=\"font-weight: 400;\">. <\/span><b>E a partir desse momento, o disc\u00edpulo a recebeu em sua casa<\/b><\/em><span style=\"font-weight: 400;\"><em>.\u201d<\/em> (Jo 19,26-27)<\/span><\/span><\/p>\n<\/blockquote>\n<p>&nbsp;<\/p>\n<p><span style=\"color: #000000; font-family: verdana, geneva, sans-serif; font-size: 12pt;\"><span style=\"font-weight: 400;\">Na Cruz, Maria tornou-se <\/span><span style=\"font-weight: 400;\">m\u00e3e da Igreja<\/span><span style=\"font-weight: 400;\"><span style=\"color: #000000;\">.<\/span> Ela nos \u00e9 dada para que o sinal discreto da considera\u00e7\u00e3o do Pai esteja pr\u00f3ximo de n\u00f3s, para nos levar \u00e0 Jesus, para nos abrir \u00e0 a\u00e7\u00e3o do Esp\u00edrito Santo. Ela mesma, a Imaculada, esteve dispon\u00edvel durante toda a sua vida.<\/span><\/span><\/p>\n<p>&nbsp;<\/p>\n<p><span style=\"font-weight: 400; color: #000000; font-family: verdana, geneva, sans-serif; font-size: 12pt;\">Na Terra, Maria cuidou de Jesus como a melhor e mais amorosa das m\u00e3es. N\u00e3o tenhamos nenhuma d\u00favida que ela cuida de n\u00f3s da mesma maneira.<\/span><\/p>\n<p>&nbsp;<\/p>\n<p><span style=\"color: #000000; font-family: verdana, geneva, sans-serif; font-size: 12pt;\"><b>Ter o apoio da Virgem Maria para caminhar em dire\u00e7\u00e3o \u00e0 Jesus<\/b><\/span><\/p>\n<p>&nbsp;<\/p>\n<p><span style=\"font-weight: 400; color: #000000; font-family: verdana, geneva, sans-serif; font-size: 12pt;\">Vamos perguntar \u00e0 Ele, confiar-lhe todas as nossas intranquilidades, pequenas ou grandes, todas as nossas preocupa\u00e7\u00f5es, das mais espirituais \u00e0s mais prosaicas (<em>simples<\/em>): <strong>nossas dificuldades em rezar<\/strong>, por exemplo, ou nossos problemas familiares, e at\u00e9 as quest\u00f5es meramente materiais que atormentam nosso esp\u00edrito.<\/span><\/p>\n<p>&nbsp;<\/p>\n<blockquote>\n<p style=\"padding-left: 40px;\"><em><span style=\"color: #003366; font-family: verdana, geneva, sans-serif; font-size: 12pt;\"><b>A Virgem Maria est\u00e1 atenta \u00e0s nossas necessidades<\/b><span style=\"font-weight: 400;\">, assim como ela esteve para os convidados de Can\u00e1. E, como em Can\u00e1, ela intercede por n\u00f3s (Jo 2) <\/span><b>e leva at\u00e9 Jesus todos os nossos pedidos e todas as nossas ora\u00e7\u00f5es<\/b><span style=\"font-weight: 400;\">.<\/span><\/span><\/em><\/p>\n<\/blockquote>\n<p>&nbsp;<\/p>\n<p><span style=\"color: #000000; font-family: verdana, geneva, sans-serif; font-size: 12pt;\"><span style=\"font-weight: 400;\">Quando rezamos o ter\u00e7o e repetimos:<\/span><strong><i> \u201cAve Maria, cheia de gra\u00e7a\u201d<\/i><\/strong><span style=\"font-weight: 400;\">, somos como crian\u00e7as que precisam dar as m\u00e3os \u00e0 m\u00e3e para seguir em frente. Confiamos na intercess\u00e3o de Maria, confiamos nela para caminhar em dire\u00e7\u00e3o \u00e0 Jesus.<\/span><\/span><\/p>\n<p>&nbsp;<\/p>\n<p><span style=\"font-weight: 400; color: #000000; font-family: verdana, geneva, sans-serif; font-size: 12pt;\">Deixamo-nos levar pela sua ora\u00e7\u00e3o. Para uma crian\u00e7a, ser carregado pela sua m\u00e3e \u00e9 a melhor maneira de se mover rapidamente, sem risco de cair, principalmente quando est\u00e1 cansado ou n\u00e3o sabe o caminho.<br \/>\n<span style=\"color: #ffffff;\">.<\/span><\/span><\/p>\n<p><span style=\"font-weight: 400; color: #000000; font-family: verdana, geneva, sans-serif; font-size: 12pt;\">Christine Ponsard<br \/>\n<span style=\"color: #ffffff;\">.<\/span><\/span><\/p>\n<p style=\"text-align: right;\"><span style=\"color: #000000; font-family: verdana, geneva, sans-serif; font-size: 10pt;\"><b>Fonte: <\/b><span style=\"font-weight: 400;\">Texto de Edifa &#8211; <\/span><span style=\"color: #0000ff;\"><span style=\"font-weight: 400; color: #000000;\">Aleteia<\/span><br \/>\n<span style=\"color: #ffffff;\">.<\/span><\/span><\/span><\/p>\n<hr \/>\n<h3 style=\"text-align: center;\"><span style=\"color: #003366; font-family: verdana, geneva, sans-serif; font-size: 12pt;\"><b>Um Ter\u00e7o Rezado por Voc\u00ea<\/b><\/span><\/h3>\n<p>&nbsp;<\/p>\n<p style=\"text-align: center;\"><span style=\"color: #000000; font-family: verdana, geneva, sans-serif; font-size: 12pt;\"><a href=\"https:\/\/adf.org.br\/terco\/?origem=17493\" target=\"_blank\" rel=\"noopener noreferrer\"><span style=\"color: #0000ff;\"><b>Clique aqui<\/b><\/span><\/a><b> <\/b><span style=\"font-weight: 400;\">para deixar seu nome nas <\/span><b>Ora\u00e7\u00f5es do Ter\u00e7o<\/b><span style=\"font-weight: 400;\"> que ser\u00e1 rezado no pr\u00f3ximo s\u00e1bado, por religiosos e volunt\u00e1rios que apoiam nossas obras de evangeliza\u00e7\u00e3o.\u00a0<\/span><\/span><\/p>\n<p>&nbsp;<\/p>\n<p style=\"text-align: center;\"><strong><span style=\"color: #003366; font-family: verdana, geneva, sans-serif; font-size: 12pt;\"><i>\u201c\u00d3 Maria concebida sem pecado, rogai por n\u00f3s que recorremos a V\u00f3s.\u201d <\/i>\u00a0<\/span><\/strong><\/p>\n<p>&nbsp;<\/p>\n<hr \/>\n<p><a href=\"https:\/\/adf.org.br\/velario\/gracas?origem=17493\" target=\"_blank\" rel=\"noopener noreferrer\"><img loading=\"lazy\" class=\"aligncenter wp-image-58990 size-full\" src=\"https:\/\/www.adf.org.br\/home\/wp-content\/uploads\/2020\/05\/Vela-de-Nossa-Senhora-das-Gra\u00e7as.jpg\" alt=\"Vela de Nossa Senhora das Gra\u00e7as\" width=\"600\" height=\"350\" \/><\/a><span style=\"color: #ffffff;\">.<\/span><\/p>\n","protected":false},"excerpt":{"rendered":"<p>. De m\u00e3os dadas com a Virgem Maria &nbsp; Jesus nos deu sua m\u00e3e. E n\u00e3o a qualquer momento: pouco antes de morrer. &nbsp; \u00a0\u201cQuando viu a m\u00e3e e perto dela o disc\u00edpulo a quem Ele amava, Jesus disse-lhe: \u2018Mulher, aqui est\u00e1 o seu filho.\u2019 Ent\u00e3o ele disse ao disc\u00edpulo: \u2018Aqui est\u00e1 a sua m\u00e3e\u2019. [&hellip;]<\/p>\n","protected":false},"author":31,"featured_media":61229,"comment_status":"open","ping_status":"open","sticky":false,"template":"","format":"standard","meta":[],"categories":[20,2311,50,2332],"tags":[10,2110,3040,3378,1830,3037,247,2288,504,133,3226,646,139,38,3038,324,3160,470],"yoast_head":"<!-- This site is optimized with the Yoast SEO plugin v17.4 - https:\/\/yoast.com\/wordpress\/plugins\/seo\/ -->\n<title>De m\u00e3os dadas com a Virgem Maria<\/title>\n<meta name=\"description\" content=\"De m\u00e3os dadas com a Virgem Maria - Em tempos de pandemia de coronav\u00edrus, essa mensagem vai fortalecer voc\u00ea de confian\u00e7a em Nossa Senhora. Confira!\" \/>\n<meta name=\"robots\" content=\"index, follow, max-snippet:-1, max-image-preview:large, max-video-preview:-1\" \/>\n<link rel=\"canonical\" href=\"https:\/\/www.adf.org.br\/home\/de-maos-dadas-com-a-virgem-maria\/\" \/>\n<meta property=\"og:locale\" content=\"pt_BR\" \/>\n<meta property=\"og:type\" content=\"article\" \/>\n<meta property=\"og:title\" content=\"De m\u00e3os dadas com a Virgem Maria\" \/>\n<meta property=\"og:description\" content=\"De m\u00e3os dadas com a Virgem Maria - Em tempos de pandemia de coronav\u00edrus, essa mensagem vai fortalecer voc\u00ea de confian\u00e7a em Nossa Senhora. Confira!\" \/>\n<meta property=\"og:url\" content=\"https:\/\/www.adf.org.br\/home\/de-maos-dadas-com-a-virgem-maria\/\" \/>\n<meta property=\"og:site_name\" content=\"Associa\u00e7\u00e3o Devotos de F\u00e1tima\" \/>\n<meta property=\"article:published_time\" content=\"2021-01-25T03:30:40+00:00\" \/>\n<meta property=\"article:modified_time\" content=\"2021-01-19T22:46:41+00:00\" \/>\n<meta property=\"og:image\" content=\"https:\/\/www.adf.org.br\/home\/wp-content\/uploads\/2020\/08\/testemunhos.jpg\" \/>\n\t<meta property=\"og:image:width\" content=\"620\" \/>\n\t<meta property=\"og:image:height\" content=\"393\" \/>\n<meta name=\"twitter:card\" content=\"summary_large_image\" \/>\n<meta name=\"twitter:label1\" content=\"Escrito por\" \/>\n\t<meta name=\"twitter:data1\" content=\"Gabriel Barbosa\" \/>\n\t<meta name=\"twitter:label2\" content=\"Est. tempo de leitura\" \/>\n\t<meta name=\"twitter:data2\" content=\"2 minutos\" \/>\n<script type=\"application\/ld+json\" class=\"yoast-schema-graph\">{\"@context\":\"https:\/\/schema.org\",\"@graph\":[{\"@type\":\"WebSite\",\"@id\":\"https:\/\/www.adf.org.br\/home\/#website\",\"url\":\"https:\/\/www.adf.org.br\/home\/\",\"name\":\"Associa\\u00e7\\u00e3o Devotos de F\\u00e1tima\",\"description\":\"Associa\\u00e7\\u00e3o Devotos de F\\u00e1tima\",\"potentialAction\":[{\"@type\":\"SearchAction\",\"target\":{\"@type\":\"EntryPoint\",\"urlTemplate\":\"https:\/\/www.adf.org.br\/home\/?s={search_term_string}\"},\"query-input\":\"required name=search_term_string\"}],\"inLanguage\":\"pt-BR\"},{\"@type\":\"ImageObject\",\"@id\":\"https:\/\/www.adf.org.br\/home\/de-maos-dadas-com-a-virgem-maria\/#primaryimage\",\"inLanguage\":\"pt-BR\",\"url\":\"https:\/\/www.adf.org.br\/home\/wp-content\/uploads\/2020\/08\/testemunhos.jpg\",\"contentUrl\":\"https:\/\/www.adf.org.br\/home\/wp-content\/uploads\/2020\/08\/testemunhos.jpg\",\"width\":620,\"height\":393},{\"@type\":\"WebPage\",\"@id\":\"https:\/\/www.adf.org.br\/home\/de-maos-dadas-com-a-virgem-maria\/#webpage\",\"url\":\"https:\/\/www.adf.org.br\/home\/de-maos-dadas-com-a-virgem-maria\/\",\"name\":\"De m\\u00e3os dadas com a Virgem Maria\",\"isPartOf\":{\"@id\":\"https:\/\/www.adf.org.br\/home\/#website\"},\"primaryImageOfPage\":{\"@id\":\"https:\/\/www.adf.org.br\/home\/de-maos-dadas-com-a-virgem-maria\/#primaryimage\"},\"datePublished\":\"2021-01-25T03:30:40+00:00\",\"dateModified\":\"2021-01-19T22:46:41+00:00\",\"author\":{\"@id\":\"https:\/\/www.adf.org.br\/home\/#\/schema\/person\/f35a5c5aa7728a3dedf4ea9aa1fc2753\"},\"description\":\"De m\\u00e3os dadas com a Virgem Maria - Em tempos de pandemia de coronav\\u00edrus, essa mensagem vai fortalecer voc\\u00ea de confian\\u00e7a em Nossa Senhora. Confira!\",\"breadcrumb\":{\"@id\":\"https:\/\/www.adf.org.br\/home\/de-maos-dadas-com-a-virgem-maria\/#breadcrumb\"},\"inLanguage\":\"pt-BR\",\"potentialAction\":[{\"@type\":\"ReadAction\",\"target\":[\"https:\/\/www.adf.org.br\/home\/de-maos-dadas-com-a-virgem-maria\/\"]}]},{\"@type\":\"BreadcrumbList\",\"@id\":\"https:\/\/www.adf.org.br\/home\/de-maos-dadas-com-a-virgem-maria\/#breadcrumb\",\"itemListElement\":[{\"@type\":\"ListItem\",\"position\":1,\"name\":\"Home\",\"item\":\"https:\/\/www.adf.org.br\/home\/\"},{\"@type\":\"ListItem\",\"position\":2,\"name\":\"De m\\u00e3os dadas com a Virgem Maria\"}]},{\"@type\":\"Person\",\"@id\":\"https:\/\/www.adf.org.br\/home\/#\/schema\/person\/f35a5c5aa7728a3dedf4ea9aa1fc2753\",\"name\":\"Gabriel Barbosa\",\"image\":{\"@type\":\"ImageObject\",\"@id\":\"https:\/\/www.adf.org.br\/home\/#personlogo\",\"inLanguage\":\"pt-BR\",\"url\":\"https:\/\/secure.gravatar.com\/avatar\/2b2cb2f4637682c5605e8d36818f51ef?s=96&d=mm&r=g\",\"contentUrl\":\"https:\/\/secure.gravatar.com\/avatar\/2b2cb2f4637682c5605e8d36818f51ef?s=96&d=mm&r=g\",\"caption\":\"Gabriel Barbosa\"},\"url\":\"https:\/\/www.adf.org.br\/home\/author\/gabrielpmk-com-br\/\"}]}<\/script>\n<!-- \/ Yoast SEO plugin. -->","yoast_head_json":{"title":"De m\u00e3os dadas com a Virgem Maria","description":"De m\u00e3os dadas com a Virgem Maria - Em tempos de pandemia de coronav\u00edrus, essa mensagem vai fortalecer voc\u00ea de confian\u00e7a em Nossa Senhora. Confira!","robots":{"index":"index","follow":"follow","max-snippet":"max-snippet:-1","max-image-preview":"max-image-preview:large","max-video-preview":"max-video-preview:-1"},"canonical":"https:\/\/www.adf.org.br\/home\/de-maos-dadas-com-a-virgem-maria\/","og_locale":"pt_BR","og_type":"article","og_title":"De m\u00e3os dadas com a Virgem Maria","og_description":"De m\u00e3os dadas com a Virgem Maria - Em tempos de pandemia de coronav\u00edrus, essa mensagem vai fortalecer voc\u00ea de confian\u00e7a em Nossa Senhora. Confira!","og_url":"https:\/\/www.adf.org.br\/home\/de-maos-dadas-com-a-virgem-maria\/","og_site_name":"Associa\u00e7\u00e3o Devotos de F\u00e1tima","article_published_time":"2021-01-25T03:30:40+00:00","article_modified_time":"2021-01-19T22:46:41+00:00","og_image":[{"width":620,"height":393,"url":"https:\/\/www.adf.org.br\/home\/wp-content\/uploads\/2020\/08\/testemunhos.jpg","type":"image\/jpeg"}],"twitter_card":"summary_large_image","twitter_misc":{"Escrito por":"Gabriel Barbosa","Est. tempo de leitura":"2 minutos"},"schema":{"@context":"https:\/\/schema.org","@graph":[{"@type":"WebSite","@id":"https:\/\/www.adf.org.br\/home\/#website","url":"https:\/\/www.adf.org.br\/home\/","name":"Associa\u00e7\u00e3o Devotos de F\u00e1tima","description":"Associa\u00e7\u00e3o Devotos de F\u00e1tima","potentialAction":[{"@type":"SearchAction","target":{"@type":"EntryPoint","urlTemplate":"https:\/\/www.adf.org.br\/home\/?s={search_term_string}"},"query-input":"required name=search_term_string"}],"inLanguage":"pt-BR"},{"@type":"ImageObject","@id":"https:\/\/www.adf.org.br\/home\/de-maos-dadas-com-a-virgem-maria\/#primaryimage","inLanguage":"pt-BR","url":"https:\/\/www.adf.org.br\/home\/wp-content\/uploads\/2020\/08\/testemunhos.jpg","contentUrl":"https:\/\/www.adf.org.br\/home\/wp-content\/uploads\/2020\/08\/testemunhos.jpg","width":620,"height":393},{"@type":"WebPage","@id":"https:\/\/www.adf.org.br\/home\/de-maos-dadas-com-a-virgem-maria\/#webpage","url":"https:\/\/www.adf.org.br\/home\/de-maos-dadas-com-a-virgem-maria\/","name":"De m\u00e3os dadas com a Virgem Maria","isPartOf":{"@id":"https:\/\/www.adf.org.br\/home\/#website"},"primaryImageOfPage":{"@id":"https:\/\/www.adf.org.br\/home\/de-maos-dadas-com-a-virgem-maria\/#primaryimage"},"datePublished":"2021-01-25T03:30:40+00:00","dateModified":"2021-01-19T22:46:41+00:00","author":{"@id":"https:\/\/www.adf.org.br\/home\/#\/schema\/person\/f35a5c5aa7728a3dedf4ea9aa1fc2753"},"description":"De m\u00e3os dadas com a Virgem Maria - Em tempos de pandemia de coronav\u00edrus, essa mensagem vai fortalecer voc\u00ea de confian\u00e7a em Nossa Senhora. Confira!","breadcrumb":{"@id":"https:\/\/www.adf.org.br\/home\/de-maos-dadas-com-a-virgem-maria\/#breadcrumb"},"inLanguage":"pt-BR","potentialAction":[{"@type":"ReadAction","target":["https:\/\/www.adf.org.br\/home\/de-maos-dadas-com-a-virgem-maria\/"]}]},{"@type":"BreadcrumbList","@id":"https:\/\/www.adf.org.br\/home\/de-maos-dadas-com-a-virgem-maria\/#breadcrumb","itemListElement":[{"@type":"ListItem","position":1,"name":"Home","item":"https:\/\/www.adf.org.br\/home\/"},{"@type":"ListItem","position":2,"name":"De m\u00e3os dadas com a Virgem Maria"}]},{"@type":"Person","@id":"https:\/\/www.adf.org.br\/home\/#\/schema\/person\/f35a5c5aa7728a3dedf4ea9aa1fc2753","name":"Gabriel Barbosa","image":{"@type":"ImageObject","@id":"https:\/\/www.adf.org.br\/home\/#personlogo","inLanguage":"pt-BR","url":"https:\/\/secure.gravatar.com\/avatar\/2b2cb2f4637682c5605e8d36818f51ef?s=96&d=mm&r=g","contentUrl":"https:\/\/secure.gravatar.com\/avatar\/2b2cb2f4637682c5605e8d36818f51ef?s=96&d=mm&r=g","caption":"Gabriel Barbosa"},"url":"https:\/\/www.adf.org.br\/home\/author\/gabrielpmk-com-br\/"}]}},"_links":{"self":[{"href":"https:\/\/www.adf.org.br\/home\/wp-json\/wp\/v2\/posts\/58989"}],"collection":[{"href":"https:\/\/www.adf.org.br\/home\/wp-json\/wp\/v2\/posts"}],"about":[{"href":"https:\/\/www.adf.org.br\/home\/wp-json\/wp\/v2\/types\/post"}],"author":[{"embeddable":true,"href":"https:\/\/www.adf.org.br\/home\/wp-json\/wp\/v2\/users\/31"}],"replies":[{"embeddable":true,"href":"https:\/\/www.adf.org.br\/home\/wp-json\/wp\/v2\/comments?post=58989"}],"version-history":[{"count":3,"href":"https:\/\/www.adf.org.br\/home\/wp-json\/wp\/v2\/posts\/58989\/revisions"}],"predecessor-version":[{"id":63315,"href":"https:\/\/www.adf.org.br\/home\/wp-json\/wp\/v2\/posts\/58989\/revisions\/63315"}],"wp:featuredmedia":[{"embeddable":true,"href":"https:\/\/www.adf.org.br\/home\/wp-json\/wp\/v2\/media\/61229"}],"wp:attachment":[{"href":"https:\/\/www.adf.org.br\/home\/wp-json\/wp\/v2\/media?parent=58989"}],"wp:term":[{"taxonomy":"category","embeddable":true,"href":"https:\/\/www.adf.org.br\/home\/wp-json\/wp\/v2\/categories?post=58989"},{"taxonomy":"post_tag","embeddable":true,"href":"https:\/\/www.adf.org.br\/home\/wp-json\/wp\/v2\/tags?post=58989"}],"curies":[{"name":"wp","href":"https:\/\/api.w.org\/{rel}","templated":true}]}}