{"id":58955,"date":"2021-06-16T08:10:04","date_gmt":"2021-06-16T11:10:04","guid":{"rendered":"http:\/\/www.adf.org.br\/home\/?p=58955"},"modified":"2021-06-16T08:07:23","modified_gmt":"2021-06-16T11:07:23","slug":"missa-de-nossa-senhora-pelas-gracas-imediatas","status":"publish","type":"post","link":"https:\/\/www.adf.org.br\/home\/missa-de-nossa-senhora-pelas-gracas-imediatas\/","title":{"rendered":"Missa de Nossa Senhora pelas Gra\u00e7as Imediatas"},"content":{"rendered":"<p><a href=\"https:\/\/adf.org.br\/velario\/gracasurgentes?origem=19289\" target=\"_blank\" rel=\"noopener noreferrer\"><img loading=\"lazy\" class=\"aligncenter wp-image-57341 size-full\" src=\"https:\/\/www.adf.org.br\/home\/wp-content\/uploads\/2020\/02\/Nossa-Senhora-de-F\u00e1tima-43.jpg\" alt=\"Nossa Senhora de F\u00e1tima \" width=\"600\" height=\"350\" \/><\/a><\/p>\n<p><span style=\"color: #ffffff;\">.<\/span><\/p>\n<p><span style=\"color: #003366;\"><span style=\"font-family: verdana, geneva, sans-serif; font-size: 12pt;\"><i><span style=\"font-weight: 400;\">\u201cQuero agradecer Nossa Senhora de F\u00e1tima, meu esposo conseguiu um servi\u00e7o, sei que como m\u00e3e a Senhora nunca nos abandona, sou grata! Am\u00e9m.\u201d<br \/>\n<\/span><\/i><\/span><span style=\"font-family: verdana, geneva, sans-serif; font-size: 12pt;\"><b>Renata Cristina<\/b><\/span><\/span><\/p>\n<p style=\"text-align: right;\"><span style=\"color: #000000; font-family: verdana, geneva, sans-serif; font-size: 12pt;\"><i><span style=\"font-weight: 400;\">\u201cAgrade\u00e7o Pai pela pronta recupera\u00e7\u00e3o de meu amigo Carlos Eduardo Rodrigues Henrique que estava com Covid. Obrigada pela recupera\u00e7\u00e3o de sua sa\u00fade! Gra\u00e7as a Deus.\u201d<br \/>\n<\/span><\/i><\/span><span style=\"color: #000000; font-family: verdana, geneva, sans-serif; font-size: 12pt;\"><b>Luciana Paix\u00e3o<\/b><\/span><\/p>\n<p><span style=\"color: #003366;\"><span style=\"font-family: verdana, geneva, sans-serif; font-size: 12pt;\"><i><span style=\"font-weight: 400;\">\u201cEu agrade\u00e7o de cora\u00e7\u00e3o por ter cuidado da minha m\u00e3e na cirurgia e cuidado do Alan. Os dois est\u00e3o em casa se recuperando. Meu muito obrigada minha M\u00e3e. Am\u00e9m.\u201d<br \/>\n<\/span><\/i><\/span><span style=\"font-family: verdana, geneva, sans-serif; font-size: 12pt;\"><b>Roselei da Silveira<\/b><\/span><\/span><\/p>\n<p style=\"text-align: right;\"><strong><span style=\"color: #000000; font-family: verdana, geneva, sans-serif; font-size: 10pt;\">*Os depoimentos foram editados para melhor clareza e compreens\u00e3o.<br \/>\n<span style=\"color: #ffffff;\">.<\/span><\/span><\/strong><\/p>\n<hr \/>\n<h3 style=\"text-align: center;\"><span style=\"color: #000000; font-family: verdana, geneva, sans-serif; font-size: 14pt;\"><b>Voc\u00ea precisa de uma gra\u00e7a?\u00a0<\/b><\/span><\/h3>\n<p style=\"text-align: center;\"><span style=\"color: #000000; font-family: verdana, geneva, sans-serif; font-size: 12pt;\"><span style=\"font-weight: 400;\">N\u00e3o importa o qu\u00e3o dif\u00edcil seja para ser atendida, <\/span><span style=\"color: #003366;\"><b>entregue nas m\u00e3os de Maria Sant\u00edssima<\/b><\/span><span style=\"font-weight: 400;\">, a M\u00e3e de Deus e Nossa M\u00e3e!<\/span><\/span><\/p>\n<p style=\"text-align: center;\"><span style=\"color: #003366; font-family: verdana, geneva, sans-serif; font-size: 14pt;\"><b>Missa de Nossa Senhora pelas Gra\u00e7as Imediatas<\/b><\/span><\/p>\n<p style=\"text-align: center;\"><a href=\"https:\/\/adf.org.br\/velario\/gracasurgentes?origem=19289\" target=\"_blank\" rel=\"noopener noreferrer\"><img loading=\"lazy\" class=\"aligncenter wp-image-57238 size-full\" src=\"https:\/\/www.adf.org.br\/home\/wp-content\/uploads\/2020\/01\/Nossa-Senhora-Pequena-Fundo-Transparente-1.png\" alt=\"Nossa Senhora de F\u00e1tima\" width=\"118\" height=\"179\" \/><\/a><\/p>\n<p style=\"text-align: center;\"><span style=\"font-weight: 400; color: #000000; font-family: verdana, geneva, sans-serif; font-size: 12pt;\">Deixe seus pedidos na <a href=\"https:\/\/adf.org.br\/velario\/gracasurgentes?origem=19289\" target=\"_blank\" rel=\"noopener noreferrer\"><strong><span style=\"color: #0000ff;\">Santa Missa<\/span><\/strong><\/a> que faremos celebrar no pr\u00f3ximo s\u00e1bado.<\/span><\/p>\n<p style=\"text-align: center;\"><strong><span style=\"color: #000000; font-family: verdana, geneva, sans-serif; font-size: 12pt;\">Para isso, basta ligar agora mesmo no:<\/span><\/strong><\/p>\n<p style=\"text-align: center;\"><a href=\"tel:08006082128\" rel=\"noopener noreferrer\"><span style=\"text-decoration: underline;\"><strong><span style=\"color: #0000ff; font-family: verdana, geneva, sans-serif; font-size: 24pt; text-decoration: underline;\">0800 608 2128<\/span><\/strong><\/span><\/a><br \/>\n<span style=\"color: #000000; font-family: verdana, geneva, sans-serif; font-size: 10pt;\"><b><i>Dica:<\/i><\/b><i><span style=\"font-weight: 400;\"> Se estiver no celular, somente tecle no n\u00famero para discar automaticamente.<\/span><\/i><\/span><\/p>\n<p>&nbsp;<\/p>\n<blockquote>\n<p style=\"text-align: center;\"><span style=\"font-weight: 400; color: #000000; font-family: verdana, geneva, sans-serif; font-size: 12pt;\">E inscreva<strong> seu nome<\/strong> e <strong>inten\u00e7\u00f5es<\/strong> com uma de nossas colaboradoras, que est\u00e3o dispon\u00edveis de segunda a sexta-feira, das 08h \u00e0s 18h.<\/span><\/p>\n<\/blockquote>\n<p>&nbsp;<\/p>\n<p style=\"text-align: left;\"><span style=\"color: #000000; font-family: verdana, geneva, sans-serif; font-size: 14pt;\"><strong><span style=\"font-size: 12pt;\">N\u00e3o conseguiu registrar suas preces pelo telefone?<\/span><\/strong><span style=\"color: #ffffff; font-size: 12pt;\">.<\/span><\/span><\/p>\n<p style=\"text-align: left;\"><span style=\"color: #000000; font-family: verdana, geneva, sans-serif; font-size: 12pt;\"><span style=\"text-decoration: underline;\"><a href=\"https:\/\/adf.org.br\/velario\/gracasurgentes?origem=18248\" target=\"_blank\" rel=\"noopener noreferrer\"><span style=\"font-weight: 400; color: #0000ff; text-decoration: underline;\"><strong>Acenda aqui<\/strong><\/span><\/a><\/span><span style=\"font-weight: 400;\"><a href=\"https:\/\/adf.org.br\/velario\/gracasurgentes?origem=19289\" target=\"_blank\" rel=\"noopener noreferrer\"><strong><span style=\"color: #0000ff;\"><span style=\"text-decoration: underline;\"> a Vela Virtual das Gra\u00e7as Urgentes<\/span><\/span><\/strong><\/a> e aproveite para incluir suas s\u00faplicas.\u00a0<\/span><\/span><span style=\"color: #003366;\"><strong><span style=\"font-family: verdana, geneva, sans-serif; font-size: 12pt;\">\u00c9 GR\u00c1TIS!<\/span><\/strong><\/span><\/p>\n<p><span style=\"font-weight: 400; color: #000000; font-family: verdana, geneva, sans-serif; font-size: 12pt;\">Suplique com toda sua <strong>F\u00c9<\/strong> e com todo seu <strong>CORA\u00c7\u00c3O<\/strong> pela intercess\u00e3o de Nossa M\u00e3e do C\u00e9u!<\/span><\/p>\n<p><span style=\"font-weight: 400; color: #000000; font-family: verdana, geneva, sans-serif; font-size: 12pt;\">Certamente ELA poder\u00e1 ajudar VOC\u00ca a alcan\u00e7ar a gra\u00e7a que tanto precisa, conforme a vontade de Deus.<\/span><\/p>\n<p style=\"text-align: center;\"><span style=\"color: #003366; font-family: verdana, geneva, sans-serif; font-size: 12pt;\"><b><i>\u201cSanta Virgem Maria Imaculada, M\u00e3e de Deus e nossa M\u00e3e, falai por n\u00f3s ao Cora\u00e7\u00e3o de Jesus,<br \/>\nvosso Filho e nosso irm\u00e3o.\u201d\u00a0<\/i><\/b><\/span><span style=\"color: #ffffff;\">.<\/span><\/p>\n","protected":false},"excerpt":{"rendered":"<p>. \u201cQuero agradecer Nossa Senhora de F\u00e1tima, meu esposo conseguiu um servi\u00e7o, sei que como m\u00e3e a Senhora nunca nos abandona, sou grata! Am\u00e9m.\u201d Renata Cristina \u201cAgrade\u00e7o Pai pela pronta recupera\u00e7\u00e3o de meu amigo Carlos Eduardo Rodrigues Henrique que estava com Covid. Obrigada pela recupera\u00e7\u00e3o de sua sa\u00fade! Gra\u00e7as a Deus.\u201d Luciana Paix\u00e3o \u201cEu agrade\u00e7o [&hellip;]<\/p>\n","protected":false},"author":31,"featured_media":60369,"comment_status":"open","ping_status":"open","sticky":false,"template":"","format":"standard","meta":[],"categories":[20,2473,60,2621,2586,2332],"tags":[2584,357,65,504,249,2660,3365,38,57,25,3366,3330,470],"yoast_head":"<!-- This site is optimized with the Yoast SEO plugin v17.4 - https:\/\/yoast.com\/wordpress\/plugins\/seo\/ -->\n<title>Missa de Nossa Senhora pelas Gra\u00e7as Imediatas<\/title>\n<meta name=\"description\" content=\"Missa de Nossa Senhora pelas Gra\u00e7as Imediatas - Voc\u00ea tem algum pedido para fazer a Nossa Senhora? Acesse aqui e saiba como incluir na Missa\" \/>\n<meta name=\"robots\" content=\"index, follow, max-snippet:-1, max-image-preview:large, max-video-preview:-1\" \/>\n<link rel=\"canonical\" href=\"https:\/\/www.adf.org.br\/home\/missa-de-nossa-senhora-pelas-gracas-imediatas\/\" \/>\n<meta property=\"og:locale\" content=\"pt_BR\" \/>\n<meta property=\"og:type\" content=\"article\" \/>\n<meta property=\"og:title\" content=\"Missa de Nossa Senhora pelas Gra\u00e7as Imediatas\" \/>\n<meta property=\"og:description\" content=\"Missa de Nossa Senhora pelas Gra\u00e7as Imediatas - Voc\u00ea tem algum pedido para fazer a Nossa Senhora? Acesse aqui e saiba como incluir na Missa\" \/>\n<meta property=\"og:url\" content=\"https:\/\/www.adf.org.br\/home\/missa-de-nossa-senhora-pelas-gracas-imediatas\/\" \/>\n<meta property=\"og:site_name\" content=\"Associa\u00e7\u00e3o Devotos de F\u00e1tima\" \/>\n<meta property=\"article:published_time\" content=\"2021-06-16T11:10:04+00:00\" \/>\n<meta property=\"article:modified_time\" content=\"2021-06-16T11:07:23+00:00\" \/>\n<meta property=\"og:image\" content=\"https:\/\/www.adf.org.br\/home\/wp-content\/uploads\/2020\/07\/missa-adf.jpg\" \/>\n\t<meta property=\"og:image:width\" content=\"600\" \/>\n\t<meta property=\"og:image:height\" content=\"350\" \/>\n<meta name=\"twitter:card\" content=\"summary_large_image\" \/>\n<meta name=\"twitter:label1\" content=\"Escrito por\" \/>\n\t<meta name=\"twitter:data1\" content=\"Gabriel Barbosa\" \/>\n\t<meta name=\"twitter:label2\" content=\"Est. tempo de leitura\" \/>\n\t<meta name=\"twitter:data2\" content=\"2 minutos\" \/>\n<script type=\"application\/ld+json\" class=\"yoast-schema-graph\">{\"@context\":\"https:\/\/schema.org\",\"@graph\":[{\"@type\":\"WebSite\",\"@id\":\"https:\/\/www.adf.org.br\/home\/#website\",\"url\":\"https:\/\/www.adf.org.br\/home\/\",\"name\":\"Associa\\u00e7\\u00e3o Devotos de F\\u00e1tima\",\"description\":\"Associa\\u00e7\\u00e3o Devotos de F\\u00e1tima\",\"potentialAction\":[{\"@type\":\"SearchAction\",\"target\":{\"@type\":\"EntryPoint\",\"urlTemplate\":\"https:\/\/www.adf.org.br\/home\/?s={search_term_string}\"},\"query-input\":\"required name=search_term_string\"}],\"inLanguage\":\"pt-BR\"},{\"@type\":\"ImageObject\",\"@id\":\"https:\/\/www.adf.org.br\/home\/missa-de-nossa-senhora-pelas-gracas-imediatas\/#primaryimage\",\"inLanguage\":\"pt-BR\",\"url\":\"https:\/\/www.adf.org.br\/home\/wp-content\/uploads\/2020\/07\/missa-adf.jpg\",\"contentUrl\":\"https:\/\/www.adf.org.br\/home\/wp-content\/uploads\/2020\/07\/missa-adf.jpg\",\"width\":600,\"height\":350},{\"@type\":\"WebPage\",\"@id\":\"https:\/\/www.adf.org.br\/home\/missa-de-nossa-senhora-pelas-gracas-imediatas\/#webpage\",\"url\":\"https:\/\/www.adf.org.br\/home\/missa-de-nossa-senhora-pelas-gracas-imediatas\/\",\"name\":\"Missa de Nossa Senhora pelas Gra\\u00e7as Imediatas\",\"isPartOf\":{\"@id\":\"https:\/\/www.adf.org.br\/home\/#website\"},\"primaryImageOfPage\":{\"@id\":\"https:\/\/www.adf.org.br\/home\/missa-de-nossa-senhora-pelas-gracas-imediatas\/#primaryimage\"},\"datePublished\":\"2021-06-16T11:10:04+00:00\",\"dateModified\":\"2021-06-16T11:07:23+00:00\",\"author\":{\"@id\":\"https:\/\/www.adf.org.br\/home\/#\/schema\/person\/f35a5c5aa7728a3dedf4ea9aa1fc2753\"},\"description\":\"Missa de Nossa Senhora pelas Gra\\u00e7as Imediatas - Voc\\u00ea tem algum pedido para fazer a Nossa Senhora? Acesse aqui e saiba como incluir na Missa\",\"breadcrumb\":{\"@id\":\"https:\/\/www.adf.org.br\/home\/missa-de-nossa-senhora-pelas-gracas-imediatas\/#breadcrumb\"},\"inLanguage\":\"pt-BR\",\"potentialAction\":[{\"@type\":\"ReadAction\",\"target\":[\"https:\/\/www.adf.org.br\/home\/missa-de-nossa-senhora-pelas-gracas-imediatas\/\"]}]},{\"@type\":\"BreadcrumbList\",\"@id\":\"https:\/\/www.adf.org.br\/home\/missa-de-nossa-senhora-pelas-gracas-imediatas\/#breadcrumb\",\"itemListElement\":[{\"@type\":\"ListItem\",\"position\":1,\"name\":\"Home\",\"item\":\"https:\/\/www.adf.org.br\/home\/\"},{\"@type\":\"ListItem\",\"position\":2,\"name\":\"Missa de Nossa Senhora pelas Gra\\u00e7as Imediatas\"}]},{\"@type\":\"Person\",\"@id\":\"https:\/\/www.adf.org.br\/home\/#\/schema\/person\/f35a5c5aa7728a3dedf4ea9aa1fc2753\",\"name\":\"Gabriel Barbosa\",\"image\":{\"@type\":\"ImageObject\",\"@id\":\"https:\/\/www.adf.org.br\/home\/#personlogo\",\"inLanguage\":\"pt-BR\",\"url\":\"https:\/\/secure.gravatar.com\/avatar\/2b2cb2f4637682c5605e8d36818f51ef?s=96&d=mm&r=g\",\"contentUrl\":\"https:\/\/secure.gravatar.com\/avatar\/2b2cb2f4637682c5605e8d36818f51ef?s=96&d=mm&r=g\",\"caption\":\"Gabriel Barbosa\"},\"url\":\"https:\/\/www.adf.org.br\/home\/author\/gabrielpmk-com-br\/\"}]}<\/script>\n<!-- \/ Yoast SEO plugin. -->","yoast_head_json":{"title":"Missa de Nossa Senhora pelas Gra\u00e7as Imediatas","description":"Missa de Nossa Senhora pelas Gra\u00e7as Imediatas - Voc\u00ea tem algum pedido para fazer a Nossa Senhora? Acesse aqui e saiba como incluir na Missa","robots":{"index":"index","follow":"follow","max-snippet":"max-snippet:-1","max-image-preview":"max-image-preview:large","max-video-preview":"max-video-preview:-1"},"canonical":"https:\/\/www.adf.org.br\/home\/missa-de-nossa-senhora-pelas-gracas-imediatas\/","og_locale":"pt_BR","og_type":"article","og_title":"Missa de Nossa Senhora pelas Gra\u00e7as Imediatas","og_description":"Missa de Nossa Senhora pelas Gra\u00e7as Imediatas - Voc\u00ea tem algum pedido para fazer a Nossa Senhora? Acesse aqui e saiba como incluir na Missa","og_url":"https:\/\/www.adf.org.br\/home\/missa-de-nossa-senhora-pelas-gracas-imediatas\/","og_site_name":"Associa\u00e7\u00e3o Devotos de F\u00e1tima","article_published_time":"2021-06-16T11:10:04+00:00","article_modified_time":"2021-06-16T11:07:23+00:00","og_image":[{"width":600,"height":350,"url":"https:\/\/www.adf.org.br\/home\/wp-content\/uploads\/2020\/07\/missa-adf.jpg","type":"image\/jpeg"}],"twitter_card":"summary_large_image","twitter_misc":{"Escrito por":"Gabriel Barbosa","Est. tempo de leitura":"2 minutos"},"schema":{"@context":"https:\/\/schema.org","@graph":[{"@type":"WebSite","@id":"https:\/\/www.adf.org.br\/home\/#website","url":"https:\/\/www.adf.org.br\/home\/","name":"Associa\u00e7\u00e3o Devotos de F\u00e1tima","description":"Associa\u00e7\u00e3o Devotos de F\u00e1tima","potentialAction":[{"@type":"SearchAction","target":{"@type":"EntryPoint","urlTemplate":"https:\/\/www.adf.org.br\/home\/?s={search_term_string}"},"query-input":"required name=search_term_string"}],"inLanguage":"pt-BR"},{"@type":"ImageObject","@id":"https:\/\/www.adf.org.br\/home\/missa-de-nossa-senhora-pelas-gracas-imediatas\/#primaryimage","inLanguage":"pt-BR","url":"https:\/\/www.adf.org.br\/home\/wp-content\/uploads\/2020\/07\/missa-adf.jpg","contentUrl":"https:\/\/www.adf.org.br\/home\/wp-content\/uploads\/2020\/07\/missa-adf.jpg","width":600,"height":350},{"@type":"WebPage","@id":"https:\/\/www.adf.org.br\/home\/missa-de-nossa-senhora-pelas-gracas-imediatas\/#webpage","url":"https:\/\/www.adf.org.br\/home\/missa-de-nossa-senhora-pelas-gracas-imediatas\/","name":"Missa de Nossa Senhora pelas Gra\u00e7as Imediatas","isPartOf":{"@id":"https:\/\/www.adf.org.br\/home\/#website"},"primaryImageOfPage":{"@id":"https:\/\/www.adf.org.br\/home\/missa-de-nossa-senhora-pelas-gracas-imediatas\/#primaryimage"},"datePublished":"2021-06-16T11:10:04+00:00","dateModified":"2021-06-16T11:07:23+00:00","author":{"@id":"https:\/\/www.adf.org.br\/home\/#\/schema\/person\/f35a5c5aa7728a3dedf4ea9aa1fc2753"},"description":"Missa de Nossa Senhora pelas Gra\u00e7as Imediatas - Voc\u00ea tem algum pedido para fazer a Nossa Senhora? Acesse aqui e saiba como incluir na Missa","breadcrumb":{"@id":"https:\/\/www.adf.org.br\/home\/missa-de-nossa-senhora-pelas-gracas-imediatas\/#breadcrumb"},"inLanguage":"pt-BR","potentialAction":[{"@type":"ReadAction","target":["https:\/\/www.adf.org.br\/home\/missa-de-nossa-senhora-pelas-gracas-imediatas\/"]}]},{"@type":"BreadcrumbList","@id":"https:\/\/www.adf.org.br\/home\/missa-de-nossa-senhora-pelas-gracas-imediatas\/#breadcrumb","itemListElement":[{"@type":"ListItem","position":1,"name":"Home","item":"https:\/\/www.adf.org.br\/home\/"},{"@type":"ListItem","position":2,"name":"Missa de Nossa Senhora pelas Gra\u00e7as Imediatas"}]},{"@type":"Person","@id":"https:\/\/www.adf.org.br\/home\/#\/schema\/person\/f35a5c5aa7728a3dedf4ea9aa1fc2753","name":"Gabriel Barbosa","image":{"@type":"ImageObject","@id":"https:\/\/www.adf.org.br\/home\/#personlogo","inLanguage":"pt-BR","url":"https:\/\/secure.gravatar.com\/avatar\/2b2cb2f4637682c5605e8d36818f51ef?s=96&d=mm&r=g","contentUrl":"https:\/\/secure.gravatar.com\/avatar\/2b2cb2f4637682c5605e8d36818f51ef?s=96&d=mm&r=g","caption":"Gabriel Barbosa"},"url":"https:\/\/www.adf.org.br\/home\/author\/gabrielpmk-com-br\/"}]}},"_links":{"self":[{"href":"https:\/\/www.adf.org.br\/home\/wp-json\/wp\/v2\/posts\/58955"}],"collection":[{"href":"https:\/\/www.adf.org.br\/home\/wp-json\/wp\/v2\/posts"}],"about":[{"href":"https:\/\/www.adf.org.br\/home\/wp-json\/wp\/v2\/types\/post"}],"author":[{"embeddable":true,"href":"https:\/\/www.adf.org.br\/home\/wp-json\/wp\/v2\/users\/31"}],"replies":[{"embeddable":true,"href":"https:\/\/www.adf.org.br\/home\/wp-json\/wp\/v2\/comments?post=58955"}],"version-history":[{"count":9,"href":"https:\/\/www.adf.org.br\/home\/wp-json\/wp\/v2\/posts\/58955\/revisions"}],"predecessor-version":[{"id":64930,"href":"https:\/\/www.adf.org.br\/home\/wp-json\/wp\/v2\/posts\/58955\/revisions\/64930"}],"wp:featuredmedia":[{"embeddable":true,"href":"https:\/\/www.adf.org.br\/home\/wp-json\/wp\/v2\/media\/60369"}],"wp:attachment":[{"href":"https:\/\/www.adf.org.br\/home\/wp-json\/wp\/v2\/media?parent=58955"}],"wp:term":[{"taxonomy":"category","embeddable":true,"href":"https:\/\/www.adf.org.br\/home\/wp-json\/wp\/v2\/categories?post=58955"},{"taxonomy":"post_tag","embeddable":true,"href":"https:\/\/www.adf.org.br\/home\/wp-json\/wp\/v2\/tags?post=58955"}],"curies":[{"name":"wp","href":"https:\/\/api.w.org\/{rel}","templated":true}]}}