{"id":58927,"date":"2020-11-09T00:30:05","date_gmt":"2020-11-09T03:30:05","guid":{"rendered":"http:\/\/www.adf.org.br\/home\/?p=58927"},"modified":"2020-11-05T18:31:33","modified_gmt":"2020-11-05T21:31:33","slug":"carta-a-um-devoto-do-imaculado-coracao-de-maria-parte-2","status":"publish","type":"post","link":"https:\/\/www.adf.org.br\/home\/carta-a-um-devoto-do-imaculado-coracao-de-maria-parte-2\/","title":{"rendered":"Carta a um devoto do Imaculado Cora\u00e7\u00e3o de Maria \u2013 Parte 2"},"content":{"rendered":"<p><a href=\"https:\/\/adf.org.br\/velario\/imaculado?origem=16649\" target=\"_blank\" rel=\"noopener noreferrer\"><img loading=\"lazy\" class=\"aligncenter wp-image-58935 size-full\" src=\"https:\/\/www.adf.org.br\/home\/wp-content\/uploads\/2020\/05\/Nossa-Senhora-do-Sagrado-Cora\u00e7\u00e3o.jpg\" alt=\"Imaculado Cora\u00e7\u00e3o de Maria \" width=\"343\" height=\"454\" \/><\/a><\/p>\n<p><span style=\"color: #ffffff;\">.<\/span><\/p>\n<blockquote>\n<p style=\"text-align: center;\"><span style=\"color: #003366; font-family: verdana, geneva, sans-serif; font-size: 12pt;\"><b>Carta a um devoto do Imaculado Cora\u00e7\u00e3o de Maria<\/b><\/span><\/p>\n<p style=\"text-align: center;\"><span style=\"color: #000000; font-family: verdana, geneva, sans-serif; font-size: 12pt;\"><b>Parte II<\/b><span style=\"color: #ffcc99;\">.<\/span><\/span><\/p>\n<p style=\"text-align: right;\"><span style=\"color: #000000; font-family: verdana, geneva, sans-serif; font-size: 10pt;\"><b>Escrita por <\/b><span style=\"font-weight: 400;\">Santo Ant\u00f4nio Maria Claret<\/span><\/span><\/p>\n<p><em><span style=\"color: #000000; font-family: verdana, geneva, sans-serif; font-size: 12pt;\"><b>2. <span style=\"color: #003366;\">Ela o merece<\/span><\/b><\/span><\/em><\/p>\n<p><em><span style=\"font-weight: 400; color: #000000; font-family: verdana, geneva, sans-serif; font-size: 12pt;\">Devemos amar Maria Sant\u00edssima porque ela o merece. Maria Sant\u00edssima o merece pelo ac\u00famulo de gra\u00e7as que recebeu sobre a terra, pela emin\u00eancia da gl\u00f3ria que possui no c\u00e9u, pela dignidade quase infinita da M\u00e3e de Deus a que tem sido sublimada e pelas prerrogativas pr\u00f3prias desta sublime dignidade.<span style=\"color: #ffcc99;\">.<\/span><\/span><\/em><\/p>\n<h3><span style=\"color: #003366;\"><em><span style=\"font-family: verdana, geneva, sans-serif; font-size: 12pt;\"><b>Centro de todas as gra\u00e7as<\/b><\/span><\/em><\/span><\/h3>\n<p><em><span style=\"font-weight: 400; color: #000000; font-family: verdana, geneva, sans-serif; font-size: 12pt;\">Maria foi como o centro de todas as gra\u00e7as e belezas que Deus tinha distribu\u00eddo aos anjos, aos santos e a todas as criaturas.<span style=\"color: #ffcc99;\">.<\/span><\/span><\/em><\/p>\n<p><em><span style=\"font-weight: 400; color: #000000; font-family: verdana, geneva, sans-serif; font-size: 12pt;\"><span style=\"text-decoration: underline; color: #003366;\">Ela tinha que ser Rainha e Senhora dos anjos e dos santos<\/span> e, por isto mesmo, devia ter mais gra\u00e7as que todos eles, j\u00e1 no primeiro instante do seu ser.<span style=\"color: #ffcc99;\">.<\/span><\/span><\/em><\/p>\n<p><em><span style=\"font-weight: 400; color: #000000; font-family: verdana, geneva, sans-serif; font-size: 12pt;\">Maria tinha de ser a M\u00e3e do mesmo Deus. \u00c9 um princ\u00edpio de filosofia que entre a forma e as disposi\u00e7\u00f5es da mat\u00e9ria deve existir certa propor\u00e7\u00e3o;<\/span><span style=\"text-decoration: underline; color: #003366;\"><span style=\"font-family: verdana, geneva, sans-serif; font-size: 12pt;\">a<\/span><span style=\"font-weight: 400; font-family: verdana, geneva, sans-serif; font-size: 12pt;\"> dignidade de M\u00e3e de Deus \u00e9 aqui como a forma e o cora\u00e7\u00e3o de Maria \u00e9 a mat\u00e9ria que deve receber esta forma<\/span><\/span><span style=\"font-weight: 400; color: #000000; font-family: verdana, geneva, sans-serif; font-size: 12pt;\">.<span style=\"color: #ffcc99;\">.<\/span><\/span><\/em><\/p>\n<p style=\"padding-left: 80px;\"><em><span style=\"color: #003366; font-family: verdana, geneva, sans-serif; font-size: 12pt;\"><b>Oh! Que ac\u00famulo de gra\u00e7as, virtudes e outras disposi\u00e7\u00f5es se agrupam naquele sant\u00edssimo e pur\u00edssimo cora\u00e7\u00e3o!<span style=\"color: #ffcc99;\">.<\/span><\/b><\/span><\/em><\/p>\n<p><em><span style=\"font-weight: 400; color: #000000; font-family: verdana, geneva, sans-serif; font-size: 12pt;\">Desde que Deus determinou fazer-se homem, fixou a vista em Maria Sant\u00edssima e desde ent\u00e3o disp\u00f4s todos os preparativos necess\u00e1rios, a fez nascer dos patriarcas, profetas, sacerdotes e reis, e todas as gra\u00e7as destes reuniu em Maria e quis que Maria fosse a nata e a flor de todos eles.<span style=\"color: #ffcc99;\">.<\/span><\/span><\/em><\/p>\n<p><em><span style=\"font-weight: 400; color: #000000; font-family: verdana, geneva, sans-serif; font-size: 12pt;\">Ainda, <span style=\"text-decoration: underline; color: #003366;\">a preparou com b\u00ean\u00e7\u00e3os de do\u00e7ura<\/span> e colocou sobre sua cabe\u00e7a uma coroa de pedras preciosas, isto \u00e9, gra\u00e7as e belezas; <span style=\"text-decoration: underline;\"><span style=\"color: #003366; text-decoration: underline;\">mas muito mais enriqueceu seu cora\u00e7\u00e3o<\/span><\/span>.<span style=\"color: #ffcc99;\">.<\/span><\/span><\/em><\/p>\n<p><span style=\"color: #000000; font-family: verdana, geneva, sans-serif; font-size: 12pt;\"><b>Continua&#8230;<\/b><\/span><\/p><\/blockquote>\n<p style=\"text-align: right;\"><span style=\"color: #000000; font-family: verdana, geneva, sans-serif; font-size: 10pt;\"><b>Fonte:<\/b> <span style=\"font-weight: 400;\">Cora\u00e7\u00e3o Paternal S\u00e3o Jos\u00e9<\/span><\/span><\/p>\n<p><span style=\"color: #0000ff;\"><a style=\"color: #0000ff;\" href=\"https:\/\/www.adf.org.br\/home\/carta-a-um-devoto-do-imaculado-coracao-de-maria-parte-1\/\" target=\"_blank\" rel=\"noopener noreferrer\"><span style=\"font-family: verdana, geneva, sans-serif; font-size: 12pt;\"><b>Carta a um devoto do Imaculado Cora\u00e7\u00e3o de Maria \u2013 Parte 1<\/b><\/span><\/a><\/span><span style=\"color: #ffffff;\">.<\/span><\/p>\n<hr \/>\n<p>&nbsp;<\/p>\n<p><a href=\"https:\/\/adf.org.br\/velario\/imaculado?origem=16649\" target=\"_blank\" rel=\"noopener noreferrer\"><img loading=\"lazy\" class=\"aligncenter wp-image-58932 size-full\" src=\"https:\/\/www.adf.org.br\/home\/wp-content\/uploads\/2020\/05\/imaculado-cora\u00e7\u00e3o.png\" alt=\"Vela de Nossa Senhora no texto Carta a um devoto do Imaculado Cora\u00e7\u00e3o de Maria \u2013 Parte 2\" width=\"600\" height=\"191\" \/><\/a><\/p>\n<p><span style=\"color: #ffffff;\">.<\/span><\/p>\n","protected":false},"excerpt":{"rendered":"<p>. Carta a um devoto do Imaculado Cora\u00e7\u00e3o de Maria Parte II. Escrita por Santo Ant\u00f4nio Maria Claret 2. Ela o merece Devemos amar Maria Sant\u00edssima porque ela o merece. Maria Sant\u00edssima o merece pelo ac\u00famulo de gra\u00e7as que recebeu sobre a terra, pela emin\u00eancia da gl\u00f3ria que possui no c\u00e9u, pela dignidade quase infinita [&hellip;]<\/p>\n","protected":false},"author":31,"featured_media":60915,"comment_status":"open","ping_status":"open","sticky":false,"template":"","format":"standard","meta":[],"categories":[20,2387,2332],"tags":[280,3360,2389,357,2821,452,65,133,2616,646,139,38,324,299,3235,470],"yoast_head":"<!-- This site is optimized with the Yoast SEO plugin v17.4 - https:\/\/yoast.com\/wordpress\/plugins\/seo\/ -->\n<title>Carta a um devoto do Imaculado Cora\u00e7\u00e3o de Maria \u2013 Parte 2<\/title>\n<meta name=\"description\" content=\"Carta a um devoto do Imaculado Cora\u00e7\u00e3o de Maria \u2013 Parte 2: Acompanhe aqui a continua\u00e7\u00e3o da carta de Santo Ant\u00f4nio Maria Claret para um dev..\" \/>\n<meta name=\"robots\" content=\"index, follow, max-snippet:-1, max-image-preview:large, max-video-preview:-1\" \/>\n<link rel=\"canonical\" href=\"https:\/\/www.adf.org.br\/home\/carta-a-um-devoto-do-imaculado-coracao-de-maria-parte-2\/\" \/>\n<meta property=\"og:locale\" content=\"pt_BR\" \/>\n<meta property=\"og:type\" content=\"article\" \/>\n<meta property=\"og:title\" content=\"Carta a um devoto do Imaculado Cora\u00e7\u00e3o de Maria \u2013 Parte 2\" \/>\n<meta property=\"og:description\" content=\"Carta a um devoto do Imaculado Cora\u00e7\u00e3o de Maria \u2013 Parte 2: Acompanhe aqui a continua\u00e7\u00e3o da carta de Santo Ant\u00f4nio Maria Claret para um dev..\" \/>\n<meta property=\"og:url\" content=\"https:\/\/www.adf.org.br\/home\/carta-a-um-devoto-do-imaculado-coracao-de-maria-parte-2\/\" \/>\n<meta property=\"og:site_name\" content=\"Associa\u00e7\u00e3o Devotos de F\u00e1tima\" \/>\n<meta property=\"article:published_time\" content=\"2020-11-09T03:30:05+00:00\" \/>\n<meta property=\"article:modified_time\" content=\"2020-11-05T21:31:33+00:00\" \/>\n<meta property=\"og:image\" content=\"https:\/\/www.adf.org.br\/home\/wp-content\/uploads\/2020\/08\/imaculado-cora\u00e7\u00e3o-atual.jpg\" \/>\n\t<meta property=\"og:image:width\" content=\"620\" \/>\n\t<meta property=\"og:image:height\" content=\"393\" \/>\n<meta name=\"twitter:card\" content=\"summary_large_image\" \/>\n<meta name=\"twitter:label1\" content=\"Escrito por\" \/>\n\t<meta name=\"twitter:data1\" content=\"Gabriel Barbosa\" \/>\n\t<meta name=\"twitter:label2\" content=\"Est. tempo de leitura\" \/>\n\t<meta name=\"twitter:data2\" content=\"2 minutos\" \/>\n<script type=\"application\/ld+json\" class=\"yoast-schema-graph\">{\"@context\":\"https:\/\/schema.org\",\"@graph\":[{\"@type\":\"WebSite\",\"@id\":\"https:\/\/www.adf.org.br\/home\/#website\",\"url\":\"https:\/\/www.adf.org.br\/home\/\",\"name\":\"Associa\\u00e7\\u00e3o Devotos de F\\u00e1tima\",\"description\":\"Associa\\u00e7\\u00e3o Devotos de F\\u00e1tima\",\"potentialAction\":[{\"@type\":\"SearchAction\",\"target\":{\"@type\":\"EntryPoint\",\"urlTemplate\":\"https:\/\/www.adf.org.br\/home\/?s={search_term_string}\"},\"query-input\":\"required name=search_term_string\"}],\"inLanguage\":\"pt-BR\"},{\"@type\":\"ImageObject\",\"@id\":\"https:\/\/www.adf.org.br\/home\/carta-a-um-devoto-do-imaculado-coracao-de-maria-parte-2\/#primaryimage\",\"inLanguage\":\"pt-BR\",\"url\":\"https:\/\/www.adf.org.br\/home\/wp-content\/uploads\/2020\/08\/imaculado-cora\\u00e7\\u00e3o-atual.jpg\",\"contentUrl\":\"https:\/\/www.adf.org.br\/home\/wp-content\/uploads\/2020\/08\/imaculado-cora\\u00e7\\u00e3o-atual.jpg\",\"width\":620,\"height\":393},{\"@type\":\"WebPage\",\"@id\":\"https:\/\/www.adf.org.br\/home\/carta-a-um-devoto-do-imaculado-coracao-de-maria-parte-2\/#webpage\",\"url\":\"https:\/\/www.adf.org.br\/home\/carta-a-um-devoto-do-imaculado-coracao-de-maria-parte-2\/\",\"name\":\"Carta a um devoto do Imaculado Cora\\u00e7\\u00e3o de Maria \\u2013 Parte 2\",\"isPartOf\":{\"@id\":\"https:\/\/www.adf.org.br\/home\/#website\"},\"primaryImageOfPage\":{\"@id\":\"https:\/\/www.adf.org.br\/home\/carta-a-um-devoto-do-imaculado-coracao-de-maria-parte-2\/#primaryimage\"},\"datePublished\":\"2020-11-09T03:30:05+00:00\",\"dateModified\":\"2020-11-05T21:31:33+00:00\",\"author\":{\"@id\":\"https:\/\/www.adf.org.br\/home\/#\/schema\/person\/f35a5c5aa7728a3dedf4ea9aa1fc2753\"},\"description\":\"Carta a um devoto do Imaculado Cora\\u00e7\\u00e3o de Maria \\u2013 Parte 2: Acompanhe aqui a continua\\u00e7\\u00e3o da carta de Santo Ant\\u00f4nio Maria Claret para um dev..\",\"breadcrumb\":{\"@id\":\"https:\/\/www.adf.org.br\/home\/carta-a-um-devoto-do-imaculado-coracao-de-maria-parte-2\/#breadcrumb\"},\"inLanguage\":\"pt-BR\",\"potentialAction\":[{\"@type\":\"ReadAction\",\"target\":[\"https:\/\/www.adf.org.br\/home\/carta-a-um-devoto-do-imaculado-coracao-de-maria-parte-2\/\"]}]},{\"@type\":\"BreadcrumbList\",\"@id\":\"https:\/\/www.adf.org.br\/home\/carta-a-um-devoto-do-imaculado-coracao-de-maria-parte-2\/#breadcrumb\",\"itemListElement\":[{\"@type\":\"ListItem\",\"position\":1,\"name\":\"Home\",\"item\":\"https:\/\/www.adf.org.br\/home\/\"},{\"@type\":\"ListItem\",\"position\":2,\"name\":\"Carta a um devoto do Imaculado Cora\\u00e7\\u00e3o de Maria \\u2013 Parte 2\"}]},{\"@type\":\"Person\",\"@id\":\"https:\/\/www.adf.org.br\/home\/#\/schema\/person\/f35a5c5aa7728a3dedf4ea9aa1fc2753\",\"name\":\"Gabriel Barbosa\",\"image\":{\"@type\":\"ImageObject\",\"@id\":\"https:\/\/www.adf.org.br\/home\/#personlogo\",\"inLanguage\":\"pt-BR\",\"url\":\"https:\/\/secure.gravatar.com\/avatar\/2b2cb2f4637682c5605e8d36818f51ef?s=96&d=mm&r=g\",\"contentUrl\":\"https:\/\/secure.gravatar.com\/avatar\/2b2cb2f4637682c5605e8d36818f51ef?s=96&d=mm&r=g\",\"caption\":\"Gabriel Barbosa\"},\"url\":\"https:\/\/www.adf.org.br\/home\/author\/gabrielpmk-com-br\/\"}]}<\/script>\n<!-- \/ Yoast SEO plugin. -->","yoast_head_json":{"title":"Carta a um devoto do Imaculado Cora\u00e7\u00e3o de Maria \u2013 Parte 2","description":"Carta a um devoto do Imaculado Cora\u00e7\u00e3o de Maria \u2013 Parte 2: Acompanhe aqui a continua\u00e7\u00e3o da carta de Santo Ant\u00f4nio Maria Claret para um dev..","robots":{"index":"index","follow":"follow","max-snippet":"max-snippet:-1","max-image-preview":"max-image-preview:large","max-video-preview":"max-video-preview:-1"},"canonical":"https:\/\/www.adf.org.br\/home\/carta-a-um-devoto-do-imaculado-coracao-de-maria-parte-2\/","og_locale":"pt_BR","og_type":"article","og_title":"Carta a um devoto do Imaculado Cora\u00e7\u00e3o de Maria \u2013 Parte 2","og_description":"Carta a um devoto do Imaculado Cora\u00e7\u00e3o de Maria \u2013 Parte 2: Acompanhe aqui a continua\u00e7\u00e3o da carta de Santo Ant\u00f4nio Maria Claret para um dev..","og_url":"https:\/\/www.adf.org.br\/home\/carta-a-um-devoto-do-imaculado-coracao-de-maria-parte-2\/","og_site_name":"Associa\u00e7\u00e3o Devotos de F\u00e1tima","article_published_time":"2020-11-09T03:30:05+00:00","article_modified_time":"2020-11-05T21:31:33+00:00","og_image":[{"width":620,"height":393,"url":"https:\/\/www.adf.org.br\/home\/wp-content\/uploads\/2020\/08\/imaculado-cora\u00e7\u00e3o-atual.jpg","type":"image\/jpeg"}],"twitter_card":"summary_large_image","twitter_misc":{"Escrito por":"Gabriel Barbosa","Est. tempo de leitura":"2 minutos"},"schema":{"@context":"https:\/\/schema.org","@graph":[{"@type":"WebSite","@id":"https:\/\/www.adf.org.br\/home\/#website","url":"https:\/\/www.adf.org.br\/home\/","name":"Associa\u00e7\u00e3o Devotos de F\u00e1tima","description":"Associa\u00e7\u00e3o Devotos de F\u00e1tima","potentialAction":[{"@type":"SearchAction","target":{"@type":"EntryPoint","urlTemplate":"https:\/\/www.adf.org.br\/home\/?s={search_term_string}"},"query-input":"required name=search_term_string"}],"inLanguage":"pt-BR"},{"@type":"ImageObject","@id":"https:\/\/www.adf.org.br\/home\/carta-a-um-devoto-do-imaculado-coracao-de-maria-parte-2\/#primaryimage","inLanguage":"pt-BR","url":"https:\/\/www.adf.org.br\/home\/wp-content\/uploads\/2020\/08\/imaculado-cora\u00e7\u00e3o-atual.jpg","contentUrl":"https:\/\/www.adf.org.br\/home\/wp-content\/uploads\/2020\/08\/imaculado-cora\u00e7\u00e3o-atual.jpg","width":620,"height":393},{"@type":"WebPage","@id":"https:\/\/www.adf.org.br\/home\/carta-a-um-devoto-do-imaculado-coracao-de-maria-parte-2\/#webpage","url":"https:\/\/www.adf.org.br\/home\/carta-a-um-devoto-do-imaculado-coracao-de-maria-parte-2\/","name":"Carta a um devoto do Imaculado Cora\u00e7\u00e3o de Maria \u2013 Parte 2","isPartOf":{"@id":"https:\/\/www.adf.org.br\/home\/#website"},"primaryImageOfPage":{"@id":"https:\/\/www.adf.org.br\/home\/carta-a-um-devoto-do-imaculado-coracao-de-maria-parte-2\/#primaryimage"},"datePublished":"2020-11-09T03:30:05+00:00","dateModified":"2020-11-05T21:31:33+00:00","author":{"@id":"https:\/\/www.adf.org.br\/home\/#\/schema\/person\/f35a5c5aa7728a3dedf4ea9aa1fc2753"},"description":"Carta a um devoto do Imaculado Cora\u00e7\u00e3o de Maria \u2013 Parte 2: Acompanhe aqui a continua\u00e7\u00e3o da carta de Santo Ant\u00f4nio Maria Claret para um dev..","breadcrumb":{"@id":"https:\/\/www.adf.org.br\/home\/carta-a-um-devoto-do-imaculado-coracao-de-maria-parte-2\/#breadcrumb"},"inLanguage":"pt-BR","potentialAction":[{"@type":"ReadAction","target":["https:\/\/www.adf.org.br\/home\/carta-a-um-devoto-do-imaculado-coracao-de-maria-parte-2\/"]}]},{"@type":"BreadcrumbList","@id":"https:\/\/www.adf.org.br\/home\/carta-a-um-devoto-do-imaculado-coracao-de-maria-parte-2\/#breadcrumb","itemListElement":[{"@type":"ListItem","position":1,"name":"Home","item":"https:\/\/www.adf.org.br\/home\/"},{"@type":"ListItem","position":2,"name":"Carta a um devoto do Imaculado Cora\u00e7\u00e3o de Maria \u2013 Parte 2"}]},{"@type":"Person","@id":"https:\/\/www.adf.org.br\/home\/#\/schema\/person\/f35a5c5aa7728a3dedf4ea9aa1fc2753","name":"Gabriel Barbosa","image":{"@type":"ImageObject","@id":"https:\/\/www.adf.org.br\/home\/#personlogo","inLanguage":"pt-BR","url":"https:\/\/secure.gravatar.com\/avatar\/2b2cb2f4637682c5605e8d36818f51ef?s=96&d=mm&r=g","contentUrl":"https:\/\/secure.gravatar.com\/avatar\/2b2cb2f4637682c5605e8d36818f51ef?s=96&d=mm&r=g","caption":"Gabriel Barbosa"},"url":"https:\/\/www.adf.org.br\/home\/author\/gabrielpmk-com-br\/"}]}},"_links":{"self":[{"href":"https:\/\/www.adf.org.br\/home\/wp-json\/wp\/v2\/posts\/58927"}],"collection":[{"href":"https:\/\/www.adf.org.br\/home\/wp-json\/wp\/v2\/posts"}],"about":[{"href":"https:\/\/www.adf.org.br\/home\/wp-json\/wp\/v2\/types\/post"}],"author":[{"embeddable":true,"href":"https:\/\/www.adf.org.br\/home\/wp-json\/wp\/v2\/users\/31"}],"replies":[{"embeddable":true,"href":"https:\/\/www.adf.org.br\/home\/wp-json\/wp\/v2\/comments?post=58927"}],"version-history":[{"count":4,"href":"https:\/\/www.adf.org.br\/home\/wp-json\/wp\/v2\/posts\/58927\/revisions"}],"predecessor-version":[{"id":62252,"href":"https:\/\/www.adf.org.br\/home\/wp-json\/wp\/v2\/posts\/58927\/revisions\/62252"}],"wp:featuredmedia":[{"embeddable":true,"href":"https:\/\/www.adf.org.br\/home\/wp-json\/wp\/v2\/media\/60915"}],"wp:attachment":[{"href":"https:\/\/www.adf.org.br\/home\/wp-json\/wp\/v2\/media?parent=58927"}],"wp:term":[{"taxonomy":"category","embeddable":true,"href":"https:\/\/www.adf.org.br\/home\/wp-json\/wp\/v2\/categories?post=58927"},{"taxonomy":"post_tag","embeddable":true,"href":"https:\/\/www.adf.org.br\/home\/wp-json\/wp\/v2\/tags?post=58927"}],"curies":[{"name":"wp","href":"https:\/\/api.w.org\/{rel}","templated":true}]}}