{"id":58453,"date":"2020-04-17T07:20:07","date_gmt":"2020-04-17T10:20:07","guid":{"rendered":"http:\/\/www.adf.org.br\/home\/?p=58453"},"modified":"2020-04-17T07:20:07","modified_gmt":"2020-04-17T10:20:07","slug":"a-cruz-esta-pesada-a-forca-que-voce-precisa-pode-estar-aqui","status":"publish","type":"post","link":"https:\/\/www.adf.org.br\/home\/a-cruz-esta-pesada-a-forca-que-voce-precisa-pode-estar-aqui\/","title":{"rendered":"A cruz est\u00e1 pesada? A for\u00e7a que voc\u00ea precisa pode estar aqui. Confira!"},"content":{"rendered":"<p><a href=\"https:\/\/adf.org.br\/exercitodamedalha\/?origem=14003#motivos\" target=\"_blank\" rel=\"noopener noreferrer\"><img loading=\"lazy\" class=\"aligncenter wp-image-58456 size-full\" src=\"https:\/\/www.adf.org.br\/home\/wp-content\/uploads\/2020\/04\/Via-Sacra_4\u00aa-Esta\u00e7\u00e3o.png\" alt=\"Jesus e Maria no texto A cruz est\u00e1 pesada? A for\u00e7a que voc\u00ea precisa pode estar aqui. Confira!\" width=\"620\" height=\"419\" \/><\/a><\/p>\n<p><span style=\"font-size: 12pt; font-family: verdana, geneva, sans-serif; color: #ffffff;\">.<\/span><\/p>\n<p style=\"text-align: center;\"><span style=\"font-size: 14pt; font-family: verdana, geneva, sans-serif; color: #003366;\"><b>A cruz est\u00e1 pesada? Encontre aqui a determina\u00e7\u00e3o que necessita.<\/b><\/span><\/p>\n<p><span style=\"font-size: 12pt; font-family: verdana, geneva, sans-serif; color: #ffffff;\">.<\/span><\/p>\n<p><span style=\"font-weight: 400; font-size: 12pt; font-family: verdana, geneva, sans-serif; color: #000000;\">\u201c<span style=\"font-size: 18pt;\">N<\/span>osso Senhor subia, seguindo sua Via Sacra, quando encontrou Nossa Senhora. Ele foi o mais amoroso dos filhos e Ela foi a mais perfeita das m\u00e3es.\u00a0<\/span><\/p>\n<p><span style=\"font-size: 12pt; font-family: verdana, geneva, sans-serif; color: #ffffff;\">.<\/span><\/p>\n<blockquote>\n<p style=\"padding-left: 40px;\"><span style=\"font-size: 12pt; font-family: verdana, geneva, sans-serif; color: #003366;\"><strong>Como Ela h\u00e1 de ter chorado<\/strong>, vendo-O nessa deplor\u00e1vel situa\u00e7\u00e3o! Como Ele h\u00e1 de ter chorado, vendo-A presenciar o seu infort\u00fanio tremendo!<\/span><\/p>\n<\/blockquote>\n<p><span style=\"font-size: 12pt; font-family: verdana, geneva, sans-serif; color: #ffffff;\">.<\/span><\/p>\n<p><span style=\"font-size: 12pt; font-family: verdana, geneva, sans-serif; color: #000000;\"><span style=\"font-weight: 400;\">Cada um de n\u00f3s tem uma cruz a carregar. Cada um desejaria ser algo que n\u00e3o \u00e9, ter algo que n\u00e3o tem, poder algo que n\u00e3o pode, fazer algo que n\u00e3o faz. <\/span><b>\u00c9 preciso nossa ren\u00fancia, para sermos e fazermos o que n\u00e3o queremos, mas que est\u00e1 no sentido da nossa voca\u00e7\u00e3o<\/b><span style=\"font-weight: 400;\">.<\/span><\/span><\/p>\n<p><span style=\"font-size: 12pt; font-family: verdana, geneva, sans-serif; color: #ffffff;\">.<\/span><\/p>\n<p><span style=\"font-weight: 400; font-size: 12pt; font-family: verdana, geneva, sans-serif; color: #000000;\">Que Nosso Senhor nos d\u00ea o amor \u00e0 nossa cruz, como o que Ele teve \u00e0 sua Cruz. Em vez de tomar o Santo Lenho com horror, o Redentor abra\u00e7ou-o e beijou-o, porque com ele cumpriria a sua miss\u00e3o na Terra.<\/span><\/p>\n<p><span style=\"font-size: 12pt; font-family: verdana, geneva, sans-serif; color: #ffffff;\">.<\/span><\/p>\n<p><span style=\"font-weight: 400; font-size: 12pt; font-family: verdana, geneva, sans-serif; color: #000000;\">Nossa cruz consiste em cumprirmos nossa miss\u00e3o. Abracemo-la com muitas l\u00e1grimas e carinho, dizendo:<br \/>\n<span style=\"color: #ffffff;\">.<\/span><\/span><\/p>\n<blockquote>\n<p style=\"padding-left: 40px;\"><span style=\"font-size: 12pt; font-family: verdana, geneva, sans-serif; color: #000000;\"><span style=\"color: #003366;\"><span style=\"font-weight: 400;\">\u201c<\/span><i><span style=\"font-weight: 400;\">\u00c0 for\u00e7a de rezar e de pedir, eu levarei esta minha cruz at\u00e9 o alto de meu calv\u00e1rio!\u2019. <strong>Nossa Senhora acompanhar-me-\u00e1<\/strong>, como acompanhou Nosso Senhor, aben\u00e7oando o meu mart\u00edrio interior, porque Ela deseja que todos os seus filhos passem por onde passou o seu Filho ador\u00e1vel<\/span><\/i><\/span><span style=\"font-weight: 400;\">.&#8221;<\/span><\/span><\/p>\n<\/blockquote>\n<p><span style=\"font-size: 12pt; font-family: verdana, geneva, sans-serif; color: #ffffff;\">.<\/span><\/p>\n<p style=\"text-align: right;\"><span style=\"font-size: 12pt; font-family: verdana, geneva, sans-serif; color: #000000;\"><span style=\"font-size: 10pt;\"><b>Fonte:<\/b> <\/span><span style=\"color: #0000ff;\"><a style=\"color: #0000ff;\" href=\"http:\/\/catolicismo.com.br\/materia\/materia.cfm?IDmat=448&amp;mes=abril2003&amp;pag=5\" target=\"_blank\" rel=\"noopener noreferrer\"><span style=\"font-weight: 400;\"><span style=\"font-size: 10pt;\">Catolicismo<\/span><\/span><\/a><\/span><\/span><\/p>\n<p><span style=\"font-size: 12pt; font-family: verdana, geneva, sans-serif; color: #ffffff;\">.<\/span><\/p>\n<hr \/>\n<p style=\"text-align: center;\"><span style=\"font-size: 12pt; font-family: verdana, geneva, sans-serif; color: #003366;\"><strong><span style=\"color: #000000;\">Campanha de Apostolado<\/span><\/strong><span style=\"font-weight: 400;\">\u00a0<\/span><\/span><\/p>\n<h3 style=\"text-align: center;\"><span style=\"font-size: 14pt; font-family: verdana, geneva, sans-serif; color: #003366;\"><b>Ex\u00e9rcito da Medalha Milagrosa<\/b><\/span><\/h3>\n<p><span style=\"font-size: 12pt; font-family: verdana, geneva, sans-serif; color: #ffffff;\">.<\/span><\/p>\n<p style=\"text-align: center;\"><span style=\"font-size: 14pt; font-family: verdana, geneva, sans-serif; color: #000000;\"><b>Voc\u00ea sabia?<\/b><\/span><\/p>\n<p><span style=\"font-size: 12pt; font-family: verdana, geneva, sans-serif; color: #ffffff;\">.<\/span><\/p>\n<p><span style=\"font-size: 12pt; font-family: verdana, geneva, sans-serif; color: #000000;\"><span style=\"font-weight: 400;\">In\u00fameras pessoas do apostolado <\/span><span style=\"color: #0000ff;\"><a style=\"color: #0000ff;\" href=\"http:\/\/www.adf.org.br\/home\/5-razoes-para-participar-do-apostolado-de-nossa-senhora-da-medalha-milagrosa\/\" target=\"_blank\" rel=\"noopener noreferrer\"><b>Ex\u00e9rcito da Medalha Milagrosa<\/b><\/a><\/span><span style=\"font-weight: 400;\"> j\u00e1 conquistaram muitas gra\u00e7as que h\u00e1 anos pediam e n\u00e3o conseguiam receb\u00ea-las.<\/span><\/span><\/p>\n<p><span style=\"font-size: 12pt; font-family: verdana, geneva, sans-serif; color: #ffffff;\">.<\/span><\/p>\n<p><span style=\"font-weight: 400; font-size: 12pt; font-family: verdana, geneva, sans-serif; color: #000000;\">Tudo isso pela<em> intercess\u00e3o de Nossa Senhora das Gra\u00e7as<\/em>, conhecida tamb\u00e9m como a\u2026<\/span><\/p>\n<p><span style=\"font-size: 12pt; font-family: verdana, geneva, sans-serif; color: #ffffff;\">.<\/span><\/p>\n<p><span style=\"font-size: 12pt; font-family: verdana, geneva, sans-serif; color: #000000;\"><a style=\"color: #000000;\" href=\"https:\/\/adf.org.br\/exercitodamedalha\/?origem=14003#motivos\" target=\"_blank\" rel=\"noopener noreferrer\"><img loading=\"lazy\" class=\"aligncenter wp-image-58454 size-medium\" src=\"https:\/\/www.adf.org.br\/home\/wp-content\/uploads\/2020\/04\/Nossa-Senhora-das-Gra\u00e7as-Fundo-Transparente-1-222x300.png\" alt=\"Nossa Senhora das Gra\u00e7as da Medalha Milagrosa\" width=\"222\" height=\"300\" \/><\/a><\/span><\/p>\n<p><span style=\"color: #ffffff;\">.<\/span><\/p>\n<h3 style=\"text-align: center;\"><span style=\"font-size: 14pt; font-family: verdana, geneva, sans-serif; color: #003366;\"><b>Sant\u00edssima Virgem da Medalha Milagrosa<\/b><\/span><\/h3>\n<p><span style=\"font-size: 12pt; font-family: verdana, geneva, sans-serif; color: #ffffff;\">.<\/span><\/p>\n<p style=\"text-align: center;\"><span style=\"font-size: 12pt; font-family: verdana, geneva, sans-serif; color: #000000;\"><span style=\"font-weight: 400;\">Se voc\u00ea precisa de uma b\u00ean\u00e7\u00e3o em sua vida <\/span><b>n\u00e3o deixe de participar<\/b><span style=\"font-weight: 400;\"> deste grupo iluminado!<\/span><\/span><\/p>\n<p><span style=\"font-weight: 400; font-size: 12pt; font-family: verdana, geneva, sans-serif; color: #ffffff;\">\u00a0.<\/span><\/p>\n<p style=\"text-align: center;\"><span style=\"font-size: 12pt; font-family: verdana, geneva, sans-serif; color: #000000;\"><span style=\"font-weight: 400;\">Ligue <\/span><b>gr\u00e1tis<\/b><span style=\"font-weight: 400;\">\u00a0para:<\/span><\/span><\/p>\n<p style=\"text-align: center;\"><a href=\"tel:08006082128\"><strong><span style=\"font-size: 24pt; font-family: verdana, geneva, sans-serif; color: #0000ff;\">0800 608 2128<\/span><\/strong><\/a><\/p>\n<p style=\"text-align: center;\"><span style=\"font-size: 10pt; font-family: verdana, geneva, sans-serif; color: #000000;\"><b><i>Dica:<\/i><\/b><i><span style=\"font-weight: 400;\"> Se estiver no celular, somente tecle no n\u00famero para discar automaticamente.<br \/>\n<span style=\"color: #ffffff;\">.<\/span><\/span><\/i><\/span><\/p>\n<p><span style=\"font-size: 12pt; font-family: verdana, geneva, sans-serif; color: #000000;\"><span style=\"font-weight: 400;\">E veja como ser membro e contribuir <\/span><b>(sem sair de casa)<\/b><span style=\"font-weight: 400;\"> com a divulga\u00e7\u00e3o dessa linda Devo\u00e7\u00e3o Mariana.<\/span><\/span><\/p>\n<p><span style=\"font-size: 12pt; font-family: verdana, geneva, sans-serif; color: #ffffff;\">.<\/span><\/p>\n<blockquote>\n<p style=\"text-align: center;\"><span style=\"font-size: 12pt; font-family: verdana, geneva, sans-serif; color: #000000;\"><b>Hor\u00e1rio de Atendimento: <\/b><span style=\"font-weight: 400;\">De segunda a sexta-feira, das 08h \u00e0s 08h.\u00a0<\/span><\/span><\/p>\n<\/blockquote>\n<p><span style=\"font-size: 12pt; font-family: verdana, geneva, sans-serif; color: #ffffff;\">.<\/span><\/p>\n<p style=\"text-align: center;\"><span style=\"font-weight: 400; font-size: 12pt; font-family: verdana, geneva, sans-serif; color: #000000;\">Como agradecimento, <strong><span style=\"font-size: 14pt; color: #003366;\">voc\u00ea poder\u00e1 receber<\/span><\/strong> presentes espirituais, como:<\/span><\/p>\n<p><span style=\"font-size: 12pt; font-family: verdana, geneva, sans-serif; color: #ffffff;\">.<\/span><\/p>\n<p><span style=\"font-size: 12pt; font-family: verdana, geneva, sans-serif; color: #000000;\"><a style=\"color: #000000;\" href=\"https:\/\/adf.org.br\/exercitodamedalha\/?origem=14003#presentes\" target=\"_blank\" rel=\"noopener noreferrer\"><img loading=\"lazy\" class=\"aligncenter wp-image-57633 size-medium\" title=\"Medalha Milagrosa\" src=\"https:\/\/www.adf.org.br\/home\/wp-content\/uploads\/2020\/02\/Medalha-Milagrosa-Tamanho-M\u00e9dio-300x239.png\" alt=\"Medalha Milagrosa no texto A cruz est\u00e1 pesada? A for\u00e7a que voc\u00ea precisa pode estar aqui. Confira!\" width=\"300\" height=\"239\" \/><\/a><\/span><\/p>\n<p><span style=\"font-size: 12pt; font-family: verdana, geneva, sans-serif; color: #ffffff;\">.<\/span><\/p>\n<p style=\"text-align: center;\"><span style=\"font-size: 12pt; font-family: verdana, geneva, sans-serif; color: #000000;\"><span style=\"font-weight: 400;\">A<\/span><span style=\"color: #003366;\"><b> Medalha Milagrosa de Nossa Senhora das Gra\u00e7as<\/b><\/span><span style=\"font-weight: 400;\">, j\u00e1 benzida por um sacerdote.\u00a0<\/span><\/span><\/p>\n<p style=\"text-align: center;\"><span style=\"font-size: 12pt; font-family: verdana, geneva, sans-serif; color: #ffffff;\">.<\/span><\/p>\n<p style=\"text-align: center;\"><span style=\"font-weight: 400; font-size: 12pt; font-family: verdana, geneva, sans-serif; color: #000000;\">Al\u00e9m de outras aben\u00e7oadas surpresas.<\/span><\/p>\n<p style=\"text-align: center;\"><span style=\"font-size: 12pt; font-family: verdana, geneva, sans-serif; color: #ffffff;\">.<\/span><\/p>\n<p style=\"text-align: center;\"><span style=\"font-size: 12pt; font-family: verdana, geneva, sans-serif; color: #000000;\"><b>Para mais informa\u00e7\u00f5es, acesse: <\/b><a href=\"https:\/\/adf.org.br\/exercitodamedalha\/?origem=14003\" target=\"_blank\" rel=\"noopener noreferrer\"><span style=\"font-weight: 400; color: #0000ff;\">www.adf.org.br\/exercitodamedalha<\/span><\/a><\/span><\/p>\n<p style=\"text-align: center;\"><span style=\"font-size: 12pt; font-family: verdana, geneva, sans-serif; color: #ffffff;\">.<\/span><\/p>\n<p style=\"text-align: center;\"><span style=\"font-size: 12pt; font-family: verdana, geneva, sans-serif; color: #003366;\"><i><span style=\"font-weight: 400;\">&#8220;Tenho muitas e muitas gra\u00e7as para dar \u00e0 humanidade, mas as pessoas n\u00e3o as pedem.&#8221;<\/span><\/i><\/span><\/p>\n<p style=\"text-align: center;\"><span style=\"font-size: 12pt; font-family: verdana, geneva, sans-serif; color: #000000;\"><b><span style=\"color: #003366;\">&#8211; Lamentou Nossa Senhora para Santa Catarina Labour\u00e9 &#8211;<\/span>\u00a0<\/b><\/span><\/p>\n<p style=\"text-align: center;\"><span style=\"font-size: 12pt; font-family: verdana, geneva, sans-serif; color: #ffffff;\">.<\/span><\/p>\n<hr \/>\n<p><span style=\"font-size: 12pt; font-family: verdana, geneva, sans-serif; color: #000000;\"><a style=\"color: #000000;\" href=\"https:\/\/adf.org.br\/velario\/medalhamilagrosa?origem=14003\" target=\"_blank\" rel=\"noopener noreferrer\"><img loading=\"lazy\" class=\"aligncenter wp-image-56825 size-full\" title=\"Vela da Medalha Milagrosa\" src=\"https:\/\/www.adf.org.br\/home\/wp-content\/uploads\/2020\/01\/Vela-da-Medalha-Milagrosa.jpg\" alt=\"Vela da Medalha Milagrosa\" width=\"600\" height=\"220\" \/><\/a><\/span><\/p>\n<p><span style=\"font-size: 12pt; font-family: verdana, geneva, sans-serif; color: #ffffff;\">.<\/span><\/p>\n","protected":false},"excerpt":{"rendered":"<p>. A cruz est\u00e1 pesada? Encontre aqui a determina\u00e7\u00e3o que necessita. . \u201cNosso Senhor subia, seguindo sua Via Sacra, quando encontrou Nossa Senhora. Ele foi o mais amoroso dos filhos e Ela foi a mais perfeita das m\u00e3es.\u00a0 . Como Ela h\u00e1 de ter chorado, vendo-O nessa deplor\u00e1vel situa\u00e7\u00e3o! Como Ele h\u00e1 de ter chorado, [&hellip;]<\/p>\n","protected":false},"author":31,"featured_media":58458,"comment_status":"open","ping_status":"open","sticky":false,"template":"","format":"standard","meta":[],"categories":[126,2311,50,2585,2332],"tags":[3207,12,2288,504,3208,139,34,38,2094,306,438,2605,434,470],"yoast_head":"<!-- This site is optimized with the Yoast SEO plugin v17.4 - https:\/\/yoast.com\/wordpress\/plugins\/seo\/ -->\n<title>A cruz est\u00e1 pesada? A for\u00e7a que voc\u00ea precisa pode estar aqui. Confira!<\/title>\n<meta name=\"description\" content=\"A cruz est\u00e1 pesada? A for\u00e7a que voc\u00ea precisa pode estar aqui...&quot;Jesus subia, seguindo sua Via Sacra, quando encontrou Nossa Senhora...\" \/>\n<meta name=\"robots\" content=\"index, follow, max-snippet:-1, max-image-preview:large, max-video-preview:-1\" \/>\n<link rel=\"canonical\" href=\"https:\/\/www.adf.org.br\/home\/a-cruz-esta-pesada-a-forca-que-voce-precisa-pode-estar-aqui\/\" \/>\n<meta property=\"og:locale\" content=\"pt_BR\" \/>\n<meta property=\"og:type\" content=\"article\" \/>\n<meta property=\"og:title\" content=\"A cruz est\u00e1 pesada? A for\u00e7a que voc\u00ea precisa pode estar aqui. Confira!\" \/>\n<meta property=\"og:description\" content=\"A cruz est\u00e1 pesada? A for\u00e7a que voc\u00ea precisa pode estar aqui...&quot;Jesus subia, seguindo sua Via Sacra, quando encontrou Nossa Senhora...\" \/>\n<meta property=\"og:url\" content=\"https:\/\/www.adf.org.br\/home\/a-cruz-esta-pesada-a-forca-que-voce-precisa-pode-estar-aqui\/\" \/>\n<meta property=\"og:site_name\" content=\"Associa\u00e7\u00e3o Devotos de F\u00e1tima\" \/>\n<meta property=\"article:published_time\" content=\"2020-04-17T10:20:07+00:00\" \/>\n<meta name=\"twitter:card\" content=\"summary_large_image\" \/>\n<meta name=\"twitter:label1\" content=\"Escrito por\" \/>\n\t<meta name=\"twitter:data1\" content=\"Gabriel Barbosa\" \/>\n\t<meta name=\"twitter:label2\" content=\"Est. tempo de leitura\" \/>\n\t<meta name=\"twitter:data2\" content=\"2 minutos\" \/>\n<script type=\"application\/ld+json\" class=\"yoast-schema-graph\">{\"@context\":\"https:\/\/schema.org\",\"@graph\":[{\"@type\":\"WebSite\",\"@id\":\"https:\/\/www.adf.org.br\/home\/#website\",\"url\":\"https:\/\/www.adf.org.br\/home\/\",\"name\":\"Associa\\u00e7\\u00e3o Devotos de F\\u00e1tima\",\"description\":\"Associa\\u00e7\\u00e3o Devotos de F\\u00e1tima\",\"potentialAction\":[{\"@type\":\"SearchAction\",\"target\":{\"@type\":\"EntryPoint\",\"urlTemplate\":\"https:\/\/www.adf.org.br\/home\/?s={search_term_string}\"},\"query-input\":\"required name=search_term_string\"}],\"inLanguage\":\"pt-BR\"},{\"@type\":\"ImageObject\",\"@id\":\"https:\/\/www.adf.org.br\/home\/a-cruz-esta-pesada-a-forca-que-voce-precisa-pode-estar-aqui\/#primaryimage\",\"inLanguage\":\"pt-BR\",\"url\":\"\",\"contentUrl\":\"\"},{\"@type\":\"WebPage\",\"@id\":\"https:\/\/www.adf.org.br\/home\/a-cruz-esta-pesada-a-forca-que-voce-precisa-pode-estar-aqui\/#webpage\",\"url\":\"https:\/\/www.adf.org.br\/home\/a-cruz-esta-pesada-a-forca-que-voce-precisa-pode-estar-aqui\/\",\"name\":\"A cruz est\\u00e1 pesada? A for\\u00e7a que voc\\u00ea precisa pode estar aqui. Confira!\",\"isPartOf\":{\"@id\":\"https:\/\/www.adf.org.br\/home\/#website\"},\"primaryImageOfPage\":{\"@id\":\"https:\/\/www.adf.org.br\/home\/a-cruz-esta-pesada-a-forca-que-voce-precisa-pode-estar-aqui\/#primaryimage\"},\"datePublished\":\"2020-04-17T10:20:07+00:00\",\"dateModified\":\"2020-04-17T10:20:07+00:00\",\"author\":{\"@id\":\"https:\/\/www.adf.org.br\/home\/#\/schema\/person\/f35a5c5aa7728a3dedf4ea9aa1fc2753\"},\"description\":\"A cruz est\\u00e1 pesada? A for\\u00e7a que voc\\u00ea precisa pode estar aqui...\\\"Jesus subia, seguindo sua Via Sacra, quando encontrou Nossa Senhora...\",\"breadcrumb\":{\"@id\":\"https:\/\/www.adf.org.br\/home\/a-cruz-esta-pesada-a-forca-que-voce-precisa-pode-estar-aqui\/#breadcrumb\"},\"inLanguage\":\"pt-BR\",\"potentialAction\":[{\"@type\":\"ReadAction\",\"target\":[\"https:\/\/www.adf.org.br\/home\/a-cruz-esta-pesada-a-forca-que-voce-precisa-pode-estar-aqui\/\"]}]},{\"@type\":\"BreadcrumbList\",\"@id\":\"https:\/\/www.adf.org.br\/home\/a-cruz-esta-pesada-a-forca-que-voce-precisa-pode-estar-aqui\/#breadcrumb\",\"itemListElement\":[{\"@type\":\"ListItem\",\"position\":1,\"name\":\"Home\",\"item\":\"https:\/\/www.adf.org.br\/home\/\"},{\"@type\":\"ListItem\",\"position\":2,\"name\":\"A cruz est\\u00e1 pesada? A for\\u00e7a que voc\\u00ea precisa pode estar aqui. Confira!\"}]},{\"@type\":\"Person\",\"@id\":\"https:\/\/www.adf.org.br\/home\/#\/schema\/person\/f35a5c5aa7728a3dedf4ea9aa1fc2753\",\"name\":\"Gabriel Barbosa\",\"image\":{\"@type\":\"ImageObject\",\"@id\":\"https:\/\/www.adf.org.br\/home\/#personlogo\",\"inLanguage\":\"pt-BR\",\"url\":\"https:\/\/secure.gravatar.com\/avatar\/2b2cb2f4637682c5605e8d36818f51ef?s=96&d=mm&r=g\",\"contentUrl\":\"https:\/\/secure.gravatar.com\/avatar\/2b2cb2f4637682c5605e8d36818f51ef?s=96&d=mm&r=g\",\"caption\":\"Gabriel Barbosa\"},\"url\":\"https:\/\/www.adf.org.br\/home\/author\/gabrielpmk-com-br\/\"}]}<\/script>\n<!-- \/ Yoast SEO plugin. -->","yoast_head_json":{"title":"A cruz est\u00e1 pesada? A for\u00e7a que voc\u00ea precisa pode estar aqui. Confira!","description":"A cruz est\u00e1 pesada? A for\u00e7a que voc\u00ea precisa pode estar aqui...\"Jesus subia, seguindo sua Via Sacra, quando encontrou Nossa Senhora...","robots":{"index":"index","follow":"follow","max-snippet":"max-snippet:-1","max-image-preview":"max-image-preview:large","max-video-preview":"max-video-preview:-1"},"canonical":"https:\/\/www.adf.org.br\/home\/a-cruz-esta-pesada-a-forca-que-voce-precisa-pode-estar-aqui\/","og_locale":"pt_BR","og_type":"article","og_title":"A cruz est\u00e1 pesada? A for\u00e7a que voc\u00ea precisa pode estar aqui. Confira!","og_description":"A cruz est\u00e1 pesada? A for\u00e7a que voc\u00ea precisa pode estar aqui...\"Jesus subia, seguindo sua Via Sacra, quando encontrou Nossa Senhora...","og_url":"https:\/\/www.adf.org.br\/home\/a-cruz-esta-pesada-a-forca-que-voce-precisa-pode-estar-aqui\/","og_site_name":"Associa\u00e7\u00e3o Devotos de F\u00e1tima","article_published_time":"2020-04-17T10:20:07+00:00","twitter_card":"summary_large_image","twitter_misc":{"Escrito por":"Gabriel Barbosa","Est. tempo de leitura":"2 minutos"},"schema":{"@context":"https:\/\/schema.org","@graph":[{"@type":"WebSite","@id":"https:\/\/www.adf.org.br\/home\/#website","url":"https:\/\/www.adf.org.br\/home\/","name":"Associa\u00e7\u00e3o Devotos de F\u00e1tima","description":"Associa\u00e7\u00e3o Devotos de F\u00e1tima","potentialAction":[{"@type":"SearchAction","target":{"@type":"EntryPoint","urlTemplate":"https:\/\/www.adf.org.br\/home\/?s={search_term_string}"},"query-input":"required name=search_term_string"}],"inLanguage":"pt-BR"},{"@type":"ImageObject","@id":"https:\/\/www.adf.org.br\/home\/a-cruz-esta-pesada-a-forca-que-voce-precisa-pode-estar-aqui\/#primaryimage","inLanguage":"pt-BR","url":"","contentUrl":""},{"@type":"WebPage","@id":"https:\/\/www.adf.org.br\/home\/a-cruz-esta-pesada-a-forca-que-voce-precisa-pode-estar-aqui\/#webpage","url":"https:\/\/www.adf.org.br\/home\/a-cruz-esta-pesada-a-forca-que-voce-precisa-pode-estar-aqui\/","name":"A cruz est\u00e1 pesada? A for\u00e7a que voc\u00ea precisa pode estar aqui. Confira!","isPartOf":{"@id":"https:\/\/www.adf.org.br\/home\/#website"},"primaryImageOfPage":{"@id":"https:\/\/www.adf.org.br\/home\/a-cruz-esta-pesada-a-forca-que-voce-precisa-pode-estar-aqui\/#primaryimage"},"datePublished":"2020-04-17T10:20:07+00:00","dateModified":"2020-04-17T10:20:07+00:00","author":{"@id":"https:\/\/www.adf.org.br\/home\/#\/schema\/person\/f35a5c5aa7728a3dedf4ea9aa1fc2753"},"description":"A cruz est\u00e1 pesada? A for\u00e7a que voc\u00ea precisa pode estar aqui...\"Jesus subia, seguindo sua Via Sacra, quando encontrou Nossa Senhora...","breadcrumb":{"@id":"https:\/\/www.adf.org.br\/home\/a-cruz-esta-pesada-a-forca-que-voce-precisa-pode-estar-aqui\/#breadcrumb"},"inLanguage":"pt-BR","potentialAction":[{"@type":"ReadAction","target":["https:\/\/www.adf.org.br\/home\/a-cruz-esta-pesada-a-forca-que-voce-precisa-pode-estar-aqui\/"]}]},{"@type":"BreadcrumbList","@id":"https:\/\/www.adf.org.br\/home\/a-cruz-esta-pesada-a-forca-que-voce-precisa-pode-estar-aqui\/#breadcrumb","itemListElement":[{"@type":"ListItem","position":1,"name":"Home","item":"https:\/\/www.adf.org.br\/home\/"},{"@type":"ListItem","position":2,"name":"A cruz est\u00e1 pesada? A for\u00e7a que voc\u00ea precisa pode estar aqui. Confira!"}]},{"@type":"Person","@id":"https:\/\/www.adf.org.br\/home\/#\/schema\/person\/f35a5c5aa7728a3dedf4ea9aa1fc2753","name":"Gabriel Barbosa","image":{"@type":"ImageObject","@id":"https:\/\/www.adf.org.br\/home\/#personlogo","inLanguage":"pt-BR","url":"https:\/\/secure.gravatar.com\/avatar\/2b2cb2f4637682c5605e8d36818f51ef?s=96&d=mm&r=g","contentUrl":"https:\/\/secure.gravatar.com\/avatar\/2b2cb2f4637682c5605e8d36818f51ef?s=96&d=mm&r=g","caption":"Gabriel Barbosa"},"url":"https:\/\/www.adf.org.br\/home\/author\/gabrielpmk-com-br\/"}]}},"_links":{"self":[{"href":"https:\/\/www.adf.org.br\/home\/wp-json\/wp\/v2\/posts\/58453"}],"collection":[{"href":"https:\/\/www.adf.org.br\/home\/wp-json\/wp\/v2\/posts"}],"about":[{"href":"https:\/\/www.adf.org.br\/home\/wp-json\/wp\/v2\/types\/post"}],"author":[{"embeddable":true,"href":"https:\/\/www.adf.org.br\/home\/wp-json\/wp\/v2\/users\/31"}],"replies":[{"embeddable":true,"href":"https:\/\/www.adf.org.br\/home\/wp-json\/wp\/v2\/comments?post=58453"}],"version-history":[{"count":0,"href":"https:\/\/www.adf.org.br\/home\/wp-json\/wp\/v2\/posts\/58453\/revisions"}],"wp:featuredmedia":[{"embeddable":true,"href":"https:\/\/www.adf.org.br\/home\/wp-json\/wp\/v2\/media\/58458"}],"wp:attachment":[{"href":"https:\/\/www.adf.org.br\/home\/wp-json\/wp\/v2\/media?parent=58453"}],"wp:term":[{"taxonomy":"category","embeddable":true,"href":"https:\/\/www.adf.org.br\/home\/wp-json\/wp\/v2\/categories?post=58453"},{"taxonomy":"post_tag","embeddable":true,"href":"https:\/\/www.adf.org.br\/home\/wp-json\/wp\/v2\/tags?post=58453"}],"curies":[{"name":"wp","href":"https:\/\/api.w.org\/{rel}","templated":true}]}}