{"id":58381,"date":"2021-04-02T00:30:33","date_gmt":"2021-04-02T03:30:33","guid":{"rendered":"http:\/\/www.adf.org.br\/home\/?p=58381"},"modified":"2021-04-05T14:37:32","modified_gmt":"2021-04-05T17:37:32","slug":"semana-santa-sexta-feira-da-paixao-a-dor-de-maria","status":"publish","type":"post","link":"https:\/\/www.adf.org.br\/home\/semana-santa-sexta-feira-da-paixao-a-dor-de-maria\/","title":{"rendered":"Semana Santa: Sexta-feira da Paix\u00e3o &#8211; A dor de Maria"},"content":{"rendered":"<p>&nbsp;<\/p>\n<p><span style=\"font-family: verdana, geneva, sans-serif; color: #ffffff; font-size: 12pt;\">.<a href=\"https:\/\/adf.org.br\/apostolosdefatima\/2\/?origem=18305\" target=\"_blank\" rel=\"noopener noreferrer\"><img loading=\"lazy\" class=\"aligncenter wp-image-65896 size-full\" title=\"Sexta-feira Santa: A Paix\u00e3o de Jesus Cristo\" src=\"https:\/\/www.aascj.org.br\/home\/wp-content\/uploads\/2020\/04\/Jesus-1024x706-1-1.jpg\" alt=\"Sexta-feira Santa: A Paix\u00e3o de Jesus Cristo\" width=\"624\" height=\"430\" \/><\/a><\/span><\/p>\n<p style=\"text-align: center;\"><span style=\"font-family: verdana, geneva, sans-serif; color: #003366; font-size: 12pt;\"><b><span style=\"font-size: 14pt;\">Sexta-feira da Paix\u00e3o<\/span>\u00a0<\/b><\/span><\/p>\n<p><span style=\"color: #ffffff;\">.<\/span><\/p>\n<p><span style=\"font-family: verdana, geneva, sans-serif; color: #000000; font-size: 14pt;\"><b>A dor de Maria<\/b><\/span><\/p>\n<p><span style=\"color: #ffffff;\">.<\/span><\/p>\n<p><span style=\"font-weight: 400; font-family: verdana, geneva, sans-serif; color: #000000; font-size: 12pt;\">\u201cNossa Senhora das Dores tem uma chaga no cora\u00e7\u00e3o. <strong>Nunca a alma de uma m\u00e3e carregou ferida igual<\/strong>. Ela \u00e9 feita de todas as chagas de Nosso Senhor Jesus Cristo. O Cora\u00e7\u00e3o Imaculado de Maria, transpassado pela espada, \u00e9 a porta por onde n\u00f3s chegamos \u00e0s chagas de Nosso Senhor Jesus Cristo.<\/span><\/p>\n<p><span style=\"color: #ffffff;\">.<\/span><\/p>\n<blockquote>\n<p style=\"padding-left: 40px;\"><span style=\"font-family: verdana, geneva, sans-serif; color: #003366; font-size: 12pt;\"><span style=\"font-weight: 400;\">Nossa Senhora das Dores apela aos transeuntes de todos os s\u00e9culos e pa\u00edses: <\/span><strong><i>\u2018\u00d3 v\u00f3s todos, que passais pelo caminho, parai e vede se h\u00e1 dor igual \u00e0 minha\u2019<\/i><\/strong><span style=\"font-weight: 400;\">.<\/span><\/span><\/p>\n<\/blockquote>\n<p><span style=\"color: #ffffff;\">.<\/span><\/p>\n<p><span style=\"font-weight: 400; font-family: verdana, geneva, sans-serif; color: #000000; font-size: 12pt;\">Hoje \u00e9 a Igreja que nos diz: <em>\u2018\u00d3 v\u00f3s todos que passais pelo caminho, parai e vede se h\u00e1 uma dor igual \u00e0 minha dor\u2019<\/em>.\u00a0<\/span><span style=\"font-weight: 400; font-family: verdana, geneva, sans-serif; color: #000000; font-size: 12pt;\">A Semana Santa \u00e9 o momento de parar, de suspender a absorvente preocupa\u00e7\u00e3o conosco, com nossa vida, e ver se h\u00e1 uma dor igual \u00e0 dor da Igreja Cat\u00f3lica\u201d.<\/span><\/p>\n<p><span style=\"color: #ffffff;\">.<\/span><\/p>\n<p><span style=\"font-family: verdana, geneva, sans-serif; color: #000000; font-size: 14pt;\"><b>A M\u00e3e de todas as gra\u00e7as<\/b><\/span><\/p>\n<p><span style=\"color: #ffffff;\">.<\/span><\/p>\n<p><span style=\"font-weight: 400; font-family: verdana, geneva, sans-serif; color: #000000; font-size: 12pt;\">\u201cNosso Senhor ex\u00e2nime est\u00e1 no colo de sua M\u00e3e virginal. Nossa Senhora \u00e9 a \u2018dona\u2019 daquele cad\u00e1ver e de todos os m\u00e9ritos infinitos d\u2019Ele.\u00a0<\/span><\/p>\n<p><span style=\"color: #ffffff;\">.<\/span><\/p>\n<blockquote>\n<p style=\"padding-left: 40px;\"><span style=\"font-family: verdana, geneva, sans-serif; color: #003366; font-size: 12pt;\"><b>Ela \u00e9 a dispensadora de todas as gra\u00e7as da Reden\u00e7\u00e3o<\/b><span style=\"font-weight: 400;\">. Tudo passa por meio d\u2019Ela, e por mais extraordin\u00e1rio que seja o valor das divinas chagas, se n\u00e3o for por meio d\u2019Ela, n\u00e3o obtemos nada.<\/span><\/span><\/p>\n<\/blockquote>\n<p><span style=\"color: #ffffff;\">.<\/span><\/p>\n<p><span style=\"font-weight: 400; font-family: verdana, geneva, sans-serif; color: #000000; font-size: 12pt;\">A pungente cena fala-nos da grande pena que Ela teve de seu Divino Filho. Considerando a insond\u00e1vel tristeza de Nossa Senhora segurando o Corpo sem vida de Nosso Senhor, <strong>pe\u00e7amos a gra\u00e7a do senso da Paix\u00e3o de Jesus Cristo<\/strong>.<\/span><\/p>\n<p><span style=\"color: #ffffff;\">.<\/span><\/p>\n<p><span style=\"font-family: verdana, geneva, sans-serif; color: #000000; font-size: 12pt;\"><span style=\"font-weight: 400;\">Muitos meditam sobre a Paix\u00e3o com indiferen\u00e7a:<\/span><i><span style=\"font-weight: 400;\"> \u2018O que eu tenho a ver com isso?\u2019<\/span><\/i><span style=\"font-weight: 400;\">.\u00a0<\/span><i><span style=\"font-weight: 400;\">Minha M\u00e3e, fazei que as dores de Cristo sejam as minhas, e dai-me a gra\u00e7a de ter constantemente diante de meus olhos a paix\u00e3o tremenda que atravessa hoje a Santa Igreja Cat\u00f3lica.<\/span><\/i><span style=\"font-weight: 400;\">\u201d<\/span><\/span><span style=\"color: #ffffff;\">.<\/span><\/p>\n<p style=\"text-align: right;\"><span style=\"font-family: verdana, geneva, sans-serif; color: #000000; font-size: 10pt;\"><b>Fonte:<\/b> <span style=\"font-weight: 400;\">Catolicismo<\/span><\/span><\/p>\n<p><span style=\"color: #ffffff;\">.<\/span><\/p>\n<hr \/>\n<p>&nbsp;<\/p>\n<p style=\"text-align: left;\"><strong><span style=\"color: #000000;\">Esteja cada vez mais pr\u00f3ximo de<\/span>\u00a0 <span style=\"color: #0000ff;\"><a style=\"color: #0000ff;\" href=\"https:\/\/adf.org.br\/velario\/dores?origem=18305\" target=\"_blank\" rel=\"noopener noreferrer\">Nossa Senhora de F\u00e1tima<\/a>!<\/span><\/strong><\/p>\n<p style=\"text-align: left;\"><span style=\"color: #000000;\">Para isso,<\/span> <a href=\"https:\/\/www.adf.org.br\/home\/pagina-de-cadastro\/?origem=18305\" target=\"_blank\" rel=\"noopener noreferrer\"><strong><span style=\"color: #0000ff;\">fa\u00e7a aqui sua inscri\u00e7\u00e3o<\/span><\/strong><\/a> <span style=\"color: #000000;\">gratuitamente, para receber conte\u00fados de inspira\u00e7\u00e3o cat\u00f3lica todos os dias.<\/span><\/p>\n<p style=\"text-align: left;\"><span style=\"color: #000000;\">Esses conte\u00fados v\u00e3o ajudar voc\u00ea a unir-se \u00e0<strong>\u00a0<span style=\"color: #000080;\">Nossa Senhora e ter uma vida mais devota a Deus.<\/span><\/strong><\/span><\/p>\n<p style=\"text-align: left;\"><span style=\"color: #000000;\">E voc\u00ea ser\u00e1 notificado sempre que publicarmos Ora\u00e7\u00f5es, Missas especiais que ser\u00e3o celebradas e muitos mais\u2026\u00a0<\/span><\/p>\n<p style=\"text-align: left;\"><a href=\"https:\/\/www.adf.org.br\/home\/pagina-de-cadastro\/?origem=18305\" target=\"_blank\" rel=\"noopener noreferrer\"><strong><span style=\"color: #0000ff;\">Fa\u00e7a sua inscri\u00e7\u00e3o gr\u00e1tis aqui<\/span><\/strong><\/a><span style=\"color: #0000ff;\">\u00a0<\/span><span style=\"color: #000000;\">ou clique na<strong>\u00a0imagem abaixo:<\/strong><\/span><\/p>\n<p><a href=\"https:\/\/www.adf.org.br\/home\/pagina-de-cadastro\/?origem=18305\" target=\"_blank\" rel=\"noopener noreferrer\"><img loading=\"lazy\" class=\"aligncenter wp-image-58004 size-full\" src=\"https:\/\/www.adf.org.br\/home\/wp-content\/uploads\/2020\/03\/ADF-Bot\u00e3o-Feedburner.png\" alt=\"Bot\u00e3o de Inscri\u00e7\u00e3o do Boletim Devotos de F\u00e1tima\" width=\"362\" height=\"192\" \/><\/a><\/p>\n<p><span style=\"color: #ffffff;\">.<\/span><\/p>\n","protected":false},"excerpt":{"rendered":"<p>&nbsp; . Sexta-feira da Paix\u00e3o\u00a0 . A dor de Maria . \u201cNossa Senhora das Dores tem uma chaga no cora\u00e7\u00e3o. Nunca a alma de uma m\u00e3e carregou ferida igual. Ela \u00e9 feita de todas as chagas de Nosso Senhor Jesus Cristo. O Cora\u00e7\u00e3o Imaculado de Maria, transpassado pela espada, \u00e9 a porta por onde n\u00f3s [&hellip;]<\/p>\n","protected":false},"author":31,"featured_media":64062,"comment_status":"open","ping_status":"open","sticky":false,"template":"","format":"standard","meta":[],"categories":[20,56,2332],"tags":[3163,3143,90,133,3164,139,38,802,438,102,1294,3150,470,313],"yoast_head":"<!-- This site is optimized with the Yoast SEO plugin v17.4 - https:\/\/yoast.com\/wordpress\/plugins\/seo\/ -->\n<title>Semana Santa: Sexta-feira da Paix\u00e3o - A dor de Maria<\/title>\n<meta name=\"description\" content=\"Semana Santa: Sexta-feira da Paix\u00e3o - A dor de Maria - \u201cNossa Senho\u00adra das Dores tem uma chaga no cora\u00e7\u00e3o. Nunca a alma de uma m\u00e3e carregou...\" \/>\n<meta name=\"robots\" content=\"index, follow, max-snippet:-1, max-image-preview:large, max-video-preview:-1\" \/>\n<link rel=\"canonical\" href=\"https:\/\/www.adf.org.br\/home\/semana-santa-sexta-feira-da-paixao-a-dor-de-maria\/\" \/>\n<meta property=\"og:locale\" content=\"pt_BR\" \/>\n<meta property=\"og:type\" content=\"article\" \/>\n<meta property=\"og:title\" content=\"Semana Santa: Sexta-feira da Paix\u00e3o - A dor de Maria\" \/>\n<meta property=\"og:description\" content=\"Semana Santa: Sexta-feira da Paix\u00e3o - A dor de Maria - \u201cNossa Senho\u00adra das Dores tem uma chaga no cora\u00e7\u00e3o. Nunca a alma de uma m\u00e3e carregou...\" \/>\n<meta property=\"og:url\" content=\"https:\/\/www.adf.org.br\/home\/semana-santa-sexta-feira-da-paixao-a-dor-de-maria\/\" \/>\n<meta property=\"og:site_name\" content=\"Associa\u00e7\u00e3o Devotos de F\u00e1tima\" \/>\n<meta property=\"article:published_time\" content=\"2021-04-02T03:30:33+00:00\" \/>\n<meta property=\"article:modified_time\" content=\"2021-04-05T17:37:32+00:00\" \/>\n<meta property=\"og:image\" content=\"https:\/\/www.adf.org.br\/home\/wp-content\/uploads\/2021\/04\/capa-post-adf.jpg\" \/>\n\t<meta property=\"og:image:width\" content=\"624\" \/>\n\t<meta property=\"og:image:height\" content=\"430\" \/>\n<meta name=\"twitter:card\" content=\"summary_large_image\" \/>\n<meta name=\"twitter:label1\" content=\"Escrito por\" \/>\n\t<meta name=\"twitter:data1\" content=\"Gabriel Barbosa\" \/>\n\t<meta name=\"twitter:label2\" content=\"Est. tempo de leitura\" \/>\n\t<meta name=\"twitter:data2\" content=\"2 minutos\" \/>\n<script type=\"application\/ld+json\" class=\"yoast-schema-graph\">{\"@context\":\"https:\/\/schema.org\",\"@graph\":[{\"@type\":\"WebSite\",\"@id\":\"https:\/\/www.adf.org.br\/home\/#website\",\"url\":\"https:\/\/www.adf.org.br\/home\/\",\"name\":\"Associa\\u00e7\\u00e3o Devotos de F\\u00e1tima\",\"description\":\"Associa\\u00e7\\u00e3o Devotos de F\\u00e1tima\",\"potentialAction\":[{\"@type\":\"SearchAction\",\"target\":{\"@type\":\"EntryPoint\",\"urlTemplate\":\"https:\/\/www.adf.org.br\/home\/?s={search_term_string}\"},\"query-input\":\"required name=search_term_string\"}],\"inLanguage\":\"pt-BR\"},{\"@type\":\"ImageObject\",\"@id\":\"https:\/\/www.adf.org.br\/home\/semana-santa-sexta-feira-da-paixao-a-dor-de-maria\/#primaryimage\",\"inLanguage\":\"pt-BR\",\"url\":\"https:\/\/www.adf.org.br\/home\/wp-content\/uploads\/2021\/04\/capa-post-adf.jpg\",\"contentUrl\":\"https:\/\/www.adf.org.br\/home\/wp-content\/uploads\/2021\/04\/capa-post-adf.jpg\",\"width\":624,\"height\":430},{\"@type\":\"WebPage\",\"@id\":\"https:\/\/www.adf.org.br\/home\/semana-santa-sexta-feira-da-paixao-a-dor-de-maria\/#webpage\",\"url\":\"https:\/\/www.adf.org.br\/home\/semana-santa-sexta-feira-da-paixao-a-dor-de-maria\/\",\"name\":\"Semana Santa: Sexta-feira da Paix\\u00e3o - A dor de Maria\",\"isPartOf\":{\"@id\":\"https:\/\/www.adf.org.br\/home\/#website\"},\"primaryImageOfPage\":{\"@id\":\"https:\/\/www.adf.org.br\/home\/semana-santa-sexta-feira-da-paixao-a-dor-de-maria\/#primaryimage\"},\"datePublished\":\"2021-04-02T03:30:33+00:00\",\"dateModified\":\"2021-04-05T17:37:32+00:00\",\"author\":{\"@id\":\"https:\/\/www.adf.org.br\/home\/#\/schema\/person\/f35a5c5aa7728a3dedf4ea9aa1fc2753\"},\"description\":\"Semana Santa: Sexta-feira da Paix\\u00e3o - A dor de Maria - \\u201cNossa Senho\\u00adra das Dores tem uma chaga no cora\\u00e7\\u00e3o. Nunca a alma de uma m\\u00e3e carregou...\",\"breadcrumb\":{\"@id\":\"https:\/\/www.adf.org.br\/home\/semana-santa-sexta-feira-da-paixao-a-dor-de-maria\/#breadcrumb\"},\"inLanguage\":\"pt-BR\",\"potentialAction\":[{\"@type\":\"ReadAction\",\"target\":[\"https:\/\/www.adf.org.br\/home\/semana-santa-sexta-feira-da-paixao-a-dor-de-maria\/\"]}]},{\"@type\":\"BreadcrumbList\",\"@id\":\"https:\/\/www.adf.org.br\/home\/semana-santa-sexta-feira-da-paixao-a-dor-de-maria\/#breadcrumb\",\"itemListElement\":[{\"@type\":\"ListItem\",\"position\":1,\"name\":\"Home\",\"item\":\"https:\/\/www.adf.org.br\/home\/\"},{\"@type\":\"ListItem\",\"position\":2,\"name\":\"Semana Santa: Sexta-feira da Paix\\u00e3o &#8211; A dor de Maria\"}]},{\"@type\":\"Person\",\"@id\":\"https:\/\/www.adf.org.br\/home\/#\/schema\/person\/f35a5c5aa7728a3dedf4ea9aa1fc2753\",\"name\":\"Gabriel Barbosa\",\"image\":{\"@type\":\"ImageObject\",\"@id\":\"https:\/\/www.adf.org.br\/home\/#personlogo\",\"inLanguage\":\"pt-BR\",\"url\":\"https:\/\/secure.gravatar.com\/avatar\/2b2cb2f4637682c5605e8d36818f51ef?s=96&d=mm&r=g\",\"contentUrl\":\"https:\/\/secure.gravatar.com\/avatar\/2b2cb2f4637682c5605e8d36818f51ef?s=96&d=mm&r=g\",\"caption\":\"Gabriel Barbosa\"},\"url\":\"https:\/\/www.adf.org.br\/home\/author\/gabrielpmk-com-br\/\"}]}<\/script>\n<!-- \/ Yoast SEO plugin. -->","yoast_head_json":{"title":"Semana Santa: Sexta-feira da Paix\u00e3o - A dor de Maria","description":"Semana Santa: Sexta-feira da Paix\u00e3o - A dor de Maria - \u201cNossa Senho\u00adra das Dores tem uma chaga no cora\u00e7\u00e3o. Nunca a alma de uma m\u00e3e carregou...","robots":{"index":"index","follow":"follow","max-snippet":"max-snippet:-1","max-image-preview":"max-image-preview:large","max-video-preview":"max-video-preview:-1"},"canonical":"https:\/\/www.adf.org.br\/home\/semana-santa-sexta-feira-da-paixao-a-dor-de-maria\/","og_locale":"pt_BR","og_type":"article","og_title":"Semana Santa: Sexta-feira da Paix\u00e3o - A dor de Maria","og_description":"Semana Santa: Sexta-feira da Paix\u00e3o - A dor de Maria - \u201cNossa Senho\u00adra das Dores tem uma chaga no cora\u00e7\u00e3o. Nunca a alma de uma m\u00e3e carregou...","og_url":"https:\/\/www.adf.org.br\/home\/semana-santa-sexta-feira-da-paixao-a-dor-de-maria\/","og_site_name":"Associa\u00e7\u00e3o Devotos de F\u00e1tima","article_published_time":"2021-04-02T03:30:33+00:00","article_modified_time":"2021-04-05T17:37:32+00:00","og_image":[{"width":624,"height":430,"url":"https:\/\/www.adf.org.br\/home\/wp-content\/uploads\/2021\/04\/capa-post-adf.jpg","type":"image\/jpeg"}],"twitter_card":"summary_large_image","twitter_misc":{"Escrito por":"Gabriel Barbosa","Est. tempo de leitura":"2 minutos"},"schema":{"@context":"https:\/\/schema.org","@graph":[{"@type":"WebSite","@id":"https:\/\/www.adf.org.br\/home\/#website","url":"https:\/\/www.adf.org.br\/home\/","name":"Associa\u00e7\u00e3o Devotos de F\u00e1tima","description":"Associa\u00e7\u00e3o Devotos de F\u00e1tima","potentialAction":[{"@type":"SearchAction","target":{"@type":"EntryPoint","urlTemplate":"https:\/\/www.adf.org.br\/home\/?s={search_term_string}"},"query-input":"required name=search_term_string"}],"inLanguage":"pt-BR"},{"@type":"ImageObject","@id":"https:\/\/www.adf.org.br\/home\/semana-santa-sexta-feira-da-paixao-a-dor-de-maria\/#primaryimage","inLanguage":"pt-BR","url":"https:\/\/www.adf.org.br\/home\/wp-content\/uploads\/2021\/04\/capa-post-adf.jpg","contentUrl":"https:\/\/www.adf.org.br\/home\/wp-content\/uploads\/2021\/04\/capa-post-adf.jpg","width":624,"height":430},{"@type":"WebPage","@id":"https:\/\/www.adf.org.br\/home\/semana-santa-sexta-feira-da-paixao-a-dor-de-maria\/#webpage","url":"https:\/\/www.adf.org.br\/home\/semana-santa-sexta-feira-da-paixao-a-dor-de-maria\/","name":"Semana Santa: Sexta-feira da Paix\u00e3o - A dor de Maria","isPartOf":{"@id":"https:\/\/www.adf.org.br\/home\/#website"},"primaryImageOfPage":{"@id":"https:\/\/www.adf.org.br\/home\/semana-santa-sexta-feira-da-paixao-a-dor-de-maria\/#primaryimage"},"datePublished":"2021-04-02T03:30:33+00:00","dateModified":"2021-04-05T17:37:32+00:00","author":{"@id":"https:\/\/www.adf.org.br\/home\/#\/schema\/person\/f35a5c5aa7728a3dedf4ea9aa1fc2753"},"description":"Semana Santa: Sexta-feira da Paix\u00e3o - A dor de Maria - \u201cNossa Senho\u00adra das Dores tem uma chaga no cora\u00e7\u00e3o. Nunca a alma de uma m\u00e3e carregou...","breadcrumb":{"@id":"https:\/\/www.adf.org.br\/home\/semana-santa-sexta-feira-da-paixao-a-dor-de-maria\/#breadcrumb"},"inLanguage":"pt-BR","potentialAction":[{"@type":"ReadAction","target":["https:\/\/www.adf.org.br\/home\/semana-santa-sexta-feira-da-paixao-a-dor-de-maria\/"]}]},{"@type":"BreadcrumbList","@id":"https:\/\/www.adf.org.br\/home\/semana-santa-sexta-feira-da-paixao-a-dor-de-maria\/#breadcrumb","itemListElement":[{"@type":"ListItem","position":1,"name":"Home","item":"https:\/\/www.adf.org.br\/home\/"},{"@type":"ListItem","position":2,"name":"Semana Santa: Sexta-feira da Paix\u00e3o &#8211; A dor de Maria"}]},{"@type":"Person","@id":"https:\/\/www.adf.org.br\/home\/#\/schema\/person\/f35a5c5aa7728a3dedf4ea9aa1fc2753","name":"Gabriel Barbosa","image":{"@type":"ImageObject","@id":"https:\/\/www.adf.org.br\/home\/#personlogo","inLanguage":"pt-BR","url":"https:\/\/secure.gravatar.com\/avatar\/2b2cb2f4637682c5605e8d36818f51ef?s=96&d=mm&r=g","contentUrl":"https:\/\/secure.gravatar.com\/avatar\/2b2cb2f4637682c5605e8d36818f51ef?s=96&d=mm&r=g","caption":"Gabriel Barbosa"},"url":"https:\/\/www.adf.org.br\/home\/author\/gabrielpmk-com-br\/"}]}},"_links":{"self":[{"href":"https:\/\/www.adf.org.br\/home\/wp-json\/wp\/v2\/posts\/58381"}],"collection":[{"href":"https:\/\/www.adf.org.br\/home\/wp-json\/wp\/v2\/posts"}],"about":[{"href":"https:\/\/www.adf.org.br\/home\/wp-json\/wp\/v2\/types\/post"}],"author":[{"embeddable":true,"href":"https:\/\/www.adf.org.br\/home\/wp-json\/wp\/v2\/users\/31"}],"replies":[{"embeddable":true,"href":"https:\/\/www.adf.org.br\/home\/wp-json\/wp\/v2\/comments?post=58381"}],"version-history":[{"count":6,"href":"https:\/\/www.adf.org.br\/home\/wp-json\/wp\/v2\/posts\/58381\/revisions"}],"predecessor-version":[{"id":64064,"href":"https:\/\/www.adf.org.br\/home\/wp-json\/wp\/v2\/posts\/58381\/revisions\/64064"}],"wp:featuredmedia":[{"embeddable":true,"href":"https:\/\/www.adf.org.br\/home\/wp-json\/wp\/v2\/media\/64062"}],"wp:attachment":[{"href":"https:\/\/www.adf.org.br\/home\/wp-json\/wp\/v2\/media?parent=58381"}],"wp:term":[{"taxonomy":"category","embeddable":true,"href":"https:\/\/www.adf.org.br\/home\/wp-json\/wp\/v2\/categories?post=58381"},{"taxonomy":"post_tag","embeddable":true,"href":"https:\/\/www.adf.org.br\/home\/wp-json\/wp\/v2\/tags?post=58381"}],"curies":[{"name":"wp","href":"https:\/\/api.w.org\/{rel}","templated":true}]}}