{"id":58285,"date":"2021-03-31T08:00:09","date_gmt":"2021-03-31T11:00:09","guid":{"rendered":"http:\/\/www.adf.org.br\/home\/?p=58285"},"modified":"2021-03-30T17:36:45","modified_gmt":"2021-03-30T20:36:45","slug":"missa-de-pascoa-inscreva-seu-nome-na-solenidade-mais-importante-do-ano","status":"publish","type":"post","link":"https:\/\/www.adf.org.br\/home\/missa-de-pascoa-inscreva-seu-nome-na-solenidade-mais-importante-do-ano\/","title":{"rendered":"MISSA DE P\u00c1SCOA: Inscreva seu nome na Solenidade mais importante do ano!"},"content":{"rendered":"<p><a href=\"tel:08006082128\" target=\"_blank\" rel=\"noopener noreferrer\"><img loading=\"lazy\" class=\"CToWUd aligncenter\" src=\"https:\/\/ci4.googleusercontent.com\/proxy\/sgAaUcExovGpDBDlAeCcYzXw0s9DVHwwGSRvC8ArYZY573g5WDV92p1neG64hZGhbtQwgidJI4WvsH8eJtm4V3lyhUuJIP_F7vBpJ1rRKw=s0-d-e1-ft#http:\/\/adf.org.br\/home\/emkt\/001_dell\/ADF-EMKT-0800-30-03.jpg\" alt=\"Associacao_Devotos_De_Nossa_Senhora_De_Fatima\" width=\"628\" height=\"419\" \/><\/a><\/p>\n<p>&nbsp;<\/p>\n<p><strong><span style=\"font-family: verdana, geneva, sans-serif; color: #000080; font-size: 12pt;\">A grande data se aproxima!<\/span><\/strong><\/p>\n<p><span style=\"font-family: verdana, geneva, sans-serif; color: #000000; font-size: 12pt;\"><span style=\"font-weight: 400;\">\u00c9 neste domingo, dia 04 de abril, o dia que celebramos a <\/span><b>Ressurrei\u00e7\u00e3o de Nosso Senhor Jesus Cristo<\/b><span style=\"font-weight: 400;\">.<span style=\"color: #ffffff;\">.<\/span><\/span><\/span><\/p>\n<p><strong><span style=\"font-family: verdana, geneva, sans-serif; color: #ff0000; font-size: 12pt;\">A marca do Triunfo do Filho de Deus e de Nossa Senhora sobre o mundo!<\/span><\/strong><span style=\"color: #ffffff;\">.<\/span><\/p>\n<p style=\"text-align: center;\"><span style=\"font-weight: 400; font-family: verdana, geneva, sans-serif; color: #000000; font-size: 14pt;\">Ligue agora mesmo para:<\/span><\/p>\n<p style=\"text-align: center;\"><a href=\"tel:08006082128\" target=\"_blank\" rel=\"noopener noreferrer\"><img loading=\"lazy\" class=\"aligncenter wp-image-58098 size-full\" title=\"Telefone da Associa\u00e7\u00e3o Devotos de F\u00e1tima\" src=\"https:\/\/www.adf.org.br\/home\/wp-content\/uploads\/2020\/03\/Bot\u00e3o-Telefone-ADF.png\" alt=\"Telefone da Associa\u00e7\u00e3o Devotos de F\u00e1tima no texto da Missa de P\u00e1scoa\" width=\"482\" height=\"113\" \/><\/a><\/p>\n<p><span style=\"font-weight: 400; font-family: verdana, geneva, sans-serif; color: #000000; font-size: 12pt;\">Coloque <strong>seu nome<\/strong> e<strong> suas preces<\/strong> no Livro de S\u00faplicas da <strong>Solenidade mais importante do ano.\u00a0<\/strong><\/span><\/p>\n<p>&nbsp;<\/p>\n<blockquote>\n<p style=\"text-align: center;\"><span style=\"font-family: verdana, geneva, sans-serif; color: #000000; font-size: 12pt;\"><span style=\"font-weight: 400;\">A <\/span><b>liga\u00e7\u00e3o \u00e9 gratuita<\/b><span style=\"font-weight: 400;\"> para todo o Brasil e voc\u00ea n\u00e3o precisa pagar nada para inscrever seus pedidos.<\/span><\/span><\/p>\n<p style=\"text-align: center;\"><span style=\"font-family: verdana, geneva, sans-serif; color: #000000; font-size: 12pt;\"><b>Hor\u00e1rio de Atendimento:<\/b><span style=\"font-weight: 400;\"> De segunda a sexta-feira, das 08h \u00e0s 18h.\u00a0<\/span><\/span><\/p>\n<\/blockquote>\n<p><span style=\"color: #ffffff;\">.<\/span><\/p>\n<p><span style=\"font-family: verdana, geneva, sans-serif; color: #000000; font-size: 12pt;\"><span style=\"font-weight: 400;\">Se n\u00e3o conseguir falar na Central de Missas, <\/span><b><a href=\"http:\/\/www.adf.org.br\/velario\/pascoa?origem=18292\" target=\"_blank\" rel=\"noopener noreferrer\"><span style=\"color: #0000ff;\">acesse aqui<\/span><\/a> ou na imagem abaixo<\/b><span style=\"font-weight: 400;\"> para inscrever suas inten\u00e7\u00f5es:<\/span><\/span><a href=\"http:\/\/www.adf.org.br\/velario\/pascoa?origem=18292\" target=\"_blank\" rel=\"noopener noreferrer\"><img loading=\"lazy\" class=\"aligncenter wp-image-58298 size-full\" title=\"Vela da Santa Missa de P\u00e1scoa\" src=\"https:\/\/www.adf.org.br\/home\/wp-content\/uploads\/2020\/04\/ADF-Vela-da-Missa-de-P\u00e1scoa.png\" alt=\"Vela da Missa de P\u00e1scoa\" width=\"540\" height=\"320\" \/><\/a><\/p>\n<p><span style=\"font-weight: 400; font-family: verdana, geneva, sans-serif; color: #000000; font-size: 12pt;\">Precisamos <strong>glorificar sempre<\/strong>, ainda mais nessa data, Aquele que deu Sua pr\u00f3pria vida para Salvar nossas almas.<\/span><\/p>\n<p><span style=\"color: #ffffff;\">.<\/span><\/p>\n<p style=\"text-align: center;\"><span style=\"font-family: verdana, geneva, sans-serif; color: #003366; font-size: 12pt;\"><i><span style=\"font-weight: 400;\">&#8220;Com efeito, de tal modo Deus amou o mundo, que lhe deu seu Filho \u00fanico, para que todo o que nele crer n\u00e3o pere\u00e7a, mas tenha a vida eterna.&#8221;<br \/>\n<\/span><\/i><\/span><span style=\"font-family: verdana, geneva, sans-serif; color: #003366; font-size: 12pt;\"><b>Jo\u00e3o 3,16<\/b><\/span><\/p>\n","protected":false},"excerpt":{"rendered":"<p>&nbsp; A grande data se aproxima! \u00c9 neste domingo, dia 04 de abril, o dia que celebramos a Ressurrei\u00e7\u00e3o de Nosso Senhor Jesus Cristo.. A marca do Triunfo do Filho de Deus e de Nossa Senhora sobre o mundo!. Ligue agora mesmo para: Coloque seu nome e suas preces no Livro de S\u00faplicas da Solenidade [&hellip;]<\/p>\n","protected":false},"author":31,"featured_media":63770,"comment_status":"open","ping_status":"open","sticky":false,"template":"","format":"standard","meta":[],"categories":[20,2473,60,2621,2332],"tags":[2444,357,3143,133,139,433,38,1314,435,470,3145],"yoast_head":"<!-- This site is optimized with the Yoast SEO plugin v17.4 - https:\/\/yoast.com\/wordpress\/plugins\/seo\/ -->\n<title>MISSA DE P\u00c1SCOA: Inscreva seu nome na Solenidade mais importante do ano!<\/title>\n<meta name=\"description\" content=\"Missa de P\u00e1scoa - Veja aqui como deixar seu nome e seus pedidos na Santa Missa mais importante do ano em que celebramos a Ressurei\u00e7\u00e3o de Jesus\" \/>\n<meta name=\"robots\" content=\"index, follow, max-snippet:-1, max-image-preview:large, max-video-preview:-1\" \/>\n<link rel=\"canonical\" href=\"https:\/\/www.adf.org.br\/home\/missa-de-pascoa-inscreva-seu-nome-na-solenidade-mais-importante-do-ano\/\" \/>\n<meta property=\"og:locale\" content=\"pt_BR\" \/>\n<meta property=\"og:type\" content=\"article\" \/>\n<meta property=\"og:title\" content=\"MISSA DE P\u00c1SCOA: Inscreva seu nome na Solenidade mais importante do ano!\" \/>\n<meta property=\"og:description\" content=\"Missa de P\u00e1scoa - Veja aqui como deixar seu nome e seus pedidos na Santa Missa mais importante do ano em que celebramos a Ressurei\u00e7\u00e3o de Jesus\" \/>\n<meta property=\"og:url\" content=\"https:\/\/www.adf.org.br\/home\/missa-de-pascoa-inscreva-seu-nome-na-solenidade-mais-importante-do-ano\/\" \/>\n<meta property=\"og:site_name\" content=\"Associa\u00e7\u00e3o Devotos de F\u00e1tima\" \/>\n<meta property=\"article:published_time\" content=\"2021-03-31T11:00:09+00:00\" \/>\n<meta property=\"article:modified_time\" content=\"2021-03-30T20:36:45+00:00\" \/>\n<meta property=\"og:image\" content=\"https:\/\/www.adf.org.br\/home\/wp-content\/uploads\/2021\/03\/Missa.jpg\" \/>\n\t<meta property=\"og:image:width\" content=\"620\" \/>\n\t<meta property=\"og:image:height\" content=\"378\" \/>\n<meta name=\"twitter:card\" content=\"summary_large_image\" \/>\n<meta name=\"twitter:label1\" content=\"Escrito por\" \/>\n\t<meta name=\"twitter:data1\" content=\"Gabriel Barbosa\" \/>\n\t<meta name=\"twitter:label2\" content=\"Est. tempo de leitura\" \/>\n\t<meta name=\"twitter:data2\" content=\"1 minuto\" \/>\n<script type=\"application\/ld+json\" class=\"yoast-schema-graph\">{\"@context\":\"https:\/\/schema.org\",\"@graph\":[{\"@type\":\"WebSite\",\"@id\":\"https:\/\/www.adf.org.br\/home\/#website\",\"url\":\"https:\/\/www.adf.org.br\/home\/\",\"name\":\"Associa\\u00e7\\u00e3o Devotos de F\\u00e1tima\",\"description\":\"Associa\\u00e7\\u00e3o Devotos de F\\u00e1tima\",\"potentialAction\":[{\"@type\":\"SearchAction\",\"target\":{\"@type\":\"EntryPoint\",\"urlTemplate\":\"https:\/\/www.adf.org.br\/home\/?s={search_term_string}\"},\"query-input\":\"required name=search_term_string\"}],\"inLanguage\":\"pt-BR\"},{\"@type\":\"ImageObject\",\"@id\":\"https:\/\/www.adf.org.br\/home\/missa-de-pascoa-inscreva-seu-nome-na-solenidade-mais-importante-do-ano\/#primaryimage\",\"inLanguage\":\"pt-BR\",\"url\":\"https:\/\/www.adf.org.br\/home\/wp-content\/uploads\/2021\/03\/Missa.jpg\",\"contentUrl\":\"https:\/\/www.adf.org.br\/home\/wp-content\/uploads\/2021\/03\/Missa.jpg\",\"width\":620,\"height\":378},{\"@type\":\"WebPage\",\"@id\":\"https:\/\/www.adf.org.br\/home\/missa-de-pascoa-inscreva-seu-nome-na-solenidade-mais-importante-do-ano\/#webpage\",\"url\":\"https:\/\/www.adf.org.br\/home\/missa-de-pascoa-inscreva-seu-nome-na-solenidade-mais-importante-do-ano\/\",\"name\":\"MISSA DE P\\u00c1SCOA: Inscreva seu nome na Solenidade mais importante do ano!\",\"isPartOf\":{\"@id\":\"https:\/\/www.adf.org.br\/home\/#website\"},\"primaryImageOfPage\":{\"@id\":\"https:\/\/www.adf.org.br\/home\/missa-de-pascoa-inscreva-seu-nome-na-solenidade-mais-importante-do-ano\/#primaryimage\"},\"datePublished\":\"2021-03-31T11:00:09+00:00\",\"dateModified\":\"2021-03-30T20:36:45+00:00\",\"author\":{\"@id\":\"https:\/\/www.adf.org.br\/home\/#\/schema\/person\/f35a5c5aa7728a3dedf4ea9aa1fc2753\"},\"description\":\"Missa de P\\u00e1scoa - Veja aqui como deixar seu nome e seus pedidos na Santa Missa mais importante do ano em que celebramos a Ressurei\\u00e7\\u00e3o de Jesus\",\"breadcrumb\":{\"@id\":\"https:\/\/www.adf.org.br\/home\/missa-de-pascoa-inscreva-seu-nome-na-solenidade-mais-importante-do-ano\/#breadcrumb\"},\"inLanguage\":\"pt-BR\",\"potentialAction\":[{\"@type\":\"ReadAction\",\"target\":[\"https:\/\/www.adf.org.br\/home\/missa-de-pascoa-inscreva-seu-nome-na-solenidade-mais-importante-do-ano\/\"]}]},{\"@type\":\"BreadcrumbList\",\"@id\":\"https:\/\/www.adf.org.br\/home\/missa-de-pascoa-inscreva-seu-nome-na-solenidade-mais-importante-do-ano\/#breadcrumb\",\"itemListElement\":[{\"@type\":\"ListItem\",\"position\":1,\"name\":\"Home\",\"item\":\"https:\/\/www.adf.org.br\/home\/\"},{\"@type\":\"ListItem\",\"position\":2,\"name\":\"MISSA DE P\\u00c1SCOA: Inscreva seu nome na Solenidade mais importante do ano!\"}]},{\"@type\":\"Person\",\"@id\":\"https:\/\/www.adf.org.br\/home\/#\/schema\/person\/f35a5c5aa7728a3dedf4ea9aa1fc2753\",\"name\":\"Gabriel Barbosa\",\"image\":{\"@type\":\"ImageObject\",\"@id\":\"https:\/\/www.adf.org.br\/home\/#personlogo\",\"inLanguage\":\"pt-BR\",\"url\":\"https:\/\/secure.gravatar.com\/avatar\/2b2cb2f4637682c5605e8d36818f51ef?s=96&d=mm&r=g\",\"contentUrl\":\"https:\/\/secure.gravatar.com\/avatar\/2b2cb2f4637682c5605e8d36818f51ef?s=96&d=mm&r=g\",\"caption\":\"Gabriel Barbosa\"},\"url\":\"https:\/\/www.adf.org.br\/home\/author\/gabrielpmk-com-br\/\"}]}<\/script>\n<!-- \/ Yoast SEO plugin. -->","yoast_head_json":{"title":"MISSA DE P\u00c1SCOA: Inscreva seu nome na Solenidade mais importante do ano!","description":"Missa de P\u00e1scoa - Veja aqui como deixar seu nome e seus pedidos na Santa Missa mais importante do ano em que celebramos a Ressurei\u00e7\u00e3o de Jesus","robots":{"index":"index","follow":"follow","max-snippet":"max-snippet:-1","max-image-preview":"max-image-preview:large","max-video-preview":"max-video-preview:-1"},"canonical":"https:\/\/www.adf.org.br\/home\/missa-de-pascoa-inscreva-seu-nome-na-solenidade-mais-importante-do-ano\/","og_locale":"pt_BR","og_type":"article","og_title":"MISSA DE P\u00c1SCOA: Inscreva seu nome na Solenidade mais importante do ano!","og_description":"Missa de P\u00e1scoa - Veja aqui como deixar seu nome e seus pedidos na Santa Missa mais importante do ano em que celebramos a Ressurei\u00e7\u00e3o de Jesus","og_url":"https:\/\/www.adf.org.br\/home\/missa-de-pascoa-inscreva-seu-nome-na-solenidade-mais-importante-do-ano\/","og_site_name":"Associa\u00e7\u00e3o Devotos de F\u00e1tima","article_published_time":"2021-03-31T11:00:09+00:00","article_modified_time":"2021-03-30T20:36:45+00:00","og_image":[{"width":620,"height":378,"url":"https:\/\/www.adf.org.br\/home\/wp-content\/uploads\/2021\/03\/Missa.jpg","type":"image\/jpeg"}],"twitter_card":"summary_large_image","twitter_misc":{"Escrito por":"Gabriel Barbosa","Est. tempo de leitura":"1 minuto"},"schema":{"@context":"https:\/\/schema.org","@graph":[{"@type":"WebSite","@id":"https:\/\/www.adf.org.br\/home\/#website","url":"https:\/\/www.adf.org.br\/home\/","name":"Associa\u00e7\u00e3o Devotos de F\u00e1tima","description":"Associa\u00e7\u00e3o Devotos de F\u00e1tima","potentialAction":[{"@type":"SearchAction","target":{"@type":"EntryPoint","urlTemplate":"https:\/\/www.adf.org.br\/home\/?s={search_term_string}"},"query-input":"required name=search_term_string"}],"inLanguage":"pt-BR"},{"@type":"ImageObject","@id":"https:\/\/www.adf.org.br\/home\/missa-de-pascoa-inscreva-seu-nome-na-solenidade-mais-importante-do-ano\/#primaryimage","inLanguage":"pt-BR","url":"https:\/\/www.adf.org.br\/home\/wp-content\/uploads\/2021\/03\/Missa.jpg","contentUrl":"https:\/\/www.adf.org.br\/home\/wp-content\/uploads\/2021\/03\/Missa.jpg","width":620,"height":378},{"@type":"WebPage","@id":"https:\/\/www.adf.org.br\/home\/missa-de-pascoa-inscreva-seu-nome-na-solenidade-mais-importante-do-ano\/#webpage","url":"https:\/\/www.adf.org.br\/home\/missa-de-pascoa-inscreva-seu-nome-na-solenidade-mais-importante-do-ano\/","name":"MISSA DE P\u00c1SCOA: Inscreva seu nome na Solenidade mais importante do ano!","isPartOf":{"@id":"https:\/\/www.adf.org.br\/home\/#website"},"primaryImageOfPage":{"@id":"https:\/\/www.adf.org.br\/home\/missa-de-pascoa-inscreva-seu-nome-na-solenidade-mais-importante-do-ano\/#primaryimage"},"datePublished":"2021-03-31T11:00:09+00:00","dateModified":"2021-03-30T20:36:45+00:00","author":{"@id":"https:\/\/www.adf.org.br\/home\/#\/schema\/person\/f35a5c5aa7728a3dedf4ea9aa1fc2753"},"description":"Missa de P\u00e1scoa - Veja aqui como deixar seu nome e seus pedidos na Santa Missa mais importante do ano em que celebramos a Ressurei\u00e7\u00e3o de Jesus","breadcrumb":{"@id":"https:\/\/www.adf.org.br\/home\/missa-de-pascoa-inscreva-seu-nome-na-solenidade-mais-importante-do-ano\/#breadcrumb"},"inLanguage":"pt-BR","potentialAction":[{"@type":"ReadAction","target":["https:\/\/www.adf.org.br\/home\/missa-de-pascoa-inscreva-seu-nome-na-solenidade-mais-importante-do-ano\/"]}]},{"@type":"BreadcrumbList","@id":"https:\/\/www.adf.org.br\/home\/missa-de-pascoa-inscreva-seu-nome-na-solenidade-mais-importante-do-ano\/#breadcrumb","itemListElement":[{"@type":"ListItem","position":1,"name":"Home","item":"https:\/\/www.adf.org.br\/home\/"},{"@type":"ListItem","position":2,"name":"MISSA DE P\u00c1SCOA: Inscreva seu nome na Solenidade mais importante do ano!"}]},{"@type":"Person","@id":"https:\/\/www.adf.org.br\/home\/#\/schema\/person\/f35a5c5aa7728a3dedf4ea9aa1fc2753","name":"Gabriel Barbosa","image":{"@type":"ImageObject","@id":"https:\/\/www.adf.org.br\/home\/#personlogo","inLanguage":"pt-BR","url":"https:\/\/secure.gravatar.com\/avatar\/2b2cb2f4637682c5605e8d36818f51ef?s=96&d=mm&r=g","contentUrl":"https:\/\/secure.gravatar.com\/avatar\/2b2cb2f4637682c5605e8d36818f51ef?s=96&d=mm&r=g","caption":"Gabriel Barbosa"},"url":"https:\/\/www.adf.org.br\/home\/author\/gabrielpmk-com-br\/"}]}},"_links":{"self":[{"href":"https:\/\/www.adf.org.br\/home\/wp-json\/wp\/v2\/posts\/58285"}],"collection":[{"href":"https:\/\/www.adf.org.br\/home\/wp-json\/wp\/v2\/posts"}],"about":[{"href":"https:\/\/www.adf.org.br\/home\/wp-json\/wp\/v2\/types\/post"}],"author":[{"embeddable":true,"href":"https:\/\/www.adf.org.br\/home\/wp-json\/wp\/v2\/users\/31"}],"replies":[{"embeddable":true,"href":"https:\/\/www.adf.org.br\/home\/wp-json\/wp\/v2\/comments?post=58285"}],"version-history":[{"count":7,"href":"https:\/\/www.adf.org.br\/home\/wp-json\/wp\/v2\/posts\/58285\/revisions"}],"predecessor-version":[{"id":64010,"href":"https:\/\/www.adf.org.br\/home\/wp-json\/wp\/v2\/posts\/58285\/revisions\/64010"}],"wp:featuredmedia":[{"embeddable":true,"href":"https:\/\/www.adf.org.br\/home\/wp-json\/wp\/v2\/media\/63770"}],"wp:attachment":[{"href":"https:\/\/www.adf.org.br\/home\/wp-json\/wp\/v2\/media?parent=58285"}],"wp:term":[{"taxonomy":"category","embeddable":true,"href":"https:\/\/www.adf.org.br\/home\/wp-json\/wp\/v2\/categories?post=58285"},{"taxonomy":"post_tag","embeddable":true,"href":"https:\/\/www.adf.org.br\/home\/wp-json\/wp\/v2\/tags?post=58285"}],"curies":[{"name":"wp","href":"https:\/\/api.w.org\/{rel}","templated":true}]}}