{"id":58183,"date":"2020-08-20T08:00:38","date_gmt":"2020-08-20T11:00:38","guid":{"rendered":"http:\/\/www.adf.org.br\/home\/?p=58183"},"modified":"2020-08-19T11:13:26","modified_gmt":"2020-08-19T14:13:26","slug":"tudo-por-jesus-mas-nada-sem-maria","status":"publish","type":"post","link":"https:\/\/www.adf.org.br\/home\/tudo-por-jesus-mas-nada-sem-maria\/","title":{"rendered":"\u201cTudo por Jesus, mas nada sem Maria!\u201d"},"content":{"rendered":"<p><a href=\"https:\/\/adf.org.br\/apostolosdefatima?origem=15653#Participar\" target=\"_blank\" rel=\"noopener noreferrer\"><img loading=\"lazy\" class=\"aligncenter wp-image-56466 size-full\" title=\"\u201cTudo por Jesus, mas nada sem Maria!\u201d\" src=\"https:\/\/www.adf.org.br\/home\/wp-content\/uploads\/2019\/12\/Imaculado-Cora\u00e7\u00e3o-de-Maria-4.jpg\" alt=\"Imaculado Cora\u00e7\u00e3o de Maria - \u201cTudo por Jesus, mas nada sem Maria!\u201d \" width=\"554\" height=\"393\" \/><\/a><\/p>\n<p><span style=\"color: #ffffff;\">.<\/span><span style=\"font-family: verdana, geneva, sans-serif; font-size: 12pt;\"><span style=\"color: #000000;\"><span style=\"font-size: 18pt;\">S<\/span>\u00e3o Lu\u00eds de Montfort, no seu <\/span><b style=\"color: #000000;\">\u201cTratado da Verdadeira Devo\u00e7\u00e3o a Virgem Sant\u00edssima\u201d<\/b><span style=\"color: #000000;\">, disse:<\/span><\/span><span style=\"font-family: verdana, geneva, sans-serif; color: #ffffff; font-size: 12pt;\">.<\/span><\/p>\n<blockquote><p><em><span style=\"font-weight: 400; font-family: verdana, geneva, sans-serif; color: #000000; font-size: 12pt;\">\u201c<span style=\"color: #003366;\">Deus Pai ajuntou todas as \u00e1guas e denominou-as mar; reuniu todas as gra\u00e7as e denominou-as Maria\u2026<\/span><span style=\"color: #ffffff;\">.<\/span><\/span><\/em><\/p>\n<p><em><span style=\"font-weight: 400; font-family: verdana, geneva, sans-serif; color: #000000; font-size: 12pt;\"><span style=\"color: #003366;\">Deus Filho comunicou a Sua M\u00e3e tudo que adquiriu por Sua vida e morte:<\/span> Seus m\u00e9ritos infinitos e Suas virtudes admir\u00e1veis. F\u00ea-la tesoureira de tudo que Seu Pai Lhe deu em heran\u00e7a; e \u00e9 por ela que Ele aplica Seus m\u00e9ritos aos membros do corpo M\u00edstico, que comunica suas virtudes, e distribui Suas gra\u00e7as \u00e9 ela o canal misterioso, o aqueduto por que passam abundante e docemente Suas miseric\u00f3rdias.<br \/>\n<span style=\"color: #ffcc99;\">.<\/span><\/span><\/em><\/p>\n<p><em><span style=\"font-weight: 400; font-family: verdana, geneva, sans-serif; color: #000000; font-size: 12pt;\"><span style=\"color: #003366;\">Deus Esp\u00edrito Santo comunicou a Maria, Sua fiel Esposa, Seus dons inef\u00e1veis, escolhendo-a para dispensadora de tudo que Ele possui.<\/span> Deste modo ela distribui Seus dons e Suas gra\u00e7as a quem quer, quanto quer, como quer e quando quer, e dom nenhum \u00e9 concedido aos homens que n\u00e3o passe por suas m\u00e3os virginais. Tal \u00e9 a vontade de Deus, que tudo tenhamos suas m\u00e3os virginais.\u00a0<\/span><\/em><span style=\"color: #ffcc99;\"><em><span style=\"font-family: verdana, geneva, sans-serif; font-size: 12pt;\">.<\/span><\/em><\/span><\/p>\n<p><em><span style=\"font-weight: 400; font-family: verdana, geneva, sans-serif; color: #000000; font-size: 12pt;\">Tal \u00e9 a vontade de Deus, que tudo tenhamos por Maria, e assim ser\u00e1 enriquecida, elevada e honrada pelo Alt\u00edssimo aquela que em toda a vida quis ser pobre, humilde, e escondida at\u00e9 o nada\u201d .<\/span><\/em><span style=\"color: #ffcc99;\">.<\/span><\/p>\n<p style=\"text-align: right;\"><strong><span style=\"font-size: 10pt;\"><em><span style=\"font-family: verdana, geneva, sans-serif; color: #000000;\">(Tratado da Verdadeira Devo\u00e7\u00e3o a Virgem Sant\u00edssima,Tvd, n. 23-25)<\/span><\/em><\/span><\/strong><span style=\"color: #ffffff; font-family: verdana, geneva, sans-serif; font-size: 12pt;\">.<\/span><\/p>\n<\/blockquote>\n<p><span style=\"font-weight: 400; font-family: verdana, geneva, sans-serif; color: #000000; font-size: 12pt;\">A Virgem Maria, como M\u00e3e da Igreja, sempre a protegeu contra os ataques do inferno, das heresias e das guerras.\u00a0<\/span><span style=\"font-family: verdana, geneva, sans-serif; color: #ffffff; font-size: 12pt;\">.<\/span><\/p>\n<p><span style=\"font-weight: 400; font-family: verdana, geneva, sans-serif; color: #000000; font-size: 12pt;\">Foi assim, por exemplo, em 1571, em Lepanto, na Gr\u00e9cia, quando os turcos otomanos mu\u00e7ulmanos se preparavam para destruir o cristianismo na Europa. <strong>No dia da vit\u00f3ria<\/strong> (07\/10\/1571) das for\u00e7as crist\u00e3s, que levavam tamb\u00e9m o Ros\u00e1rio como arma, <strong>o Papa S. Pio V estabeleceu o Dia de Nossa Senhora do Santo Ros\u00e1rio<\/strong>.<\/span><span style=\"font-family: verdana, geneva, sans-serif; color: #ffffff; font-size: 12pt;\">.<\/span><\/p>\n<p><span style=\"font-family: verdana, geneva, sans-serif; color: #000000; font-size: 12pt;\"><span style=\"font-weight: 400;\">Por tudo isso, o povo de Deus aprendeu: <\/span><span style=\"color: #003366;\"><i>\u201cPede \u00e0 M\u00e3e que o Filho atende!\u201d<\/i><\/span><span style=\"font-weight: 400;\">, <\/span><i><span style=\"font-weight: 400;\"><span style=\"color: #003366;\">\u201cTudo por Jesus, mas nada sem Maria!\u201d<\/span>.<\/span><\/i><\/span><span style=\"color: #ffffff;\">.<\/span><\/p>\n<p style=\"text-align: right;\"><span style=\"font-family: verdana, geneva, sans-serif; color: #000000; font-size: 10pt;\"><b>Fonte<\/b>: Texto do\u00a0<em>Prof. Felipe Aquino<\/em>\u00a0\u2013\u00a0Aleteia<\/span><span style=\"color: #ffffff; font-family: verdana, geneva, sans-serif; font-size: 12pt;\">.<\/span><\/p>\n<hr \/>\n<p style=\"text-align: center;\"><a href=\"https:\/\/adf.org.br\/apostolosdefatima?origem=15653#Participar\" target=\"_blank\" rel=\"noopener noreferrer\"><img loading=\"lazy\" class=\"alignnone wp-image-57820 size-full\" title=\"\u201cTudo por Jesus, mas nada sem Maria!\u201d\" src=\"https:\/\/www.adf.org.br\/home\/wp-content\/uploads\/2020\/03\/Ap\u00f3stolo-de-F\u00e1tima-Logo-2.png\" alt=\"Logo Ap\u00f3stolo de F\u00e1tima\" width=\"209\" height=\"185\" \/><\/a><\/p>\n<p style=\"text-align: center;\"><span style=\"color: #ffffff; font-family: verdana, geneva, sans-serif; font-size: 12pt;\">.<\/span><span style=\"color: #003366;\"><span style=\"font-family: verdana, geneva, sans-serif; font-size: 14pt;\">Voc\u00ea ouviu uma doce voz no seu cora\u00e7\u00e3o?<\/span><\/span><span style=\"color: #ffffff; font-family: verdana, geneva, sans-serif; font-size: 12pt;\">.<\/span><\/p>\n<p style=\"text-align: center;\"><span style=\"font-weight: 400; color: #000000; font-family: verdana, geneva, sans-serif; font-size: 12pt;\">Aquela que pede para voc\u00ea orar, ser bom, justo e seguir sempre ao lado de seu Amado Filho Jesus?<\/span><span style=\"color: #ffffff; font-family: verdana, geneva, sans-serif; font-size: 12pt;\">.<\/span><\/p>\n<p style=\"text-align: center;\"><span style=\"font-weight: 400; color: #000000; font-family: verdana, geneva, sans-serif; font-size: 12pt;\">Saiba que essa voz pode ser de Maria Sant\u00edssima\u2026<\/span><\/p>\n<p style=\"text-align: center;\"><span style=\"font-weight: 400; color: #000000; font-family: verdana, geneva, sans-serif; font-size: 12pt;\">&#8230;chamando <strong>VOC\u00ca<\/strong> para o verdadeiro caminho da salva\u00e7\u00e3o!<\/span><\/p>\n<p style=\"text-align: center;\"><span style=\"color: #ffffff; font-family: verdana, geneva, sans-serif; font-size: 12pt;\">.<\/span><\/p>\n<p style=\"text-align: center;\"><span style=\"color: #000000; font-family: verdana, geneva, sans-serif; font-size: 12pt;\"><span style=\"font-weight: 400;\">Seja um <\/span><strong><span style=\"color: #0000ff;\"><a style=\"color: #0000ff;\" href=\"https:\/\/adf.org.br\/apostolosdefatima?origem=15653#Participar\" target=\"_blank\" rel=\"noopener noreferrer\">Ap\u00f3stolo de F\u00e1tima<\/a><\/span><\/strong><span style=\"font-weight: 400;\"> e fortale\u00e7a cada vez mais sua uni\u00e3o com Nossa Senhora.<\/span><\/span><span style=\"color: #ffffff; font-family: verdana, geneva, sans-serif; font-size: 12pt;\">.<\/span><\/p>\n<p style=\"text-align: center;\"><span style=\"color: #000000; font-family: verdana, geneva, sans-serif; font-size: 12pt;\"><span style=\"font-weight: 400;\">Para saber como, ligue <\/span><b>gratuitamente<\/b><span style=\"font-weight: 400;\"> para:\u00a0<\/span><\/span><\/p>\n<p style=\"text-align: center;\"><a href=\"tel:08006082128\"><span style=\"color: #0000ff;\"><strong><span style=\"font-family: verdana, geneva, sans-serif; font-size: 24pt;\">0800 608 2128<\/span><\/strong><\/span><\/a><\/p>\n<p style=\"text-align: center;\"><span style=\"color: #000000; font-family: verdana, geneva, sans-serif; font-size: 10pt;\"><b><i>Dica: <\/i><\/b><i><span style=\"font-weight: 400;\">Se estiver no celular, somente tecle no n\u00famero para discar automaticamente.<\/span><\/i><\/span><\/p>\n<p style=\"text-align: center;\"><span style=\"color: #ffffff; font-family: verdana, geneva, sans-serif; font-size: 12pt;\">.<\/span><\/p>\n<blockquote>\n<p style=\"text-align: center;\"><span style=\"color: #000000; font-family: verdana, geneva, sans-serif; font-size: 12pt;\"><span style=\"font-weight: 400;\">E<\/span> <span style=\"font-weight: 400;\">fale com uma de nossas colaboradoras que est\u00e3o dispon\u00edveis de segunda a sexta-feira, das 08h \u00e0s 18h.<\/span><\/span><span style=\"color: #ffffff; font-size: 12pt;\">.<\/span><\/p>\n<\/blockquote>\n<h3 style=\"text-align: center;\"><span style=\"font-weight: 400; color: #003366; font-family: verdana, geneva, sans-serif; font-size: 14pt;\">Responda ao chamado da Nossa M\u00e3e do C\u00e9u!<\/span><\/h3>\n<p style=\"text-align: center;\"><span style=\"color: #ffffff; font-family: verdana, geneva, sans-serif; font-size: 12pt;\">.<\/span><\/p>\n<p style=\"text-align: center;\"><span style=\"font-weight: 400; color: #000000; font-family: verdana, geneva, sans-serif; font-size: 12pt;\">Certamente <a href=\"https:\/\/adf.org.br\/apostolosdefatima?origem=15653#Participar\" target=\"_blank\" rel=\"noopener noreferrer\"><strong><span style=\"color: #0000ff;\">ELA<\/span><\/strong><\/a> poder\u00e1 recompensar <strong>VOC\u00ca<\/strong> com uma <strong>chuva de GRA\u00c7AS<\/strong> na sua vida e na de sua fam\u00edlia!<\/span><span style=\"color: #ffffff; font-family: verdana, geneva, sans-serif; font-size: 12pt;\">.<\/span><\/p>\n<p style=\"text-align: center;\"><span style=\"color: #ffffff; font-family: verdana, geneva, sans-serif; font-size: 12pt;\">.<\/span><\/p>\n<p style=\"text-align: center;\"><span style=\"color: #000000; font-family: verdana, geneva, sans-serif; font-size: 12pt;\"><strong><span style=\"color: #003366;\"><i>\u201cBendita seja a santa e imaculada concei\u00e7\u00e3o da bem-aventurada Virgem Maria, M\u00e3e de Deus.\u201c <\/i><\/span><\/strong><span style=\"font-weight: 400;\">\ud83d\ude4f<\/span><\/span><\/p>\n","protected":false},"excerpt":{"rendered":"<p>.S\u00e3o Lu\u00eds de Montfort, no seu \u201cTratado da Verdadeira Devo\u00e7\u00e3o a Virgem Sant\u00edssima\u201d, disse:. \u201cDeus Pai ajuntou todas as \u00e1guas e denominou-as mar; reuniu todas as gra\u00e7as e denominou-as Maria\u2026. Deus Filho comunicou a Sua M\u00e3e tudo que adquiriu por Sua vida e morte: Seus m\u00e9ritos infinitos e Suas virtudes admir\u00e1veis. F\u00ea-la tesoureira de tudo [&hellip;]<\/p>\n","protected":false},"author":31,"featured_media":61154,"comment_status":"open","ping_status":"open","sticky":false,"template":"","format":"standard","meta":[],"categories":[20,2323,56,2332],"tags":[2242,3085,3086,1548,452,133,3087,249,659,646,139,465,38,57,1212,3088,470,313,1589],"yoast_head":"<!-- This site is optimized with the Yoast SEO plugin v17.4 - https:\/\/yoast.com\/wordpress\/plugins\/seo\/ -->\n<title>\u201cTudo por Jesus, mas nada sem Maria!\u201d<\/title>\n<meta name=\"description\" content=\"\u201cTudo por Jesus, mas nada sem Maria!\u201d - Confira nesta breve reflex\u00e3o de S\u00e3o Luis de Montfort por que Nossa Senhora \u00e9 t\u00e3o extraordin\u00e1ria e...\" \/>\n<meta name=\"robots\" content=\"index, follow, max-snippet:-1, max-image-preview:large, max-video-preview:-1\" \/>\n<link rel=\"canonical\" href=\"https:\/\/www.adf.org.br\/home\/tudo-por-jesus-mas-nada-sem-maria\/\" \/>\n<meta property=\"og:locale\" content=\"pt_BR\" \/>\n<meta property=\"og:type\" content=\"article\" \/>\n<meta property=\"og:title\" content=\"\u201cTudo por Jesus, mas nada sem Maria!\u201d\" \/>\n<meta property=\"og:description\" content=\"\u201cTudo por Jesus, mas nada sem Maria!\u201d - Confira nesta breve reflex\u00e3o de S\u00e3o Luis de Montfort por que Nossa Senhora \u00e9 t\u00e3o extraordin\u00e1ria e...\" \/>\n<meta property=\"og:url\" content=\"https:\/\/www.adf.org.br\/home\/tudo-por-jesus-mas-nada-sem-maria\/\" \/>\n<meta property=\"og:site_name\" content=\"Associa\u00e7\u00e3o Devotos de F\u00e1tima\" \/>\n<meta property=\"article:published_time\" content=\"2020-08-20T11:00:38+00:00\" \/>\n<meta property=\"article:modified_time\" content=\"2020-08-19T14:13:26+00:00\" \/>\n<meta property=\"og:image\" content=\"https:\/\/www.adf.org.br\/home\/wp-content\/uploads\/2020\/08\/MARIA.jpg\" \/>\n\t<meta property=\"og:image:width\" content=\"554\" \/>\n\t<meta property=\"og:image:height\" content=\"393\" \/>\n<meta name=\"twitter:card\" content=\"summary_large_image\" \/>\n<meta name=\"twitter:label1\" content=\"Escrito por\" \/>\n\t<meta name=\"twitter:data1\" content=\"Gabriel Barbosa\" \/>\n\t<meta name=\"twitter:label2\" content=\"Est. tempo de leitura\" \/>\n\t<meta name=\"twitter:data2\" content=\"2 minutos\" \/>\n<script type=\"application\/ld+json\" class=\"yoast-schema-graph\">{\"@context\":\"https:\/\/schema.org\",\"@graph\":[{\"@type\":\"WebSite\",\"@id\":\"https:\/\/www.adf.org.br\/home\/#website\",\"url\":\"https:\/\/www.adf.org.br\/home\/\",\"name\":\"Associa\\u00e7\\u00e3o Devotos de F\\u00e1tima\",\"description\":\"Associa\\u00e7\\u00e3o Devotos de F\\u00e1tima\",\"potentialAction\":[{\"@type\":\"SearchAction\",\"target\":{\"@type\":\"EntryPoint\",\"urlTemplate\":\"https:\/\/www.adf.org.br\/home\/?s={search_term_string}\"},\"query-input\":\"required name=search_term_string\"}],\"inLanguage\":\"pt-BR\"},{\"@type\":\"ImageObject\",\"@id\":\"https:\/\/www.adf.org.br\/home\/tudo-por-jesus-mas-nada-sem-maria\/#primaryimage\",\"inLanguage\":\"pt-BR\",\"url\":\"https:\/\/www.adf.org.br\/home\/wp-content\/uploads\/2020\/08\/MARIA.jpg\",\"contentUrl\":\"https:\/\/www.adf.org.br\/home\/wp-content\/uploads\/2020\/08\/MARIA.jpg\",\"width\":554,\"height\":393},{\"@type\":\"WebPage\",\"@id\":\"https:\/\/www.adf.org.br\/home\/tudo-por-jesus-mas-nada-sem-maria\/#webpage\",\"url\":\"https:\/\/www.adf.org.br\/home\/tudo-por-jesus-mas-nada-sem-maria\/\",\"name\":\"\\u201cTudo por Jesus, mas nada sem Maria!\\u201d\",\"isPartOf\":{\"@id\":\"https:\/\/www.adf.org.br\/home\/#website\"},\"primaryImageOfPage\":{\"@id\":\"https:\/\/www.adf.org.br\/home\/tudo-por-jesus-mas-nada-sem-maria\/#primaryimage\"},\"datePublished\":\"2020-08-20T11:00:38+00:00\",\"dateModified\":\"2020-08-19T14:13:26+00:00\",\"author\":{\"@id\":\"https:\/\/www.adf.org.br\/home\/#\/schema\/person\/f35a5c5aa7728a3dedf4ea9aa1fc2753\"},\"description\":\"\\u201cTudo por Jesus, mas nada sem Maria!\\u201d - Confira nesta breve reflex\\u00e3o de S\\u00e3o Luis de Montfort por que Nossa Senhora \\u00e9 t\\u00e3o extraordin\\u00e1ria e...\",\"breadcrumb\":{\"@id\":\"https:\/\/www.adf.org.br\/home\/tudo-por-jesus-mas-nada-sem-maria\/#breadcrumb\"},\"inLanguage\":\"pt-BR\",\"potentialAction\":[{\"@type\":\"ReadAction\",\"target\":[\"https:\/\/www.adf.org.br\/home\/tudo-por-jesus-mas-nada-sem-maria\/\"]}]},{\"@type\":\"BreadcrumbList\",\"@id\":\"https:\/\/www.adf.org.br\/home\/tudo-por-jesus-mas-nada-sem-maria\/#breadcrumb\",\"itemListElement\":[{\"@type\":\"ListItem\",\"position\":1,\"name\":\"Home\",\"item\":\"https:\/\/www.adf.org.br\/home\/\"},{\"@type\":\"ListItem\",\"position\":2,\"name\":\"\\u201cTudo por Jesus, mas nada sem Maria!\\u201d\"}]},{\"@type\":\"Person\",\"@id\":\"https:\/\/www.adf.org.br\/home\/#\/schema\/person\/f35a5c5aa7728a3dedf4ea9aa1fc2753\",\"name\":\"Gabriel Barbosa\",\"image\":{\"@type\":\"ImageObject\",\"@id\":\"https:\/\/www.adf.org.br\/home\/#personlogo\",\"inLanguage\":\"pt-BR\",\"url\":\"https:\/\/secure.gravatar.com\/avatar\/2b2cb2f4637682c5605e8d36818f51ef?s=96&d=mm&r=g\",\"contentUrl\":\"https:\/\/secure.gravatar.com\/avatar\/2b2cb2f4637682c5605e8d36818f51ef?s=96&d=mm&r=g\",\"caption\":\"Gabriel Barbosa\"},\"url\":\"https:\/\/www.adf.org.br\/home\/author\/gabrielpmk-com-br\/\"}]}<\/script>\n<!-- \/ Yoast SEO plugin. -->","yoast_head_json":{"title":"\u201cTudo por Jesus, mas nada sem Maria!\u201d","description":"\u201cTudo por Jesus, mas nada sem Maria!\u201d - Confira nesta breve reflex\u00e3o de S\u00e3o Luis de Montfort por que Nossa Senhora \u00e9 t\u00e3o extraordin\u00e1ria e...","robots":{"index":"index","follow":"follow","max-snippet":"max-snippet:-1","max-image-preview":"max-image-preview:large","max-video-preview":"max-video-preview:-1"},"canonical":"https:\/\/www.adf.org.br\/home\/tudo-por-jesus-mas-nada-sem-maria\/","og_locale":"pt_BR","og_type":"article","og_title":"\u201cTudo por Jesus, mas nada sem Maria!\u201d","og_description":"\u201cTudo por Jesus, mas nada sem Maria!\u201d - Confira nesta breve reflex\u00e3o de S\u00e3o Luis de Montfort por que Nossa Senhora \u00e9 t\u00e3o extraordin\u00e1ria e...","og_url":"https:\/\/www.adf.org.br\/home\/tudo-por-jesus-mas-nada-sem-maria\/","og_site_name":"Associa\u00e7\u00e3o Devotos de F\u00e1tima","article_published_time":"2020-08-20T11:00:38+00:00","article_modified_time":"2020-08-19T14:13:26+00:00","og_image":[{"width":554,"height":393,"url":"https:\/\/www.adf.org.br\/home\/wp-content\/uploads\/2020\/08\/MARIA.jpg","type":"image\/jpeg"}],"twitter_card":"summary_large_image","twitter_misc":{"Escrito por":"Gabriel Barbosa","Est. tempo de leitura":"2 minutos"},"schema":{"@context":"https:\/\/schema.org","@graph":[{"@type":"WebSite","@id":"https:\/\/www.adf.org.br\/home\/#website","url":"https:\/\/www.adf.org.br\/home\/","name":"Associa\u00e7\u00e3o Devotos de F\u00e1tima","description":"Associa\u00e7\u00e3o Devotos de F\u00e1tima","potentialAction":[{"@type":"SearchAction","target":{"@type":"EntryPoint","urlTemplate":"https:\/\/www.adf.org.br\/home\/?s={search_term_string}"},"query-input":"required name=search_term_string"}],"inLanguage":"pt-BR"},{"@type":"ImageObject","@id":"https:\/\/www.adf.org.br\/home\/tudo-por-jesus-mas-nada-sem-maria\/#primaryimage","inLanguage":"pt-BR","url":"https:\/\/www.adf.org.br\/home\/wp-content\/uploads\/2020\/08\/MARIA.jpg","contentUrl":"https:\/\/www.adf.org.br\/home\/wp-content\/uploads\/2020\/08\/MARIA.jpg","width":554,"height":393},{"@type":"WebPage","@id":"https:\/\/www.adf.org.br\/home\/tudo-por-jesus-mas-nada-sem-maria\/#webpage","url":"https:\/\/www.adf.org.br\/home\/tudo-por-jesus-mas-nada-sem-maria\/","name":"\u201cTudo por Jesus, mas nada sem Maria!\u201d","isPartOf":{"@id":"https:\/\/www.adf.org.br\/home\/#website"},"primaryImageOfPage":{"@id":"https:\/\/www.adf.org.br\/home\/tudo-por-jesus-mas-nada-sem-maria\/#primaryimage"},"datePublished":"2020-08-20T11:00:38+00:00","dateModified":"2020-08-19T14:13:26+00:00","author":{"@id":"https:\/\/www.adf.org.br\/home\/#\/schema\/person\/f35a5c5aa7728a3dedf4ea9aa1fc2753"},"description":"\u201cTudo por Jesus, mas nada sem Maria!\u201d - Confira nesta breve reflex\u00e3o de S\u00e3o Luis de Montfort por que Nossa Senhora \u00e9 t\u00e3o extraordin\u00e1ria e...","breadcrumb":{"@id":"https:\/\/www.adf.org.br\/home\/tudo-por-jesus-mas-nada-sem-maria\/#breadcrumb"},"inLanguage":"pt-BR","potentialAction":[{"@type":"ReadAction","target":["https:\/\/www.adf.org.br\/home\/tudo-por-jesus-mas-nada-sem-maria\/"]}]},{"@type":"BreadcrumbList","@id":"https:\/\/www.adf.org.br\/home\/tudo-por-jesus-mas-nada-sem-maria\/#breadcrumb","itemListElement":[{"@type":"ListItem","position":1,"name":"Home","item":"https:\/\/www.adf.org.br\/home\/"},{"@type":"ListItem","position":2,"name":"\u201cTudo por Jesus, mas nada sem Maria!\u201d"}]},{"@type":"Person","@id":"https:\/\/www.adf.org.br\/home\/#\/schema\/person\/f35a5c5aa7728a3dedf4ea9aa1fc2753","name":"Gabriel Barbosa","image":{"@type":"ImageObject","@id":"https:\/\/www.adf.org.br\/home\/#personlogo","inLanguage":"pt-BR","url":"https:\/\/secure.gravatar.com\/avatar\/2b2cb2f4637682c5605e8d36818f51ef?s=96&d=mm&r=g","contentUrl":"https:\/\/secure.gravatar.com\/avatar\/2b2cb2f4637682c5605e8d36818f51ef?s=96&d=mm&r=g","caption":"Gabriel Barbosa"},"url":"https:\/\/www.adf.org.br\/home\/author\/gabrielpmk-com-br\/"}]}},"_links":{"self":[{"href":"https:\/\/www.adf.org.br\/home\/wp-json\/wp\/v2\/posts\/58183"}],"collection":[{"href":"https:\/\/www.adf.org.br\/home\/wp-json\/wp\/v2\/posts"}],"about":[{"href":"https:\/\/www.adf.org.br\/home\/wp-json\/wp\/v2\/types\/post"}],"author":[{"embeddable":true,"href":"https:\/\/www.adf.org.br\/home\/wp-json\/wp\/v2\/users\/31"}],"replies":[{"embeddable":true,"href":"https:\/\/www.adf.org.br\/home\/wp-json\/wp\/v2\/comments?post=58183"}],"version-history":[{"count":7,"href":"https:\/\/www.adf.org.br\/home\/wp-json\/wp\/v2\/posts\/58183\/revisions"}],"predecessor-version":[{"id":61156,"href":"https:\/\/www.adf.org.br\/home\/wp-json\/wp\/v2\/posts\/58183\/revisions\/61156"}],"wp:featuredmedia":[{"embeddable":true,"href":"https:\/\/www.adf.org.br\/home\/wp-json\/wp\/v2\/media\/61154"}],"wp:attachment":[{"href":"https:\/\/www.adf.org.br\/home\/wp-json\/wp\/v2\/media?parent=58183"}],"wp:term":[{"taxonomy":"category","embeddable":true,"href":"https:\/\/www.adf.org.br\/home\/wp-json\/wp\/v2\/categories?post=58183"},{"taxonomy":"post_tag","embeddable":true,"href":"https:\/\/www.adf.org.br\/home\/wp-json\/wp\/v2\/tags?post=58183"}],"curies":[{"name":"wp","href":"https:\/\/api.w.org\/{rel}","templated":true}]}}