{"id":58172,"date":"2020-12-05T00:30:37","date_gmt":"2020-12-05T03:30:37","guid":{"rendered":"http:\/\/www.adf.org.br\/home\/?p=58172"},"modified":"2020-12-03T11:48:43","modified_gmt":"2020-12-03T14:48:43","slug":"por-que-maria-e-a-grande-intercessora-das-gracas-de-deus","status":"publish","type":"post","link":"https:\/\/www.adf.org.br\/home\/por-que-maria-e-a-grande-intercessora-das-gracas-de-deus\/","title":{"rendered":"Por que Maria \u00e9 a grande intercessora das gra\u00e7as de Deus?"},"content":{"rendered":"<p><span style=\"font-family: verdana, geneva, sans-serif; color: #ffffff; font-size: 12pt;\">.<a href=\"https:\/\/adf.org.br\/velario\/imaculado?origem=16919\" target=\"_blank\" rel=\"noopener noreferrer\"><img loading=\"lazy\" class=\"aligncenter wp-image-58545 size-full\" src=\"https:\/\/www.adf.org.br\/home\/wp-content\/uploads\/2020\/04\/Imaculado-Cora%C3%A7%C3%A3o-de-Maria-19.jpg\" alt=\"Imaculado Cora\u00e7\u00e3o de Maria no texto Carta a um devoto do Imaculado Cora\u00e7\u00e3o de Maria - Parte 1\" width=\"316\" height=\"482\" \/><\/a><\/span><\/p>\n<p>&nbsp;<\/p>\n<p><span style=\"font-weight: 400; font-family: verdana, geneva, sans-serif; color: #000000; font-size: 12pt;\"><span style=\"font-size: 18pt;\">A<\/span> nossa Consagra\u00e7\u00e3o a Nossa Senhora come\u00e7ou no Calv\u00e1rio; foi Jesus mesmo quem nos deu essa gra\u00e7a, quando nos entregou a Sua M\u00e3e para ser a nossa M\u00e3e.\u00a0<\/span><span style=\"font-family: verdana, geneva, sans-serif; color: #ffffff; font-size: 12pt;\">.<\/span><\/p>\n<blockquote>\n<p style=\"padding-left: 40px;\"><span style=\"font-weight: 400; font-family: verdana, geneva, sans-serif; color: #000000; font-size: 12pt;\"><span style=\"color: #003366;\">Quando Jesus se dirige \u00e0 Sua M\u00e3e e lhe chama de \u201cmulher\u201d, em vez de cham\u00e1-la de m\u00e3e, em Cana da Galileia (Jo 2) e aos p\u00e9s da Cruz (Jo 19,25-27), \u00e9 para nos indicar qual \u00e9 a \u201cMulher\u201d a que Deus se referiu no G\u00eanesis. <strong>Esta \u201cMulher\u201d \u00e9 Sua M\u00e3e<\/strong>.<\/span> <\/span><span style=\"color: #ffffff; font-family: verdana, geneva, sans-serif; font-size: 12pt;\">.<\/span><\/p>\n<\/blockquote>\n<p><span style=\"font-family: verdana, geneva, sans-serif; color: #000000; font-size: 12pt;\"><span style=\"font-weight: 400;\">Na cruz, momentos antes de morrer, Jesus nos deu Sua M\u00e3e: <\/span><i><span style=\"font-weight: 400;\">\u201cMulher, eis a\u00ed teu filho\u201d<\/span><\/i><span style=\"font-weight: 400;\"> (Jo 19, 26). Precisamos dela para a nossa salva\u00e7\u00e3o dizem os Santos.<\/span><\/span><span style=\"color: #ffffff;\">.<\/span><\/p>\n<p><span style=\"font-family: verdana, geneva, sans-serif; color: #000000; font-size: 12pt;\"><b>O milagre das bodas de Can\u00e1 mostra com toda clareza que tudo que a Virgem Maria pedir a Jesus, ele entender\u00e1<\/b><span style=\"font-weight: 400;\">; e Ela sabe pedir aquilo que est\u00e1 de acordo com a vontade de Deus e o nosso bem.\u00a0<\/span><\/span><span style=\"font-family: verdana, geneva, sans-serif; color: #ffffff; font-size: 12pt;\">.<\/span><\/p>\n<h3><span style=\"font-family: verdana, geneva, sans-serif; color: #003366; font-size: 14pt;\"><b>Milagres de Maria<\/b><\/span><span style=\"font-family: verdana, geneva, sans-serif; color: #ffffff; font-size: 12pt;\">.<\/span><\/h3>\n<p><span style=\"font-weight: 400; font-family: verdana, geneva, sans-serif; color: #000000; font-size: 12pt;\">A Hist\u00f3ria da Igreja mostra como Maria atua na vida dos filhos de Jesus e da Igreja. Todos os santu\u00e1rios marianos s\u00e3o repletos de testemunhos de milagres alcan\u00e7ados pela devo\u00e7\u00e3o a Maria.\u00a0<\/span><span style=\"font-family: verdana, geneva, sans-serif; color: #ffffff; font-size: 12pt;\">.<\/span><\/p>\n<blockquote>\n<p style=\"padding-left: 40px;\"><span style=\"font-family: verdana, geneva, sans-serif; color: #003366; font-size: 12pt;\"><span style=\"font-weight: 400;\">Desde o s\u00e9culo II nossos irm\u00e3os m\u00e1rtires do Imp\u00e9rio Romano, em Alexandria, norte do Egito, j\u00e1 rezavam aquela <strong>famosa ora\u00e7\u00e3o<\/strong>:<\/span><i><span style=\"font-weight: 400;\"> \u201cDebaixo da Vossa prote\u00e7\u00e3o nos refugiamos Santa M\u00e3e de Deus, n\u00e3o desprezeis as nossas s\u00faplicas em nossas necessidades, mas livrai-nos sempre de todos os perigos, Virgem gloriosa e Bendita\u201d.<\/span><\/i><\/span><span style=\"color: #ffffff; font-family: verdana, geneva, sans-serif; font-size: 12pt;\">.<\/span><\/p>\n<\/blockquote>\n<p><span style=\"font-family: verdana, geneva, sans-serif; color: #000000; font-size: 12pt;\"><b>Maria \u00e9 a Medianeira de todas as gra\u00e7as de Deus<\/b><span style=\"font-weight: 400;\">, por ser M\u00e3e de Deus; por meio dela Deus uniu o C\u00e9u e a Terra. Isto afirmam os Santos Padres e os Santos Doutores. S\u00e3o Bernardo, falecido em 1153, \u00e9 autor da c\u00e9lebre senten\u00e7a: <\/span><i><span style=\"font-weight: 400;\">\u201cDeus quis que recebamos tudo por Maria\u201d<\/span><\/i><span style=\"font-weight: 400;\">.\u00a0<\/span><\/span><\/p>\n<p><span style=\"color: #ffffff;\">.<\/span><\/p>\n<p style=\"text-align: right;\"><span style=\"font-family: verdana, geneva, sans-serif; color: #000000; font-size: 10pt;\"><b>Fonte<\/b><\/span><span style=\"font-weight: 400;\"><span style=\"font-family: verdana, geneva, sans-serif; color: #000000; font-size: 10pt;\">: Texto do <em>Prof. Felipe Aquino<\/em> &#8211; <\/span><span style=\"color: #000000;\"><span style=\"font-family: verdana, geneva, sans-serif; font-size: 12pt;\"><span style=\"font-size: 10pt;\">Aleteia<\/span><\/span><\/span><\/span><\/p>\n<hr \/>\n<p><span style=\"color: #ffffff;\">.<\/span><span style=\"color: #ffffff;\">.<\/span><\/p>\n<p><a href=\"https:\/\/adf.org.br\/velario\/imaculado?origem=16919\" target=\"_blank\" rel=\"noopener noreferrer\"><img loading=\"lazy\" class=\"aligncenter wp-image-62160 size-full\" src=\"https:\/\/www.adf.org.br\/home\/wp-content\/uploads\/2020\/10\/imaculado-cora\u00e7\u00e3o.png\" sizes=\"(max-width: 600px) 100vw, 600px\" srcset=\"https:\/\/www.adf.org.br\/home\/wp-content\/uploads\/2020\/10\/imaculado-cora\u00e7\u00e3o.png 600w, https:\/\/www.adf.org.br\/home\/wp-content\/uploads\/2020\/10\/imaculado-cora\u00e7\u00e3o-300x96.png 300w\" alt=\"\" width=\"600\" height=\"191\" \/><\/a><\/p>\n","protected":false},"excerpt":{"rendered":"<p>. &nbsp; A nossa Consagra\u00e7\u00e3o a Nossa Senhora come\u00e7ou no Calv\u00e1rio; foi Jesus mesmo quem nos deu essa gra\u00e7a, quando nos entregou a Sua M\u00e3e para ser a nossa M\u00e3e.\u00a0. Quando Jesus se dirige \u00e0 Sua M\u00e3e e lhe chama de \u201cmulher\u201d, em vez de cham\u00e1-la de m\u00e3e, em Cana da Galileia (Jo 2) e [&hellip;]<\/p>\n","protected":false},"author":31,"featured_media":61154,"comment_status":"open","ping_status":"open","sticky":false,"template":"","format":"standard","meta":[],"categories":[20,2323,56,2332],"tags":[2242,357,503,452,3048,133,249,2616,659,139,3049,38,57,470,313],"yoast_head":"<!-- This site is optimized with the Yoast SEO plugin v17.4 - https:\/\/yoast.com\/wordpress\/plugins\/seo\/ -->\n<title>Por que Maria \u00e9 a grande intercessora das gra\u00e7as de Deus?<\/title>\n<meta name=\"description\" content=\"Por que Maria \u00e9 a grande intercessora das gra\u00e7as de Deus? Confira aqui por que Nossa Senhora \u00e9 t\u00e3o especial e a quem devemos sempre honrar...\" \/>\n<meta name=\"robots\" content=\"index, follow, max-snippet:-1, max-image-preview:large, max-video-preview:-1\" \/>\n<link rel=\"canonical\" href=\"https:\/\/www.adf.org.br\/home\/por-que-maria-e-a-grande-intercessora-das-gracas-de-deus\/\" \/>\n<meta property=\"og:locale\" content=\"pt_BR\" \/>\n<meta property=\"og:type\" content=\"article\" \/>\n<meta property=\"og:title\" content=\"Por que Maria \u00e9 a grande intercessora das gra\u00e7as de Deus?\" \/>\n<meta property=\"og:description\" content=\"Por que Maria \u00e9 a grande intercessora das gra\u00e7as de Deus? Confira aqui por que Nossa Senhora \u00e9 t\u00e3o especial e a quem devemos sempre honrar...\" \/>\n<meta property=\"og:url\" content=\"https:\/\/www.adf.org.br\/home\/por-que-maria-e-a-grande-intercessora-das-gracas-de-deus\/\" \/>\n<meta property=\"og:site_name\" content=\"Associa\u00e7\u00e3o Devotos de F\u00e1tima\" \/>\n<meta property=\"article:published_time\" content=\"2020-12-05T03:30:37+00:00\" \/>\n<meta property=\"article:modified_time\" content=\"2020-12-03T14:48:43+00:00\" \/>\n<meta property=\"og:image\" content=\"https:\/\/www.adf.org.br\/home\/wp-content\/uploads\/2020\/08\/MARIA.jpg\" \/>\n\t<meta property=\"og:image:width\" content=\"554\" \/>\n\t<meta property=\"og:image:height\" content=\"393\" \/>\n<meta name=\"twitter:card\" content=\"summary_large_image\" \/>\n<meta name=\"twitter:label1\" content=\"Escrito por\" \/>\n\t<meta name=\"twitter:data1\" content=\"Gabriel Barbosa\" \/>\n\t<meta name=\"twitter:label2\" content=\"Est. tempo de leitura\" \/>\n\t<meta name=\"twitter:data2\" content=\"2 minutos\" \/>\n<script type=\"application\/ld+json\" class=\"yoast-schema-graph\">{\"@context\":\"https:\/\/schema.org\",\"@graph\":[{\"@type\":\"WebSite\",\"@id\":\"https:\/\/www.adf.org.br\/home\/#website\",\"url\":\"https:\/\/www.adf.org.br\/home\/\",\"name\":\"Associa\\u00e7\\u00e3o Devotos de F\\u00e1tima\",\"description\":\"Associa\\u00e7\\u00e3o Devotos de F\\u00e1tima\",\"potentialAction\":[{\"@type\":\"SearchAction\",\"target\":{\"@type\":\"EntryPoint\",\"urlTemplate\":\"https:\/\/www.adf.org.br\/home\/?s={search_term_string}\"},\"query-input\":\"required name=search_term_string\"}],\"inLanguage\":\"pt-BR\"},{\"@type\":\"ImageObject\",\"@id\":\"https:\/\/www.adf.org.br\/home\/por-que-maria-e-a-grande-intercessora-das-gracas-de-deus\/#primaryimage\",\"inLanguage\":\"pt-BR\",\"url\":\"https:\/\/www.adf.org.br\/home\/wp-content\/uploads\/2020\/08\/MARIA.jpg\",\"contentUrl\":\"https:\/\/www.adf.org.br\/home\/wp-content\/uploads\/2020\/08\/MARIA.jpg\",\"width\":554,\"height\":393},{\"@type\":\"WebPage\",\"@id\":\"https:\/\/www.adf.org.br\/home\/por-que-maria-e-a-grande-intercessora-das-gracas-de-deus\/#webpage\",\"url\":\"https:\/\/www.adf.org.br\/home\/por-que-maria-e-a-grande-intercessora-das-gracas-de-deus\/\",\"name\":\"Por que Maria \\u00e9 a grande intercessora das gra\\u00e7as de Deus?\",\"isPartOf\":{\"@id\":\"https:\/\/www.adf.org.br\/home\/#website\"},\"primaryImageOfPage\":{\"@id\":\"https:\/\/www.adf.org.br\/home\/por-que-maria-e-a-grande-intercessora-das-gracas-de-deus\/#primaryimage\"},\"datePublished\":\"2020-12-05T03:30:37+00:00\",\"dateModified\":\"2020-12-03T14:48:43+00:00\",\"author\":{\"@id\":\"https:\/\/www.adf.org.br\/home\/#\/schema\/person\/f35a5c5aa7728a3dedf4ea9aa1fc2753\"},\"description\":\"Por que Maria \\u00e9 a grande intercessora das gra\\u00e7as de Deus? Confira aqui por que Nossa Senhora \\u00e9 t\\u00e3o especial e a quem devemos sempre honrar...\",\"breadcrumb\":{\"@id\":\"https:\/\/www.adf.org.br\/home\/por-que-maria-e-a-grande-intercessora-das-gracas-de-deus\/#breadcrumb\"},\"inLanguage\":\"pt-BR\",\"potentialAction\":[{\"@type\":\"ReadAction\",\"target\":[\"https:\/\/www.adf.org.br\/home\/por-que-maria-e-a-grande-intercessora-das-gracas-de-deus\/\"]}]},{\"@type\":\"BreadcrumbList\",\"@id\":\"https:\/\/www.adf.org.br\/home\/por-que-maria-e-a-grande-intercessora-das-gracas-de-deus\/#breadcrumb\",\"itemListElement\":[{\"@type\":\"ListItem\",\"position\":1,\"name\":\"Home\",\"item\":\"https:\/\/www.adf.org.br\/home\/\"},{\"@type\":\"ListItem\",\"position\":2,\"name\":\"Por que Maria \\u00e9 a grande intercessora das gra\\u00e7as de Deus?\"}]},{\"@type\":\"Person\",\"@id\":\"https:\/\/www.adf.org.br\/home\/#\/schema\/person\/f35a5c5aa7728a3dedf4ea9aa1fc2753\",\"name\":\"Gabriel Barbosa\",\"image\":{\"@type\":\"ImageObject\",\"@id\":\"https:\/\/www.adf.org.br\/home\/#personlogo\",\"inLanguage\":\"pt-BR\",\"url\":\"https:\/\/secure.gravatar.com\/avatar\/2b2cb2f4637682c5605e8d36818f51ef?s=96&d=mm&r=g\",\"contentUrl\":\"https:\/\/secure.gravatar.com\/avatar\/2b2cb2f4637682c5605e8d36818f51ef?s=96&d=mm&r=g\",\"caption\":\"Gabriel Barbosa\"},\"url\":\"https:\/\/www.adf.org.br\/home\/author\/gabrielpmk-com-br\/\"}]}<\/script>\n<!-- \/ Yoast SEO plugin. -->","yoast_head_json":{"title":"Por que Maria \u00e9 a grande intercessora das gra\u00e7as de Deus?","description":"Por que Maria \u00e9 a grande intercessora das gra\u00e7as de Deus? Confira aqui por que Nossa Senhora \u00e9 t\u00e3o especial e a quem devemos sempre honrar...","robots":{"index":"index","follow":"follow","max-snippet":"max-snippet:-1","max-image-preview":"max-image-preview:large","max-video-preview":"max-video-preview:-1"},"canonical":"https:\/\/www.adf.org.br\/home\/por-que-maria-e-a-grande-intercessora-das-gracas-de-deus\/","og_locale":"pt_BR","og_type":"article","og_title":"Por que Maria \u00e9 a grande intercessora das gra\u00e7as de Deus?","og_description":"Por que Maria \u00e9 a grande intercessora das gra\u00e7as de Deus? Confira aqui por que Nossa Senhora \u00e9 t\u00e3o especial e a quem devemos sempre honrar...","og_url":"https:\/\/www.adf.org.br\/home\/por-que-maria-e-a-grande-intercessora-das-gracas-de-deus\/","og_site_name":"Associa\u00e7\u00e3o Devotos de F\u00e1tima","article_published_time":"2020-12-05T03:30:37+00:00","article_modified_time":"2020-12-03T14:48:43+00:00","og_image":[{"width":554,"height":393,"url":"https:\/\/www.adf.org.br\/home\/wp-content\/uploads\/2020\/08\/MARIA.jpg","type":"image\/jpeg"}],"twitter_card":"summary_large_image","twitter_misc":{"Escrito por":"Gabriel Barbosa","Est. tempo de leitura":"2 minutos"},"schema":{"@context":"https:\/\/schema.org","@graph":[{"@type":"WebSite","@id":"https:\/\/www.adf.org.br\/home\/#website","url":"https:\/\/www.adf.org.br\/home\/","name":"Associa\u00e7\u00e3o Devotos de F\u00e1tima","description":"Associa\u00e7\u00e3o Devotos de F\u00e1tima","potentialAction":[{"@type":"SearchAction","target":{"@type":"EntryPoint","urlTemplate":"https:\/\/www.adf.org.br\/home\/?s={search_term_string}"},"query-input":"required name=search_term_string"}],"inLanguage":"pt-BR"},{"@type":"ImageObject","@id":"https:\/\/www.adf.org.br\/home\/por-que-maria-e-a-grande-intercessora-das-gracas-de-deus\/#primaryimage","inLanguage":"pt-BR","url":"https:\/\/www.adf.org.br\/home\/wp-content\/uploads\/2020\/08\/MARIA.jpg","contentUrl":"https:\/\/www.adf.org.br\/home\/wp-content\/uploads\/2020\/08\/MARIA.jpg","width":554,"height":393},{"@type":"WebPage","@id":"https:\/\/www.adf.org.br\/home\/por-que-maria-e-a-grande-intercessora-das-gracas-de-deus\/#webpage","url":"https:\/\/www.adf.org.br\/home\/por-que-maria-e-a-grande-intercessora-das-gracas-de-deus\/","name":"Por que Maria \u00e9 a grande intercessora das gra\u00e7as de Deus?","isPartOf":{"@id":"https:\/\/www.adf.org.br\/home\/#website"},"primaryImageOfPage":{"@id":"https:\/\/www.adf.org.br\/home\/por-que-maria-e-a-grande-intercessora-das-gracas-de-deus\/#primaryimage"},"datePublished":"2020-12-05T03:30:37+00:00","dateModified":"2020-12-03T14:48:43+00:00","author":{"@id":"https:\/\/www.adf.org.br\/home\/#\/schema\/person\/f35a5c5aa7728a3dedf4ea9aa1fc2753"},"description":"Por que Maria \u00e9 a grande intercessora das gra\u00e7as de Deus? Confira aqui por que Nossa Senhora \u00e9 t\u00e3o especial e a quem devemos sempre honrar...","breadcrumb":{"@id":"https:\/\/www.adf.org.br\/home\/por-que-maria-e-a-grande-intercessora-das-gracas-de-deus\/#breadcrumb"},"inLanguage":"pt-BR","potentialAction":[{"@type":"ReadAction","target":["https:\/\/www.adf.org.br\/home\/por-que-maria-e-a-grande-intercessora-das-gracas-de-deus\/"]}]},{"@type":"BreadcrumbList","@id":"https:\/\/www.adf.org.br\/home\/por-que-maria-e-a-grande-intercessora-das-gracas-de-deus\/#breadcrumb","itemListElement":[{"@type":"ListItem","position":1,"name":"Home","item":"https:\/\/www.adf.org.br\/home\/"},{"@type":"ListItem","position":2,"name":"Por que Maria \u00e9 a grande intercessora das gra\u00e7as de Deus?"}]},{"@type":"Person","@id":"https:\/\/www.adf.org.br\/home\/#\/schema\/person\/f35a5c5aa7728a3dedf4ea9aa1fc2753","name":"Gabriel Barbosa","image":{"@type":"ImageObject","@id":"https:\/\/www.adf.org.br\/home\/#personlogo","inLanguage":"pt-BR","url":"https:\/\/secure.gravatar.com\/avatar\/2b2cb2f4637682c5605e8d36818f51ef?s=96&d=mm&r=g","contentUrl":"https:\/\/secure.gravatar.com\/avatar\/2b2cb2f4637682c5605e8d36818f51ef?s=96&d=mm&r=g","caption":"Gabriel Barbosa"},"url":"https:\/\/www.adf.org.br\/home\/author\/gabrielpmk-com-br\/"}]}},"_links":{"self":[{"href":"https:\/\/www.adf.org.br\/home\/wp-json\/wp\/v2\/posts\/58172"}],"collection":[{"href":"https:\/\/www.adf.org.br\/home\/wp-json\/wp\/v2\/posts"}],"about":[{"href":"https:\/\/www.adf.org.br\/home\/wp-json\/wp\/v2\/types\/post"}],"author":[{"embeddable":true,"href":"https:\/\/www.adf.org.br\/home\/wp-json\/wp\/v2\/users\/31"}],"replies":[{"embeddable":true,"href":"https:\/\/www.adf.org.br\/home\/wp-json\/wp\/v2\/comments?post=58172"}],"version-history":[{"count":5,"href":"https:\/\/www.adf.org.br\/home\/wp-json\/wp\/v2\/posts\/58172\/revisions"}],"predecessor-version":[{"id":62728,"href":"https:\/\/www.adf.org.br\/home\/wp-json\/wp\/v2\/posts\/58172\/revisions\/62728"}],"wp:featuredmedia":[{"embeddable":true,"href":"https:\/\/www.adf.org.br\/home\/wp-json\/wp\/v2\/media\/61154"}],"wp:attachment":[{"href":"https:\/\/www.adf.org.br\/home\/wp-json\/wp\/v2\/media?parent=58172"}],"wp:term":[{"taxonomy":"category","embeddable":true,"href":"https:\/\/www.adf.org.br\/home\/wp-json\/wp\/v2\/categories?post=58172"},{"taxonomy":"post_tag","embeddable":true,"href":"https:\/\/www.adf.org.br\/home\/wp-json\/wp\/v2\/tags?post=58172"}],"curies":[{"name":"wp","href":"https:\/\/api.w.org\/{rel}","templated":true}]}}