{"id":58155,"date":"2021-01-07T08:00:46","date_gmt":"2021-01-07T11:00:46","guid":{"rendered":"http:\/\/www.adf.org.br\/home\/?p=58155"},"modified":"2020-12-17T16:09:07","modified_gmt":"2020-12-17T19:09:07","slug":"coronavirus-oracao-a-maria-em-tempos-de-provacao","status":"publish","type":"post","link":"https:\/\/www.adf.org.br\/home\/coronavirus-oracao-a-maria-em-tempos-de-provacao\/","title":{"rendered":"Coronav\u00edrus: Ora\u00e7\u00e3o a Maria em Tempos de Prova\u00e7\u00e3o"},"content":{"rendered":"<p><span style=\"color: #000000; font-family: verdana, geneva, sans-serif; font-size: 12pt;\"><span style=\"font-weight: 400;\">O Arcebispo de Chieti-Vasto (It\u00e1lia), Dom Bruno Forte, publicou no site de sua Arquidiocese um subs\u00eddio intitulado<\/span><b> &#8220;Ora\u00e7\u00f5es a Maria em tempos de prova\u00e7\u00e3o&#8221;<\/b><span style=\"font-weight: 400;\"> para enfrentar a COVID-19.<\/span><\/span><span style=\"color: #ffffff; font-family: verdana, geneva, sans-serif; font-size: 12pt;\">.<\/span><\/p>\n<p><span style=\"color: #000000; font-family: verdana, geneva, sans-serif; font-size: 12pt;\"><span style=\"font-weight: 400;\">Dom Forte expressou seu desejo de que<\/span><i><span style=\"font-weight: 400;\"> &#8220;esta forma simples de comunh\u00e3o em ora\u00e7\u00e3o nos ajude a superar a prova\u00e7\u00e3o com f\u00e9 em Deus e com generosa solidariedade para com aqueles que sofrem\u201d<\/span><\/i><span style=\"font-weight: 400;\">.<\/span><\/span><span style=\"color: #ffffff; font-family: verdana, geneva, sans-serif; font-size: 12pt;\">.<\/span><\/p>\n<p><span style=\"font-weight: 400; color: #000000; font-family: verdana, geneva, sans-serif; font-size: 12pt;\">Confira a seguir a primeira ora\u00e7\u00e3o do subs\u00eddio:<\/span><span style=\"color: #ffffff; font-family: verdana, geneva, sans-serif; font-size: 12pt;\">.<\/span><\/p>\n<blockquote>\n<p style=\"text-align: center;\"><em><a href=\"https:\/\/adf.org.br\/velario\/imaculado?origem=16987\" target=\"_blank\" rel=\"noopener noreferrer\"><img loading=\"lazy\" class=\"alignnone wp-image-57078 \" title=\"Coronav\u00edrus: Ora\u00e7\u00e3o a Maria em Tempos de Prova\u00e7\u00e3o\" src=\"https:\/\/www.adf.org.br\/home\/wp-content\/uploads\/2020\/01\/Imaculado-Cora\u00e7\u00e3o-de-Maria-22.jpg\" alt=\"Imaculado Cora\u00e7\u00e3o de Maria com o Menino Jesus\" width=\"305\" height=\"451\" \/><\/a><\/em><\/p>\n<h3 style=\"text-align: center;\"><span style=\"color: #000000; font-family: verdana, geneva, sans-serif; font-size: 12pt;\"><b>Em tempos de coronav\u00edrus:<\/b><\/span><\/h3>\n<h3 style=\"text-align: center;\"><b><\/b><strong><span style=\"color: #003366; font-family: verdana, geneva, sans-serif; font-size: 14pt;\">Ora\u00e7\u00e3o para invocar a liberta\u00e7\u00e3o dos males<\/span><\/strong><\/h3>\n<p style=\"text-align: center;\"><span style=\"color: #ffcc99;\"><em><span style=\"font-family: verdana, geneva, sans-serif; font-size: 12pt;\">.<\/span><\/em><\/span><\/p>\n<p><span style=\"color: #003366;\"><em><span style=\"font-weight: 400; font-family: verdana, geneva, sans-serif; font-size: 12pt;\">Senhor Jesus, Salvador do mundo,<\/span><\/em><\/span><\/p>\n<p><em><span style=\"font-weight: 400; color: #000000; font-family: verdana, geneva, sans-serif; font-size: 12pt;\">esperan\u00e7a que nunca nos desilude,<\/span><\/em><\/p>\n<p><em><span style=\"color: #000000; font-family: verdana, geneva, sans-serif; font-size: 12pt;\"><span style=\"font-weight: 400;\">tem piedade de n\u00f3s e livra-nos de todo o mal!<br \/>\n<\/span><span style=\"color: #ffcc99;\">.<\/span><\/span><\/em><\/p>\n<p><span style=\"color: #003366;\"><em><span style=\"font-weight: 400; font-family: verdana, geneva, sans-serif; font-size: 12pt;\">Pedimos-Te para vencer o flagelo<\/span><\/em><\/span><\/p>\n<p><em><span style=\"font-weight: 400; color: #000000; font-family: verdana, geneva, sans-serif; font-size: 12pt;\">deste v\u00edrus que se est\u00e1 difundindo,<\/span><\/em><\/p>\n<p><em><span style=\"font-weight: 400; color: #000000; font-family: verdana, geneva, sans-serif; font-size: 12pt;\">curar os doentes, preservar os s\u00e3os,<\/span><\/em><\/p>\n<p><em><span style=\"color: #000000; font-family: verdana, geneva, sans-serif; font-size: 12pt;\"><span style=\"font-weight: 400;\">apoiar quem trabalha pela sa\u00fade de todos.<br \/>\n<\/span><span style=\"color: #ffcc99;\">.<\/span><\/span><\/em><\/p>\n<p><span style=\"color: #003366;\"><em><span style=\"font-weight: 400; font-family: verdana, geneva, sans-serif; font-size: 12pt;\">Mostra-nos o Teu Rosto de miseric\u00f3rdia<\/span><\/em><\/span><\/p>\n<p><em><span style=\"color: #000000; font-family: verdana, geneva, sans-serif; font-size: 12pt;\"><span style=\"font-weight: 400;\">e salva-nos pelo Teu grande amor.<br \/>\n<\/span><span style=\"color: #ffcc99;\">.<\/span><\/span><\/em><\/p>\n<p><span style=\"color: #003366;\"><em><span style=\"font-weight: 400; font-family: verdana, geneva, sans-serif; font-size: 12pt;\">N\u00f3s te pedimos por intercess\u00e3o<\/span><\/em><\/span><\/p>\n<p><span style=\"color: #003366;\"><em><span style=\"font-weight: 400; font-family: verdana, geneva, sans-serif; font-size: 12pt;\">de <strong>Maria<\/strong>, <strong>Tua<\/strong> e <strong>nossa M\u00e3e<\/strong>,<\/span><\/em><\/span><\/p>\n<p><em><span style=\"color: #000000; font-family: verdana, geneva, sans-serif; font-size: 12pt;\"><span style=\"font-weight: 400;\">que com fidelidade nos acompanha.<br \/>\n<\/span><span style=\"color: #ffcc99;\">.<\/span><\/span><\/em><\/p>\n<p><span style=\"color: #003366;\"><em><span style=\"font-weight: 400; font-family: verdana, geneva, sans-serif; font-size: 12pt;\">Tu que vives e reinas<\/span><\/em><\/span><\/p>\n<p><em><span style=\"font-weight: 400; color: #000000; font-family: verdana, geneva, sans-serif; font-size: 12pt;\">pelos s\u00e9culos dos s\u00e9culos.<\/span><\/em><\/p>\n<p><em><span style=\"font-weight: 400; color: #000000; font-family: verdana, geneva, sans-serif; font-size: 12pt;\">Am\u00e9m.<\/span><\/em><\/p>\n<p><span style=\"color: #ffcc99;\"><em><span style=\"font-family: verdana, geneva, sans-serif; font-size: 12pt;\">.<\/span><\/em><\/span><\/p><\/blockquote>\n<p style=\"text-align: right;\"><span style=\"font-size: 12pt; color: #000000; font-family: verdana, geneva, sans-serif;\"><span style=\"font-size: 10pt;\"><b>Fonte: <\/b><\/span><span style=\"font-size: 10pt;\">ACI Digital<\/span><\/span><span style=\"color: #ffffff; font-family: verdana, geneva, sans-serif; font-size: 12pt;\"><b>.<\/b><\/span><\/p>\n<hr \/>\n<p>&nbsp;<\/p>\n<p style=\"text-align: center;\"><span style=\"color: #800080;\"><strong><span style=\"font-family: verdana, geneva, sans-serif; font-size: 12pt;\">Aproveite para inscrever suas preces \u00e0 Nossa M\u00e3e Sant\u00edssima.<\/span><\/strong><\/span><\/p>\n<p><a href=\"https:\/\/adf.org.br\/velario\/imaculado?origem=16987\" target=\"_blank\" rel=\"noopener noreferrer\"><img loading=\"lazy\" class=\"aligncenter wp-image-52633\" src=\"https:\/\/www.adf.org.br\/home\/wp-content\/uploads\/2019\/05\/Nossa-Senhora-de-F%C3%A1tima-209x300.jpg\" alt=\"Nossa Senhora de F\u00e1tima\" width=\"183\" height=\"262\" \/><\/a><\/p>\n<p style=\"text-align: center;\"><span style=\"color: #000000;\">Para isso, \u00e9 muito simples!\u00a0<\/span><\/p>\n<p>&nbsp;<\/p>\n<p style=\"text-align: center;\"><strong><span style=\"color: #000000; font-family: verdana, geneva, sans-serif; font-size: 12pt;\">Ligue GR\u00c1TIS, agora mesmo:<\/span><\/strong><\/p>\n<p style=\"text-align: center;\"><a href=\"tel:08006082128\" target=\"_blank\" rel=\"noopener noreferrer\"><span style=\"color: #0000ff;\"><strong><span style=\"font-family: verdana, geneva, sans-serif; font-size: 24pt;\">0800 608 2128<\/span><\/strong><\/span><\/a><\/p>\n<p style=\"text-align: center;\"><span style=\"color: #000000; font-family: verdana, geneva, sans-serif; font-size: 10pt;\"><b><i>Dica: <\/i><\/b><i><span style=\"font-weight: 400;\">Se estiver no celular, somente tecle no n\u00famero para discar automaticamente.<\/span><\/i><\/span><span style=\"color: #ffffff; font-family: verdana, geneva, sans-serif; font-size: 12pt;\">.<\/span><\/p>\n<blockquote>\n<p style=\"text-align: center;\"><span style=\"color: #000000; font-family: verdana, geneva, sans-serif; font-size: 12pt;\"><b>Hor\u00e1rio de Atendimento: <\/b><span style=\"font-weight: 400;\">De segunda a sexta-feira, das 08h \u00e0s 18h.<\/span><\/span><span style=\"color: #ffffff; font-family: verdana, geneva, sans-serif; font-size: 12pt;\">.<\/span><\/p>\n<\/blockquote>\n<p style=\"text-align: center;\"><span style=\"color: #ffffff; font-family: verdana, geneva, sans-serif; font-size: 12pt;\">.<\/span><\/p>\n<p style=\"text-align: center;\"><span style=\"color: #0000ff;\"><a style=\"color: #0000ff;\" href=\"https:\/\/adf.org.br\/velario\/imaculado?origem=16987\" target=\"_blank\" rel=\"noopener noreferrer\"><strong>Portanto, reze, fa\u00e7a seus pedidos e fortale\u00e7a seus la\u00e7os com Nossa Senhora.<\/strong><\/a><\/span><\/p>\n<p>&nbsp;<\/p>\n<p style=\"text-align: center;\"><span style=\"color: #000000; font-family: verdana, geneva, sans-serif; font-size: 12pt;\"><span style=\"font-weight: 400;\">Se voc\u00ea preferir, <\/span><a href=\"https:\/\/adf.org.br\/velario\/imaculado?origem=16987\" target=\"_blank\" rel=\"noopener noreferrer\"><span style=\"color: #0000ff;\"><b>clique aqui<\/b><\/span><\/a><span style=\"font-weight: 400;\"> ou na <strong><span style=\"color: #000000;\">imagem abaixo<\/span><\/strong> e acenda uma Vela para Nossa Senhora:\u00a0 <\/span><\/span><span style=\"color: #ffffff; font-family: verdana, geneva, sans-serif; font-size: 12pt;\">.<\/span><\/p>\n<p style=\"text-align: center;\"><span style=\"color: #000000; font-family: verdana, geneva, sans-serif; font-size: 12pt;\"><a style=\"color: #000000;\" href=\"https:\/\/adf.org.br\/velario\/imaculado?origem=16987\" target=\"_blank\" rel=\"noopener noreferrer\"><img loading=\"lazy\" class=\"alignnone wp-image-58156 \" title=\"Coronav\u00edrus: Ora\u00e7\u00e3o a Maria em Tempos de Prova\u00e7\u00e3o\" src=\"https:\/\/www.adf.org.br\/home\/wp-content\/uploads\/2020\/03\/Vela-e-Nossa-Senhora-de-F\u00e1tima-2.jpg\" alt=\"Coronav\u00edrus: Ora\u00e7\u00e3o a Maria em Tempos de Prova\u00e7\u00e3o - Vela e Nossa Senhora de F\u00e1tima\" width=\"459\" height=\"274\" \/><\/a><\/span><\/p>\n<p style=\"text-align: center;\"><span style=\"color: #000000; font-family: verdana, geneva, sans-serif; font-size: 12pt;\"><i><span style=\"font-weight: 400;\">\u201cSanta Virgem Maria Imaculada, M\u00e3e de Deus e nossa M\u00e3e, falai por n\u00f3s ao Cora\u00e7\u00e3o de Jesus, vosso Filho e nosso irm\u00e3o.\u201d\u00a0<\/span><\/i><\/span><span style=\"color: #ffffff;\">.<\/span><\/p>\n","protected":false},"excerpt":{"rendered":"<p>O Arcebispo de Chieti-Vasto (It\u00e1lia), Dom Bruno Forte, publicou no site de sua Arquidiocese um subs\u00eddio intitulado &#8220;Ora\u00e7\u00f5es a Maria em tempos de prova\u00e7\u00e3o&#8221; para enfrentar a COVID-19.. Dom Forte expressou seu desejo de que &#8220;esta forma simples de comunh\u00e3o em ora\u00e7\u00e3o nos ajude a superar a prova\u00e7\u00e3o com f\u00e9 em Deus e com generosa [&hellip;]<\/p>\n","protected":false},"author":31,"featured_media":60051,"comment_status":"open","ping_status":"open","sticky":false,"template":"","format":"standard","meta":[],"categories":[20,2387,2460,14,2332],"tags":[3040,3041,680,1830,527,3037,65,133,139,38,2589,142,3042,2317,844,521,528,470,3044],"yoast_head":"<!-- This site is optimized with the Yoast SEO plugin v17.4 - https:\/\/yoast.com\/wordpress\/plugins\/seo\/ -->\n<title>Coronav\u00edrus: Ora\u00e7\u00e3o a Maria em Tempos de Prova\u00e7\u00e3o<\/title>\n<meta name=\"description\" content=\"Coronav\u00edrus: Ora\u00e7\u00e3o a Maria em Tempos de Prova\u00e7\u00e3o - Confira aqui a ora\u00e7\u00e3o do Arcebispo de Chieti-Vasto (It\u00e1lia) para enfrentar os tempos di..\" \/>\n<meta name=\"robots\" content=\"index, follow, max-snippet:-1, max-image-preview:large, max-video-preview:-1\" \/>\n<link rel=\"canonical\" href=\"https:\/\/www.adf.org.br\/home\/coronavirus-oracao-a-maria-em-tempos-de-provacao\/\" \/>\n<meta property=\"og:locale\" content=\"pt_BR\" \/>\n<meta property=\"og:type\" content=\"article\" \/>\n<meta property=\"og:title\" content=\"Coronav\u00edrus: Ora\u00e7\u00e3o a Maria em Tempos de Prova\u00e7\u00e3o\" \/>\n<meta property=\"og:description\" content=\"Coronav\u00edrus: Ora\u00e7\u00e3o a Maria em Tempos de Prova\u00e7\u00e3o - Confira aqui a ora\u00e7\u00e3o do Arcebispo de Chieti-Vasto (It\u00e1lia) para enfrentar os tempos di..\" \/>\n<meta property=\"og:url\" content=\"https:\/\/www.adf.org.br\/home\/coronavirus-oracao-a-maria-em-tempos-de-provacao\/\" \/>\n<meta property=\"og:site_name\" content=\"Associa\u00e7\u00e3o Devotos de F\u00e1tima\" \/>\n<meta property=\"article:published_time\" content=\"2021-01-07T11:00:46+00:00\" \/>\n<meta property=\"article:modified_time\" content=\"2020-12-17T19:09:07+00:00\" \/>\n<meta property=\"og:image\" content=\"https:\/\/www.adf.org.br\/home\/wp-content\/uploads\/2020\/06\/imaculado-cora\u00e7\u00e3o-de-maria.jpg\" \/>\n\t<meta property=\"og:image:width\" content=\"600\" \/>\n\t<meta property=\"og:image:height\" content=\"350\" \/>\n<meta name=\"twitter:card\" content=\"summary_large_image\" \/>\n<meta name=\"twitter:label1\" content=\"Escrito por\" \/>\n\t<meta name=\"twitter:data1\" content=\"Gabriel Barbosa\" \/>\n\t<meta name=\"twitter:label2\" content=\"Est. tempo de leitura\" \/>\n\t<meta name=\"twitter:data2\" content=\"1 minuto\" \/>\n<script type=\"application\/ld+json\" class=\"yoast-schema-graph\">{\"@context\":\"https:\/\/schema.org\",\"@graph\":[{\"@type\":\"WebSite\",\"@id\":\"https:\/\/www.adf.org.br\/home\/#website\",\"url\":\"https:\/\/www.adf.org.br\/home\/\",\"name\":\"Associa\\u00e7\\u00e3o Devotos de F\\u00e1tima\",\"description\":\"Associa\\u00e7\\u00e3o Devotos de F\\u00e1tima\",\"potentialAction\":[{\"@type\":\"SearchAction\",\"target\":{\"@type\":\"EntryPoint\",\"urlTemplate\":\"https:\/\/www.adf.org.br\/home\/?s={search_term_string}\"},\"query-input\":\"required name=search_term_string\"}],\"inLanguage\":\"pt-BR\"},{\"@type\":\"ImageObject\",\"@id\":\"https:\/\/www.adf.org.br\/home\/coronavirus-oracao-a-maria-em-tempos-de-provacao\/#primaryimage\",\"inLanguage\":\"pt-BR\",\"url\":\"https:\/\/www.adf.org.br\/home\/wp-content\/uploads\/2020\/06\/imaculado-cora\\u00e7\\u00e3o-de-maria.jpg\",\"contentUrl\":\"https:\/\/www.adf.org.br\/home\/wp-content\/uploads\/2020\/06\/imaculado-cora\\u00e7\\u00e3o-de-maria.jpg\",\"width\":600,\"height\":350},{\"@type\":\"WebPage\",\"@id\":\"https:\/\/www.adf.org.br\/home\/coronavirus-oracao-a-maria-em-tempos-de-provacao\/#webpage\",\"url\":\"https:\/\/www.adf.org.br\/home\/coronavirus-oracao-a-maria-em-tempos-de-provacao\/\",\"name\":\"Coronav\\u00edrus: Ora\\u00e7\\u00e3o a Maria em Tempos de Prova\\u00e7\\u00e3o\",\"isPartOf\":{\"@id\":\"https:\/\/www.adf.org.br\/home\/#website\"},\"primaryImageOfPage\":{\"@id\":\"https:\/\/www.adf.org.br\/home\/coronavirus-oracao-a-maria-em-tempos-de-provacao\/#primaryimage\"},\"datePublished\":\"2021-01-07T11:00:46+00:00\",\"dateModified\":\"2020-12-17T19:09:07+00:00\",\"author\":{\"@id\":\"https:\/\/www.adf.org.br\/home\/#\/schema\/person\/f35a5c5aa7728a3dedf4ea9aa1fc2753\"},\"description\":\"Coronav\\u00edrus: Ora\\u00e7\\u00e3o a Maria em Tempos de Prova\\u00e7\\u00e3o - Confira aqui a ora\\u00e7\\u00e3o do Arcebispo de Chieti-Vasto (It\\u00e1lia) para enfrentar os tempos di..\",\"breadcrumb\":{\"@id\":\"https:\/\/www.adf.org.br\/home\/coronavirus-oracao-a-maria-em-tempos-de-provacao\/#breadcrumb\"},\"inLanguage\":\"pt-BR\",\"potentialAction\":[{\"@type\":\"ReadAction\",\"target\":[\"https:\/\/www.adf.org.br\/home\/coronavirus-oracao-a-maria-em-tempos-de-provacao\/\"]}]},{\"@type\":\"BreadcrumbList\",\"@id\":\"https:\/\/www.adf.org.br\/home\/coronavirus-oracao-a-maria-em-tempos-de-provacao\/#breadcrumb\",\"itemListElement\":[{\"@type\":\"ListItem\",\"position\":1,\"name\":\"Home\",\"item\":\"https:\/\/www.adf.org.br\/home\/\"},{\"@type\":\"ListItem\",\"position\":2,\"name\":\"Coronav\\u00edrus: Ora\\u00e7\\u00e3o a Maria em Tempos de Prova\\u00e7\\u00e3o\"}]},{\"@type\":\"Person\",\"@id\":\"https:\/\/www.adf.org.br\/home\/#\/schema\/person\/f35a5c5aa7728a3dedf4ea9aa1fc2753\",\"name\":\"Gabriel Barbosa\",\"image\":{\"@type\":\"ImageObject\",\"@id\":\"https:\/\/www.adf.org.br\/home\/#personlogo\",\"inLanguage\":\"pt-BR\",\"url\":\"https:\/\/secure.gravatar.com\/avatar\/2b2cb2f4637682c5605e8d36818f51ef?s=96&d=mm&r=g\",\"contentUrl\":\"https:\/\/secure.gravatar.com\/avatar\/2b2cb2f4637682c5605e8d36818f51ef?s=96&d=mm&r=g\",\"caption\":\"Gabriel Barbosa\"},\"url\":\"https:\/\/www.adf.org.br\/home\/author\/gabrielpmk-com-br\/\"}]}<\/script>\n<!-- \/ Yoast SEO plugin. -->","yoast_head_json":{"title":"Coronav\u00edrus: Ora\u00e7\u00e3o a Maria em Tempos de Prova\u00e7\u00e3o","description":"Coronav\u00edrus: Ora\u00e7\u00e3o a Maria em Tempos de Prova\u00e7\u00e3o - Confira aqui a ora\u00e7\u00e3o do Arcebispo de Chieti-Vasto (It\u00e1lia) para enfrentar os tempos di..","robots":{"index":"index","follow":"follow","max-snippet":"max-snippet:-1","max-image-preview":"max-image-preview:large","max-video-preview":"max-video-preview:-1"},"canonical":"https:\/\/www.adf.org.br\/home\/coronavirus-oracao-a-maria-em-tempos-de-provacao\/","og_locale":"pt_BR","og_type":"article","og_title":"Coronav\u00edrus: Ora\u00e7\u00e3o a Maria em Tempos de Prova\u00e7\u00e3o","og_description":"Coronav\u00edrus: Ora\u00e7\u00e3o a Maria em Tempos de Prova\u00e7\u00e3o - Confira aqui a ora\u00e7\u00e3o do Arcebispo de Chieti-Vasto (It\u00e1lia) para enfrentar os tempos di..","og_url":"https:\/\/www.adf.org.br\/home\/coronavirus-oracao-a-maria-em-tempos-de-provacao\/","og_site_name":"Associa\u00e7\u00e3o Devotos de F\u00e1tima","article_published_time":"2021-01-07T11:00:46+00:00","article_modified_time":"2020-12-17T19:09:07+00:00","og_image":[{"width":600,"height":350,"url":"https:\/\/www.adf.org.br\/home\/wp-content\/uploads\/2020\/06\/imaculado-cora\u00e7\u00e3o-de-maria.jpg","type":"image\/jpeg"}],"twitter_card":"summary_large_image","twitter_misc":{"Escrito por":"Gabriel Barbosa","Est. tempo de leitura":"1 minuto"},"schema":{"@context":"https:\/\/schema.org","@graph":[{"@type":"WebSite","@id":"https:\/\/www.adf.org.br\/home\/#website","url":"https:\/\/www.adf.org.br\/home\/","name":"Associa\u00e7\u00e3o Devotos de F\u00e1tima","description":"Associa\u00e7\u00e3o Devotos de F\u00e1tima","potentialAction":[{"@type":"SearchAction","target":{"@type":"EntryPoint","urlTemplate":"https:\/\/www.adf.org.br\/home\/?s={search_term_string}"},"query-input":"required name=search_term_string"}],"inLanguage":"pt-BR"},{"@type":"ImageObject","@id":"https:\/\/www.adf.org.br\/home\/coronavirus-oracao-a-maria-em-tempos-de-provacao\/#primaryimage","inLanguage":"pt-BR","url":"https:\/\/www.adf.org.br\/home\/wp-content\/uploads\/2020\/06\/imaculado-cora\u00e7\u00e3o-de-maria.jpg","contentUrl":"https:\/\/www.adf.org.br\/home\/wp-content\/uploads\/2020\/06\/imaculado-cora\u00e7\u00e3o-de-maria.jpg","width":600,"height":350},{"@type":"WebPage","@id":"https:\/\/www.adf.org.br\/home\/coronavirus-oracao-a-maria-em-tempos-de-provacao\/#webpage","url":"https:\/\/www.adf.org.br\/home\/coronavirus-oracao-a-maria-em-tempos-de-provacao\/","name":"Coronav\u00edrus: Ora\u00e7\u00e3o a Maria em Tempos de Prova\u00e7\u00e3o","isPartOf":{"@id":"https:\/\/www.adf.org.br\/home\/#website"},"primaryImageOfPage":{"@id":"https:\/\/www.adf.org.br\/home\/coronavirus-oracao-a-maria-em-tempos-de-provacao\/#primaryimage"},"datePublished":"2021-01-07T11:00:46+00:00","dateModified":"2020-12-17T19:09:07+00:00","author":{"@id":"https:\/\/www.adf.org.br\/home\/#\/schema\/person\/f35a5c5aa7728a3dedf4ea9aa1fc2753"},"description":"Coronav\u00edrus: Ora\u00e7\u00e3o a Maria em Tempos de Prova\u00e7\u00e3o - Confira aqui a ora\u00e7\u00e3o do Arcebispo de Chieti-Vasto (It\u00e1lia) para enfrentar os tempos di..","breadcrumb":{"@id":"https:\/\/www.adf.org.br\/home\/coronavirus-oracao-a-maria-em-tempos-de-provacao\/#breadcrumb"},"inLanguage":"pt-BR","potentialAction":[{"@type":"ReadAction","target":["https:\/\/www.adf.org.br\/home\/coronavirus-oracao-a-maria-em-tempos-de-provacao\/"]}]},{"@type":"BreadcrumbList","@id":"https:\/\/www.adf.org.br\/home\/coronavirus-oracao-a-maria-em-tempos-de-provacao\/#breadcrumb","itemListElement":[{"@type":"ListItem","position":1,"name":"Home","item":"https:\/\/www.adf.org.br\/home\/"},{"@type":"ListItem","position":2,"name":"Coronav\u00edrus: Ora\u00e7\u00e3o a Maria em Tempos de Prova\u00e7\u00e3o"}]},{"@type":"Person","@id":"https:\/\/www.adf.org.br\/home\/#\/schema\/person\/f35a5c5aa7728a3dedf4ea9aa1fc2753","name":"Gabriel Barbosa","image":{"@type":"ImageObject","@id":"https:\/\/www.adf.org.br\/home\/#personlogo","inLanguage":"pt-BR","url":"https:\/\/secure.gravatar.com\/avatar\/2b2cb2f4637682c5605e8d36818f51ef?s=96&d=mm&r=g","contentUrl":"https:\/\/secure.gravatar.com\/avatar\/2b2cb2f4637682c5605e8d36818f51ef?s=96&d=mm&r=g","caption":"Gabriel Barbosa"},"url":"https:\/\/www.adf.org.br\/home\/author\/gabrielpmk-com-br\/"}]}},"_links":{"self":[{"href":"https:\/\/www.adf.org.br\/home\/wp-json\/wp\/v2\/posts\/58155"}],"collection":[{"href":"https:\/\/www.adf.org.br\/home\/wp-json\/wp\/v2\/posts"}],"about":[{"href":"https:\/\/www.adf.org.br\/home\/wp-json\/wp\/v2\/types\/post"}],"author":[{"embeddable":true,"href":"https:\/\/www.adf.org.br\/home\/wp-json\/wp\/v2\/users\/31"}],"replies":[{"embeddable":true,"href":"https:\/\/www.adf.org.br\/home\/wp-json\/wp\/v2\/comments?post=58155"}],"version-history":[{"count":10,"href":"https:\/\/www.adf.org.br\/home\/wp-json\/wp\/v2\/posts\/58155\/revisions"}],"predecessor-version":[{"id":62833,"href":"https:\/\/www.adf.org.br\/home\/wp-json\/wp\/v2\/posts\/58155\/revisions\/62833"}],"wp:featuredmedia":[{"embeddable":true,"href":"https:\/\/www.adf.org.br\/home\/wp-json\/wp\/v2\/media\/60051"}],"wp:attachment":[{"href":"https:\/\/www.adf.org.br\/home\/wp-json\/wp\/v2\/media?parent=58155"}],"wp:term":[{"taxonomy":"category","embeddable":true,"href":"https:\/\/www.adf.org.br\/home\/wp-json\/wp\/v2\/categories?post=58155"},{"taxonomy":"post_tag","embeddable":true,"href":"https:\/\/www.adf.org.br\/home\/wp-json\/wp\/v2\/tags?post=58155"}],"curies":[{"name":"wp","href":"https:\/\/api.w.org\/{rel}","templated":true}]}}