{"id":58123,"date":"2021-05-03T08:00:33","date_gmt":"2021-05-03T11:00:33","guid":{"rendered":"http:\/\/www.adf.org.br\/home\/?p=58123"},"modified":"2021-04-30T15:09:42","modified_gmt":"2021-04-30T18:09:42","slug":"o-segredo-do-rosario-o-aviso-de-deus-2","status":"publish","type":"post","link":"https:\/\/www.adf.org.br\/home\/o-segredo-do-rosario-o-aviso-de-deus-2\/","title":{"rendered":"O Segredo do Ros\u00e1rio: O Aviso de Deus"},"content":{"rendered":"<p><a href=\"https:\/\/adf.org.br\/apostolosdefatima?origem=18650#Participar\" target=\"_blank\" rel=\"noopener noreferrer\"><img loading=\"lazy\" class=\"aligncenter wp-image-58125 \" src=\"https:\/\/www.adf.org.br\/home\/wp-content\/uploads\/2020\/03\/Maria-la-entrega-el-Rosario-a-santo-Domingo-Museo-de-el-Prado.jpg\" alt=\"O Segredo do Ros\u00e1rio - Maria entrega o Ros\u00e1rio a S\u00e3o Domingos\" width=\"474\" height=\"426\" \/><\/a><span style=\"font-family: verdana, geneva, sans-serif; color: #ffffff; font-size: 12pt;\">.<\/span><\/p>\n<p><span style=\"font-family: verdana, geneva, sans-serif; color: #000000; font-size: 12pt;\"><strong>Conhe\u00e7a a primeira parte da hist\u00f3ria &#8211;<\/strong> <span style=\"color: #0000ff;\"><a style=\"color: #0000ff;\" href=\"https:\/\/www.adf.org.br\/home\/o-segredo-do-rosario-a-origem\/\" target=\"_blank\" rel=\"noopener noreferrer\"><strong>O Segredo do Ros\u00e1rio: A Origem<\/strong><\/a><\/span><\/span><span style=\"font-family: verdana, geneva, sans-serif; color: #ffffff; font-size: 12pt;\">.<\/span><\/p>\n<p><span style=\"font-family: verdana, geneva, sans-serif; color: #000000; font-size: 12pt;\"><span style=\"font-size: 18pt;\">D<\/span>epois do extraordin\u00e1rio encontro de Nossa Senhora com S\u00e3o Domingos, na qual ELA lhe entregou o Santo Ros\u00e1rio, ele correu at\u00e9 a Catedral para pregar. Por\u00e9m, algo surpreendente aconteceu. Confira a seguir:<\/span><span style=\"font-family: verdana, geneva, sans-serif; color: #ffffff; font-size: 12pt;\">.<\/span><\/p>\n<h3><span style=\"font-size: 14pt;\"><strong><span style=\"font-family: verdana, geneva, sans-serif; color: #000000;\">A Terr\u00edvel Tempestade<\/span><\/strong><\/span><span style=\"font-family: verdana, geneva, sans-serif; color: #ffffff; font-size: 12pt;\">.<\/span><\/h3>\n<p><span style=\"font-family: verdana, geneva, sans-serif; color: #000000; font-size: 12pt;\">Imediatamente, Anjos invis\u00edveis tocaram os sinos a fim de juntar as pessoas e S\u00e3o Domingos come\u00e7ou a pregar. Assim que iniciou seu serm\u00e3o, desencadeou-se uma tempestade terr\u00edvel, a terra tremeu, o sol se escureceu, houve tantos trov\u00f5es e raios que todos ficaram muito temerosos.<\/span><span style=\"font-family: verdana, geneva, sans-serif; color: #ffffff; font-size: 12pt;\">.<\/span><\/p>\n<blockquote>\n<p style=\"padding-left: 40px;\"><span style=\"font-family: verdana, geneva, sans-serif; color: #003366; font-size: 12pt;\">Ainda maior foi o seu medo quando olharam \u00e0 imagem de Nossa Senhora, exibida em local privilegiado, <strong>e a viram levantar os bra\u00e7os em dire\u00e7\u00e3o aos C\u00e9us<\/strong>, tr\u00eas vezes, para acalmar o castigo de DEUS sobre eles, caso eles falhassem em se converter, arrumar suas vidas e procurar a prote\u00e7\u00e3o da Santa M\u00e3e de Deus.<\/span><span style=\"color: #ffffff; font-family: verdana, geneva, sans-serif; font-size: 12pt;\">.<\/span><\/p>\n<\/blockquote>\n<p><span style=\"font-family: verdana, geneva, sans-serif; color: #000000; font-size: 12pt;\">DEUS quis, por meio destes fen\u00f4menos sobrenaturais, espalhar a nova devo\u00e7\u00e3o do Santo Ros\u00e1rio e fazer com que este fosse mais vastamente divulgado.<\/span><span style=\"font-family: verdana, geneva, sans-serif; color: #ffffff; font-size: 12pt;\">.<\/span><\/p>\n<p><span style=\"font-family: verdana, geneva, sans-serif; color: #000000; font-size: 12pt;\">Por fim, gra\u00e7as a ora\u00e7\u00e3o de S\u00e3o Domingos, a tempestade acabou, e ele continuou a prega\u00e7\u00e3o.<\/span><span style=\"color: #ffffff;\">.<\/span><\/p>\n<blockquote>\n<p style=\"padding-left: 40px;\"><span style=\"font-family: verdana, geneva, sans-serif; color: #003366; font-size: 12pt;\">Foi t\u00e3o grande o fervor e entusiasmo de sua explica\u00e7\u00e3o sobre a import\u00e2ncia e o <strong>valor do Santo Ros\u00e1rio<\/strong> que quase todas as pessoas de Tolosa abra\u00e7aram-no renunciando a falsas cren\u00e7as.<\/span><span style=\"color: #ffffff;\">.<\/span><\/p>\n<\/blockquote>\n<p><span style=\"font-family: verdana, geneva, sans-serif; color: #000000; font-size: 12pt;\">Em pouco tempo, uma grande transforma\u00e7\u00e3o foi percebida na vila; e as pessoas come\u00e7aram a converter-se e a viver uma vida Crist\u00e3.<\/span><span style=\"color: #ffffff;\">.<\/span><\/p>\n<p style=\"text-align: right;\"><span style=\"font-family: verdana, geneva, sans-serif; color: #000000; font-size: 10pt;\"><strong>Fonte:<\/strong> <em>O Segredo do Ros\u00e1rio<\/em> de S\u00e3o Lu\u00eds M\u00aa Grignion de Monfort<\/span><span style=\"color: #ffffff;\">.<\/span><\/p>\n<hr \/>\n<p>&nbsp;<\/p>\n<p><span style=\"font-family: verdana, geneva, sans-serif; color: #000000; font-size: 12pt;\">Em 15 de agosto de 1917, na Quarta Apari\u00e7\u00e3o de Nossa Senhora de F\u00e1tima, L\u00facia fez um pedido \u00e0 Sant\u00edssima Virgem de F\u00e1tima e <strong><span style=\"color: #003366;\">ELA<\/span><\/strong> deu um <strong><span style=\"color: #003366;\">IMPORTANTE CONSELHO<\/span><\/strong> aos tr\u00eas pastorinhos. Veja:<\/span><span style=\"color: #ffffff;\">.<\/span><\/p>\n<blockquote><p><a href=\"https:\/\/adf.org.br\/apostolosdefatima?origem=18650#Participar\" target=\"_blank\" rel=\"noopener noreferrer\"><img loading=\"lazy\" class=\"aligncenter wp-image-57588\" src=\"https:\/\/www.adf.org.br\/home\/wp-content\/uploads\/2020\/02\/As-Apari\u00e7\u00f5es-de-F\u00e1tima-aos-Tr\u00eas-Pastorinhos-300x221.jpg\" alt=\"Apari\u00e7\u00e3o de Nossa Senhora de F\u00e1tima aos Tr\u00eas Pastorinhos\" width=\"342\" height=\"251\" \/><\/a><\/p>\n<p><span style=\"color: #ffcc99;\">.<\/span><span style=\"font-family: verdana, geneva, sans-serif; color: #000000; font-size: 12pt;\"><strong>L\u00facia:<\/strong><em>\u201cQueria pedir-Lhe a cura de alguns doentes\u201d.<\/em><\/span><\/p>\n<p><span style=\"font-family: verdana, geneva, sans-serif; color: #000000; font-size: 12pt;\"><span style=\"color: #003366;\"><strong>Nossa Senhora:<\/strong><em>\u201cSim, alguns curarei durante o ano\u201d.<\/em><\/span><\/span><\/p>\n<p><span style=\"font-family: verdana, geneva, sans-serif; color: #000000; font-size: 12pt;\">E, tomando um aspecto mais triste, recomendou-lhes que rezassem muito pelos pecadores:<\/span><\/p>\n<p><span style=\"color: #003366;\"><em><span style=\"font-family: verdana, geneva, sans-serif; font-size: 12pt;\">\u201c<strong>Rezai<\/strong>, <strong>rezai muito<\/strong>, e fazei sacrif\u00edcios pelos pecadores; que v\u00e3o muitas almas para o inferno por n\u00e3o haver quem se sacrifique e pe\u00e7a por elas\u201d.<\/span><\/em><\/span><span style=\"color: #ffffff;\">.<\/span><\/p><\/blockquote>\n<p>&nbsp;<\/p>\n<p><span style=\"font-family: verdana, geneva, sans-serif; color: #000000; font-size: 12pt;\">Perceba como Nossa Senhora \u00e9 <strong>MISERICORDIOSA com seus filhos<\/strong>.<\/span><span style=\"color: #ffffff;\">.<\/span><\/p>\n<p><span style=\"font-family: verdana, geneva, sans-serif; color: #000000; font-size: 12pt;\">Por esse motivo, <span style=\"color: #003366;\"><span style=\"color: #000000;\">convidamos<\/span> <strong>VOC\u00ca<\/strong><\/span> a se unir conosco na divulga\u00e7\u00e3o do amor e da devo\u00e7\u00e3o ao <em>Imaculado Cora\u00e7\u00e3o de Maria<\/em> participando dos <span style=\"color: #0000ff;\"><a style=\"color: #0000ff;\" href=\"https:\/\/adf.org.br\/apostolosdefatima?origem=18650#Participar\" target=\"_blank\" rel=\"noopener noreferrer\"><strong>Ap\u00f3stolos de F\u00e1tima<\/strong><\/a><\/span>.<\/span><\/p>\n<p><span style=\"color: #ffffff;\">.<\/span><\/p>\n<h3 style=\"text-align: center;\"><strong><span style=\"font-family: verdana, geneva, sans-serif; color: #000000; font-size: 12pt;\">Ligue agora para:<\/span><\/strong><br \/>\n<a href=\"tel:08006082128\"><span style=\"color: #0000ff;\"><strong><span style=\"font-family: verdana, geneva, sans-serif; font-size: 24pt;\">0800 608 2128<\/span><\/strong><\/span><\/a><br \/>\n<span style=\"font-size: 10pt;\"><em><span style=\"font-family: verdana, geneva, sans-serif; color: #000000;\"><strong>Dica:<\/strong> Se estiver no celular, somente tecle no n\u00famero para discar automaticamente.<\/span><\/em><\/span><\/h3>\n<h3 style=\"text-align: center;\"><span style=\"color: #ffffff;\">.<\/span><\/h3>\n<p><span style=\"font-family: verdana, geneva, sans-serif; color: #000000; font-size: 12pt;\">E converse com um de nossos colaboradores para fazer sua <span style=\"color: #0000ff;\"><a style=\"color: #0000ff;\" href=\"https:\/\/adf.org.br\/apostolosdefatima?origem=18650#Participar\" target=\"_blank\" rel=\"noopener noreferrer\">inscri\u00e7\u00e3o no Apostolado dedicado \u00e0 Maria Sant\u00edssima.<\/a><\/span><\/span><span style=\"color: #ffffff;\">.<\/span><\/p>\n<blockquote>\n<p style=\"text-align: center;\"><span style=\"font-family: verdana, geneva, sans-serif; color: #000000; font-size: 12pt;\">A <strong>liga\u00e7\u00e3o \u00e9 gratuita<\/strong> para todo o Brasil.<\/span><br \/>\n<span style=\"font-family: verdana, geneva, sans-serif; color: #000000; font-size: 12pt;\"><strong>Hor\u00e1rio de Atendimento:<\/strong> De segunda a sexta-feira, das 08h \u00e0s 18h.<\/span><\/p>\n<\/blockquote>\n<p><span style=\"color: #ffffff;\">.<\/span><\/p>\n<p><span style=\"font-family: verdana, geneva, sans-serif; color: #800080; font-size: 12pt;\">Se voc\u00ea est\u00e1 longe de Nossa M\u00e3e Sant\u00edssima, <strong>aproveite esta oportunidade para voltar aos seus bra\u00e7os<\/strong> e ter certamente uma vida repleta de gra\u00e7as.<\/span><span style=\"color: #800080;\">.<\/span><\/p>\n<h3 style=\"text-align: center;\"><a href=\"https:\/\/adf.org.br\/apostolosdefatima?origem=18650#Participar\" target=\"_blank\" rel=\"noopener noreferrer\"><strong><span style=\"font-family: verdana, geneva, sans-serif; color: #000000; font-size: 14pt;\"><span style=\"color: #0000ff;\">Escute o CHAMADO de Nossa Senhora!<\/span><\/span><\/strong><\/a><\/h3>\n<p>&nbsp;<\/p>\n<p><a href=\"https:\/\/adf.org.br\/apostolosdefatima?origem=18650#Participar\" target=\"_blank\" rel=\"noopener noreferrer\"><img loading=\"lazy\" class=\"aligncenter wp-image-57821 size-full\" title=\"Bot\u00e3o de Inscri\u00e7\u00e3o Ap\u00f3stolos de F\u00e1tima\" src=\"https:\/\/www.adf.org.br\/home\/wp-content\/uploads\/2020\/03\/2-Ap%C3%B3stolo-de-F%C3%A1tima-min.png\" alt=\"Inscri\u00e7\u00e3o Ap\u00f3stolos de F\u00e1tima\" width=\"600\" height=\"200\" \/><\/a><\/p>\n<p style=\"text-align: center;\"><span style=\"color: #ffffff;\">.<\/span><\/p>\n<p style=\"text-align: center;\"><span style=\"font-family: verdana, geneva, sans-serif; color: #000000; font-size: 12pt;\"><strong><span style=\"color: #003366;\"><em>\u201cDoce Cora\u00e7\u00e3o de Maria, sede a nossa salva\u00e7\u00e3o.\u201d<\/em><\/span><\/strong>\u00a0<\/span><\/p>\n","protected":false},"excerpt":{"rendered":"<p>. Conhe\u00e7a a primeira parte da hist\u00f3ria &#8211; O Segredo do Ros\u00e1rio: A Origem. Depois do extraordin\u00e1rio encontro de Nossa Senhora com S\u00e3o Domingos, na qual ELA lhe entregou o Santo Ros\u00e1rio, ele correu at\u00e9 a Catedral para pregar. Por\u00e9m, algo surpreendente aconteceu. Confira a seguir:. A Terr\u00edvel Tempestade. Imediatamente, Anjos invis\u00edveis tocaram os sinos [&hellip;]<\/p>\n","protected":false},"author":31,"featured_media":64252,"comment_status":"open","ping_status":"open","sticky":false,"template":"","format":"standard","meta":[],"categories":[20,2323,56,2510],"tags":[3004,89,3034,357,646,38,57,587,2720,17,490,2213,2871,116,470],"yoast_head":"<!-- This site is optimized with the Yoast SEO plugin v17.4 - https:\/\/yoast.com\/wordpress\/plugins\/seo\/ -->\n<title>O Segredo do Ros\u00e1rio: O Aviso de Deus<\/title>\n<meta name=\"description\" content=\"O Segredo do Ros\u00e1rio - Saiba qual foi o Aviso de Deus aos pecadores e como Nossa Senhora intercedeu para que eles atrav\u00e9s de S\u00e3o Domingos.\" \/>\n<meta name=\"robots\" content=\"index, follow, max-snippet:-1, max-image-preview:large, max-video-preview:-1\" \/>\n<link rel=\"canonical\" href=\"https:\/\/www.adf.org.br\/home\/o-segredo-do-rosario-o-aviso-de-deus-2\/\" \/>\n<meta property=\"og:locale\" content=\"pt_BR\" \/>\n<meta property=\"og:type\" content=\"article\" \/>\n<meta property=\"og:title\" content=\"O Segredo do Ros\u00e1rio: O Aviso de Deus\" \/>\n<meta property=\"og:description\" content=\"O Segredo do Ros\u00e1rio - Saiba qual foi o Aviso de Deus aos pecadores e como Nossa Senhora intercedeu para que eles atrav\u00e9s de S\u00e3o Domingos.\" \/>\n<meta property=\"og:url\" content=\"https:\/\/www.adf.org.br\/home\/o-segredo-do-rosario-o-aviso-de-deus-2\/\" \/>\n<meta property=\"og:site_name\" content=\"Associa\u00e7\u00e3o Devotos de F\u00e1tima\" \/>\n<meta property=\"article:published_time\" content=\"2021-05-03T11:00:33+00:00\" \/>\n<meta property=\"article:modified_time\" content=\"2021-04-30T18:09:42+00:00\" \/>\n<meta property=\"og:image\" content=\"https:\/\/www.adf.org.br\/home\/wp-content\/uploads\/2021\/05\/capa-post-adf-dia-03.05.jpg\" \/>\n\t<meta property=\"og:image:width\" content=\"512\" \/>\n\t<meta property=\"og:image:height\" content=\"288\" \/>\n<meta name=\"twitter:card\" content=\"summary_large_image\" \/>\n<meta name=\"twitter:label1\" content=\"Escrito por\" \/>\n\t<meta name=\"twitter:data1\" content=\"Gabriel Barbosa\" \/>\n\t<meta name=\"twitter:label2\" content=\"Est. tempo de leitura\" \/>\n\t<meta name=\"twitter:data2\" content=\"3 minutos\" \/>\n<script type=\"application\/ld+json\" class=\"yoast-schema-graph\">{\"@context\":\"https:\/\/schema.org\",\"@graph\":[{\"@type\":\"WebSite\",\"@id\":\"https:\/\/www.adf.org.br\/home\/#website\",\"url\":\"https:\/\/www.adf.org.br\/home\/\",\"name\":\"Associa\\u00e7\\u00e3o Devotos de F\\u00e1tima\",\"description\":\"Associa\\u00e7\\u00e3o Devotos de F\\u00e1tima\",\"potentialAction\":[{\"@type\":\"SearchAction\",\"target\":{\"@type\":\"EntryPoint\",\"urlTemplate\":\"https:\/\/www.adf.org.br\/home\/?s={search_term_string}\"},\"query-input\":\"required name=search_term_string\"}],\"inLanguage\":\"pt-BR\"},{\"@type\":\"ImageObject\",\"@id\":\"https:\/\/www.adf.org.br\/home\/o-segredo-do-rosario-o-aviso-de-deus-2\/#primaryimage\",\"inLanguage\":\"pt-BR\",\"url\":\"https:\/\/www.adf.org.br\/home\/wp-content\/uploads\/2021\/05\/capa-post-adf-dia-03.05.jpg\",\"contentUrl\":\"https:\/\/www.adf.org.br\/home\/wp-content\/uploads\/2021\/05\/capa-post-adf-dia-03.05.jpg\",\"width\":512,\"height\":288},{\"@type\":\"WebPage\",\"@id\":\"https:\/\/www.adf.org.br\/home\/o-segredo-do-rosario-o-aviso-de-deus-2\/#webpage\",\"url\":\"https:\/\/www.adf.org.br\/home\/o-segredo-do-rosario-o-aviso-de-deus-2\/\",\"name\":\"O Segredo do Ros\\u00e1rio: O Aviso de Deus\",\"isPartOf\":{\"@id\":\"https:\/\/www.adf.org.br\/home\/#website\"},\"primaryImageOfPage\":{\"@id\":\"https:\/\/www.adf.org.br\/home\/o-segredo-do-rosario-o-aviso-de-deus-2\/#primaryimage\"},\"datePublished\":\"2021-05-03T11:00:33+00:00\",\"dateModified\":\"2021-04-30T18:09:42+00:00\",\"author\":{\"@id\":\"https:\/\/www.adf.org.br\/home\/#\/schema\/person\/f35a5c5aa7728a3dedf4ea9aa1fc2753\"},\"description\":\"O Segredo do Ros\\u00e1rio - Saiba qual foi o Aviso de Deus aos pecadores e como Nossa Senhora intercedeu para que eles atrav\\u00e9s de S\\u00e3o Domingos.\",\"breadcrumb\":{\"@id\":\"https:\/\/www.adf.org.br\/home\/o-segredo-do-rosario-o-aviso-de-deus-2\/#breadcrumb\"},\"inLanguage\":\"pt-BR\",\"potentialAction\":[{\"@type\":\"ReadAction\",\"target\":[\"https:\/\/www.adf.org.br\/home\/o-segredo-do-rosario-o-aviso-de-deus-2\/\"]}]},{\"@type\":\"BreadcrumbList\",\"@id\":\"https:\/\/www.adf.org.br\/home\/o-segredo-do-rosario-o-aviso-de-deus-2\/#breadcrumb\",\"itemListElement\":[{\"@type\":\"ListItem\",\"position\":1,\"name\":\"Home\",\"item\":\"https:\/\/www.adf.org.br\/home\/\"},{\"@type\":\"ListItem\",\"position\":2,\"name\":\"O Segredo do Ros\\u00e1rio: O Aviso de Deus\"}]},{\"@type\":\"Person\",\"@id\":\"https:\/\/www.adf.org.br\/home\/#\/schema\/person\/f35a5c5aa7728a3dedf4ea9aa1fc2753\",\"name\":\"Gabriel Barbosa\",\"image\":{\"@type\":\"ImageObject\",\"@id\":\"https:\/\/www.adf.org.br\/home\/#personlogo\",\"inLanguage\":\"pt-BR\",\"url\":\"https:\/\/secure.gravatar.com\/avatar\/2b2cb2f4637682c5605e8d36818f51ef?s=96&d=mm&r=g\",\"contentUrl\":\"https:\/\/secure.gravatar.com\/avatar\/2b2cb2f4637682c5605e8d36818f51ef?s=96&d=mm&r=g\",\"caption\":\"Gabriel Barbosa\"},\"url\":\"https:\/\/www.adf.org.br\/home\/author\/gabrielpmk-com-br\/\"}]}<\/script>\n<!-- \/ Yoast SEO plugin. -->","yoast_head_json":{"title":"O Segredo do Ros\u00e1rio: O Aviso de Deus","description":"O Segredo do Ros\u00e1rio - Saiba qual foi o Aviso de Deus aos pecadores e como Nossa Senhora intercedeu para que eles atrav\u00e9s de S\u00e3o Domingos.","robots":{"index":"index","follow":"follow","max-snippet":"max-snippet:-1","max-image-preview":"max-image-preview:large","max-video-preview":"max-video-preview:-1"},"canonical":"https:\/\/www.adf.org.br\/home\/o-segredo-do-rosario-o-aviso-de-deus-2\/","og_locale":"pt_BR","og_type":"article","og_title":"O Segredo do Ros\u00e1rio: O Aviso de Deus","og_description":"O Segredo do Ros\u00e1rio - Saiba qual foi o Aviso de Deus aos pecadores e como Nossa Senhora intercedeu para que eles atrav\u00e9s de S\u00e3o Domingos.","og_url":"https:\/\/www.adf.org.br\/home\/o-segredo-do-rosario-o-aviso-de-deus-2\/","og_site_name":"Associa\u00e7\u00e3o Devotos de F\u00e1tima","article_published_time":"2021-05-03T11:00:33+00:00","article_modified_time":"2021-04-30T18:09:42+00:00","og_image":[{"width":512,"height":288,"url":"https:\/\/www.adf.org.br\/home\/wp-content\/uploads\/2021\/05\/capa-post-adf-dia-03.05.jpg","type":"image\/jpeg"}],"twitter_card":"summary_large_image","twitter_misc":{"Escrito por":"Gabriel Barbosa","Est. tempo de leitura":"3 minutos"},"schema":{"@context":"https:\/\/schema.org","@graph":[{"@type":"WebSite","@id":"https:\/\/www.adf.org.br\/home\/#website","url":"https:\/\/www.adf.org.br\/home\/","name":"Associa\u00e7\u00e3o Devotos de F\u00e1tima","description":"Associa\u00e7\u00e3o Devotos de F\u00e1tima","potentialAction":[{"@type":"SearchAction","target":{"@type":"EntryPoint","urlTemplate":"https:\/\/www.adf.org.br\/home\/?s={search_term_string}"},"query-input":"required name=search_term_string"}],"inLanguage":"pt-BR"},{"@type":"ImageObject","@id":"https:\/\/www.adf.org.br\/home\/o-segredo-do-rosario-o-aviso-de-deus-2\/#primaryimage","inLanguage":"pt-BR","url":"https:\/\/www.adf.org.br\/home\/wp-content\/uploads\/2021\/05\/capa-post-adf-dia-03.05.jpg","contentUrl":"https:\/\/www.adf.org.br\/home\/wp-content\/uploads\/2021\/05\/capa-post-adf-dia-03.05.jpg","width":512,"height":288},{"@type":"WebPage","@id":"https:\/\/www.adf.org.br\/home\/o-segredo-do-rosario-o-aviso-de-deus-2\/#webpage","url":"https:\/\/www.adf.org.br\/home\/o-segredo-do-rosario-o-aviso-de-deus-2\/","name":"O Segredo do Ros\u00e1rio: O Aviso de Deus","isPartOf":{"@id":"https:\/\/www.adf.org.br\/home\/#website"},"primaryImageOfPage":{"@id":"https:\/\/www.adf.org.br\/home\/o-segredo-do-rosario-o-aviso-de-deus-2\/#primaryimage"},"datePublished":"2021-05-03T11:00:33+00:00","dateModified":"2021-04-30T18:09:42+00:00","author":{"@id":"https:\/\/www.adf.org.br\/home\/#\/schema\/person\/f35a5c5aa7728a3dedf4ea9aa1fc2753"},"description":"O Segredo do Ros\u00e1rio - Saiba qual foi o Aviso de Deus aos pecadores e como Nossa Senhora intercedeu para que eles atrav\u00e9s de S\u00e3o Domingos.","breadcrumb":{"@id":"https:\/\/www.adf.org.br\/home\/o-segredo-do-rosario-o-aviso-de-deus-2\/#breadcrumb"},"inLanguage":"pt-BR","potentialAction":[{"@type":"ReadAction","target":["https:\/\/www.adf.org.br\/home\/o-segredo-do-rosario-o-aviso-de-deus-2\/"]}]},{"@type":"BreadcrumbList","@id":"https:\/\/www.adf.org.br\/home\/o-segredo-do-rosario-o-aviso-de-deus-2\/#breadcrumb","itemListElement":[{"@type":"ListItem","position":1,"name":"Home","item":"https:\/\/www.adf.org.br\/home\/"},{"@type":"ListItem","position":2,"name":"O Segredo do Ros\u00e1rio: O Aviso de Deus"}]},{"@type":"Person","@id":"https:\/\/www.adf.org.br\/home\/#\/schema\/person\/f35a5c5aa7728a3dedf4ea9aa1fc2753","name":"Gabriel Barbosa","image":{"@type":"ImageObject","@id":"https:\/\/www.adf.org.br\/home\/#personlogo","inLanguage":"pt-BR","url":"https:\/\/secure.gravatar.com\/avatar\/2b2cb2f4637682c5605e8d36818f51ef?s=96&d=mm&r=g","contentUrl":"https:\/\/secure.gravatar.com\/avatar\/2b2cb2f4637682c5605e8d36818f51ef?s=96&d=mm&r=g","caption":"Gabriel Barbosa"},"url":"https:\/\/www.adf.org.br\/home\/author\/gabrielpmk-com-br\/"}]}},"_links":{"self":[{"href":"https:\/\/www.adf.org.br\/home\/wp-json\/wp\/v2\/posts\/58123"}],"collection":[{"href":"https:\/\/www.adf.org.br\/home\/wp-json\/wp\/v2\/posts"}],"about":[{"href":"https:\/\/www.adf.org.br\/home\/wp-json\/wp\/v2\/types\/post"}],"author":[{"embeddable":true,"href":"https:\/\/www.adf.org.br\/home\/wp-json\/wp\/v2\/users\/31"}],"replies":[{"embeddable":true,"href":"https:\/\/www.adf.org.br\/home\/wp-json\/wp\/v2\/comments?post=58123"}],"version-history":[{"count":7,"href":"https:\/\/www.adf.org.br\/home\/wp-json\/wp\/v2\/posts\/58123\/revisions"}],"predecessor-version":[{"id":64253,"href":"https:\/\/www.adf.org.br\/home\/wp-json\/wp\/v2\/posts\/58123\/revisions\/64253"}],"wp:featuredmedia":[{"embeddable":true,"href":"https:\/\/www.adf.org.br\/home\/wp-json\/wp\/v2\/media\/64252"}],"wp:attachment":[{"href":"https:\/\/www.adf.org.br\/home\/wp-json\/wp\/v2\/media?parent=58123"}],"wp:term":[{"taxonomy":"category","embeddable":true,"href":"https:\/\/www.adf.org.br\/home\/wp-json\/wp\/v2\/categories?post=58123"},{"taxonomy":"post_tag","embeddable":true,"href":"https:\/\/www.adf.org.br\/home\/wp-json\/wp\/v2\/tags?post=58123"}],"curies":[{"name":"wp","href":"https:\/\/api.w.org\/{rel}","templated":true}]}}