{"id":58109,"date":"2020-03-24T07:30:00","date_gmt":"2020-03-24T10:30:00","guid":{"rendered":"http:\/\/www.adf.org.br\/home\/?p=58109"},"modified":"2020-03-24T07:30:00","modified_gmt":"2020-03-24T10:30:00","slug":"sao-jose-arma-contra-o-socialismo-e-comunismo","status":"publish","type":"post","link":"https:\/\/www.adf.org.br\/home\/sao-jose-arma-contra-o-socialismo-e-comunismo\/","title":{"rendered":"S\u00e3o Jos\u00e9: Arma contra o Socialismo e Comunismo"},"content":{"rendered":"<div class=\"video-youtube\" style=\"text-align: center;\"><iframe loading=\"lazy\" src=\"https:\/\/www.youtube.com\/embed\/Sd-ohHmESho\" width=\"560\" height=\"315\" frameborder=\"0\" allowfullscreen=\"allowfullscreen\"><br \/>\n<\/iframe><\/div>\n<div style=\"text-align: center;\"><span style=\"font-family: verdana, geneva, sans-serif; color: #ffffff; font-size: 12pt;\">.<\/span><\/div>\n<p style=\"text-align: center;\"><span style=\"font-family: verdana, geneva, sans-serif; color: #003366; font-size: 14pt;\"><b>Canal Devotos de F\u00e1tima\u00a0<\/b><\/span><\/p>\n<p style=\"text-align: center;\"><span style=\"font-family: verdana, geneva, sans-serif; color: #ffffff; font-size: 12pt;\">.<\/span><\/p>\n<p style=\"text-align: center;\"><span style=\"font-weight: 400; font-family: verdana, geneva, sans-serif; color: #000000; font-size: 12pt;\">Voc\u00ea ainda n\u00e3o conhece o nosso canal dedicado \u00e0 Virgem Sant\u00edssima no Youtube?<\/span><\/p>\n<p style=\"text-align: center;\"><span style=\"font-family: verdana, geneva, sans-serif; color: #ffffff; font-size: 12pt;\">.<\/span><\/p>\n<p style=\"text-align: center;\"><strong><span style=\"font-family: verdana, geneva, sans-serif; color: #800080; font-size: 14pt;\">N\u00e3o perca tempo!<\/span><\/strong><\/p>\n<p style=\"text-align: center;\"><span style=\"font-family: verdana, geneva, sans-serif; color: #ffffff; font-size: 12pt;\">.<\/span><\/p>\n<blockquote>\n<p style=\"text-align: center;\"><span style=\"font-family: verdana, geneva, sans-serif; color: #000000; font-size: 12pt;\"><span style=\"font-size: 14pt;\"><a href=\"https:\/\/www.youtube.com\/user\/devotosdefatima?sub_confirmation=1\" target=\"_blank\" rel=\"noopener noreferrer\"><span style=\"color: #0000ff;\"><b>Clique aqui<\/b><\/span><\/a><\/span><b> <\/b><span style=\"font-weight: 400;\">para fazer sua inscri\u00e7\u00e3o e <\/span><b>acione o sininho<\/b><span style=\"font-weight: 400;\"> para receber as notifica\u00e7\u00f5es dos novos v\u00eddeos.\u00a0<\/span><\/span><\/p>\n<\/blockquote>\n<p style=\"text-align: center;\"><span style=\"font-family: verdana, geneva, sans-serif; color: #ffffff; font-size: 12pt;\">.<\/span><\/p>\n<p style=\"text-align: center;\"><span style=\"font-weight: 400; font-family: verdana, geneva, sans-serif; color: #000000; font-size: 12pt;\">Ora\u00e7\u00f5es, as origens das Devo\u00e7\u00f5es Marianas e muito mais est\u00e3o esperando por voc\u00ea!<\/span><\/p>\n<p style=\"text-align: center;\"><span style=\"font-family: verdana, geneva, sans-serif; color: #ffffff; font-size: 12pt;\">.<\/span><\/p>\n<p style=\"text-align: center;\"><strong><span style=\"font-family: verdana, geneva, sans-serif; color: #000000; font-size: 12pt;\">Curta, compartilhe os v\u00eddeos e chame seus amigos a fazerem parte desta aben\u00e7oada fam\u00edlia cat\u00f3lica.<\/span><\/strong><\/p>\n<p style=\"text-align: center;\"><span style=\"font-family: verdana, geneva, sans-serif; color: #ffffff; font-size: 12pt;\">.<\/span><\/p>\n<p style=\"text-align: center;\"><span style=\"font-family: verdana, geneva, sans-serif; color: #000000; font-size: 12pt;\"><a href=\"https:\/\/www.youtube.com\/user\/devotosdefatima?sub_confirmation=1\" target=\"_blank\" rel=\"noopener noreferrer\"><img loading=\"lazy\" class=\"alignnone wp-image-58110 size-full\" src=\"https:\/\/www.adf.org.br\/home\/wp-content\/uploads\/2020\/03\/Bot\u00e3o-ADF-Menor-2.jpg\" alt=\"Bot\u00e3o para fazer a inscri\u00e7\u00e3o no canal Devotos de F\u00e1tima no youtube junto com o sininho \" width=\"252\" height=\"51\" \/><\/a><\/span><\/p>\n<p style=\"text-align: center;\"><span style=\"font-family: verdana, geneva, sans-serif; color: #ffffff; font-size: 12pt;\">.<\/span><\/p>\n<hr \/>\n<p style=\"text-align: center;\"><a href=\"https:\/\/adf.org.br\/apostolosdefatima?origem=13679#Participar\" target=\"_blank\" rel=\"noopener noreferrer\"><img loading=\"lazy\" class=\"alignnone wp-image-57820 size-full\" src=\"https:\/\/www.adf.org.br\/home\/wp-content\/uploads\/2020\/03\/Ap\u00f3stolo-de-F\u00e1tima-Logo-2.png\" alt=\"Logo da Campanha Ap\u00f3stolos de F\u00e1tima\" width=\"209\" height=\"185\" \/><\/a><\/p>\n<p style=\"text-align: center;\"><span style=\"font-family: verdana, geneva, sans-serif; color: #000000; font-size: 12pt;\"><b>Deseja enviar seu <span style=\"color: #003366;\">NOME<\/span> ao <span style=\"color: #003366;\">SANTU\u00c1RIO DE NOSSA SENHORA DE F\u00c1TIMA<\/span>?<\/b><\/span><\/p>\n<p style=\"text-align: center;\"><span style=\"font-family: verdana, geneva, sans-serif; color: #ffffff; font-size: 12pt;\">.<\/span><\/p>\n<p style=\"text-align: center;\"><span style=\"font-family: verdana, geneva, sans-serif; color: #000000; font-size: 12pt;\"><a href=\"https:\/\/adf.org.br\/apostolosdefatima?origem=13679#ChanceUnica\" target=\"_blank\" rel=\"noopener noreferrer\"><img loading=\"lazy\" class=\"alignnone wp-image-58111 size-full\" src=\"https:\/\/www.adf.org.br\/home\/wp-content\/uploads\/2020\/03\/Santu\u00e1rio-de-F\u00e1tima-Portugal.jpg\" alt=\"Imagem do Santu\u00e1rio de Nossa Senhora de F\u00e1tima, em Portugal \" width=\"409\" height=\"280\" \/><\/a><\/span><\/p>\n<p style=\"text-align: center;\"><span style=\"font-family: verdana, geneva, sans-serif; color: #ffffff; font-size: 12pt;\">.<\/span><\/p>\n<p style=\"text-align: center;\"><strong><span style=\"font-family: verdana, geneva, sans-serif; color: #000000; font-size: 12pt;\">Ligue agora mesmo para:<\/span><\/strong><\/p>\n<p style=\"text-align: center;\"><a href=\"tel:08006086246\"><span style=\"color: #0000ff;\"><strong><span style=\"font-family: verdana, geneva, sans-serif; font-size: 24pt;\">0800 608 6246<\/span><\/strong><\/span><\/a><\/p>\n<p style=\"text-align: center;\"><span style=\"font-family: verdana, geneva, sans-serif; color: #000000; font-size: 10pt;\"><b><i>Dica:<\/i><\/b><i><span style=\"font-weight: 400;\"> Se estiver no celular, somente tecle no n\u00famero para discar automaticamente.<\/span><\/i><span style=\"font-weight: 400;\">\u00a0<\/span><\/span><\/p>\n<p style=\"text-align: center;\"><span style=\"font-family: verdana, geneva, sans-serif; color: #ffffff; font-size: 12pt;\">.<\/span><\/p>\n<p style=\"text-align: center;\"><span style=\"font-family: verdana, geneva, sans-serif; color: #000000; font-size: 12pt;\"><span style=\"font-weight: 400;\">E fale com um de nossos colaboradores sobre a campanha<\/span><b> <\/b><a href=\"https:\/\/adf.org.br\/apostolosdefatima?origem=13679#Participar\" target=\"_blank\" rel=\"noopener noreferrer\"><span style=\"color: #0000ff;\"><b>Ap\u00f3stolos de F\u00e1tima<\/b><\/span><\/a><span style=\"font-weight: 400;\">, um dos maiores grupos do Brasil cuja miss\u00e3o \u00e9 levar o amor e a devo\u00e7\u00e3o ao Imaculado Cora\u00e7\u00e3o de Maria para todos os brasileiros.\u00a0<\/span><\/span><\/p>\n<p style=\"text-align: center;\"><span style=\"font-family: verdana, geneva, sans-serif; color: #ffffff; font-size: 12pt;\">.<\/span><\/p>\n<blockquote>\n<p style=\"text-align: center;\"><span style=\"font-family: verdana, geneva, sans-serif; color: #000000; font-size: 12pt;\"><span style=\"font-weight: 400;\">A <\/span><b>liga\u00e7\u00e3o \u00e9 gratuita <\/b><span style=\"font-weight: 400;\">para qualquer regi\u00e3o do Brasil.\u00a0<\/span><\/span><\/p>\n<p style=\"text-align: center;\"><span style=\"font-family: verdana, geneva, sans-serif; color: #000000; font-size: 12pt;\"><b>Hor\u00e1rio de Atendimento: <\/b><span style=\"font-weight: 400;\">De segunda a sexta-feira, das 08h \u00e0s 18h.\u00a0<\/span><\/span><\/p>\n<\/blockquote>\n<p style=\"text-align: center;\"><span style=\"font-family: verdana, geneva, sans-serif; color: #ffffff; font-size: 12pt;\">.<\/span><\/p>\n<p style=\"text-align: center;\"><span style=\"font-weight: 400; font-family: verdana, geneva, sans-serif; color: #000000; font-size: 12pt;\">Como agradecimento, al\u00e9m de ter seu nome enviado ao Santu\u00e1rio de F\u00e1tima, voc\u00ea poder\u00e1\u2026<\/span><\/p>\n<p style=\"text-align: center;\"><span style=\"font-family: verdana, geneva, sans-serif; color: #ffffff; font-size: 12pt;\">.<\/span><\/p>\n<p style=\"text-align: center;\"><span style=\"font-family: verdana, geneva, sans-serif; color: #000000; font-size: 12pt;\"><a href=\"https:\/\/adf.org.br\/apostolosdefatima?origem=13679#ChanceUnica\" target=\"_blank\" rel=\"noopener noreferrer\"><img loading=\"lazy\" class=\"alignnone wp-image-58112 size-full\" src=\"https:\/\/www.adf.org.br\/home\/wp-content\/uploads\/2020\/03\/Missa-de-Nossa-Senhora-de-F\u00e1tima.jpg\" alt=\"Imagem da Virgem Maria e do altar da Igreja com os sacerdotes\" width=\"600\" height=\"248\" \/><\/a><\/span><\/p>\n<p style=\"text-align: center;\"><span style=\"font-family: verdana, geneva, sans-serif; color: #ffffff; font-size: 12pt;\">.<\/span><\/p>\n<p style=\"text-align: center;\"><span style=\"font-weight: 400; font-family: verdana, geneva, sans-serif; color: #000000; font-size: 12pt;\">Incluir suas inten\u00e7\u00f5es e pedidos de gra\u00e7as em mais de <strong>60 Missas Marianas<\/strong> ao longo do ano entre outros aben\u00e7oados presentes espirituais.<\/span><\/p>\n<p style=\"text-align: center;\"><span style=\"font-family: verdana, geneva, sans-serif; color: #ffffff; font-size: 12pt;\">.<\/span><\/p>\n<blockquote>\n<p style=\"text-align: center;\"><span style=\"font-family: verdana, geneva, sans-serif; color: #000000; font-size: 12pt;\"><b>Para mais informa\u00e7\u00f5es, acesse:<\/b> <a href=\"https:\/\/adf.org.br\/apostolosdefatima?origem=13679#ChanceUnica\" target=\"_blank\" rel=\"noopener noreferrer\"><span style=\"font-weight: 400; color: #0000ff;\">www.adf.org.br\/apostolosdefatima\u00a0<\/span><\/a><\/span><\/p>\n<\/blockquote>\n<p style=\"text-align: center;\"><span style=\"font-family: verdana, geneva, sans-serif; color: #ffffff; font-size: 12pt;\">.<\/span><\/p>\n<p style=\"text-align: center;\"><span style=\"font-family: verdana, geneva, sans-serif; color: #000000; font-size: 12pt;\"><strong><span style=\"color: #003366;\"><i>\u201cBendita seja a santa e imaculada concei\u00e7\u00e3o da bem-aventurada Virgem Maria, M\u00e3e de Deus.\u201c <\/i><\/span><\/strong><span style=\"font-weight: 400;\">\ud83d\ude4f\u2764\ufe0f<\/span><\/span><\/p>\n<p style=\"text-align: center;\"><span style=\"font-family: verdana, geneva, sans-serif; color: #ffffff; font-size: 12pt;\">.<\/span><\/p>\n","protected":false},"excerpt":{"rendered":"<p>. Canal Devotos de F\u00e1tima\u00a0 . Voc\u00ea ainda n\u00e3o conhece o nosso canal dedicado \u00e0 Virgem Sant\u00edssima no Youtube? . N\u00e3o perca tempo! . Clique aqui para fazer sua inscri\u00e7\u00e3o e acione o sininho para receber as notifica\u00e7\u00f5es dos novos v\u00eddeos.\u00a0 . Ora\u00e7\u00f5es, as origens das Devo\u00e7\u00f5es Marianas e muito mais est\u00e3o esperando por voc\u00ea! [&hellip;]<\/p>\n","protected":false},"author":31,"featured_media":58117,"comment_status":"open","ping_status":"open","sticky":false,"template":"","format":"standard","meta":[],"categories":[20,2323,56,101],"tags":[2242,2255,2607,2993,3028,38,57,3029,2626,3009,2995,177,98,470],"yoast_head":"<!-- This site is optimized with the Yoast SEO plugin v17.4 - https:\/\/yoast.com\/wordpress\/plugins\/seo\/ -->\n<title>S\u00e3o Jos\u00e9: Arma contra o Socialismo e Comunismo - Associa\u00e7\u00e3o Devotos de F\u00e1tima<\/title>\n<meta name=\"description\" content=\"S\u00e3o Jos\u00e9: Arma contra o Socialismo e Comunismo - Assista ao v\u00eddeo e entenda a import\u00e2ncia do Padroeiro das Fam\u00edlias e da Igreja Cat\u00f3lica.\" \/>\n<meta name=\"robots\" content=\"index, follow, max-snippet:-1, max-image-preview:large, max-video-preview:-1\" \/>\n<link rel=\"canonical\" href=\"https:\/\/www.adf.org.br\/home\/sao-jose-arma-contra-o-socialismo-e-comunismo\/\" \/>\n<meta property=\"og:locale\" content=\"pt_BR\" \/>\n<meta property=\"og:type\" content=\"article\" \/>\n<meta property=\"og:title\" content=\"S\u00e3o Jos\u00e9: Arma contra o Socialismo e Comunismo - Associa\u00e7\u00e3o Devotos de F\u00e1tima\" \/>\n<meta property=\"og:description\" content=\"S\u00e3o Jos\u00e9: Arma contra o Socialismo e Comunismo - Assista ao v\u00eddeo e entenda a import\u00e2ncia do Padroeiro das Fam\u00edlias e da Igreja Cat\u00f3lica.\" \/>\n<meta property=\"og:url\" content=\"https:\/\/www.adf.org.br\/home\/sao-jose-arma-contra-o-socialismo-e-comunismo\/\" \/>\n<meta property=\"og:site_name\" content=\"Associa\u00e7\u00e3o Devotos de F\u00e1tima\" \/>\n<meta property=\"article:published_time\" content=\"2020-03-24T10:30:00+00:00\" \/>\n<meta name=\"twitter:card\" content=\"summary_large_image\" \/>\n<meta name=\"twitter:label1\" content=\"Escrito por\" \/>\n\t<meta name=\"twitter:data1\" content=\"Gabriel Barbosa\" \/>\n\t<meta name=\"twitter:label2\" content=\"Est. tempo de leitura\" \/>\n\t<meta name=\"twitter:data2\" content=\"1 minuto\" \/>\n<script type=\"application\/ld+json\" class=\"yoast-schema-graph\">{\"@context\":\"https:\/\/schema.org\",\"@graph\":[{\"@type\":\"WebSite\",\"@id\":\"https:\/\/www.adf.org.br\/home\/#website\",\"url\":\"https:\/\/www.adf.org.br\/home\/\",\"name\":\"Associa\\u00e7\\u00e3o Devotos de F\\u00e1tima\",\"description\":\"Associa\\u00e7\\u00e3o Devotos de F\\u00e1tima\",\"potentialAction\":[{\"@type\":\"SearchAction\",\"target\":{\"@type\":\"EntryPoint\",\"urlTemplate\":\"https:\/\/www.adf.org.br\/home\/?s={search_term_string}\"},\"query-input\":\"required name=search_term_string\"}],\"inLanguage\":\"pt-BR\"},{\"@type\":\"ImageObject\",\"@id\":\"https:\/\/www.adf.org.br\/home\/sao-jose-arma-contra-o-socialismo-e-comunismo\/#primaryimage\",\"inLanguage\":\"pt-BR\",\"url\":\"\",\"contentUrl\":\"\"},{\"@type\":\"WebPage\",\"@id\":\"https:\/\/www.adf.org.br\/home\/sao-jose-arma-contra-o-socialismo-e-comunismo\/#webpage\",\"url\":\"https:\/\/www.adf.org.br\/home\/sao-jose-arma-contra-o-socialismo-e-comunismo\/\",\"name\":\"S\\u00e3o Jos\\u00e9: Arma contra o Socialismo e Comunismo - Associa\\u00e7\\u00e3o Devotos de F\\u00e1tima\",\"isPartOf\":{\"@id\":\"https:\/\/www.adf.org.br\/home\/#website\"},\"primaryImageOfPage\":{\"@id\":\"https:\/\/www.adf.org.br\/home\/sao-jose-arma-contra-o-socialismo-e-comunismo\/#primaryimage\"},\"datePublished\":\"2020-03-24T10:30:00+00:00\",\"dateModified\":\"2020-03-24T10:30:00+00:00\",\"author\":{\"@id\":\"https:\/\/www.adf.org.br\/home\/#\/schema\/person\/f35a5c5aa7728a3dedf4ea9aa1fc2753\"},\"description\":\"S\\u00e3o Jos\\u00e9: Arma contra o Socialismo e Comunismo - Assista ao v\\u00eddeo e entenda a import\\u00e2ncia do Padroeiro das Fam\\u00edlias e da Igreja Cat\\u00f3lica.\",\"breadcrumb\":{\"@id\":\"https:\/\/www.adf.org.br\/home\/sao-jose-arma-contra-o-socialismo-e-comunismo\/#breadcrumb\"},\"inLanguage\":\"pt-BR\",\"potentialAction\":[{\"@type\":\"ReadAction\",\"target\":[\"https:\/\/www.adf.org.br\/home\/sao-jose-arma-contra-o-socialismo-e-comunismo\/\"]}]},{\"@type\":\"BreadcrumbList\",\"@id\":\"https:\/\/www.adf.org.br\/home\/sao-jose-arma-contra-o-socialismo-e-comunismo\/#breadcrumb\",\"itemListElement\":[{\"@type\":\"ListItem\",\"position\":1,\"name\":\"Home\",\"item\":\"https:\/\/www.adf.org.br\/home\/\"},{\"@type\":\"ListItem\",\"position\":2,\"name\":\"S\\u00e3o Jos\\u00e9: Arma contra o Socialismo e Comunismo\"}]},{\"@type\":\"Person\",\"@id\":\"https:\/\/www.adf.org.br\/home\/#\/schema\/person\/f35a5c5aa7728a3dedf4ea9aa1fc2753\",\"name\":\"Gabriel Barbosa\",\"image\":{\"@type\":\"ImageObject\",\"@id\":\"https:\/\/www.adf.org.br\/home\/#personlogo\",\"inLanguage\":\"pt-BR\",\"url\":\"https:\/\/secure.gravatar.com\/avatar\/2b2cb2f4637682c5605e8d36818f51ef?s=96&d=mm&r=g\",\"contentUrl\":\"https:\/\/secure.gravatar.com\/avatar\/2b2cb2f4637682c5605e8d36818f51ef?s=96&d=mm&r=g\",\"caption\":\"Gabriel Barbosa\"},\"url\":\"https:\/\/www.adf.org.br\/home\/author\/gabrielpmk-com-br\/\"}]}<\/script>\n<!-- \/ Yoast SEO plugin. -->","yoast_head_json":{"title":"S\u00e3o Jos\u00e9: Arma contra o Socialismo e Comunismo - Associa\u00e7\u00e3o Devotos de F\u00e1tima","description":"S\u00e3o Jos\u00e9: Arma contra o Socialismo e Comunismo - Assista ao v\u00eddeo e entenda a import\u00e2ncia do Padroeiro das Fam\u00edlias e da Igreja Cat\u00f3lica.","robots":{"index":"index","follow":"follow","max-snippet":"max-snippet:-1","max-image-preview":"max-image-preview:large","max-video-preview":"max-video-preview:-1"},"canonical":"https:\/\/www.adf.org.br\/home\/sao-jose-arma-contra-o-socialismo-e-comunismo\/","og_locale":"pt_BR","og_type":"article","og_title":"S\u00e3o Jos\u00e9: Arma contra o Socialismo e Comunismo - Associa\u00e7\u00e3o Devotos de F\u00e1tima","og_description":"S\u00e3o Jos\u00e9: Arma contra o Socialismo e Comunismo - Assista ao v\u00eddeo e entenda a import\u00e2ncia do Padroeiro das Fam\u00edlias e da Igreja Cat\u00f3lica.","og_url":"https:\/\/www.adf.org.br\/home\/sao-jose-arma-contra-o-socialismo-e-comunismo\/","og_site_name":"Associa\u00e7\u00e3o Devotos de F\u00e1tima","article_published_time":"2020-03-24T10:30:00+00:00","twitter_card":"summary_large_image","twitter_misc":{"Escrito por":"Gabriel Barbosa","Est. tempo de leitura":"1 minuto"},"schema":{"@context":"https:\/\/schema.org","@graph":[{"@type":"WebSite","@id":"https:\/\/www.adf.org.br\/home\/#website","url":"https:\/\/www.adf.org.br\/home\/","name":"Associa\u00e7\u00e3o Devotos de F\u00e1tima","description":"Associa\u00e7\u00e3o Devotos de F\u00e1tima","potentialAction":[{"@type":"SearchAction","target":{"@type":"EntryPoint","urlTemplate":"https:\/\/www.adf.org.br\/home\/?s={search_term_string}"},"query-input":"required name=search_term_string"}],"inLanguage":"pt-BR"},{"@type":"ImageObject","@id":"https:\/\/www.adf.org.br\/home\/sao-jose-arma-contra-o-socialismo-e-comunismo\/#primaryimage","inLanguage":"pt-BR","url":"","contentUrl":""},{"@type":"WebPage","@id":"https:\/\/www.adf.org.br\/home\/sao-jose-arma-contra-o-socialismo-e-comunismo\/#webpage","url":"https:\/\/www.adf.org.br\/home\/sao-jose-arma-contra-o-socialismo-e-comunismo\/","name":"S\u00e3o Jos\u00e9: Arma contra o Socialismo e Comunismo - Associa\u00e7\u00e3o Devotos de F\u00e1tima","isPartOf":{"@id":"https:\/\/www.adf.org.br\/home\/#website"},"primaryImageOfPage":{"@id":"https:\/\/www.adf.org.br\/home\/sao-jose-arma-contra-o-socialismo-e-comunismo\/#primaryimage"},"datePublished":"2020-03-24T10:30:00+00:00","dateModified":"2020-03-24T10:30:00+00:00","author":{"@id":"https:\/\/www.adf.org.br\/home\/#\/schema\/person\/f35a5c5aa7728a3dedf4ea9aa1fc2753"},"description":"S\u00e3o Jos\u00e9: Arma contra o Socialismo e Comunismo - Assista ao v\u00eddeo e entenda a import\u00e2ncia do Padroeiro das Fam\u00edlias e da Igreja Cat\u00f3lica.","breadcrumb":{"@id":"https:\/\/www.adf.org.br\/home\/sao-jose-arma-contra-o-socialismo-e-comunismo\/#breadcrumb"},"inLanguage":"pt-BR","potentialAction":[{"@type":"ReadAction","target":["https:\/\/www.adf.org.br\/home\/sao-jose-arma-contra-o-socialismo-e-comunismo\/"]}]},{"@type":"BreadcrumbList","@id":"https:\/\/www.adf.org.br\/home\/sao-jose-arma-contra-o-socialismo-e-comunismo\/#breadcrumb","itemListElement":[{"@type":"ListItem","position":1,"name":"Home","item":"https:\/\/www.adf.org.br\/home\/"},{"@type":"ListItem","position":2,"name":"S\u00e3o Jos\u00e9: Arma contra o Socialismo e Comunismo"}]},{"@type":"Person","@id":"https:\/\/www.adf.org.br\/home\/#\/schema\/person\/f35a5c5aa7728a3dedf4ea9aa1fc2753","name":"Gabriel Barbosa","image":{"@type":"ImageObject","@id":"https:\/\/www.adf.org.br\/home\/#personlogo","inLanguage":"pt-BR","url":"https:\/\/secure.gravatar.com\/avatar\/2b2cb2f4637682c5605e8d36818f51ef?s=96&d=mm&r=g","contentUrl":"https:\/\/secure.gravatar.com\/avatar\/2b2cb2f4637682c5605e8d36818f51ef?s=96&d=mm&r=g","caption":"Gabriel Barbosa"},"url":"https:\/\/www.adf.org.br\/home\/author\/gabrielpmk-com-br\/"}]}},"_links":{"self":[{"href":"https:\/\/www.adf.org.br\/home\/wp-json\/wp\/v2\/posts\/58109"}],"collection":[{"href":"https:\/\/www.adf.org.br\/home\/wp-json\/wp\/v2\/posts"}],"about":[{"href":"https:\/\/www.adf.org.br\/home\/wp-json\/wp\/v2\/types\/post"}],"author":[{"embeddable":true,"href":"https:\/\/www.adf.org.br\/home\/wp-json\/wp\/v2\/users\/31"}],"replies":[{"embeddable":true,"href":"https:\/\/www.adf.org.br\/home\/wp-json\/wp\/v2\/comments?post=58109"}],"version-history":[{"count":0,"href":"https:\/\/www.adf.org.br\/home\/wp-json\/wp\/v2\/posts\/58109\/revisions"}],"wp:featuredmedia":[{"embeddable":true,"href":"https:\/\/www.adf.org.br\/home\/wp-json\/wp\/v2\/media\/58117"}],"wp:attachment":[{"href":"https:\/\/www.adf.org.br\/home\/wp-json\/wp\/v2\/media?parent=58109"}],"wp:term":[{"taxonomy":"category","embeddable":true,"href":"https:\/\/www.adf.org.br\/home\/wp-json\/wp\/v2\/categories?post=58109"},{"taxonomy":"post_tag","embeddable":true,"href":"https:\/\/www.adf.org.br\/home\/wp-json\/wp\/v2\/tags?post=58109"}],"curies":[{"name":"wp","href":"https:\/\/api.w.org\/{rel}","templated":true}]}}