{"id":58096,"date":"2020-03-23T12:29:25","date_gmt":"2020-03-23T15:29:25","guid":{"rendered":"http:\/\/www.adf.org.br\/home\/?p=58096"},"modified":"2020-03-23T12:29:25","modified_gmt":"2020-03-23T15:29:25","slug":"missa-das-gracas-de-nossa-senhora-do-rosario","status":"publish","type":"post","link":"https:\/\/www.adf.org.br\/home\/missa-das-gracas-de-nossa-senhora-do-rosario\/","title":{"rendered":"Missa das Gra\u00e7as de Nossa Senhora do Ros\u00e1rio"},"content":{"rendered":"<p style=\"text-align: center;\"><a href=\"https:\/\/adf.org.br\/velario?origem=13673\" target=\"_blank\" rel=\"noopener noreferrer\"><img loading=\"lazy\" class=\"alignnone wp-image-58097 size-full\" src=\"https:\/\/www.adf.org.br\/home\/wp-content\/uploads\/2020\/03\/Nossa-Senhora-do-Ros\u00e1rio-2.png\" alt=\"\" width=\"400\" height=\"547\" \/><\/a><\/p>\n<p style=\"text-align: center;\"><span style=\"font-family: verdana, geneva, sans-serif; color: #ffffff;\">.<\/span><\/p>\n<p style=\"text-align: center;\"><span style=\"font-family: verdana, geneva, sans-serif; color: #000000; font-size: 12pt;\"><span style=\"font-weight: 400;\">No pr\u00f3ximo s\u00e1bado faremos celebrar a&#8230;<\/span><\/span><\/p>\n<p style=\"text-align: center;\"><span style=\"font-family: verdana, geneva, sans-serif; color: #000000; font-size: 12pt;\"> <strong><span style=\"color: #800080; font-size: 14pt;\">Missa das Gra\u00e7as de Nossa Senhora do Ros\u00e1rio<\/span><\/strong><span style=\"font-weight: 400;\">.\u00a0<\/span><\/span><\/p>\n<p style=\"text-align: center;\"><span style=\"font-family: verdana, geneva, sans-serif; color: #ffffff; font-size: 12pt;\">.<\/span><\/p>\n<p style=\"text-align: center;\"><span style=\"font-weight: 400; font-family: verdana, geneva, sans-serif; color: #000000; font-size: 12pt;\">Se voc\u00ea tem alguma s\u00faplica ou gostaria de pedir para algu\u00e9m que precise de uma gra\u00e7a urgente, rogue a intercess\u00e3o de Nossa M\u00e3e Sant\u00edssima.\u00a0<\/span><\/p>\n<p style=\"text-align: center;\"><span style=\"font-family: verdana, geneva, sans-serif; color: #ffffff; font-size: 12pt;\">.<\/span><\/p>\n<p style=\"text-align: center;\"><span style=\"font-size: 12pt;\"><strong><span style=\"font-family: verdana, geneva, sans-serif; color: #000000;\">Entre em contato com o n\u00famero:<\/span><\/strong><\/span><\/p>\n<p style=\"text-align: center;\"><span style=\"font-family: verdana, geneva, sans-serif; color: #000000;\"><a href=\"tel:08006082128\"><img loading=\"lazy\" class=\"alignnone wp-image-58098 size-full\" src=\"https:\/\/www.adf.org.br\/home\/wp-content\/uploads\/2020\/03\/Bot\u00e3o-Telefone-ADF.png\" alt=\"N\u00famero de telefone 0800 da Associa\u00e7\u00e3o Devotos de F\u00e1tima\" width=\"482\" height=\"113\" \/><\/a><\/span><\/p>\n<p style=\"text-align: center;\"><span style=\"font-family: verdana, geneva, sans-serif; color: #ffffff;\">.<\/span><\/p>\n<p style=\"text-align: center;\"><span style=\"font-size: 12pt;\"><strong><span style=\"font-family: verdana, geneva, sans-serif; color: #000000;\">E coloque seu nome, suas inten\u00e7\u00f5es e pedidos de gra\u00e7as na Celebra\u00e7\u00e3o.\u00a0<\/span><\/strong><\/span><\/p>\n<p style=\"text-align: center;\"><span style=\"font-family: verdana, geneva, sans-serif; color: #ffffff; font-size: 12pt;\">.<\/span><\/p>\n<blockquote>\n<p style=\"text-align: center;\"><span style=\"font-family: verdana, geneva, sans-serif; color: #000000; font-size: 12pt;\"><span style=\"font-weight: 400;\">A liga\u00e7\u00e3o \u00e9 <\/span><b>gratuita<\/b><span style=\"font-weight: 400;\"> para todo o Brasil, assim como o registro das preces no Livro de Pedidos.\u00a0<\/span><\/span><\/p>\n<\/blockquote>\n<p style=\"text-align: center;\"><span style=\"font-family: verdana, geneva, sans-serif; color: #ffffff;\">.<\/span><\/p>\n<p style=\"text-align: center;\"><span style=\"font-size: 14pt;\"><strong><span style=\"font-family: verdana, geneva, sans-serif; color: #000000;\">Se preferir, <a href=\"https:\/\/adf.org.br\/velario?origem=13673\" target=\"_blank\" rel=\"noopener noreferrer\"><span style=\"color: #0000ff;\">clique aqui<\/span><\/a> para inscrever suas s\u00faplicas.<\/span><\/strong><\/span><\/p>\n<p style=\"text-align: center;\"><span style=\"font-family: verdana, geneva, sans-serif; color: #ffffff;\">.<\/span><\/p>\n<p style=\"text-align: center;\"><span style=\"font-weight: 400; font-family: verdana, geneva, sans-serif; color: #000000; font-size: 12pt;\">Aproveite a oportunidade para pedir pelo nosso pa\u00eds que vive um dos momentos mais desafiadores de sua hist\u00f3ria.<\/span><\/p>\n<p style=\"text-align: center;\"><span style=\"font-family: verdana, geneva, sans-serif; color: #ffffff; font-size: 12pt;\">.<\/span><\/p>\n<p style=\"text-align: center;\"><span style=\"font-weight: 400; font-family: verdana, geneva, sans-serif; color: #000000; font-size: 12pt;\">Se rezarmos com todo nosso cora\u00e7\u00e3o, certamente <strong><span style=\"color: #800080;\">Nossa Senhora do Sant\u00edssimo Ros\u00e1rio<\/span><\/strong> poder\u00e1 nos aben\u00e7oar e nos proteger de qualquer mal.\u00a0<\/span><\/p>\n<p style=\"text-align: center;\"><span style=\"font-family: verdana, geneva, sans-serif; color: #ffffff; font-size: 12pt;\">.<\/span><\/p>\n<p style=\"text-align: center;\"><span style=\"font-family: verdana, geneva, sans-serif; color: #000000; font-size: 12pt;\"><i><span style=\"font-weight: 400;\">&#8220;O Santo Ros\u00e1rio \u00e9 a arma daqueles que querem vencer todas as batalhas.&#8221;<\/span><\/i><\/span><\/p>\n<p style=\"text-align: center;\"><span style=\"color: #000000;\"><strong><span style=\"font-family: verdana, geneva, sans-serif; font-size: 12pt;\">&#8211; Santo Padre Pio &#8211;<\/span><\/strong><\/span><\/p>\n<p style=\"text-align: center;\"><span style=\"font-family: verdana, geneva, sans-serif; color: #ffffff;\">.<\/span><\/p>\n<p style=\"text-align: center;\"><span style=\"font-family: verdana, geneva, sans-serif; color: #000000;\"><span style=\"font-size: 12pt; color: #800080;\"><i><span style=\"font-weight: 400;\">\u201cNossa Senhora do Ros\u00e1rio, rogai por n\u00f3s.\u201d <\/span><\/i><\/span><span style=\"font-weight: 400;\">\ud83d\ude4f\u2764\ufe0f<\/span><\/span><\/p>\n<p style=\"text-align: center;\"><span style=\"font-family: verdana, geneva, sans-serif; color: #ffffff;\">.<\/span><\/p>\n<hr \/>\n<p style=\"text-align: center;\"><a href=\"https:\/\/adf.org.br\/velario?origem=13673\" target=\"_blank\" rel=\"noopener noreferrer\"><img loading=\"lazy\" class=\"alignnone wp-image-58099 size-full\" src=\"https:\/\/www.adf.org.br\/home\/wp-content\/uploads\/2020\/03\/Vela-de-Nossa-Senhora-do-Ros\u00e1rio.jpg\" alt=\"Imagem de Nossa Senhora do Ros\u00e1rio \" width=\"586\" height=\"268\" \/><\/a><\/p>\n<p><span style=\"color: #ffffff;\">.<\/span><\/p>\n","protected":false},"excerpt":{"rendered":"<p>. No pr\u00f3ximo s\u00e1bado faremos celebrar a&#8230; Missa das Gra\u00e7as de Nossa Senhora do Ros\u00e1rio.\u00a0 . Se voc\u00ea tem alguma s\u00faplica ou gostaria de pedir para algu\u00e9m que precise de uma gra\u00e7a urgente, rogue a intercess\u00e3o de Nossa M\u00e3e Sant\u00edssima.\u00a0 . Entre em contato com o n\u00famero: . E coloque seu nome, suas inten\u00e7\u00f5es e [&hellip;]<\/p>\n","protected":false},"author":31,"featured_media":58104,"comment_status":"open","ping_status":"open","sticky":false,"template":"","format":"standard","meta":[],"categories":[20,2473,60,2621,2332],"tags":[61,2660,587,3023,17,26,299,2213,116,470],"yoast_head":"<!-- This site is optimized with the Yoast SEO plugin v17.4 - https:\/\/yoast.com\/wordpress\/plugins\/seo\/ -->\n<title>Missa das Gra\u00e7as de Nossa Senhora do Ros\u00e1rio<\/title>\n<meta name=\"description\" content=\"Missa das Gra\u00e7as de Nossa Senhora do Ros\u00e1rio - Inclua seu nome e seus pedidos de gra\u00e7as a Virgem do Sant\u00edssimo Ros\u00e1rio ligando para 0800...\" \/>\n<meta name=\"robots\" content=\"index, follow, max-snippet:-1, max-image-preview:large, max-video-preview:-1\" \/>\n<link rel=\"canonical\" href=\"https:\/\/www.adf.org.br\/home\/missa-das-gracas-de-nossa-senhora-do-rosario\/\" \/>\n<meta property=\"og:locale\" content=\"pt_BR\" \/>\n<meta property=\"og:type\" content=\"article\" \/>\n<meta property=\"og:title\" content=\"Missa das Gra\u00e7as de Nossa Senhora do Ros\u00e1rio\" \/>\n<meta property=\"og:description\" content=\"Missa das Gra\u00e7as de Nossa Senhora do Ros\u00e1rio - Inclua seu nome e seus pedidos de gra\u00e7as a Virgem do Sant\u00edssimo Ros\u00e1rio ligando para 0800...\" \/>\n<meta property=\"og:url\" content=\"https:\/\/www.adf.org.br\/home\/missa-das-gracas-de-nossa-senhora-do-rosario\/\" \/>\n<meta property=\"og:site_name\" content=\"Associa\u00e7\u00e3o Devotos de F\u00e1tima\" \/>\n<meta property=\"article:published_time\" content=\"2020-03-23T15:29:25+00:00\" \/>\n<meta name=\"twitter:card\" content=\"summary_large_image\" \/>\n<meta name=\"twitter:label1\" content=\"Escrito por\" \/>\n\t<meta name=\"twitter:data1\" content=\"Gabriel Barbosa\" \/>\n\t<meta name=\"twitter:label2\" content=\"Est. tempo de leitura\" \/>\n\t<meta name=\"twitter:data2\" content=\"1 minuto\" \/>\n<script type=\"application\/ld+json\" class=\"yoast-schema-graph\">{\"@context\":\"https:\/\/schema.org\",\"@graph\":[{\"@type\":\"WebSite\",\"@id\":\"https:\/\/www.adf.org.br\/home\/#website\",\"url\":\"https:\/\/www.adf.org.br\/home\/\",\"name\":\"Associa\\u00e7\\u00e3o Devotos de F\\u00e1tima\",\"description\":\"Associa\\u00e7\\u00e3o Devotos de F\\u00e1tima\",\"potentialAction\":[{\"@type\":\"SearchAction\",\"target\":{\"@type\":\"EntryPoint\",\"urlTemplate\":\"https:\/\/www.adf.org.br\/home\/?s={search_term_string}\"},\"query-input\":\"required name=search_term_string\"}],\"inLanguage\":\"pt-BR\"},{\"@type\":\"ImageObject\",\"@id\":\"https:\/\/www.adf.org.br\/home\/missa-das-gracas-de-nossa-senhora-do-rosario\/#primaryimage\",\"inLanguage\":\"pt-BR\",\"url\":\"\",\"contentUrl\":\"\"},{\"@type\":\"WebPage\",\"@id\":\"https:\/\/www.adf.org.br\/home\/missa-das-gracas-de-nossa-senhora-do-rosario\/#webpage\",\"url\":\"https:\/\/www.adf.org.br\/home\/missa-das-gracas-de-nossa-senhora-do-rosario\/\",\"name\":\"Missa das Gra\\u00e7as de Nossa Senhora do Ros\\u00e1rio\",\"isPartOf\":{\"@id\":\"https:\/\/www.adf.org.br\/home\/#website\"},\"primaryImageOfPage\":{\"@id\":\"https:\/\/www.adf.org.br\/home\/missa-das-gracas-de-nossa-senhora-do-rosario\/#primaryimage\"},\"datePublished\":\"2020-03-23T15:29:25+00:00\",\"dateModified\":\"2020-03-23T15:29:25+00:00\",\"author\":{\"@id\":\"https:\/\/www.adf.org.br\/home\/#\/schema\/person\/f35a5c5aa7728a3dedf4ea9aa1fc2753\"},\"description\":\"Missa das Gra\\u00e7as de Nossa Senhora do Ros\\u00e1rio - Inclua seu nome e seus pedidos de gra\\u00e7as a Virgem do Sant\\u00edssimo Ros\\u00e1rio ligando para 0800...\",\"breadcrumb\":{\"@id\":\"https:\/\/www.adf.org.br\/home\/missa-das-gracas-de-nossa-senhora-do-rosario\/#breadcrumb\"},\"inLanguage\":\"pt-BR\",\"potentialAction\":[{\"@type\":\"ReadAction\",\"target\":[\"https:\/\/www.adf.org.br\/home\/missa-das-gracas-de-nossa-senhora-do-rosario\/\"]}]},{\"@type\":\"BreadcrumbList\",\"@id\":\"https:\/\/www.adf.org.br\/home\/missa-das-gracas-de-nossa-senhora-do-rosario\/#breadcrumb\",\"itemListElement\":[{\"@type\":\"ListItem\",\"position\":1,\"name\":\"Home\",\"item\":\"https:\/\/www.adf.org.br\/home\/\"},{\"@type\":\"ListItem\",\"position\":2,\"name\":\"Missa das Gra\\u00e7as de Nossa Senhora do Ros\\u00e1rio\"}]},{\"@type\":\"Person\",\"@id\":\"https:\/\/www.adf.org.br\/home\/#\/schema\/person\/f35a5c5aa7728a3dedf4ea9aa1fc2753\",\"name\":\"Gabriel Barbosa\",\"image\":{\"@type\":\"ImageObject\",\"@id\":\"https:\/\/www.adf.org.br\/home\/#personlogo\",\"inLanguage\":\"pt-BR\",\"url\":\"https:\/\/secure.gravatar.com\/avatar\/2b2cb2f4637682c5605e8d36818f51ef?s=96&d=mm&r=g\",\"contentUrl\":\"https:\/\/secure.gravatar.com\/avatar\/2b2cb2f4637682c5605e8d36818f51ef?s=96&d=mm&r=g\",\"caption\":\"Gabriel Barbosa\"},\"url\":\"https:\/\/www.adf.org.br\/home\/author\/gabrielpmk-com-br\/\"}]}<\/script>\n<!-- \/ Yoast SEO plugin. -->","yoast_head_json":{"title":"Missa das Gra\u00e7as de Nossa Senhora do Ros\u00e1rio","description":"Missa das Gra\u00e7as de Nossa Senhora do Ros\u00e1rio - Inclua seu nome e seus pedidos de gra\u00e7as a Virgem do Sant\u00edssimo Ros\u00e1rio ligando para 0800...","robots":{"index":"index","follow":"follow","max-snippet":"max-snippet:-1","max-image-preview":"max-image-preview:large","max-video-preview":"max-video-preview:-1"},"canonical":"https:\/\/www.adf.org.br\/home\/missa-das-gracas-de-nossa-senhora-do-rosario\/","og_locale":"pt_BR","og_type":"article","og_title":"Missa das Gra\u00e7as de Nossa Senhora do Ros\u00e1rio","og_description":"Missa das Gra\u00e7as de Nossa Senhora do Ros\u00e1rio - Inclua seu nome e seus pedidos de gra\u00e7as a Virgem do Sant\u00edssimo Ros\u00e1rio ligando para 0800...","og_url":"https:\/\/www.adf.org.br\/home\/missa-das-gracas-de-nossa-senhora-do-rosario\/","og_site_name":"Associa\u00e7\u00e3o Devotos de F\u00e1tima","article_published_time":"2020-03-23T15:29:25+00:00","twitter_card":"summary_large_image","twitter_misc":{"Escrito por":"Gabriel Barbosa","Est. tempo de leitura":"1 minuto"},"schema":{"@context":"https:\/\/schema.org","@graph":[{"@type":"WebSite","@id":"https:\/\/www.adf.org.br\/home\/#website","url":"https:\/\/www.adf.org.br\/home\/","name":"Associa\u00e7\u00e3o Devotos de F\u00e1tima","description":"Associa\u00e7\u00e3o Devotos de F\u00e1tima","potentialAction":[{"@type":"SearchAction","target":{"@type":"EntryPoint","urlTemplate":"https:\/\/www.adf.org.br\/home\/?s={search_term_string}"},"query-input":"required name=search_term_string"}],"inLanguage":"pt-BR"},{"@type":"ImageObject","@id":"https:\/\/www.adf.org.br\/home\/missa-das-gracas-de-nossa-senhora-do-rosario\/#primaryimage","inLanguage":"pt-BR","url":"","contentUrl":""},{"@type":"WebPage","@id":"https:\/\/www.adf.org.br\/home\/missa-das-gracas-de-nossa-senhora-do-rosario\/#webpage","url":"https:\/\/www.adf.org.br\/home\/missa-das-gracas-de-nossa-senhora-do-rosario\/","name":"Missa das Gra\u00e7as de Nossa Senhora do Ros\u00e1rio","isPartOf":{"@id":"https:\/\/www.adf.org.br\/home\/#website"},"primaryImageOfPage":{"@id":"https:\/\/www.adf.org.br\/home\/missa-das-gracas-de-nossa-senhora-do-rosario\/#primaryimage"},"datePublished":"2020-03-23T15:29:25+00:00","dateModified":"2020-03-23T15:29:25+00:00","author":{"@id":"https:\/\/www.adf.org.br\/home\/#\/schema\/person\/f35a5c5aa7728a3dedf4ea9aa1fc2753"},"description":"Missa das Gra\u00e7as de Nossa Senhora do Ros\u00e1rio - Inclua seu nome e seus pedidos de gra\u00e7as a Virgem do Sant\u00edssimo Ros\u00e1rio ligando para 0800...","breadcrumb":{"@id":"https:\/\/www.adf.org.br\/home\/missa-das-gracas-de-nossa-senhora-do-rosario\/#breadcrumb"},"inLanguage":"pt-BR","potentialAction":[{"@type":"ReadAction","target":["https:\/\/www.adf.org.br\/home\/missa-das-gracas-de-nossa-senhora-do-rosario\/"]}]},{"@type":"BreadcrumbList","@id":"https:\/\/www.adf.org.br\/home\/missa-das-gracas-de-nossa-senhora-do-rosario\/#breadcrumb","itemListElement":[{"@type":"ListItem","position":1,"name":"Home","item":"https:\/\/www.adf.org.br\/home\/"},{"@type":"ListItem","position":2,"name":"Missa das Gra\u00e7as de Nossa Senhora do Ros\u00e1rio"}]},{"@type":"Person","@id":"https:\/\/www.adf.org.br\/home\/#\/schema\/person\/f35a5c5aa7728a3dedf4ea9aa1fc2753","name":"Gabriel Barbosa","image":{"@type":"ImageObject","@id":"https:\/\/www.adf.org.br\/home\/#personlogo","inLanguage":"pt-BR","url":"https:\/\/secure.gravatar.com\/avatar\/2b2cb2f4637682c5605e8d36818f51ef?s=96&d=mm&r=g","contentUrl":"https:\/\/secure.gravatar.com\/avatar\/2b2cb2f4637682c5605e8d36818f51ef?s=96&d=mm&r=g","caption":"Gabriel Barbosa"},"url":"https:\/\/www.adf.org.br\/home\/author\/gabrielpmk-com-br\/"}]}},"_links":{"self":[{"href":"https:\/\/www.adf.org.br\/home\/wp-json\/wp\/v2\/posts\/58096"}],"collection":[{"href":"https:\/\/www.adf.org.br\/home\/wp-json\/wp\/v2\/posts"}],"about":[{"href":"https:\/\/www.adf.org.br\/home\/wp-json\/wp\/v2\/types\/post"}],"author":[{"embeddable":true,"href":"https:\/\/www.adf.org.br\/home\/wp-json\/wp\/v2\/users\/31"}],"replies":[{"embeddable":true,"href":"https:\/\/www.adf.org.br\/home\/wp-json\/wp\/v2\/comments?post=58096"}],"version-history":[{"count":0,"href":"https:\/\/www.adf.org.br\/home\/wp-json\/wp\/v2\/posts\/58096\/revisions"}],"wp:featuredmedia":[{"embeddable":true,"href":"https:\/\/www.adf.org.br\/home\/wp-json\/wp\/v2\/media\/58104"}],"wp:attachment":[{"href":"https:\/\/www.adf.org.br\/home\/wp-json\/wp\/v2\/media?parent=58096"}],"wp:term":[{"taxonomy":"category","embeddable":true,"href":"https:\/\/www.adf.org.br\/home\/wp-json\/wp\/v2\/categories?post=58096"},{"taxonomy":"post_tag","embeddable":true,"href":"https:\/\/www.adf.org.br\/home\/wp-json\/wp\/v2\/tags?post=58096"}],"curies":[{"name":"wp","href":"https:\/\/api.w.org\/{rel}","templated":true}]}}