{"id":58052,"date":"2020-10-16T08:00:59","date_gmt":"2020-10-16T11:00:59","guid":{"rendered":"http:\/\/www.adf.org.br\/home\/?p=58052"},"modified":"2020-10-16T08:24:55","modified_gmt":"2020-10-16T11:24:55","slug":"quando-uma-cura-e-considerada-um-milagre-por-intercessao-de-nossa-senhora","status":"publish","type":"post","link":"https:\/\/www.adf.org.br\/home\/quando-uma-cura-e-considerada-um-milagre-por-intercessao-de-nossa-senhora\/","title":{"rendered":"Quando uma cura \u00e9 considerada um Milagre por intercess\u00e3o de Nossa Senhora?"},"content":{"rendered":"<p style=\"text-align: center;\"><a href=\"https:\/\/adf.org.br\/apostolosdacura?origem=16376#motivos\" target=\"_blank\" rel=\"noopener noreferrer\"><img loading=\"lazy\" class=\"alignnone wp-image-58055 size-full\" src=\"https:\/\/www.adf.org.br\/home\/wp-content\/uploads\/2020\/03\/Nossa-Senhora-de-Lourdes-na-Gruta.jpg\" alt=\"Nossa Senhora de Lourdes na Gruta\" width=\"381\" height=\"518\" \/><\/a><\/p>\n<p><span style=\"color: #ffffff;\">.<\/span><\/p>\n<h3 style=\"text-align: center;\"><span style=\"font-family: verdana, geneva, sans-serif; color: #003366; font-size: 12pt;\"><b>Crit\u00e9rios do Bureau de Lourdes para declarar que uma cura \u00e9 inexplic\u00e1vel pela ci\u00eancia<\/b><\/span><span style=\"font-family: verdana, geneva, sans-serif; color: #ffffff; font-size: 12pt;\">.<\/span><\/h3>\n<p><span style=\"font-weight: 400; font-family: verdana, geneva, sans-serif; color: #000000; font-size: 12pt;\"><span style=\"font-size: 18pt;\">O<\/span>s <strong>crit\u00e9rios<\/strong> que orientam o Bureau M\u00e9dico e o Comit\u00ea Internacional refletem em termos especializados os princ\u00edpios estabelecidos pelo Cardeal Prospero Lambertini \u2014 posteriormente eleito Papa Bento XIV \u2014 num c\u00e9lebre <strong>tratado que regula at\u00e9 hoje os processos de beatifica\u00e7\u00e3o e canoniza\u00e7\u00e3o<\/strong>:<\/span><span style=\"font-family: verdana, geneva, sans-serif; color: #ffffff; font-size: 12pt;\">.<\/span><\/p>\n<blockquote><p><span style=\"color: #000000; font-family: verdana, geneva, sans-serif; font-size: 12pt;\"><span style=\"color: #003366;\"><strong>1 &#8211;<\/strong> <\/span>que a doen\u00e7a seja grave, e imposs\u00edvel ou dif\u00edcil de curar;<\/span><\/p>\n<p><span style=\"font-weight: 400; font-family: verdana, geneva, sans-serif; color: #000000; font-size: 12pt;\"><span style=\"color: #003366;\"><strong>2 &#8211;<\/strong> <\/span>que a doen\u00e7a n\u00e3o esteja numa fase em que logo come\u00e7a a declinar; <\/span><\/p>\n<p><span style=\"font-weight: 400; font-family: verdana, geneva, sans-serif; color: #003366; font-size: 12pt;\"><strong>3 &#8211;<\/strong> <\/span><span style=\"color: #000000; font-family: verdana, geneva, sans-serif; font-size: 12pt;\">que n\u00e3o tenham sido tomados medicamentos, ou que estes n\u00e3o tenham causado efeito;<\/span><\/p>\n<p><span style=\"font-weight: 400; font-family: verdana, geneva, sans-serif; color: #000000; font-size: 12pt;\"><span style=\"color: #003366;\"><strong>4 &#8211;<\/strong><\/span> que a cura seja s\u00fabita ou instant\u00e2nea;<\/span><\/p>\n<p><span style=\"font-weight: 400; font-family: verdana, geneva, sans-serif; color: #000000; font-size: 12pt;\"><span style=\"color: #003366;\"><strong>5 &#8211;<\/strong> <\/span>que a cura seja perfeita;<\/span><\/p>\n<p><span style=\"font-weight: 400; font-family: verdana, geneva, sans-serif; color: #000000; font-size: 12pt;\"><strong><span style=\"color: #003366;\">6<\/span> <span style=\"color: #003366;\">&#8211;<\/span><\/strong> que a cura n\u00e3o seja precedida de uma \u201cvaz\u00e3o\u201d not\u00e1vel ou de uma crise;<\/span><\/p>\n<p><span style=\"font-weight: 400; font-family: verdana, geneva, sans-serif; color: #000000; font-size: 12pt;\"><span style=\"color: #003366;\"><strong>7 &#8211;<\/strong><\/span> que a doen\u00e7a n\u00e3o volte mais.<\/span><span style=\"color: #ffffff; font-family: verdana, geneva, sans-serif; font-size: 12pt;\">.<\/span><\/p><\/blockquote>\n<p><span style=\"font-weight: 400; font-family: verdana, geneva, sans-serif; color: #000000; font-size: 12pt;\">Vendo todas estas apertadas exig\u00eancias, compreende-se a certeza material \u2014 al\u00e9m da sobrenatural \u2014 <strong>que inspira cada proclama\u00e7\u00e3o can\u00f4nica de um milagre<\/strong>. E compreende-se tamb\u00e9m a humilha\u00e7\u00e3o que ali sofrem os incr\u00e9dulos corro\u00eddos pela metaf\u00edsica naturalista e igualit\u00e1ria da Revolu\u00e7\u00e3o.<\/span><span style=\"font-family: verdana, geneva, sans-serif; color: #ffffff; font-size: 12pt;\">.<\/span><\/p>\n<p><span style=\"font-weight: 400; font-family: verdana, geneva, sans-serif; color: #000000; font-size: 12pt;\">\u00c9 a <a href=\"https:\/\/adf.org.br\/apostolosdacura?origem=16376#motivos\" target=\"_blank\" rel=\"noopener noreferrer\"><span style=\"color: #0000ff;\">Imaculada Concei\u00e7\u00e3o<\/span><\/a> esmagando perpetuamente a cabe\u00e7a da Serpente infernal.<\/span><span style=\"font-family: verdana, geneva, sans-serif; color: #ffffff; font-size: 12pt;\">.<\/span><\/p>\n<p style=\"text-align: right;\"><span style=\"font-family: verdana, geneva, sans-serif; color: #000000; font-size: 10pt;\"><b>Fonte:<\/b> <span style=\"font-weight: 400;\">Blog Lourdes e suas Apari\u00e7\u00f5es<\/span><\/span><span style=\"font-family: verdana, geneva, sans-serif; color: #ffffff; font-size: 12pt;\">.<\/span><\/p>\n<hr \/>\n<h3><span style=\"color: #ffffff;\">.<\/span><\/h3>\n<h3 style=\"text-align: center;\"><span style=\"font-family: verdana, geneva, sans-serif; color: #800080; font-size: 14pt;\"><b>O MUNDO EST\u00c1 DOENTE!<\/b><\/span><\/h3>\n<p style=\"text-align: center;\"><span style=\"font-family: verdana, geneva, sans-serif; color: #ffffff; font-size: 12pt;\">.<\/span><\/p>\n<p style=\"text-align: center;\"><span style=\"font-weight: 400; font-family: verdana, geneva, sans-serif; color: #000000; font-size: 12pt;\">Doen\u00e7as virais, como o coronav\u00edrus, cardiovasculares, hipertens\u00e3o, diabetes, depress\u00e3o\u2026<\/span><span style=\"font-family: verdana, geneva, sans-serif; color: #ffffff; font-size: 12pt;\">.<\/span><\/p>\n<p style=\"text-align: center;\"><span style=\"font-family: verdana, geneva, sans-serif; color: #000000; font-size: 12pt;\"><span style=\"font-weight: 400;\">S\u00e3o tantas enfermidades do corpo e tamb\u00e9m da alma, que apenas a <\/span><strong><a href=\"https:\/\/adf.org.br\/apostolosdacura?origem=16376#motivos\" target=\"_blank\" rel=\"noopener noreferrer\"><span style=\"color: #0000ff;\">Virgem de Lourdes<\/span><\/a><\/strong><span style=\"font-weight: 400;\"> pode nos dar o <strong>conforto<\/strong> neste momento t\u00e3o cr\u00edtico.<\/span><\/span><span style=\"font-family: verdana, geneva, sans-serif; color: #ffffff; font-size: 12pt;\">.<\/span><\/p>\n<p style=\"text-align: center;\"><span style=\"font-weight: 400; font-family: verdana, geneva, sans-serif; color: #000000; font-size: 12pt;\">E certamente <a href=\"https:\/\/adf.org.br\/apostolosdacura?origem=16376#motivos\" target=\"_blank\" rel=\"noopener noreferrer\"><strong><span style=\"color: #0000ff; font-size: 14pt;\">ELA<\/span><\/strong> <\/a>quer e precisa que estejamos unidos em Ora\u00e7\u00e3o, no Amor e na F\u00e9.<\/span><\/p>\n<p style=\"text-align: center;\"><span style=\"font-family: verdana, geneva, sans-serif; color: #ffffff; font-size: 12pt;\">.<\/span><\/p>\n<p style=\"text-align: center;\"><span style=\"font-weight: 400; font-family: verdana, geneva, sans-serif; color: #000000; font-size: 12pt;\">Ajude a divulgar a devo\u00e7\u00e3o \u00e0 Sant\u00edssima Virgem participando da&#8230;\u00a0<\/span><span style=\"font-family: verdana, geneva, sans-serif; color: #ffffff; font-size: 12pt;\">.<\/span><\/p>\n<h3 style=\"text-align: center;\"><strong><span style=\"color: #003366;\"><span style=\"font-family: verdana, geneva, sans-serif; font-size: 14pt;\">Campanha Ap\u00f3stolos da Cura de <\/span><span style=\"font-family: verdana, geneva, sans-serif; font-size: 14pt;\">Nossa Senhora de Lourdes<\/span><\/span><\/strong><\/h3>\n<p style=\"text-align: center;\"><a href=\"https:\/\/adf.org.br\/apostolosdacura?origem=16376#presentes\" target=\"_blank\" rel=\"noopener noreferrer\"><img loading=\"lazy\" class=\"alignnone wp-image-58064 size-medium\" src=\"https:\/\/www.adf.org.br\/home\/wp-content\/uploads\/2020\/03\/imagem_lourdes-104x300.png\" alt=\"Imagem de Nossa Senhora de Lourdes, a Padroeira da Sa\u00fade \" width=\"104\" height=\"300\" \/><\/a><\/p>\n<p style=\"text-align: center;\"><strong><span style=\"font-family: verdana, geneva, sans-serif; color: #000000; font-size: 12pt;\">Entre em contato com o telefone:<\/span><\/strong><\/p>\n<p style=\"text-align: center;\"><a href=\"tel:08006082128\" target=\"_blank\" rel=\"noopener noreferrer\"><strong><span style=\"font-family: verdana, geneva, sans-serif; color: #0000ff; font-size: 24pt;\">0800 608 2128<\/span><\/strong><\/a><br \/>\n<span style=\"font-family: verdana, geneva, sans-serif; color: #000000; font-size: 10pt;\"><b><i>Dica: <\/i><\/b><i><span style=\"font-weight: 400;\">Se estiver no celular, somente tecle no n\u00famero para discar automaticamente.<\/span><\/i><\/span><\/p>\n<p style=\"text-align: center;\"><span style=\"font-family: verdana, geneva, sans-serif; color: #ffffff; font-size: 12pt;\">.<\/span><\/p>\n<p style=\"text-align: center;\"><span style=\"font-family: verdana, geneva, sans-serif; color: #000000; font-size: 12pt;\"><span style=\"font-weight: 400;\">E saiba como se unir conosco nesta corrente de evangeliza\u00e7\u00e3o em honra a Maria <\/span><b>sem sair de casa<\/b><span style=\"font-weight: 400;\">.\u00a0<\/span><\/span><\/p>\n<p style=\"text-align: center;\"><span style=\"font-family: verdana, geneva, sans-serif; color: #ffffff; font-size: 12pt;\">.<\/span><\/p>\n<blockquote>\n<p style=\"text-align: center;\"><span style=\"font-weight: 400; font-family: verdana, geneva, sans-serif; color: #000000; font-size: 12pt;\">A liga\u00e7\u00e3o \u00e9 gratuita para qualquer regi\u00e3o do Brasil.\u00a0<\/span><\/p>\n<p style=\"text-align: center;\"><span style=\"font-family: verdana, geneva, sans-serif; color: #000000; font-size: 12pt;\"><b>Hor\u00e1rio de Atendimento: <\/b><span style=\"font-weight: 400;\">De segunda a sexta-feira, das 08h \u00e0s 18h.\u00a0<\/span><\/span><\/p>\n<\/blockquote>\n<p><span style=\"font-family: verdana, geneva, sans-serif; color: #ffffff; font-size: 12pt;\">.<\/span><\/p>\n<p style=\"text-align: center;\"><span style=\"font-weight: 400; font-family: verdana, geneva, sans-serif; color: #000000; font-size: 12pt;\">Seja para um familiar, para um amigo, para VOC\u00ca&#8230;\u00a0<\/span><span style=\"font-family: verdana, geneva, sans-serif; color: #ffffff; font-size: 12pt;\">.<\/span><\/p>\n<p style=\"text-align: center;\"><span style=\"font-weight: 400; font-family: verdana, geneva, sans-serif; color: #000000; font-size: 12pt;\">Reze com seu cora\u00e7\u00e3o e suplique a intercess\u00e3o da <a href=\"https:\/\/adf.org.br\/apostolosdacura?origem=16376#motivos\" target=\"_blank\" rel=\"noopener noreferrer\"><strong><span style=\"color: #003366;\">Virgem de Lourdes<\/span><\/strong>, <span style=\"color: #003366;\">a Protetora da Sa\u00fade e dos Enfermos<\/span>.<\/a><\/span><span style=\"font-family: verdana, geneva, sans-serif; color: #ffffff; font-size: 12pt;\">.<\/span><\/p>\n<p style=\"text-align: center;\"><strong><span style=\"font-family: verdana, geneva, sans-serif; color: #800080; font-size: 12pt;\">Seguramente ELA atender\u00e1 suas preces.<\/span><\/strong><\/p>\n<p><span style=\"font-family: verdana, geneva, sans-serif; color: #000000; font-size: 12pt;\"><a style=\"color: #000000;\" href=\"https:\/\/adf.org.br\/velario\/lourdes?origem=16376\" target=\"_blank\" rel=\"noopener noreferrer\"><img loading=\"lazy\" class=\"aligncenter wp-image-58053 size-full\" src=\"https:\/\/www.adf.org.br\/home\/wp-content\/uploads\/2020\/03\/Vela-de-Nossa-Senhora-de-Lourdes.jpg\" alt=\"Bot\u00e3o Vela da Cura de Nossa Senhora de Lourdes\" width=\"498\" height=\"290\" \/><\/a><\/span><\/p>\n<p>&nbsp;<\/p>\n<p style=\"text-align: center;\"><span style=\"font-family: verdana, geneva, sans-serif; color: #000000; font-size: 12pt;\"><strong><i><span style=\"color: #800080;\">\u201cNossa Senhora de Lourdes, rogai por n\u00f3s.\u201d<\/span> <\/i><\/strong><span style=\"font-weight: 400;\">\ud83d\ude4f<\/span><\/span><span style=\"font-family: verdana, geneva, sans-serif; color: #ffffff; font-size: 12pt;\">.<\/span><\/p>\n","protected":false},"excerpt":{"rendered":"<p>. Crit\u00e9rios do Bureau de Lourdes para declarar que uma cura \u00e9 inexplic\u00e1vel pela ci\u00eancia. Os crit\u00e9rios que orientam o Bureau M\u00e9dico e o Comit\u00ea Internacional refletem em termos especializados os princ\u00edpios estabelecidos pelo Cardeal Prospero Lambertini \u2014 posteriormente eleito Papa Bento XIV \u2014 num c\u00e9lebre tratado que regula at\u00e9 hoje os processos de beatifica\u00e7\u00e3o [&hellip;]<\/p>\n","protected":false},"author":31,"featured_media":61166,"comment_status":"open","ping_status":"open","sticky":false,"template":"","format":"standard","meta":[],"categories":[20,2387,2460,2332],"tags":[2562,2598,680,1830,1168,230,38,54,2317,521,2828,1064,528,2565,2600,470],"yoast_head":"<!-- This site is optimized with the Yoast SEO plugin v17.4 - https:\/\/yoast.com\/wordpress\/plugins\/seo\/ -->\n<title>Quando uma cura \u00e9 considerada um Milagre<\/title>\n<meta name=\"description\" content=\"Voc\u00ea j\u00e1 se perguntou quando uma cura \u00e9 considerada um Milagre de Deus, por intercess\u00e3o de Nossa Senhora? Prepare-se para a resposta surpr...\" \/>\n<meta name=\"robots\" content=\"index, follow, max-snippet:-1, max-image-preview:large, max-video-preview:-1\" \/>\n<link rel=\"canonical\" href=\"https:\/\/www.adf.org.br\/home\/quando-uma-cura-e-considerada-um-milagre-por-intercessao-de-nossa-senhora\/\" \/>\n<meta property=\"og:locale\" content=\"pt_BR\" \/>\n<meta property=\"og:type\" content=\"article\" \/>\n<meta property=\"og:title\" content=\"Quando uma cura \u00e9 considerada um Milagre\" \/>\n<meta property=\"og:description\" content=\"Voc\u00ea j\u00e1 se perguntou quando uma cura \u00e9 considerada um Milagre de Deus, por intercess\u00e3o de Nossa Senhora? Prepare-se para a resposta surpr...\" \/>\n<meta property=\"og:url\" content=\"https:\/\/www.adf.org.br\/home\/quando-uma-cura-e-considerada-um-milagre-por-intercessao-de-nossa-senhora\/\" \/>\n<meta property=\"og:site_name\" content=\"Associa\u00e7\u00e3o Devotos de F\u00e1tima\" \/>\n<meta property=\"article:published_time\" content=\"2020-10-16T11:00:59+00:00\" \/>\n<meta property=\"article:modified_time\" content=\"2020-10-16T11:24:55+00:00\" \/>\n<meta property=\"og:image\" content=\"https:\/\/www.adf.org.br\/home\/wp-content\/uploads\/2019\/11\/milagre-lourdes.jpg\" \/>\n\t<meta property=\"og:image:width\" content=\"544\" \/>\n\t<meta property=\"og:image:height\" content=\"322\" \/>\n<meta name=\"twitter:card\" content=\"summary_large_image\" \/>\n<meta name=\"twitter:label1\" content=\"Escrito por\" \/>\n\t<meta name=\"twitter:data1\" content=\"Gabriel Barbosa\" \/>\n\t<meta name=\"twitter:label2\" content=\"Est. tempo de leitura\" \/>\n\t<meta name=\"twitter:data2\" content=\"2 minutos\" \/>\n<script type=\"application\/ld+json\" class=\"yoast-schema-graph\">{\"@context\":\"https:\/\/schema.org\",\"@graph\":[{\"@type\":\"WebSite\",\"@id\":\"https:\/\/www.adf.org.br\/home\/#website\",\"url\":\"https:\/\/www.adf.org.br\/home\/\",\"name\":\"Associa\\u00e7\\u00e3o Devotos de F\\u00e1tima\",\"description\":\"Associa\\u00e7\\u00e3o Devotos de F\\u00e1tima\",\"potentialAction\":[{\"@type\":\"SearchAction\",\"target\":{\"@type\":\"EntryPoint\",\"urlTemplate\":\"https:\/\/www.adf.org.br\/home\/?s={search_term_string}\"},\"query-input\":\"required name=search_term_string\"}],\"inLanguage\":\"pt-BR\"},{\"@type\":\"ImageObject\",\"@id\":\"https:\/\/www.adf.org.br\/home\/quando-uma-cura-e-considerada-um-milagre-por-intercessao-de-nossa-senhora\/#primaryimage\",\"inLanguage\":\"pt-BR\",\"url\":\"https:\/\/www.adf.org.br\/home\/wp-content\/uploads\/2019\/11\/milagre-lourdes.jpg\",\"contentUrl\":\"https:\/\/www.adf.org.br\/home\/wp-content\/uploads\/2019\/11\/milagre-lourdes.jpg\",\"width\":544,\"height\":322},{\"@type\":\"WebPage\",\"@id\":\"https:\/\/www.adf.org.br\/home\/quando-uma-cura-e-considerada-um-milagre-por-intercessao-de-nossa-senhora\/#webpage\",\"url\":\"https:\/\/www.adf.org.br\/home\/quando-uma-cura-e-considerada-um-milagre-por-intercessao-de-nossa-senhora\/\",\"name\":\"Quando uma cura \\u00e9 considerada um Milagre\",\"isPartOf\":{\"@id\":\"https:\/\/www.adf.org.br\/home\/#website\"},\"primaryImageOfPage\":{\"@id\":\"https:\/\/www.adf.org.br\/home\/quando-uma-cura-e-considerada-um-milagre-por-intercessao-de-nossa-senhora\/#primaryimage\"},\"datePublished\":\"2020-10-16T11:00:59+00:00\",\"dateModified\":\"2020-10-16T11:24:55+00:00\",\"author\":{\"@id\":\"https:\/\/www.adf.org.br\/home\/#\/schema\/person\/f35a5c5aa7728a3dedf4ea9aa1fc2753\"},\"description\":\"Voc\\u00ea j\\u00e1 se perguntou quando uma cura \\u00e9 considerada um Milagre de Deus, por intercess\\u00e3o de Nossa Senhora? Prepare-se para a resposta surpr...\",\"breadcrumb\":{\"@id\":\"https:\/\/www.adf.org.br\/home\/quando-uma-cura-e-considerada-um-milagre-por-intercessao-de-nossa-senhora\/#breadcrumb\"},\"inLanguage\":\"pt-BR\",\"potentialAction\":[{\"@type\":\"ReadAction\",\"target\":[\"https:\/\/www.adf.org.br\/home\/quando-uma-cura-e-considerada-um-milagre-por-intercessao-de-nossa-senhora\/\"]}]},{\"@type\":\"BreadcrumbList\",\"@id\":\"https:\/\/www.adf.org.br\/home\/quando-uma-cura-e-considerada-um-milagre-por-intercessao-de-nossa-senhora\/#breadcrumb\",\"itemListElement\":[{\"@type\":\"ListItem\",\"position\":1,\"name\":\"Home\",\"item\":\"https:\/\/www.adf.org.br\/home\/\"},{\"@type\":\"ListItem\",\"position\":2,\"name\":\"Quando uma cura \\u00e9 considerada um Milagre por intercess\\u00e3o de Nossa Senhora?\"}]},{\"@type\":\"Person\",\"@id\":\"https:\/\/www.adf.org.br\/home\/#\/schema\/person\/f35a5c5aa7728a3dedf4ea9aa1fc2753\",\"name\":\"Gabriel Barbosa\",\"image\":{\"@type\":\"ImageObject\",\"@id\":\"https:\/\/www.adf.org.br\/home\/#personlogo\",\"inLanguage\":\"pt-BR\",\"url\":\"https:\/\/secure.gravatar.com\/avatar\/2b2cb2f4637682c5605e8d36818f51ef?s=96&d=mm&r=g\",\"contentUrl\":\"https:\/\/secure.gravatar.com\/avatar\/2b2cb2f4637682c5605e8d36818f51ef?s=96&d=mm&r=g\",\"caption\":\"Gabriel Barbosa\"},\"url\":\"https:\/\/www.adf.org.br\/home\/author\/gabrielpmk-com-br\/\"}]}<\/script>\n<!-- \/ Yoast SEO plugin. -->","yoast_head_json":{"title":"Quando uma cura \u00e9 considerada um Milagre","description":"Voc\u00ea j\u00e1 se perguntou quando uma cura \u00e9 considerada um Milagre de Deus, por intercess\u00e3o de Nossa Senhora? Prepare-se para a resposta surpr...","robots":{"index":"index","follow":"follow","max-snippet":"max-snippet:-1","max-image-preview":"max-image-preview:large","max-video-preview":"max-video-preview:-1"},"canonical":"https:\/\/www.adf.org.br\/home\/quando-uma-cura-e-considerada-um-milagre-por-intercessao-de-nossa-senhora\/","og_locale":"pt_BR","og_type":"article","og_title":"Quando uma cura \u00e9 considerada um Milagre","og_description":"Voc\u00ea j\u00e1 se perguntou quando uma cura \u00e9 considerada um Milagre de Deus, por intercess\u00e3o de Nossa Senhora? Prepare-se para a resposta surpr...","og_url":"https:\/\/www.adf.org.br\/home\/quando-uma-cura-e-considerada-um-milagre-por-intercessao-de-nossa-senhora\/","og_site_name":"Associa\u00e7\u00e3o Devotos de F\u00e1tima","article_published_time":"2020-10-16T11:00:59+00:00","article_modified_time":"2020-10-16T11:24:55+00:00","og_image":[{"width":544,"height":322,"url":"https:\/\/www.adf.org.br\/home\/wp-content\/uploads\/2019\/11\/milagre-lourdes.jpg","type":"image\/jpeg"}],"twitter_card":"summary_large_image","twitter_misc":{"Escrito por":"Gabriel Barbosa","Est. tempo de leitura":"2 minutos"},"schema":{"@context":"https:\/\/schema.org","@graph":[{"@type":"WebSite","@id":"https:\/\/www.adf.org.br\/home\/#website","url":"https:\/\/www.adf.org.br\/home\/","name":"Associa\u00e7\u00e3o Devotos de F\u00e1tima","description":"Associa\u00e7\u00e3o Devotos de F\u00e1tima","potentialAction":[{"@type":"SearchAction","target":{"@type":"EntryPoint","urlTemplate":"https:\/\/www.adf.org.br\/home\/?s={search_term_string}"},"query-input":"required name=search_term_string"}],"inLanguage":"pt-BR"},{"@type":"ImageObject","@id":"https:\/\/www.adf.org.br\/home\/quando-uma-cura-e-considerada-um-milagre-por-intercessao-de-nossa-senhora\/#primaryimage","inLanguage":"pt-BR","url":"https:\/\/www.adf.org.br\/home\/wp-content\/uploads\/2019\/11\/milagre-lourdes.jpg","contentUrl":"https:\/\/www.adf.org.br\/home\/wp-content\/uploads\/2019\/11\/milagre-lourdes.jpg","width":544,"height":322},{"@type":"WebPage","@id":"https:\/\/www.adf.org.br\/home\/quando-uma-cura-e-considerada-um-milagre-por-intercessao-de-nossa-senhora\/#webpage","url":"https:\/\/www.adf.org.br\/home\/quando-uma-cura-e-considerada-um-milagre-por-intercessao-de-nossa-senhora\/","name":"Quando uma cura \u00e9 considerada um Milagre","isPartOf":{"@id":"https:\/\/www.adf.org.br\/home\/#website"},"primaryImageOfPage":{"@id":"https:\/\/www.adf.org.br\/home\/quando-uma-cura-e-considerada-um-milagre-por-intercessao-de-nossa-senhora\/#primaryimage"},"datePublished":"2020-10-16T11:00:59+00:00","dateModified":"2020-10-16T11:24:55+00:00","author":{"@id":"https:\/\/www.adf.org.br\/home\/#\/schema\/person\/f35a5c5aa7728a3dedf4ea9aa1fc2753"},"description":"Voc\u00ea j\u00e1 se perguntou quando uma cura \u00e9 considerada um Milagre de Deus, por intercess\u00e3o de Nossa Senhora? Prepare-se para a resposta surpr...","breadcrumb":{"@id":"https:\/\/www.adf.org.br\/home\/quando-uma-cura-e-considerada-um-milagre-por-intercessao-de-nossa-senhora\/#breadcrumb"},"inLanguage":"pt-BR","potentialAction":[{"@type":"ReadAction","target":["https:\/\/www.adf.org.br\/home\/quando-uma-cura-e-considerada-um-milagre-por-intercessao-de-nossa-senhora\/"]}]},{"@type":"BreadcrumbList","@id":"https:\/\/www.adf.org.br\/home\/quando-uma-cura-e-considerada-um-milagre-por-intercessao-de-nossa-senhora\/#breadcrumb","itemListElement":[{"@type":"ListItem","position":1,"name":"Home","item":"https:\/\/www.adf.org.br\/home\/"},{"@type":"ListItem","position":2,"name":"Quando uma cura \u00e9 considerada um Milagre por intercess\u00e3o de Nossa Senhora?"}]},{"@type":"Person","@id":"https:\/\/www.adf.org.br\/home\/#\/schema\/person\/f35a5c5aa7728a3dedf4ea9aa1fc2753","name":"Gabriel Barbosa","image":{"@type":"ImageObject","@id":"https:\/\/www.adf.org.br\/home\/#personlogo","inLanguage":"pt-BR","url":"https:\/\/secure.gravatar.com\/avatar\/2b2cb2f4637682c5605e8d36818f51ef?s=96&d=mm&r=g","contentUrl":"https:\/\/secure.gravatar.com\/avatar\/2b2cb2f4637682c5605e8d36818f51ef?s=96&d=mm&r=g","caption":"Gabriel Barbosa"},"url":"https:\/\/www.adf.org.br\/home\/author\/gabrielpmk-com-br\/"}]}},"_links":{"self":[{"href":"https:\/\/www.adf.org.br\/home\/wp-json\/wp\/v2\/posts\/58052"}],"collection":[{"href":"https:\/\/www.adf.org.br\/home\/wp-json\/wp\/v2\/posts"}],"about":[{"href":"https:\/\/www.adf.org.br\/home\/wp-json\/wp\/v2\/types\/post"}],"author":[{"embeddable":true,"href":"https:\/\/www.adf.org.br\/home\/wp-json\/wp\/v2\/users\/31"}],"replies":[{"embeddable":true,"href":"https:\/\/www.adf.org.br\/home\/wp-json\/wp\/v2\/comments?post=58052"}],"version-history":[{"count":8,"href":"https:\/\/www.adf.org.br\/home\/wp-json\/wp\/v2\/posts\/58052\/revisions"}],"predecessor-version":[{"id":61961,"href":"https:\/\/www.adf.org.br\/home\/wp-json\/wp\/v2\/posts\/58052\/revisions\/61961"}],"wp:featuredmedia":[{"embeddable":true,"href":"https:\/\/www.adf.org.br\/home\/wp-json\/wp\/v2\/media\/61166"}],"wp:attachment":[{"href":"https:\/\/www.adf.org.br\/home\/wp-json\/wp\/v2\/media?parent=58052"}],"wp:term":[{"taxonomy":"category","embeddable":true,"href":"https:\/\/www.adf.org.br\/home\/wp-json\/wp\/v2\/categories?post=58052"},{"taxonomy":"post_tag","embeddable":true,"href":"https:\/\/www.adf.org.br\/home\/wp-json\/wp\/v2\/tags?post=58052"}],"curies":[{"name":"wp","href":"https:\/\/api.w.org\/{rel}","templated":true}]}}