{"id":57966,"date":"2020-08-12T00:30:04","date_gmt":"2020-08-12T03:30:04","guid":{"rendered":"http:\/\/www.adf.org.br\/home\/?p=57966"},"modified":"2020-08-11T17:41:12","modified_gmt":"2020-08-11T20:41:12","slug":"nao-deixe-de-ler-esta-carta-uma-mensagem-muito-importante-espera-por-voce-parte-2","status":"publish","type":"post","link":"https:\/\/www.adf.org.br\/home\/nao-deixe-de-ler-esta-carta-uma-mensagem-muito-importante-espera-por-voce-parte-2\/","title":{"rendered":"N\u00e3o deixe de ler esta carta! Uma mensagem muito importante espera por voc\u00ea\u2026 &#8211; Parte 2"},"content":{"rendered":"<p><a href=\"https:\/\/adf.org.br\/apostolosdefatima?origem=15572#Participar\" target=\"_blank\" rel=\"noopener noreferrer\"><img loading=\"lazy\" class=\"aligncenter wp-image-57858 size-full\" src=\"https:\/\/www.adf.org.br\/home\/wp-content\/uploads\/2020\/03\/Irm\u00e3-L\u00facia-e-Imagem-de-Nossa-Senhora.jpg\" alt=\"\" width=\"356\" height=\"535\" \/><\/a><\/p>\n<p><span style=\"font-family: verdana, geneva, sans-serif; font-size: 12pt; color: #ffffff;\">.<\/span><\/p>\n<p style=\"text-align: center;\"><a href=\"https:\/\/www.adf.org.br\/home\/nao-deixe-de-ler-esta-carta-uma-mensagem-muito-importante-espera-por-voce-parte-1\/\" target=\"_blank\" rel=\"noopener noreferrer\"><span style=\"font-family: verdana, geneva, sans-serif; font-size: 12pt; color: #0000ff;\">N\u00e3o deixe de ler esta carta! Uma mensagem muito importante espera por voc\u00ea\u2026 &#8211; Parte 1<\/span><\/a><span style=\"font-family: verdana, geneva, sans-serif; font-size: 12pt; color: #ffffff;\">.<\/span><\/p>\n<h3 style=\"text-align: center;\"><strong><span style=\"font-family: verdana, geneva, sans-serif; font-size: 14pt; color: #003366;\">A importante mensagem da Irm\u00e3 L\u00facia sobre o Ter\u00e7o <\/span><\/strong><\/h3>\n<h3 style=\"text-align: center;\"><span style=\"font-family: verdana, geneva, sans-serif; font-size: 14pt; color: #003366;\">Parte 2<\/span><\/h3>\n<blockquote><p><span style=\"font-weight: 400; font-family: verdana, geneva, sans-serif; font-size: 12pt; color: #000000;\">Certo \u00e9 que S\u00e3o Paulo diz que h\u00e1 um s\u00f3 Medianeiro junto do Pai.\u00a0<\/span><span style=\"font-family: verdana, geneva, sans-serif; font-size: 12pt; color: #ffcc99;\">.<\/span><\/p>\n<p><span style=\"font-family: verdana, geneva, sans-serif; font-size: 12pt; color: #000000;\"><span style=\"font-weight: 400;\">Sim! Como Deus, h\u00e1 um s\u00f3, que \u00e9 Jesus Cristo. Mas o mesmo Ap\u00f3stolo pede que roguem por ele e recomenda que roguemos uns pelos outros. <\/span><b>Poderia, ent\u00e3o, o Ap\u00f3stolo n\u00e3o crer que a ora\u00e7\u00e3o de Maria n\u00e3o fosse t\u00e3o agrad\u00e1vel a Deus como a nossa?!<\/b><\/span><span style=\"font-family: verdana, geneva, sans-serif; font-size: 12pt; color: #ffcc99;\">.<\/span><\/p>\n<p><span style=\"font-weight: 400; font-family: verdana, geneva, sans-serif; font-size: 12pt; color: #000000;\">\u00c9 a desorienta\u00e7\u00e3o diab\u00f3lica que invade o mundo e engana as almas! \u00c9 preciso fazer-lhe frente; e para isso pode servir-se do que aqui lhe digo. Mas como coisa sua, sem dizer o meu nome; como coisa que lhe sai ao correr da pena. E, na verdade, sua \u00e9, porque, na qualidade de membros que somos do Corpo M\u00edstico de Cristo, tudo \u00e9 nosso, porque tudo \u00e9 da Cabe\u00e7a, Cristo Jesus.<\/span><span style=\"font-family: verdana, geneva, sans-serif; font-size: 12pt; color: #ffcc99;\">.<\/span><\/p>\n<p style=\"padding-left: 40px;\"><span style=\"font-family: verdana, geneva, sans-serif; font-size: 12pt; color: #003366;\"><span style=\"font-weight: 400;\">E fico no meu lugar, rezando por si, por todos aqueles que consigo v\u00e3o trabalhar, para que seja <\/span><b>uma campanha que d\u00ea muita gl\u00f3ria a Deus, leve muita luz e gra\u00e7a \u00e0s almas, paz \u00e0 Santa Igreja e ao mundo ensanguentado em guerras.<\/b><\/span><span style=\"font-family: verdana, geneva, sans-serif; font-size: 12pt; color: #ffcc99;\">.<\/span><\/p>\n<p><span style=\"font-weight: 400; font-family: verdana, geneva, sans-serif; font-size: 12pt; color: #000000;\">Talvez tamb\u00e9m fosse bom apresentar a campanha, n\u00e3o s\u00f3 como cumprimento da Mensagem, mas tamb\u00e9m como campanha de ora\u00e7\u00e3o e penit\u00eancia pela paz do Mundo, da Santa Igreja e de Portugal nas Prov\u00edncias Ultramarinas.\u00a0<\/span><span style=\"font-family: verdana, geneva, sans-serif; font-size: 12pt; color: #ffcc99;\">.<\/span><\/p>\n<p><span style=\"font-weight: 400; font-family: verdana, geneva, sans-serif; font-size: 12pt; color: #000000;\">E que Portugal, que \u00e9 t\u00e3o devoto da Eucaristia e de Maria, seja o primeiro a reconhecer que a ora\u00e7\u00e3o do Ter\u00e7o n\u00e3o \u00e9 somente uma ora\u00e7\u00e3o Mariana, mas tamb\u00e9m Eucar\u00edstica. E, por isso, nada deve impedir que se possa rezar diante do Sant\u00edssimo Sacramento. Em prova disto est\u00e1 que o Santo Padre Pio XI havia concedido indulg\u00eancia plen\u00e1ria a quem rezasse o Ter\u00e7o diante do Sant\u00edssimo; e recentemente foi de novo concedida a mesma indulg\u00eancia por Sua Santidade Paulo VI.<\/span><span style=\"font-family: verdana, geneva, sans-serif; font-size: 12pt; color: #ffcc99;\">.<\/span><\/p>\n<p style=\"padding-left: 40px;\"><span style=\"font-family: verdana, geneva, sans-serif; font-size: 12pt; color: #003366;\"><b>\u00c9, pois, preciso rezar o Ter\u00e7o, nas Cidades, nas Vilas e nas Aldeias, pelas ruas, pelos caminhos, de viagem ou em casa, nas igrejas e capelas!<\/b><\/span><span style=\"font-family: verdana, geneva, sans-serif; font-size: 12pt; color: #ffcc99;\">.<\/span><\/p>\n<p><span style=\"font-family: verdana, geneva, sans-serif; font-size: 12pt; color: #000000;\"><span style=\"font-weight: 400;\">\u00c9 a ora\u00e7\u00e3o acess\u00edvel a todos, e que todos podem e devem rezar. H\u00e1 muitos que diariamente n\u00e3o assistem \u00e0 ora\u00e7\u00e3o lit\u00fargica da Santa Missa; se n\u00e3o rezam o Ter\u00e7o, que ora\u00e7\u00e3o fazem?! E, sem ora\u00e7\u00e3o, quem se salvar\u00e1?! <\/span><i><span style=\"font-weight: 400;\">\u201cVigiai e orai para n\u00e3o entrardes em tenta\u00e7\u00e3o\u201d<\/span><\/i><span style=\"font-weight: 400;\">.\u00a0\u00a0<\/span><\/span><span style=\"font-family: verdana, geneva, sans-serif; font-size: 12pt; color: #ffcc99;\">.<\/span><\/p>\n<p><span style=\"font-weight: 400; font-family: verdana, geneva, sans-serif; font-size: 12pt; color: #000000;\"><strong>\u00c9 preciso, pois, orar, e orar sempre.<\/strong> Isto \u00e9, que todas as nossas atividades e trabalhos sejam acompanhados de um grande esp\u00edrito de ora\u00e7\u00e3o, porque <strong>\u00e9 na ora\u00e7\u00e3o que a alma se encontra com Deus<\/strong>; e \u00e9 nesse encontro que se recebe gra\u00e7a e for\u00e7a, ainda mesmo quando ela \u00e9 acompanhada de distra\u00e7\u00f5es.<\/span><span style=\"color: #ffcc99;\">.<\/span><\/p>\n<p><span style=\"font-weight: 400; font-family: verdana, geneva, sans-serif; font-size: 12pt; color: #000000;\">Ela leva sempre \u00e0s almas um aumento de F\u00e9, ainda que n\u00e3o seja mais que a recorda\u00e7\u00e3o moment\u00e2nea dos mist\u00e9rios da nossa Reden\u00e7\u00e3o, lembrando o Nascimento, Morte e Ressurrei\u00e7\u00e3o do nosso Salvador; e Deus saber\u00e1 descontar e perdoar o que toca \u00e0 humana franqueza, ignor\u00e2ncia e pouquidade.<\/span><span style=\"font-family: verdana, geneva, sans-serif; font-size: 12pt; color: #ffcc99;\">.<\/span><\/p>\n<p><span style=\"font-weight: 400; font-family: verdana, geneva, sans-serif; font-size: 12pt; color: #000000;\">Quanto \u00e0 repeti\u00e7\u00e3o das Ave-Marias, n\u00e3o \u00e9 como querem fazer crer que seja uma coisa antiquada. Todas as coisas que existem e foram criadas por Deus se mant\u00eam e conservam por meio da repeti\u00e7\u00e3o, continuada sempre, dos mesmos atos.<\/span><span style=\"color: #ffcc99;\">.<\/span><\/p>\n<p><span style=\"font-weight: 400; font-family: verdana, geneva, sans-serif; font-size: 12pt; color: #000000;\">E ainda a ningu\u00e9m ocorreu chamar antiquado ao sol, lua, estrelas, aves e plantas etc., porque giram, vivem e brotam sempre do mesmo modo! E s\u00e3o bem mais antigos que a reza do Ter\u00e7o! <strong>Para Deus, nada \u00e9 antigo.<\/strong> S\u00e3o Jo\u00e3o diz que os bem-aventurados, no C\u00e9u, cantam um c\u00e2ntico novo, repetindo sempre; Santo, Santo \u00e9 o Senhor, Deus dos Ex\u00e9rcitos! \u00c9 novo, porque, na luz de Deus, tudo aparece com novo brilho!<\/span><span style=\"font-family: verdana, geneva, sans-serif; font-size: 12pt; color: #ffcc99;\">.<\/span><\/p>\n<p><span style=\"color: #003366;\"><span style=\"font-family: verdana, geneva, sans-serif; font-size: 12pt;\">Um grande abra\u00e7o da sempre em uni\u00e3o de ora\u00e7\u00f5es.<\/span><\/span><span style=\"font-family: verdana, geneva, sans-serif; font-size: 12pt; color: #ffcc99;\">.<\/span><\/p>\n<p><span style=\"font-family: verdana, geneva, sans-serif; font-size: 12pt; color: #000000;\"><b>Irm\u00e3 L\u00facia<br \/>\n<\/b><\/span><span style=\"font-weight: 400; font-family: verdana, geneva, sans-serif; font-size: 12pt; color: #000000;\">i.c.d.<\/span><\/p><\/blockquote>\n<p style=\"text-align: right;\"><span style=\"font-family: verdana, geneva, sans-serif; font-size: 10pt; color: #000000;\"><b>Fonte:<\/b><span style=\"font-weight: 400;\">Aleteia<\/span><\/span><span style=\"font-family: verdana, geneva, sans-serif; font-size: 12pt; color: #ffffff;\">.<\/span><\/p>\n<hr \/>\n<p>&nbsp;<\/p>\n<p><a href=\"https:\/\/adf.org.br\/velario\/fatima?origem=15572\" target=\"_blank\" rel=\"noopener noreferrer\"><img loading=\"lazy\" class=\"aligncenter wp-image-57868 size-full\" src=\"https:\/\/www.adf.org.br\/home\/wp-content\/uploads\/2020\/03\/vela_animada-3.gif\" alt=\"\" width=\"540\" height=\"304\" \/><\/a><\/p>\n<p><span style=\"color: #ffffff;\">.<\/span><\/p>\n","protected":false},"excerpt":{"rendered":"<p>. N\u00e3o deixe de ler esta carta! Uma mensagem muito importante espera por voc\u00ea\u2026 &#8211; Parte 1. A importante mensagem da Irm\u00e3 L\u00facia sobre o Ter\u00e7o Parte 2 Certo \u00e9 que S\u00e3o Paulo diz que h\u00e1 um s\u00f3 Medianeiro junto do Pai.\u00a0. Sim! Como Deus, h\u00e1 um s\u00f3, que \u00e9 Jesus Cristo. Mas o mesmo [&hellip;]<\/p>\n","protected":false},"author":31,"featured_media":60976,"comment_status":"open","ping_status":"open","sticky":false,"template":"","format":"standard","meta":[],"categories":[20,2323,56,2510,2332],"tags":[2945,2242,2946,198,2609,2330,57,142,682,166,17,116,2941,2533,923,470],"yoast_head":"<!-- This site is optimized with the Yoast SEO plugin v17.4 - https:\/\/yoast.com\/wordpress\/plugins\/seo\/ -->\n<title>Uma mensagem muito importante espera por voc\u00ea\u2026 - Parte 2<\/title>\n<meta name=\"description\" content=\"Confira a segunda parte da carta da Irm\u00e3 L\u00facia, uma das tr\u00eas crian\u00e7as videntes que presenciaram as apari\u00e7\u00f5es de Nossa Senhora de F\u00e1tima.\" \/>\n<meta name=\"robots\" content=\"index, follow, max-snippet:-1, max-image-preview:large, max-video-preview:-1\" \/>\n<link rel=\"canonical\" href=\"https:\/\/www.adf.org.br\/home\/nao-deixe-de-ler-esta-carta-uma-mensagem-muito-importante-espera-por-voce-parte-2\/\" \/>\n<meta property=\"og:locale\" content=\"pt_BR\" \/>\n<meta property=\"og:type\" content=\"article\" \/>\n<meta property=\"og:title\" content=\"Uma mensagem muito importante espera por voc\u00ea\u2026 - Parte 2\" \/>\n<meta property=\"og:description\" content=\"Confira a segunda parte da carta da Irm\u00e3 L\u00facia, uma das tr\u00eas crian\u00e7as videntes que presenciaram as apari\u00e7\u00f5es de Nossa Senhora de F\u00e1tima.\" \/>\n<meta property=\"og:url\" content=\"https:\/\/www.adf.org.br\/home\/nao-deixe-de-ler-esta-carta-uma-mensagem-muito-importante-espera-por-voce-parte-2\/\" \/>\n<meta property=\"og:site_name\" content=\"Associa\u00e7\u00e3o Devotos de F\u00e1tima\" \/>\n<meta property=\"article:published_time\" content=\"2020-08-12T03:30:04+00:00\" \/>\n<meta property=\"article:modified_time\" content=\"2020-08-11T20:41:12+00:00\" \/>\n<meta property=\"og:image\" content=\"https:\/\/www.adf.org.br\/home\/wp-content\/uploads\/2020\/08\/irm\u00e3-lucia-e1597096131449.jpg\" \/>\n\t<meta property=\"og:image:width\" content=\"200\" \/>\n\t<meta property=\"og:image:height\" content=\"301\" \/>\n<meta name=\"twitter:card\" content=\"summary_large_image\" \/>\n<meta name=\"twitter:label1\" content=\"Escrito por\" \/>\n\t<meta name=\"twitter:data1\" content=\"Gabriel Barbosa\" \/>\n\t<meta name=\"twitter:label2\" content=\"Est. tempo de leitura\" \/>\n\t<meta name=\"twitter:data2\" content=\"3 minutos\" \/>\n<script type=\"application\/ld+json\" class=\"yoast-schema-graph\">{\"@context\":\"https:\/\/schema.org\",\"@graph\":[{\"@type\":\"WebSite\",\"@id\":\"https:\/\/www.adf.org.br\/home\/#website\",\"url\":\"https:\/\/www.adf.org.br\/home\/\",\"name\":\"Associa\\u00e7\\u00e3o Devotos de F\\u00e1tima\",\"description\":\"Associa\\u00e7\\u00e3o Devotos de F\\u00e1tima\",\"potentialAction\":[{\"@type\":\"SearchAction\",\"target\":{\"@type\":\"EntryPoint\",\"urlTemplate\":\"https:\/\/www.adf.org.br\/home\/?s={search_term_string}\"},\"query-input\":\"required name=search_term_string\"}],\"inLanguage\":\"pt-BR\"},{\"@type\":\"ImageObject\",\"@id\":\"https:\/\/www.adf.org.br\/home\/nao-deixe-de-ler-esta-carta-uma-mensagem-muito-importante-espera-por-voce-parte-2\/#primaryimage\",\"inLanguage\":\"pt-BR\",\"url\":\"https:\/\/www.adf.org.br\/home\/wp-content\/uploads\/2020\/08\/irm\\u00e3-lucia-e1597096131449.jpg\",\"contentUrl\":\"https:\/\/www.adf.org.br\/home\/wp-content\/uploads\/2020\/08\/irm\\u00e3-lucia-e1597096131449.jpg\",\"width\":200,\"height\":301},{\"@type\":\"WebPage\",\"@id\":\"https:\/\/www.adf.org.br\/home\/nao-deixe-de-ler-esta-carta-uma-mensagem-muito-importante-espera-por-voce-parte-2\/#webpage\",\"url\":\"https:\/\/www.adf.org.br\/home\/nao-deixe-de-ler-esta-carta-uma-mensagem-muito-importante-espera-por-voce-parte-2\/\",\"name\":\"Uma mensagem muito importante espera por voc\\u00ea\\u2026 - Parte 2\",\"isPartOf\":{\"@id\":\"https:\/\/www.adf.org.br\/home\/#website\"},\"primaryImageOfPage\":{\"@id\":\"https:\/\/www.adf.org.br\/home\/nao-deixe-de-ler-esta-carta-uma-mensagem-muito-importante-espera-por-voce-parte-2\/#primaryimage\"},\"datePublished\":\"2020-08-12T03:30:04+00:00\",\"dateModified\":\"2020-08-11T20:41:12+00:00\",\"author\":{\"@id\":\"https:\/\/www.adf.org.br\/home\/#\/schema\/person\/f35a5c5aa7728a3dedf4ea9aa1fc2753\"},\"description\":\"Confira a segunda parte da carta da Irm\\u00e3 L\\u00facia, uma das tr\\u00eas crian\\u00e7as videntes que presenciaram as apari\\u00e7\\u00f5es de Nossa Senhora de F\\u00e1tima.\",\"breadcrumb\":{\"@id\":\"https:\/\/www.adf.org.br\/home\/nao-deixe-de-ler-esta-carta-uma-mensagem-muito-importante-espera-por-voce-parte-2\/#breadcrumb\"},\"inLanguage\":\"pt-BR\",\"potentialAction\":[{\"@type\":\"ReadAction\",\"target\":[\"https:\/\/www.adf.org.br\/home\/nao-deixe-de-ler-esta-carta-uma-mensagem-muito-importante-espera-por-voce-parte-2\/\"]}]},{\"@type\":\"BreadcrumbList\",\"@id\":\"https:\/\/www.adf.org.br\/home\/nao-deixe-de-ler-esta-carta-uma-mensagem-muito-importante-espera-por-voce-parte-2\/#breadcrumb\",\"itemListElement\":[{\"@type\":\"ListItem\",\"position\":1,\"name\":\"Home\",\"item\":\"https:\/\/www.adf.org.br\/home\/\"},{\"@type\":\"ListItem\",\"position\":2,\"name\":\"N\\u00e3o deixe de ler esta carta! Uma mensagem muito importante espera por voc\\u00ea\\u2026 &#8211; Parte 2\"}]},{\"@type\":\"Person\",\"@id\":\"https:\/\/www.adf.org.br\/home\/#\/schema\/person\/f35a5c5aa7728a3dedf4ea9aa1fc2753\",\"name\":\"Gabriel Barbosa\",\"image\":{\"@type\":\"ImageObject\",\"@id\":\"https:\/\/www.adf.org.br\/home\/#personlogo\",\"inLanguage\":\"pt-BR\",\"url\":\"https:\/\/secure.gravatar.com\/avatar\/2b2cb2f4637682c5605e8d36818f51ef?s=96&d=mm&r=g\",\"contentUrl\":\"https:\/\/secure.gravatar.com\/avatar\/2b2cb2f4637682c5605e8d36818f51ef?s=96&d=mm&r=g\",\"caption\":\"Gabriel Barbosa\"},\"url\":\"https:\/\/www.adf.org.br\/home\/author\/gabrielpmk-com-br\/\"}]}<\/script>\n<!-- \/ Yoast SEO plugin. -->","yoast_head_json":{"title":"Uma mensagem muito importante espera por voc\u00ea\u2026 - Parte 2","description":"Confira a segunda parte da carta da Irm\u00e3 L\u00facia, uma das tr\u00eas crian\u00e7as videntes que presenciaram as apari\u00e7\u00f5es de Nossa Senhora de F\u00e1tima.","robots":{"index":"index","follow":"follow","max-snippet":"max-snippet:-1","max-image-preview":"max-image-preview:large","max-video-preview":"max-video-preview:-1"},"canonical":"https:\/\/www.adf.org.br\/home\/nao-deixe-de-ler-esta-carta-uma-mensagem-muito-importante-espera-por-voce-parte-2\/","og_locale":"pt_BR","og_type":"article","og_title":"Uma mensagem muito importante espera por voc\u00ea\u2026 - Parte 2","og_description":"Confira a segunda parte da carta da Irm\u00e3 L\u00facia, uma das tr\u00eas crian\u00e7as videntes que presenciaram as apari\u00e7\u00f5es de Nossa Senhora de F\u00e1tima.","og_url":"https:\/\/www.adf.org.br\/home\/nao-deixe-de-ler-esta-carta-uma-mensagem-muito-importante-espera-por-voce-parte-2\/","og_site_name":"Associa\u00e7\u00e3o Devotos de F\u00e1tima","article_published_time":"2020-08-12T03:30:04+00:00","article_modified_time":"2020-08-11T20:41:12+00:00","og_image":[{"width":200,"height":301,"url":"https:\/\/www.adf.org.br\/home\/wp-content\/uploads\/2020\/08\/irm\u00e3-lucia-e1597096131449.jpg","type":"image\/jpeg"}],"twitter_card":"summary_large_image","twitter_misc":{"Escrito por":"Gabriel Barbosa","Est. tempo de leitura":"3 minutos"},"schema":{"@context":"https:\/\/schema.org","@graph":[{"@type":"WebSite","@id":"https:\/\/www.adf.org.br\/home\/#website","url":"https:\/\/www.adf.org.br\/home\/","name":"Associa\u00e7\u00e3o Devotos de F\u00e1tima","description":"Associa\u00e7\u00e3o Devotos de F\u00e1tima","potentialAction":[{"@type":"SearchAction","target":{"@type":"EntryPoint","urlTemplate":"https:\/\/www.adf.org.br\/home\/?s={search_term_string}"},"query-input":"required name=search_term_string"}],"inLanguage":"pt-BR"},{"@type":"ImageObject","@id":"https:\/\/www.adf.org.br\/home\/nao-deixe-de-ler-esta-carta-uma-mensagem-muito-importante-espera-por-voce-parte-2\/#primaryimage","inLanguage":"pt-BR","url":"https:\/\/www.adf.org.br\/home\/wp-content\/uploads\/2020\/08\/irm\u00e3-lucia-e1597096131449.jpg","contentUrl":"https:\/\/www.adf.org.br\/home\/wp-content\/uploads\/2020\/08\/irm\u00e3-lucia-e1597096131449.jpg","width":200,"height":301},{"@type":"WebPage","@id":"https:\/\/www.adf.org.br\/home\/nao-deixe-de-ler-esta-carta-uma-mensagem-muito-importante-espera-por-voce-parte-2\/#webpage","url":"https:\/\/www.adf.org.br\/home\/nao-deixe-de-ler-esta-carta-uma-mensagem-muito-importante-espera-por-voce-parte-2\/","name":"Uma mensagem muito importante espera por voc\u00ea\u2026 - Parte 2","isPartOf":{"@id":"https:\/\/www.adf.org.br\/home\/#website"},"primaryImageOfPage":{"@id":"https:\/\/www.adf.org.br\/home\/nao-deixe-de-ler-esta-carta-uma-mensagem-muito-importante-espera-por-voce-parte-2\/#primaryimage"},"datePublished":"2020-08-12T03:30:04+00:00","dateModified":"2020-08-11T20:41:12+00:00","author":{"@id":"https:\/\/www.adf.org.br\/home\/#\/schema\/person\/f35a5c5aa7728a3dedf4ea9aa1fc2753"},"description":"Confira a segunda parte da carta da Irm\u00e3 L\u00facia, uma das tr\u00eas crian\u00e7as videntes que presenciaram as apari\u00e7\u00f5es de Nossa Senhora de F\u00e1tima.","breadcrumb":{"@id":"https:\/\/www.adf.org.br\/home\/nao-deixe-de-ler-esta-carta-uma-mensagem-muito-importante-espera-por-voce-parte-2\/#breadcrumb"},"inLanguage":"pt-BR","potentialAction":[{"@type":"ReadAction","target":["https:\/\/www.adf.org.br\/home\/nao-deixe-de-ler-esta-carta-uma-mensagem-muito-importante-espera-por-voce-parte-2\/"]}]},{"@type":"BreadcrumbList","@id":"https:\/\/www.adf.org.br\/home\/nao-deixe-de-ler-esta-carta-uma-mensagem-muito-importante-espera-por-voce-parte-2\/#breadcrumb","itemListElement":[{"@type":"ListItem","position":1,"name":"Home","item":"https:\/\/www.adf.org.br\/home\/"},{"@type":"ListItem","position":2,"name":"N\u00e3o deixe de ler esta carta! Uma mensagem muito importante espera por voc\u00ea\u2026 &#8211; Parte 2"}]},{"@type":"Person","@id":"https:\/\/www.adf.org.br\/home\/#\/schema\/person\/f35a5c5aa7728a3dedf4ea9aa1fc2753","name":"Gabriel Barbosa","image":{"@type":"ImageObject","@id":"https:\/\/www.adf.org.br\/home\/#personlogo","inLanguage":"pt-BR","url":"https:\/\/secure.gravatar.com\/avatar\/2b2cb2f4637682c5605e8d36818f51ef?s=96&d=mm&r=g","contentUrl":"https:\/\/secure.gravatar.com\/avatar\/2b2cb2f4637682c5605e8d36818f51ef?s=96&d=mm&r=g","caption":"Gabriel Barbosa"},"url":"https:\/\/www.adf.org.br\/home\/author\/gabrielpmk-com-br\/"}]}},"_links":{"self":[{"href":"https:\/\/www.adf.org.br\/home\/wp-json\/wp\/v2\/posts\/57966"}],"collection":[{"href":"https:\/\/www.adf.org.br\/home\/wp-json\/wp\/v2\/posts"}],"about":[{"href":"https:\/\/www.adf.org.br\/home\/wp-json\/wp\/v2\/types\/post"}],"author":[{"embeddable":true,"href":"https:\/\/www.adf.org.br\/home\/wp-json\/wp\/v2\/users\/31"}],"replies":[{"embeddable":true,"href":"https:\/\/www.adf.org.br\/home\/wp-json\/wp\/v2\/comments?post=57966"}],"version-history":[{"count":2,"href":"https:\/\/www.adf.org.br\/home\/wp-json\/wp\/v2\/posts\/57966\/revisions"}],"predecessor-version":[{"id":60998,"href":"https:\/\/www.adf.org.br\/home\/wp-json\/wp\/v2\/posts\/57966\/revisions\/60998"}],"wp:featuredmedia":[{"embeddable":true,"href":"https:\/\/www.adf.org.br\/home\/wp-json\/wp\/v2\/media\/60976"}],"wp:attachment":[{"href":"https:\/\/www.adf.org.br\/home\/wp-json\/wp\/v2\/media?parent=57966"}],"wp:term":[{"taxonomy":"category","embeddable":true,"href":"https:\/\/www.adf.org.br\/home\/wp-json\/wp\/v2\/categories?post=57966"},{"taxonomy":"post_tag","embeddable":true,"href":"https:\/\/www.adf.org.br\/home\/wp-json\/wp\/v2\/tags?post=57966"}],"curies":[{"name":"wp","href":"https:\/\/api.w.org\/{rel}","templated":true}]}}