{"id":57926,"date":"2020-03-12T07:30:00","date_gmt":"2020-03-12T10:30:00","guid":{"rendered":"http:\/\/www.adf.org.br\/home\/?p=57926"},"modified":"2020-03-12T07:30:00","modified_gmt":"2020-03-12T10:30:00","slug":"o-quarto-pastorinho-de-fatima","status":"publish","type":"post","link":"https:\/\/www.adf.org.br\/home\/o-quarto-pastorinho-de-fatima\/","title":{"rendered":"O Quarto Pastorinho de F\u00e1tima"},"content":{"rendered":"<div class=\"video-youtube\" style=\"text-align: center;\"><iframe loading=\"lazy\" src=\"https:\/\/www.youtube.com\/embed\/oAwzvFZOgXc\" width=\"560\" height=\"315\" frameborder=\"0\" allowfullscreen=\"allowfullscreen\"><span data-mce-type=\"bookmark\" style=\"display: inline-block; width: 0px; overflow: hidden; line-height: 0;\" class=\"mce_SELRES_start\">\ufeff<\/span><br \/>\n<\/iframe><\/div>\n<p style=\"text-align: center;\"><span style=\"font-family: verdana, geneva, sans-serif; font-size: 12pt; color: #ffffff;\">.<\/span><\/p>\n<p style=\"text-align: center;\"><span style=\"font-family: verdana, geneva, sans-serif; color: #000000; font-size: 12pt;\">Conhe\u00e7a mais fatos pouco conhecidos sobre Nossa Senhora no canal <strong><a href=\"https:\/\/www.youtube.com\/user\/devotosdefatima?sub_confirmation=1\" target=\"_blank\" rel=\"noopener noreferrer\"><span style=\"color: #0000ff;\">Devotos de F\u00e1tima no Youtube<\/span><\/a><\/strong>.\u00a0<\/span><\/p>\n<p style=\"text-align: center;\"><span style=\"font-family: verdana, geneva, sans-serif; color: #ffffff; font-size: 12pt;\">.<\/span><\/p>\n<p style=\"text-align: center;\"><a href=\"https:\/\/www.youtube.com\/user\/devotosdefatima?sub_confirmation=1\" target=\"_blank\" rel=\"noopener noreferrer\"><img loading=\"lazy\" class=\"alignnone wp-image-57783 size-full\" src=\"https:\/\/www.adf.org.br\/home\/wp-content\/uploads\/2020\/03\/YT-ADF-Bot\u00e3o-Tamanho-M\u00e9dio.png\" alt=\"\" width=\"300\" height=\"90\" \/><\/a><\/p>\n<p style=\"text-align: center;\"><span style=\"font-family: verdana, geneva, sans-serif; color: #ffffff; font-size: 12pt;\">.<\/span><\/p>\n<p style=\"text-align: center;\"><span style=\"font-family: verdana, geneva, sans-serif; color: #000000; font-size: 12pt;\"><span style=\"font-weight: 400;\">Fa\u00e7a sua <\/span><a href=\"https:\/\/www.youtube.com\/user\/devotosdefatima?sub_confirmation=1\" target=\"_blank\" rel=\"noopener noreferrer\"><span style=\"font-weight: 400; color: #0000ff;\"><strong>inscri\u00e7\u00e3o<\/strong><\/span><\/a><span style=\"font-weight: 400;\">, <\/span><b>ative o sininho<\/b><span style=\"font-weight: 400;\"> para receber as notifica\u00e7\u00f5es dos novos v\u00eddeos e fortale\u00e7a seus la\u00e7os com Maria Sant\u00edssima.\u00a0<\/span><\/span><\/p>\n<p style=\"text-align: center;\"><span style=\"font-family: verdana, geneva, sans-serif; color: #ffffff; font-size: 12pt;\">.<\/span><\/p>\n<hr \/>\n<p style=\"text-align: center;\"><span style=\"font-family: verdana, geneva, sans-serif; color: #000000; font-size: 12pt;\"><a href=\"https:\/\/adf.org.br\/apostolosdefatima?origem=13541#Participar\" target=\"_blank\" rel=\"noopener noreferrer\"><img loading=\"lazy\" class=\"alignnone wp-image-57820 size-full\" src=\"https:\/\/www.adf.org.br\/home\/wp-content\/uploads\/2020\/03\/Ap\u00f3stolo-de-F\u00e1tima-Logo-2.png\" alt=\"\" width=\"209\" height=\"185\" \/><\/a><\/span><\/p>\n<p style=\"text-align: center;\"><span style=\"font-family: verdana, geneva, sans-serif; color: #ffffff; font-size: 12pt;\">.<\/span><\/p>\n<p style=\"text-align: center;\"><span style=\"font-weight: 400; font-family: verdana, geneva, sans-serif; color: #000000; font-size: 12pt;\">Voc\u00ea gostaria de colocar seus pedidos de ora\u00e7\u00e3o numa Santa Missa, mas n\u00e3o sabe como?<\/span><\/p>\n<p style=\"text-align: center;\"><span style=\"font-family: verdana, geneva, sans-serif; color: #ffffff; font-size: 12pt;\">.<\/span><\/p>\n<h3 style=\"text-align: center;\"><strong><span style=\"font-family: verdana, geneva, sans-serif; color: #000000; font-size: 12pt;\">Receba o acesso da&#8230;<\/span><\/strong><\/h3>\n<h3 style=\"text-align: center;\"><span style=\"font-family: verdana, geneva, sans-serif; color: #003366; font-size: 14pt;\"><b>Vela Virtual Permanente<\/b><\/span><\/h3>\n<p style=\"text-align: center;\"><span style=\"font-family: verdana, geneva, sans-serif; color: #ffffff; font-size: 12pt;\">.<\/span><\/p>\n<p style=\"text-align: center;\"><span style=\"font-family: verdana, geneva, sans-serif; color: #000000; font-size: 12pt;\"><a style=\"color: #000000;\" href=\"tel:08006086246\" rel=\"noopener noreferrer\"><img loading=\"lazy\" class=\"alignnone wp-image-57928 size-full\" src=\"https:\/\/www.adf.org.br\/home\/wp-content\/uploads\/2020\/03\/Vela-Permanente.png\" alt=\"\" width=\"499\" height=\"286\" \/><\/a><\/span><\/p>\n<p style=\"text-align: center;\"><span style=\"font-family: verdana, geneva, sans-serif; color: #ffffff; font-size: 12pt;\">.<\/span><\/p>\n<p style=\"text-align: center;\"><span style=\"font-weight: 400; font-family: verdana, geneva, sans-serif; color: #000000; font-size: 12pt;\">E inclua seu nome e suas inten\u00e7\u00f5es na Missa, de forma <strong>privativa<\/strong> e <strong>segura<\/strong>, sempre que quiser.\u00a0<\/span><\/p>\n<p style=\"text-align: center;\"><span style=\"font-family: verdana, geneva, sans-serif; color: #ffffff; font-size: 12pt;\">.<\/span><\/p>\n<h3 style=\"text-align: center;\"><span style=\"font-weight: 400; font-family: verdana, geneva, sans-serif; color: #000000; font-size: 14pt;\">Ligue gratuitamente para:<\/span><\/h3>\n<p style=\"text-align: center;\"><strong><span style=\"font-family: verdana, geneva, sans-serif; color: #0000ff; font-size: 24pt;\"><a style=\"color: #0000ff;\" href=\"tel:08006086246\" rel=\"noopener noreferrer\">0800 608 6246<\/a><\/span><\/strong><\/p>\n<p style=\"text-align: center;\"><span style=\"font-family: verdana, geneva, sans-serif; color: #000000; font-size: 10pt;\"><b><i>Dica:<\/i><\/b><i><span style=\"font-weight: 400;\"> Se estiver no celular, somente tecle no n\u00famero para discar automaticamente.<\/span><\/i><span style=\"font-weight: 400;\">\u00a0<\/span><\/span><\/p>\n<p style=\"text-align: center;\"><span style=\"font-family: verdana, geneva, sans-serif; color: #ffffff; font-size: 12pt;\">.<\/span><\/p>\n<p style=\"text-align: center;\"><span style=\"font-weight: 400; font-family: verdana, geneva, sans-serif; color: #000000; font-size: 12pt;\">E converse com um de nossos colaboradores para saber como obter o <strong>acesso exclusivo<\/strong> da Vela Virtual Permanente.\u00a0<\/span><\/p>\n<p style=\"text-align: center;\"><span style=\"font-family: verdana, geneva, sans-serif; color: #ffffff; font-size: 12pt;\">.<\/span><\/p>\n<blockquote>\n<p style=\"text-align: center;\"><span style=\"font-weight: 400; font-family: verdana, geneva, sans-serif; color: #000000; font-size: 12pt;\">Voc\u00ea poder\u00e1 colocar suas preces em mais de <strong><span style=\"color: #003366;\">60 MISSAS<\/span><\/strong> no decorrer do ano, que ser\u00e3o celebradas todos os s\u00e1bados e nas festas especiais de Nossa Senhora.\u00a0\u00a0<\/span><\/p>\n<\/blockquote>\n<p style=\"text-align: center;\"><span style=\"font-family: verdana, geneva, sans-serif; color: #ffffff; font-size: 12pt;\">.<\/span><\/p>\n<p style=\"text-align: center;\"><span style=\"font-weight: 400; font-family: verdana, geneva, sans-serif; color: #000000; font-size: 12pt;\">Aproveite esta chance de unir seu cora\u00e7\u00e3o cada vez mais com a M\u00e3e de Deus.\u00a0<\/span><\/p>\n<p style=\"text-align: center;\"><span style=\"font-family: verdana, geneva, sans-serif; color: #ffffff; font-size: 12pt;\">.<\/span><\/p>\n<p style=\"text-align: center;\"><span style=\"font-family: verdana, geneva, sans-serif; color: #003366; font-size: 12pt;\"><i>\u201cBendita seja a santa e imaculada concei\u00e7\u00e3o da bem-aventurada Virgem Maria, M\u00e3e de Deus.\u201c <\/i><\/span><strong><span style=\"font-family: verdana, geneva, sans-serif; color: #003366; font-size: 12pt;\"><span style=\"font-weight: 400;\">\ud83d\ude4f\u2764\ufe0f<\/span><\/span><\/strong><\/p>\n<p style=\"text-align: center;\"><span style=\"font-family: verdana, geneva, sans-serif; color: #ffffff; font-size: 12pt;\">.<\/span><\/p>\n<hr \/>\n<p style=\"text-align: center;\"><span style=\"font-family: verdana, geneva, sans-serif; color: #000000; font-size: 12pt;\"><a href=\"https:\/\/adf.org.br\/velario?origem=13541\" target=\"_blank\" rel=\"noopener noreferrer\"><img loading=\"lazy\" class=\"alignnone wp-image-57927 size-full\" src=\"https:\/\/www.adf.org.br\/home\/wp-content\/uploads\/2020\/03\/1-Vela-min-1.png\" alt=\"\" width=\"600\" height=\"200\" \/><\/a><\/span><\/p>\n<p style=\"text-align: center;\"><span style=\"font-family: verdana, geneva, sans-serif; color: #ffffff; font-size: 12pt;\">.<\/span><\/p>\n","protected":false},"excerpt":{"rendered":"<p>\ufeff . Conhe\u00e7a mais fatos pouco conhecidos sobre Nossa Senhora no canal Devotos de F\u00e1tima no Youtube.\u00a0 . . Fa\u00e7a sua inscri\u00e7\u00e3o, ative o sininho para receber as notifica\u00e7\u00f5es dos novos v\u00eddeos e fortale\u00e7a seus la\u00e7os com Maria Sant\u00edssima.\u00a0 . . Voc\u00ea gostaria de colocar seus pedidos de ora\u00e7\u00e3o numa Santa Missa, mas n\u00e3o sabe [&hellip;]<\/p>\n","protected":false},"author":31,"featured_media":57933,"comment_status":"open","ping_status":"open","sticky":false,"template":"","format":"standard","meta":[],"categories":[20,2323,56,2332,101],"tags":[2959,2242,2255,2607,2960,57,779,2941,2961,923,470],"yoast_head":"<!-- This site is optimized with the Yoast SEO plugin v17.4 - https:\/\/yoast.com\/wordpress\/plugins\/seo\/ -->\n<title>O Quarto Pastorinho de F\u00e1tima - Associa\u00e7\u00e3o Devotos de F\u00e1tima<\/title>\n<meta name=\"description\" content=\"Voc\u00ea sabia que Nossa Senhora de F\u00e1tima teve um &quot;Quarto Pastorinho&quot;? Conhe\u00e7a a surpreendente hist\u00f3ria do Ap\u00f3stolo da Virgem Sant\u00edssima que...\" \/>\n<meta name=\"robots\" content=\"index, follow, max-snippet:-1, max-image-preview:large, max-video-preview:-1\" \/>\n<link rel=\"canonical\" href=\"https:\/\/www.adf.org.br\/home\/o-quarto-pastorinho-de-fatima\/\" \/>\n<meta property=\"og:locale\" content=\"pt_BR\" \/>\n<meta property=\"og:type\" content=\"article\" \/>\n<meta property=\"og:title\" content=\"O Quarto Pastorinho de F\u00e1tima - Associa\u00e7\u00e3o Devotos de F\u00e1tima\" \/>\n<meta property=\"og:description\" content=\"Voc\u00ea sabia que Nossa Senhora de F\u00e1tima teve um &quot;Quarto Pastorinho&quot;? Conhe\u00e7a a surpreendente hist\u00f3ria do Ap\u00f3stolo da Virgem Sant\u00edssima que...\" \/>\n<meta property=\"og:url\" content=\"https:\/\/www.adf.org.br\/home\/o-quarto-pastorinho-de-fatima\/\" \/>\n<meta property=\"og:site_name\" content=\"Associa\u00e7\u00e3o Devotos de F\u00e1tima\" \/>\n<meta property=\"article:published_time\" content=\"2020-03-12T10:30:00+00:00\" \/>\n<meta name=\"twitter:card\" content=\"summary_large_image\" \/>\n<meta name=\"twitter:label1\" content=\"Escrito por\" \/>\n\t<meta name=\"twitter:data1\" content=\"Gabriel Barbosa\" \/>\n\t<meta name=\"twitter:label2\" content=\"Est. tempo de leitura\" \/>\n\t<meta name=\"twitter:data2\" content=\"1 minuto\" \/>\n<script type=\"application\/ld+json\" class=\"yoast-schema-graph\">{\"@context\":\"https:\/\/schema.org\",\"@graph\":[{\"@type\":\"WebSite\",\"@id\":\"https:\/\/www.adf.org.br\/home\/#website\",\"url\":\"https:\/\/www.adf.org.br\/home\/\",\"name\":\"Associa\\u00e7\\u00e3o Devotos de F\\u00e1tima\",\"description\":\"Associa\\u00e7\\u00e3o Devotos de F\\u00e1tima\",\"potentialAction\":[{\"@type\":\"SearchAction\",\"target\":{\"@type\":\"EntryPoint\",\"urlTemplate\":\"https:\/\/www.adf.org.br\/home\/?s={search_term_string}\"},\"query-input\":\"required name=search_term_string\"}],\"inLanguage\":\"pt-BR\"},{\"@type\":\"ImageObject\",\"@id\":\"https:\/\/www.adf.org.br\/home\/o-quarto-pastorinho-de-fatima\/#primaryimage\",\"inLanguage\":\"pt-BR\",\"url\":\"\",\"contentUrl\":\"\"},{\"@type\":\"WebPage\",\"@id\":\"https:\/\/www.adf.org.br\/home\/o-quarto-pastorinho-de-fatima\/#webpage\",\"url\":\"https:\/\/www.adf.org.br\/home\/o-quarto-pastorinho-de-fatima\/\",\"name\":\"O Quarto Pastorinho de F\\u00e1tima - Associa\\u00e7\\u00e3o Devotos de F\\u00e1tima\",\"isPartOf\":{\"@id\":\"https:\/\/www.adf.org.br\/home\/#website\"},\"primaryImageOfPage\":{\"@id\":\"https:\/\/www.adf.org.br\/home\/o-quarto-pastorinho-de-fatima\/#primaryimage\"},\"datePublished\":\"2020-03-12T10:30:00+00:00\",\"dateModified\":\"2020-03-12T10:30:00+00:00\",\"author\":{\"@id\":\"https:\/\/www.adf.org.br\/home\/#\/schema\/person\/f35a5c5aa7728a3dedf4ea9aa1fc2753\"},\"description\":\"Voc\\u00ea sabia que Nossa Senhora de F\\u00e1tima teve um \\\"Quarto Pastorinho\\\"? Conhe\\u00e7a a surpreendente hist\\u00f3ria do Ap\\u00f3stolo da Virgem Sant\\u00edssima que...\",\"breadcrumb\":{\"@id\":\"https:\/\/www.adf.org.br\/home\/o-quarto-pastorinho-de-fatima\/#breadcrumb\"},\"inLanguage\":\"pt-BR\",\"potentialAction\":[{\"@type\":\"ReadAction\",\"target\":[\"https:\/\/www.adf.org.br\/home\/o-quarto-pastorinho-de-fatima\/\"]}]},{\"@type\":\"BreadcrumbList\",\"@id\":\"https:\/\/www.adf.org.br\/home\/o-quarto-pastorinho-de-fatima\/#breadcrumb\",\"itemListElement\":[{\"@type\":\"ListItem\",\"position\":1,\"name\":\"Home\",\"item\":\"https:\/\/www.adf.org.br\/home\/\"},{\"@type\":\"ListItem\",\"position\":2,\"name\":\"O Quarto Pastorinho de F\\u00e1tima\"}]},{\"@type\":\"Person\",\"@id\":\"https:\/\/www.adf.org.br\/home\/#\/schema\/person\/f35a5c5aa7728a3dedf4ea9aa1fc2753\",\"name\":\"Gabriel Barbosa\",\"image\":{\"@type\":\"ImageObject\",\"@id\":\"https:\/\/www.adf.org.br\/home\/#personlogo\",\"inLanguage\":\"pt-BR\",\"url\":\"https:\/\/secure.gravatar.com\/avatar\/2b2cb2f4637682c5605e8d36818f51ef?s=96&d=mm&r=g\",\"contentUrl\":\"https:\/\/secure.gravatar.com\/avatar\/2b2cb2f4637682c5605e8d36818f51ef?s=96&d=mm&r=g\",\"caption\":\"Gabriel Barbosa\"},\"url\":\"https:\/\/www.adf.org.br\/home\/author\/gabrielpmk-com-br\/\"}]}<\/script>\n<!-- \/ Yoast SEO plugin. -->","yoast_head_json":{"title":"O Quarto Pastorinho de F\u00e1tima - Associa\u00e7\u00e3o Devotos de F\u00e1tima","description":"Voc\u00ea sabia que Nossa Senhora de F\u00e1tima teve um \"Quarto Pastorinho\"? Conhe\u00e7a a surpreendente hist\u00f3ria do Ap\u00f3stolo da Virgem Sant\u00edssima que...","robots":{"index":"index","follow":"follow","max-snippet":"max-snippet:-1","max-image-preview":"max-image-preview:large","max-video-preview":"max-video-preview:-1"},"canonical":"https:\/\/www.adf.org.br\/home\/o-quarto-pastorinho-de-fatima\/","og_locale":"pt_BR","og_type":"article","og_title":"O Quarto Pastorinho de F\u00e1tima - Associa\u00e7\u00e3o Devotos de F\u00e1tima","og_description":"Voc\u00ea sabia que Nossa Senhora de F\u00e1tima teve um \"Quarto Pastorinho\"? Conhe\u00e7a a surpreendente hist\u00f3ria do Ap\u00f3stolo da Virgem Sant\u00edssima que...","og_url":"https:\/\/www.adf.org.br\/home\/o-quarto-pastorinho-de-fatima\/","og_site_name":"Associa\u00e7\u00e3o Devotos de F\u00e1tima","article_published_time":"2020-03-12T10:30:00+00:00","twitter_card":"summary_large_image","twitter_misc":{"Escrito por":"Gabriel Barbosa","Est. tempo de leitura":"1 minuto"},"schema":{"@context":"https:\/\/schema.org","@graph":[{"@type":"WebSite","@id":"https:\/\/www.adf.org.br\/home\/#website","url":"https:\/\/www.adf.org.br\/home\/","name":"Associa\u00e7\u00e3o Devotos de F\u00e1tima","description":"Associa\u00e7\u00e3o Devotos de F\u00e1tima","potentialAction":[{"@type":"SearchAction","target":{"@type":"EntryPoint","urlTemplate":"https:\/\/www.adf.org.br\/home\/?s={search_term_string}"},"query-input":"required name=search_term_string"}],"inLanguage":"pt-BR"},{"@type":"ImageObject","@id":"https:\/\/www.adf.org.br\/home\/o-quarto-pastorinho-de-fatima\/#primaryimage","inLanguage":"pt-BR","url":"","contentUrl":""},{"@type":"WebPage","@id":"https:\/\/www.adf.org.br\/home\/o-quarto-pastorinho-de-fatima\/#webpage","url":"https:\/\/www.adf.org.br\/home\/o-quarto-pastorinho-de-fatima\/","name":"O Quarto Pastorinho de F\u00e1tima - Associa\u00e7\u00e3o Devotos de F\u00e1tima","isPartOf":{"@id":"https:\/\/www.adf.org.br\/home\/#website"},"primaryImageOfPage":{"@id":"https:\/\/www.adf.org.br\/home\/o-quarto-pastorinho-de-fatima\/#primaryimage"},"datePublished":"2020-03-12T10:30:00+00:00","dateModified":"2020-03-12T10:30:00+00:00","author":{"@id":"https:\/\/www.adf.org.br\/home\/#\/schema\/person\/f35a5c5aa7728a3dedf4ea9aa1fc2753"},"description":"Voc\u00ea sabia que Nossa Senhora de F\u00e1tima teve um \"Quarto Pastorinho\"? Conhe\u00e7a a surpreendente hist\u00f3ria do Ap\u00f3stolo da Virgem Sant\u00edssima que...","breadcrumb":{"@id":"https:\/\/www.adf.org.br\/home\/o-quarto-pastorinho-de-fatima\/#breadcrumb"},"inLanguage":"pt-BR","potentialAction":[{"@type":"ReadAction","target":["https:\/\/www.adf.org.br\/home\/o-quarto-pastorinho-de-fatima\/"]}]},{"@type":"BreadcrumbList","@id":"https:\/\/www.adf.org.br\/home\/o-quarto-pastorinho-de-fatima\/#breadcrumb","itemListElement":[{"@type":"ListItem","position":1,"name":"Home","item":"https:\/\/www.adf.org.br\/home\/"},{"@type":"ListItem","position":2,"name":"O Quarto Pastorinho de F\u00e1tima"}]},{"@type":"Person","@id":"https:\/\/www.adf.org.br\/home\/#\/schema\/person\/f35a5c5aa7728a3dedf4ea9aa1fc2753","name":"Gabriel Barbosa","image":{"@type":"ImageObject","@id":"https:\/\/www.adf.org.br\/home\/#personlogo","inLanguage":"pt-BR","url":"https:\/\/secure.gravatar.com\/avatar\/2b2cb2f4637682c5605e8d36818f51ef?s=96&d=mm&r=g","contentUrl":"https:\/\/secure.gravatar.com\/avatar\/2b2cb2f4637682c5605e8d36818f51ef?s=96&d=mm&r=g","caption":"Gabriel Barbosa"},"url":"https:\/\/www.adf.org.br\/home\/author\/gabrielpmk-com-br\/"}]}},"_links":{"self":[{"href":"https:\/\/www.adf.org.br\/home\/wp-json\/wp\/v2\/posts\/57926"}],"collection":[{"href":"https:\/\/www.adf.org.br\/home\/wp-json\/wp\/v2\/posts"}],"about":[{"href":"https:\/\/www.adf.org.br\/home\/wp-json\/wp\/v2\/types\/post"}],"author":[{"embeddable":true,"href":"https:\/\/www.adf.org.br\/home\/wp-json\/wp\/v2\/users\/31"}],"replies":[{"embeddable":true,"href":"https:\/\/www.adf.org.br\/home\/wp-json\/wp\/v2\/comments?post=57926"}],"version-history":[{"count":0,"href":"https:\/\/www.adf.org.br\/home\/wp-json\/wp\/v2\/posts\/57926\/revisions"}],"wp:featuredmedia":[{"embeddable":true,"href":"https:\/\/www.adf.org.br\/home\/wp-json\/wp\/v2\/media\/57933"}],"wp:attachment":[{"href":"https:\/\/www.adf.org.br\/home\/wp-json\/wp\/v2\/media?parent=57926"}],"wp:term":[{"taxonomy":"category","embeddable":true,"href":"https:\/\/www.adf.org.br\/home\/wp-json\/wp\/v2\/categories?post=57926"},{"taxonomy":"post_tag","embeddable":true,"href":"https:\/\/www.adf.org.br\/home\/wp-json\/wp\/v2\/tags?post=57926"}],"curies":[{"name":"wp","href":"https:\/\/api.w.org\/{rel}","templated":true}]}}