{"id":57798,"date":"2020-03-04T07:30:41","date_gmt":"2020-03-04T10:30:41","guid":{"rendered":"http:\/\/www.adf.org.br\/home\/?p=57798"},"modified":"2020-03-04T07:30:41","modified_gmt":"2020-03-04T10:30:41","slug":"imperdivel-visitamos-a-gruta-de-lourdes","status":"publish","type":"post","link":"https:\/\/www.adf.org.br\/home\/imperdivel-visitamos-a-gruta-de-lourdes\/","title":{"rendered":"IMPERD\u00cdVEL! Visitamos a Gruta de Lourdes\u00a0"},"content":{"rendered":"<div class=\"video-youtube\" style=\"text-align: center;\"><iframe loading=\"lazy\" src=\"https:\/\/www.youtube.com\/embed\/qCqwtrYgC9A\" width=\"560\" height=\"315\" frameborder=\"0\" allowfullscreen=\"allowfullscreen\"><br \/>\n<\/iframe><\/div>\n<p style=\"text-align: center;\"><span style=\"font-family: verdana, geneva, sans-serif; color: #ffffff; font-size: 12pt;\">.<\/span><\/p>\n<h3 style=\"text-align: center;\"><span style=\"font-family: verdana, geneva, sans-serif; color: #800080; font-size: 14pt;\"><b>Gostou do v\u00eddeo?\u00a0<\/b><\/span><\/h3>\n<p style=\"text-align: center;\"><span style=\"font-family: verdana, geneva, sans-serif; color: #ffffff; font-size: 12pt;\">.<\/span><\/p>\n<p style=\"text-align: center;\"><span style=\"font-weight: 400; font-family: verdana, geneva, sans-serif; color: #000000; font-size: 12pt;\">Deseja enviar tamb\u00e9m seu nome ao Santu\u00e1rio Oficial da Sant\u00edssima Virgem de Lourdes?<\/span><\/p>\n<p style=\"text-align: center;\"><span style=\"font-family: verdana, geneva, sans-serif; color: #ffffff; font-size: 12pt;\">.<\/span><\/p>\n<figure id=\"attachment_57804\" aria-describedby=\"caption-attachment-57804\" style=\"width: 620px\" class=\"wp-caption aligncenter\"><a href=\"https:\/\/adf.org.br\/apostolosdacura?origem=13448#presentes\" target=\"_blank\" rel=\"noopener noreferrer\"><img loading=\"lazy\" class=\"wp-image-57804 size-full\" src=\"https:\/\/www.adf.org.br\/home\/wp-content\/uploads\/2020\/03\/Santu\u00e1rio-de-Nossa-Senhora-de-Lourdes_r619201_9_le_sanctuiare_vue_piscine_bdp.vincent-ot_lourdes_2018-2-620-.jpg\" alt=\"\" width=\"620\" height=\"328\" \/><\/a><figcaption id=\"caption-attachment-57804\" class=\"wp-caption-text\">Imagem: Lourdes L&#8217;Inspiratrice \/ Infotourisme<\/figcaption><\/figure>\n<p style=\"text-align: center;\"><span style=\"font-family: verdana, geneva, sans-serif; color: #ffffff; font-size: 12pt;\">.<\/span><\/p>\n<p style=\"text-align: center;\"><span style=\"font-weight: 400; font-family: verdana, geneva, sans-serif; color: #000000; font-size: 12pt;\">Fa\u00e7a como os devotos que tiveram seus nomes levados ao mesmo local das apari\u00e7\u00f5es de Nossa Senhora \u00e0 Santa Bernadette Soubirous.<\/span><\/p>\n<p style=\"text-align: center;\"><span style=\"font-family: verdana, geneva, sans-serif; color: #ffffff; font-size: 12pt;\">.<\/span><\/p>\n<p style=\"text-align: center;\"><strong><span style=\"font-family: verdana, geneva, sans-serif; color: #000000; font-size: 14pt;\">Seja membro do grupo\u00a0<\/span><\/strong><\/p>\n<p style=\"text-align: center;\"><span style=\"font-family: verdana, geneva, sans-serif; color: #003366; font-size: 14pt;\"><b>Ap\u00f3stolos da Cura de Nossa Senhora de Lourdes!<\/b><span style=\"font-weight: 400;\">\u00a0<\/span><\/span><\/p>\n<p style=\"text-align: center;\"><span style=\"font-family: verdana, geneva, sans-serif; color: #ffffff; font-size: 12pt;\">.<\/span><\/p>\n<p style=\"text-align: center;\"><span style=\"font-weight: 400; font-family: verdana, geneva, sans-serif; color: #000000; font-size: 12pt;\">E, <strong>sem sair de casa<\/strong>, colabore com as obras de evangeliza\u00e7\u00e3o dedicadas \u00e0 Virgem Maria.\u00a0<\/span><\/p>\n<p style=\"text-align: center;\"><span style=\"font-family: verdana, geneva, sans-serif; color: #ffffff; font-size: 12pt;\">.<\/span><\/p>\n<p style=\"text-align: center;\"><span style=\"font-family: verdana, geneva, sans-serif; color: #000000; font-size: 12pt;\"><span style=\"font-weight: 400;\">Para fazer seu cadastro ligue <\/span><b>gratuitamente <\/b><span style=\"font-weight: 400;\">para:<\/span><\/span><\/p>\n<blockquote>\n<p style=\"text-align: center;\"><span style=\"color: #0000ff;\"><strong><span style=\"font-family: verdana, geneva, sans-serif; font-size: 24pt;\"><a href=\"tel:08006086246\"><span style=\"color: #0000ff;\">0800 608 6246<\/span><\/a><br \/>\n<\/span><\/strong><\/span><span style=\"font-family: verdana, geneva, sans-serif; color: #000000; font-size: 10pt;\"><b><i>Dica:<\/i><\/b><i><span style=\"font-weight: 400;\"> Se estiver no celular, somente tecle no n\u00famero para discar automaticamente.<\/span><\/i><span style=\"font-weight: 400;\">\u00a0<\/span><\/span><\/p>\n<\/blockquote>\n<p style=\"text-align: center;\"><span style=\"font-family: verdana, geneva, sans-serif; color: #ffffff; font-size: 12pt;\">.<\/span><\/p>\n<p style=\"text-align: center;\"><span style=\"font-weight: 400; font-family: verdana, geneva, sans-serif; color: #000000; font-size: 12pt;\">E converse com um de nossos colaboradores que est\u00e3o dispon\u00edveis de <strong>segunda a sexta-feira<\/strong>, das <strong>08h \u00e0s 18h<\/strong>.<\/span><\/p>\n<p style=\"text-align: center;\"><span style=\"font-family: verdana, geneva, sans-serif; color: #ffffff; font-size: 12pt;\">.<\/span><\/p>\n<h3 style=\"text-align: center;\"><span style=\"font-family: verdana, geneva, sans-serif; color: #800080; font-size: 14pt;\"><b>Presentes de Agradecimento<\/b><\/span><\/h3>\n<p style=\"text-align: center;\"><span style=\"font-family: verdana, geneva, sans-serif; color: #ffffff; font-size: 12pt;\">.<\/span><\/p>\n<p style=\"text-align: center;\"><span style=\"font-weight: 400; font-family: verdana, geneva, sans-serif; color: #000000; font-size: 12pt;\">Como uma forma de retribuirmos seu apoio, al\u00e9m do seu nome ser enviado ao Santu\u00e1rio, voc\u00ea poder\u00e1 receber\u2026<\/span><\/p>\n<p style=\"text-align: center;\"><span style=\"font-family: verdana, geneva, sans-serif; color: #ffffff; font-size: 12pt;\">.<\/span><\/p>\n<p style=\"text-align: center;\">\u00a0 <a href=\"https:\/\/adf.org.br\/apostolosdacura?origem=13448#presentes\" target=\"_blank\" rel=\"noopener noreferrer\"><img loading=\"lazy\" class=\"alignnone wp-image-57803 size-full\" src=\"https:\/\/www.adf.org.br\/home\/wp-content\/uploads\/2020\/03\/Santu\u00e1rio-e-Medalha-de-Nossa-Senhora-de-Lourdes.jpg\" alt=\"\" width=\"620\" height=\"393\" \/><\/a><\/p>\n<p style=\"text-align: center;\"><span style=\"font-family: verdana, geneva, sans-serif; color: #ffffff; font-size: 12pt;\">.<\/span><\/p>\n<p style=\"text-align: center;\"><span style=\"color: #003366;\"><strong><span style=\"font-family: verdana, geneva, sans-serif; font-size: 12pt;\">A Medalha de Nossa Senhora de Lourdes, j\u00e1 aben\u00e7oada por um sacerdote.<\/span><\/strong><\/span><\/p>\n<p style=\"text-align: center;\"><span style=\"font-family: verdana, geneva, sans-serif; color: #ffffff; font-size: 12pt;\">.<\/span><\/p>\n<p style=\"text-align: center;\"><span style=\"font-weight: 400; font-family: verdana, geneva, sans-serif; color: #000000; font-size: 12pt;\">Entre outros incr\u00edveis presentes espirituais.<\/span><\/p>\n<p><span style=\"color: #ffffff;\">.<\/span><\/p>\n<p style=\"text-align: center;\"><a href=\"https:\/\/adf.org.br\/apostolosdacura\/inscrever\/?origem=13448\" target=\"_blank\" rel=\"noopener noreferrer\"><span style=\"font-size: 14pt;\"><strong><span style=\"color: #0000ff; font-family: verdana, geneva, sans-serif;\">Inscreva-se aqui.<\/span><\/strong><\/span><\/a><\/p>\n<p><span style=\"color: #ffffff;\">.<\/span><\/p>\n<p style=\"text-align: center;\"><span style=\"font-weight: 400; font-family: verdana, geneva, sans-serif; color: #000000; font-size: 12pt;\">Certamente a Sant\u00edssima Virgem ir\u00e1 aben\u00e7oar voc\u00ea com muitas gra\u00e7as em sua vida.\u00a0<\/span><\/p>\n<p style=\"text-align: center;\"><span style=\"font-family: verdana, geneva, sans-serif; color: #ffffff; font-size: 12pt;\">.<\/span><\/p>\n<p style=\"text-align: center;\"><span style=\"font-family: verdana, geneva, sans-serif; color: #000000; font-size: 12pt;\"><strong><span style=\"color: #003366;\"><i>\u201cNossa Senhora de Lourdes, rogai por n\u00f3s.\u201d <\/i><\/span><\/strong><span style=\"font-weight: 400;\">\u2764\ufe0f\ud83d\ude4f<\/span><\/span><\/p>\n<p style=\"text-align: center;\"><span style=\"font-family: verdana, geneva, sans-serif; color: #ffffff; font-size: 12pt;\">.<\/span><\/p>\n<p style=\"text-align: center;\"><span style=\"font-family: verdana, geneva, sans-serif; color: #000000; font-size: 12pt;\"><a href=\"https:\/\/adf.org.br\/velario\/lourdes?origem=13448\" target=\"_blank\" rel=\"noopener noreferrer\"><img loading=\"lazy\" class=\"alignnone wp-image-57401 size-full\" src=\"https:\/\/www.adf.org.br\/home\/wp-content\/uploads\/2020\/02\/Vela-de-Nossa-Senhora-de-Lourdes-2.jpg\" alt=\"\" width=\"498\" height=\"290\" \/><\/a><\/span><\/p>\n<p style=\"text-align: center;\"><span style=\"font-family: verdana, geneva, sans-serif; color: #ffffff; font-size: 12pt;\">.<\/span><\/p>\n<hr \/>\n<p style=\"text-align: center;\"><span style=\"font-family: verdana, geneva, sans-serif; color: #003366; font-size: 12pt;\"><b>DEVOTOS DE F\u00c1TIMA NO YOUTUBE\u00a0<\/b><\/span><\/p>\n<p style=\"text-align: center;\"><span style=\"font-family: verdana, geneva, sans-serif; color: #ffffff; font-size: 12pt;\">.<\/span><\/p>\n<p style=\"text-align: center;\"><span style=\"font-family: verdana, geneva, sans-serif; color: #000000; font-size: 12pt;\"><a href=\"https:\/\/www.youtube.com\/user\/devotosdefatima?sub_confirmation=1\" target=\"_blank\" rel=\"noopener noreferrer\"><span style=\"color: #0000ff;\"><b>Fa\u00e7a aqui sua inscri\u00e7\u00e3o<\/b><\/span><\/a> <span style=\"font-weight: 400;\">no canal dedicado \u00e0 Nossa Senhora que mais cresce no Youtube.\u00a0<\/span><\/span><\/p>\n<p style=\"text-align: center;\"><span style=\"font-family: verdana, geneva, sans-serif; color: #ffffff; font-size: 12pt;\">.<\/span><\/p>\n<p style=\"text-align: center;\"><span style=\"font-weight: 400; font-family: verdana, geneva, sans-serif; color: #000000; font-size: 12pt;\">Ora\u00e7\u00f5es, as origens das Devo\u00e7\u00f5es Marianas, conte\u00fados cat\u00f3licos e muito mais aguardam por voc\u00ea!<\/span><\/p>\n<p style=\"text-align: center;\"><span style=\"font-family: verdana, geneva, sans-serif; color: #000000; font-size: 12pt;\"><a href=\"https:\/\/www.youtube.com\/user\/devotosdefatima?sub_confirmation=1\" target=\"_blank\" rel=\"noopener noreferrer\"><img loading=\"lazy\" class=\"alignnone wp-image-57495 size-full\" src=\"https:\/\/www.adf.org.br\/home\/wp-content\/uploads\/2020\/02\/YT-ADF-Bot\u00e3o-Tamanho-M\u00e9dio-2.png\" alt=\"\" width=\"300\" height=\"90\" \/><\/a><\/span><\/p>\n<p style=\"text-align: center;\"><span style=\"font-weight: 400; font-family: verdana, geneva, sans-serif; color: #000000; font-size: 12pt;\"><strong>Fa\u00e7a sua <a href=\"https:\/\/www.youtube.com\/user\/devotosdefatima?sub_confirmation=1\" target=\"_blank\" rel=\"noopener noreferrer\"><span style=\"color: #0000ff;\">inscri\u00e7\u00e3o<\/span><\/a> e fortale\u00e7a sua uni\u00e3o com Nossa M\u00e3e Sant\u00edssima.<\/strong> \ud83d\ude4f<\/span><\/p>\n<p style=\"text-align: center;\"><span style=\"font-family: verdana, geneva, sans-serif; color: #ffffff; font-size: 12pt;\">.<\/span><\/p>\n","protected":false},"excerpt":{"rendered":"<p>. Gostou do v\u00eddeo?\u00a0 . Deseja enviar tamb\u00e9m seu nome ao Santu\u00e1rio Oficial da Sant\u00edssima Virgem de Lourdes? . . Fa\u00e7a como os devotos que tiveram seus nomes levados ao mesmo local das apari\u00e7\u00f5es de Nossa Senhora \u00e0 Santa Bernadette Soubirous. . Seja membro do grupo\u00a0 Ap\u00f3stolos da Cura de Nossa Senhora de Lourdes!\u00a0 . [&hellip;]<\/p>\n","protected":false},"author":31,"featured_media":57805,"comment_status":"open","ping_status":"open","sticky":false,"template":"","format":"standard","meta":[],"categories":[20,2387,2460,101],"tags":[2598,524,54,2317,2828,2778,1064,816,2600],"yoast_head":"<!-- This site is optimized with the Yoast SEO plugin v17.4 - https:\/\/yoast.com\/wordpress\/plugins\/seo\/ -->\n<title>IMPERD\u00cdVEL! Visitamos a Gruta de Lourdes\u00a0 - Associa\u00e7\u00e3o Devotos de F\u00e1tima<\/title>\n<meta name=\"description\" content=\"Assista ao v\u00eddeo e veja a entrega dos nomes dos Ap\u00f3stolos da Cura no Santu\u00e1rio e Gruta de Nossa Senhora de Lourdes, na Fran\u00e7a. E ainda saiba..\" \/>\n<meta name=\"robots\" content=\"index, follow, max-snippet:-1, max-image-preview:large, max-video-preview:-1\" \/>\n<link rel=\"canonical\" href=\"https:\/\/www.adf.org.br\/home\/imperdivel-visitamos-a-gruta-de-lourdes\/\" \/>\n<meta property=\"og:locale\" content=\"pt_BR\" \/>\n<meta property=\"og:type\" content=\"article\" \/>\n<meta property=\"og:title\" content=\"IMPERD\u00cdVEL! Visitamos a Gruta de Lourdes\u00a0 - Associa\u00e7\u00e3o Devotos de F\u00e1tima\" \/>\n<meta property=\"og:description\" content=\"Assista ao v\u00eddeo e veja a entrega dos nomes dos Ap\u00f3stolos da Cura no Santu\u00e1rio e Gruta de Nossa Senhora de Lourdes, na Fran\u00e7a. E ainda saiba..\" \/>\n<meta property=\"og:url\" content=\"https:\/\/www.adf.org.br\/home\/imperdivel-visitamos-a-gruta-de-lourdes\/\" \/>\n<meta property=\"og:site_name\" content=\"Associa\u00e7\u00e3o Devotos de F\u00e1tima\" \/>\n<meta property=\"article:published_time\" content=\"2020-03-04T10:30:41+00:00\" \/>\n<meta name=\"twitter:card\" content=\"summary_large_image\" \/>\n<meta name=\"twitter:label1\" content=\"Escrito por\" \/>\n\t<meta name=\"twitter:data1\" content=\"Gabriel Barbosa\" \/>\n\t<meta name=\"twitter:label2\" content=\"Est. tempo de leitura\" \/>\n\t<meta name=\"twitter:data2\" content=\"1 minuto\" \/>\n<script type=\"application\/ld+json\" class=\"yoast-schema-graph\">{\"@context\":\"https:\/\/schema.org\",\"@graph\":[{\"@type\":\"WebSite\",\"@id\":\"https:\/\/www.adf.org.br\/home\/#website\",\"url\":\"https:\/\/www.adf.org.br\/home\/\",\"name\":\"Associa\\u00e7\\u00e3o Devotos de F\\u00e1tima\",\"description\":\"Associa\\u00e7\\u00e3o Devotos de F\\u00e1tima\",\"potentialAction\":[{\"@type\":\"SearchAction\",\"target\":{\"@type\":\"EntryPoint\",\"urlTemplate\":\"https:\/\/www.adf.org.br\/home\/?s={search_term_string}\"},\"query-input\":\"required name=search_term_string\"}],\"inLanguage\":\"pt-BR\"},{\"@type\":\"ImageObject\",\"@id\":\"https:\/\/www.adf.org.br\/home\/imperdivel-visitamos-a-gruta-de-lourdes\/#primaryimage\",\"inLanguage\":\"pt-BR\",\"url\":\"\",\"contentUrl\":\"\"},{\"@type\":\"WebPage\",\"@id\":\"https:\/\/www.adf.org.br\/home\/imperdivel-visitamos-a-gruta-de-lourdes\/#webpage\",\"url\":\"https:\/\/www.adf.org.br\/home\/imperdivel-visitamos-a-gruta-de-lourdes\/\",\"name\":\"IMPERD\\u00cdVEL! Visitamos a Gruta de Lourdes\\u00a0 - Associa\\u00e7\\u00e3o Devotos de F\\u00e1tima\",\"isPartOf\":{\"@id\":\"https:\/\/www.adf.org.br\/home\/#website\"},\"primaryImageOfPage\":{\"@id\":\"https:\/\/www.adf.org.br\/home\/imperdivel-visitamos-a-gruta-de-lourdes\/#primaryimage\"},\"datePublished\":\"2020-03-04T10:30:41+00:00\",\"dateModified\":\"2020-03-04T10:30:41+00:00\",\"author\":{\"@id\":\"https:\/\/www.adf.org.br\/home\/#\/schema\/person\/f35a5c5aa7728a3dedf4ea9aa1fc2753\"},\"description\":\"Assista ao v\\u00eddeo e veja a entrega dos nomes dos Ap\\u00f3stolos da Cura no Santu\\u00e1rio e Gruta de Nossa Senhora de Lourdes, na Fran\\u00e7a. E ainda saiba..\",\"breadcrumb\":{\"@id\":\"https:\/\/www.adf.org.br\/home\/imperdivel-visitamos-a-gruta-de-lourdes\/#breadcrumb\"},\"inLanguage\":\"pt-BR\",\"potentialAction\":[{\"@type\":\"ReadAction\",\"target\":[\"https:\/\/www.adf.org.br\/home\/imperdivel-visitamos-a-gruta-de-lourdes\/\"]}]},{\"@type\":\"BreadcrumbList\",\"@id\":\"https:\/\/www.adf.org.br\/home\/imperdivel-visitamos-a-gruta-de-lourdes\/#breadcrumb\",\"itemListElement\":[{\"@type\":\"ListItem\",\"position\":1,\"name\":\"Home\",\"item\":\"https:\/\/www.adf.org.br\/home\/\"},{\"@type\":\"ListItem\",\"position\":2,\"name\":\"IMPERD\\u00cdVEL! Visitamos a Gruta de Lourdes\\u00a0\"}]},{\"@type\":\"Person\",\"@id\":\"https:\/\/www.adf.org.br\/home\/#\/schema\/person\/f35a5c5aa7728a3dedf4ea9aa1fc2753\",\"name\":\"Gabriel Barbosa\",\"image\":{\"@type\":\"ImageObject\",\"@id\":\"https:\/\/www.adf.org.br\/home\/#personlogo\",\"inLanguage\":\"pt-BR\",\"url\":\"https:\/\/secure.gravatar.com\/avatar\/2b2cb2f4637682c5605e8d36818f51ef?s=96&d=mm&r=g\",\"contentUrl\":\"https:\/\/secure.gravatar.com\/avatar\/2b2cb2f4637682c5605e8d36818f51ef?s=96&d=mm&r=g\",\"caption\":\"Gabriel Barbosa\"},\"url\":\"https:\/\/www.adf.org.br\/home\/author\/gabrielpmk-com-br\/\"}]}<\/script>\n<!-- \/ Yoast SEO plugin. -->","yoast_head_json":{"title":"IMPERD\u00cdVEL! Visitamos a Gruta de Lourdes\u00a0 - Associa\u00e7\u00e3o Devotos de F\u00e1tima","description":"Assista ao v\u00eddeo e veja a entrega dos nomes dos Ap\u00f3stolos da Cura no Santu\u00e1rio e Gruta de Nossa Senhora de Lourdes, na Fran\u00e7a. E ainda saiba..","robots":{"index":"index","follow":"follow","max-snippet":"max-snippet:-1","max-image-preview":"max-image-preview:large","max-video-preview":"max-video-preview:-1"},"canonical":"https:\/\/www.adf.org.br\/home\/imperdivel-visitamos-a-gruta-de-lourdes\/","og_locale":"pt_BR","og_type":"article","og_title":"IMPERD\u00cdVEL! Visitamos a Gruta de Lourdes\u00a0 - Associa\u00e7\u00e3o Devotos de F\u00e1tima","og_description":"Assista ao v\u00eddeo e veja a entrega dos nomes dos Ap\u00f3stolos da Cura no Santu\u00e1rio e Gruta de Nossa Senhora de Lourdes, na Fran\u00e7a. E ainda saiba..","og_url":"https:\/\/www.adf.org.br\/home\/imperdivel-visitamos-a-gruta-de-lourdes\/","og_site_name":"Associa\u00e7\u00e3o Devotos de F\u00e1tima","article_published_time":"2020-03-04T10:30:41+00:00","twitter_card":"summary_large_image","twitter_misc":{"Escrito por":"Gabriel Barbosa","Est. tempo de leitura":"1 minuto"},"schema":{"@context":"https:\/\/schema.org","@graph":[{"@type":"WebSite","@id":"https:\/\/www.adf.org.br\/home\/#website","url":"https:\/\/www.adf.org.br\/home\/","name":"Associa\u00e7\u00e3o Devotos de F\u00e1tima","description":"Associa\u00e7\u00e3o Devotos de F\u00e1tima","potentialAction":[{"@type":"SearchAction","target":{"@type":"EntryPoint","urlTemplate":"https:\/\/www.adf.org.br\/home\/?s={search_term_string}"},"query-input":"required name=search_term_string"}],"inLanguage":"pt-BR"},{"@type":"ImageObject","@id":"https:\/\/www.adf.org.br\/home\/imperdivel-visitamos-a-gruta-de-lourdes\/#primaryimage","inLanguage":"pt-BR","url":"","contentUrl":""},{"@type":"WebPage","@id":"https:\/\/www.adf.org.br\/home\/imperdivel-visitamos-a-gruta-de-lourdes\/#webpage","url":"https:\/\/www.adf.org.br\/home\/imperdivel-visitamos-a-gruta-de-lourdes\/","name":"IMPERD\u00cdVEL! Visitamos a Gruta de Lourdes\u00a0 - Associa\u00e7\u00e3o Devotos de F\u00e1tima","isPartOf":{"@id":"https:\/\/www.adf.org.br\/home\/#website"},"primaryImageOfPage":{"@id":"https:\/\/www.adf.org.br\/home\/imperdivel-visitamos-a-gruta-de-lourdes\/#primaryimage"},"datePublished":"2020-03-04T10:30:41+00:00","dateModified":"2020-03-04T10:30:41+00:00","author":{"@id":"https:\/\/www.adf.org.br\/home\/#\/schema\/person\/f35a5c5aa7728a3dedf4ea9aa1fc2753"},"description":"Assista ao v\u00eddeo e veja a entrega dos nomes dos Ap\u00f3stolos da Cura no Santu\u00e1rio e Gruta de Nossa Senhora de Lourdes, na Fran\u00e7a. E ainda saiba..","breadcrumb":{"@id":"https:\/\/www.adf.org.br\/home\/imperdivel-visitamos-a-gruta-de-lourdes\/#breadcrumb"},"inLanguage":"pt-BR","potentialAction":[{"@type":"ReadAction","target":["https:\/\/www.adf.org.br\/home\/imperdivel-visitamos-a-gruta-de-lourdes\/"]}]},{"@type":"BreadcrumbList","@id":"https:\/\/www.adf.org.br\/home\/imperdivel-visitamos-a-gruta-de-lourdes\/#breadcrumb","itemListElement":[{"@type":"ListItem","position":1,"name":"Home","item":"https:\/\/www.adf.org.br\/home\/"},{"@type":"ListItem","position":2,"name":"IMPERD\u00cdVEL! Visitamos a Gruta de Lourdes\u00a0"}]},{"@type":"Person","@id":"https:\/\/www.adf.org.br\/home\/#\/schema\/person\/f35a5c5aa7728a3dedf4ea9aa1fc2753","name":"Gabriel Barbosa","image":{"@type":"ImageObject","@id":"https:\/\/www.adf.org.br\/home\/#personlogo","inLanguage":"pt-BR","url":"https:\/\/secure.gravatar.com\/avatar\/2b2cb2f4637682c5605e8d36818f51ef?s=96&d=mm&r=g","contentUrl":"https:\/\/secure.gravatar.com\/avatar\/2b2cb2f4637682c5605e8d36818f51ef?s=96&d=mm&r=g","caption":"Gabriel Barbosa"},"url":"https:\/\/www.adf.org.br\/home\/author\/gabrielpmk-com-br\/"}]}},"_links":{"self":[{"href":"https:\/\/www.adf.org.br\/home\/wp-json\/wp\/v2\/posts\/57798"}],"collection":[{"href":"https:\/\/www.adf.org.br\/home\/wp-json\/wp\/v2\/posts"}],"about":[{"href":"https:\/\/www.adf.org.br\/home\/wp-json\/wp\/v2\/types\/post"}],"author":[{"embeddable":true,"href":"https:\/\/www.adf.org.br\/home\/wp-json\/wp\/v2\/users\/31"}],"replies":[{"embeddable":true,"href":"https:\/\/www.adf.org.br\/home\/wp-json\/wp\/v2\/comments?post=57798"}],"version-history":[{"count":0,"href":"https:\/\/www.adf.org.br\/home\/wp-json\/wp\/v2\/posts\/57798\/revisions"}],"wp:featuredmedia":[{"embeddable":true,"href":"https:\/\/www.adf.org.br\/home\/wp-json\/wp\/v2\/media\/57805"}],"wp:attachment":[{"href":"https:\/\/www.adf.org.br\/home\/wp-json\/wp\/v2\/media?parent=57798"}],"wp:term":[{"taxonomy":"category","embeddable":true,"href":"https:\/\/www.adf.org.br\/home\/wp-json\/wp\/v2\/categories?post=57798"},{"taxonomy":"post_tag","embeddable":true,"href":"https:\/\/www.adf.org.br\/home\/wp-json\/wp\/v2\/tags?post=57798"}],"curies":[{"name":"wp","href":"https:\/\/api.w.org\/{rel}","templated":true}]}}