{"id":57608,"date":"2020-02-21T07:30:31","date_gmt":"2020-02-21T10:30:31","guid":{"rendered":"http:\/\/www.adf.org.br\/home\/?p=57608"},"modified":"2020-02-21T07:30:31","modified_gmt":"2020-02-21T10:30:31","slug":"a-perseguicao-aos-pastorinhos-de-nossa-senhora","status":"publish","type":"post","link":"https:\/\/www.adf.org.br\/home\/a-perseguicao-aos-pastorinhos-de-nossa-senhora\/","title":{"rendered":"A persegui\u00e7\u00e3o aos Pastorinhos de Nossa Senhora"},"content":{"rendered":"<div class=\"video-youtube\" style=\"text-align: center;\"><iframe loading=\"lazy\" src=\"https:\/\/www.youtube.com\/embed\/B71xsCMmKSM\" width=\"560\" height=\"315\" frameborder=\"0\" allowfullscreen=\"allowfullscreen\"><br \/>\n<\/iframe><\/div>\n<div><span style=\"color: #ffffff;\">.<\/span><\/div>\n<div>\n<h3 style=\"text-align: center;\"><span style=\"font-family: verdana, geneva, sans-serif; font-size: 14pt; color: #003366;\"><b>Canal Devotos de F\u00e1tima<\/b><\/span><\/h3>\n<p><span style=\"font-family: verdana, geneva, sans-serif; font-size: 12pt; color: #ffffff;\">.<\/span><\/p>\n<p style=\"text-align: center;\"><strong><span style=\"font-family: verdana, geneva, sans-serif; font-size: 12pt; color: #000000;\"><span style=\"color: #0000ff;\"><a style=\"color: #0000ff;\" href=\"https:\/\/www.youtube.com\/user\/devotosdefatima?sub_confirmation=1\" target=\"_blank\" rel=\"noopener noreferrer\">Inscreva-se aqui<\/a><\/span>, curta e compartilhe os v\u00eddeos do canal Devotos de F\u00e1tima no Youtube.<\/span><\/strong><\/p>\n<p><span style=\"font-family: verdana, geneva, sans-serif; font-size: 12pt; color: #ffffff;\">.<\/span><\/p>\n<p style=\"text-align: center;\"><span style=\"font-weight: 400; font-family: verdana, geneva, sans-serif; font-size: 12pt; color: #000000;\">Precisamos divulgar para a humanidade a import\u00e2ncia das mensagens de Nossa Senhora, ainda mais nos dias de hoje em que a paz est\u00e1 t\u00e3o ausente nas fam\u00edlias e no mundo.\u00a0<\/span><\/p>\n<p><span style=\"font-family: verdana, geneva, sans-serif; font-size: 12pt; color: #ffffff;\">.<\/span><\/p>\n<p style=\"text-align: center;\"><span style=\"font-family: verdana, geneva, sans-serif; font-size: 12pt; color: #000000;\"><a style=\"color: #000000;\" href=\"https:\/\/www.youtube.com\/user\/devotosdefatima?sub_confirmation=1\" target=\"_blank\" rel=\"noopener noreferrer\"><img loading=\"lazy\" class=\"alignnone wp-image-57495 size-full\" src=\"https:\/\/www.adf.org.br\/home\/wp-content\/uploads\/2020\/02\/YT-ADF-Bot\u00e3o-Tamanho-M\u00e9dio-2.png\" alt=\"\" width=\"300\" height=\"90\" \/><\/a><\/span><\/p>\n<p><span style=\"font-family: verdana, geneva, sans-serif; font-size: 12pt; color: #ffffff;\">.<\/span><\/p>\n<p style=\"text-align: center;\"><span style=\"font-family: verdana, geneva, sans-serif; font-size: 12pt; color: #000000;\"><b>Com poucos cliques voc\u00ea poder\u00e1 fazer muita diferen\u00e7a na vida das pessoas, inclusive na sua.\u00a0<\/b><\/span><\/p>\n<p><span style=\"font-family: verdana, geneva, sans-serif; font-size: 12pt; color: #ffffff;\">.<\/span><\/p>\n<blockquote>\n<p style=\"text-align: center;\"><span style=\"font-family: verdana, geneva, sans-serif; font-size: 12pt; color: #000000;\"><b>Dica:<\/b><span style=\"font-weight: 400;\"> Ative o sininho do canal para ser avisado sobre a publica\u00e7\u00e3o de novos v\u00eddeos.\u00a0<\/span><\/span><\/p>\n<\/blockquote>\n<p><span style=\"font-family: verdana, geneva, sans-serif; font-size: 12pt; color: #ffffff;\">.<\/span><\/p>\n<p style=\"text-align: center;\"><span style=\"font-family: verdana, geneva, sans-serif; font-size: 12pt; color: #0000ff;\"><a style=\"color: #0000ff;\" href=\"https:\/\/www.youtube.com\/user\/devotosdefatima\/videos\" target=\"_blank\" rel=\"noopener noreferrer\"><b>Assista aqui a outros v\u00eddeos sobre as Devo\u00e7\u00f5es Marianas<\/b><\/a><b>\u00a0<\/b><\/span><\/p>\n<p><span style=\"font-family: verdana, geneva, sans-serif; font-size: 12pt; color: #ffffff;\">.<\/span><\/p>\n<hr \/>\n<h3 style=\"text-align: center;\"><span style=\"font-family: verdana, geneva, sans-serif; font-size: 14pt; color: #800080;\"><b>Missa em louvor a Nossa Senhora<\/b><\/span><\/h3>\n<p><span style=\"font-family: verdana, geneva, sans-serif; font-size: 12pt; color: #ffffff;\">.<\/span><\/p>\n<p style=\"text-align: center;\"><span style=\"font-weight: 400; font-family: verdana, geneva, sans-serif; font-size: 14pt; color: #000000;\">\u00c9 amanh\u00e3!<br \/>\n<span style=\"color: #ffffff;\">.<\/span><\/span><\/p>\n<p><span style=\"font-family: verdana, geneva, sans-serif; font-size: 12pt; color: #000000;\"><a style=\"color: #000000;\" href=\"https:\/\/adf.org.br\/velario\/fatima?origem=13362\" target=\"_blank\" rel=\"noopener noreferrer\"><img loading=\"lazy\" class=\"wp-image-57611 size-full aligncenter\" src=\"https:\/\/www.adf.org.br\/home\/wp-content\/uploads\/2020\/02\/Nossa-Senhora-Imagem-Destacada-10.jpg\" alt=\"\" width=\"620\" height=\"393\" \/><\/a><\/span><\/p>\n<p style=\"text-align: center;\"><span style=\"font-family: verdana, geneva, sans-serif; font-size: 12pt; color: #ffffff;\">.<\/span><\/p>\n<p style=\"text-align: center;\"><span style=\"font-family: verdana, geneva, sans-serif; font-size: 14pt; color: #000000;\"><span style=\"font-weight: 400;\">Ligue <\/span><b>gr\u00e1tis<\/b><span style=\"font-weight: 400;\"> para:<\/span><\/span><\/p>\n<p style=\"text-align: center;\"><span style=\"font-size: 24pt;\"><strong><span style=\"font-family: verdana, geneva, sans-serif; color: #0000ff;\"><a style=\"color: #0000ff;\" href=\"tel:08006086246\">0800 608 6246\u00a0<\/a><\/span><\/strong><\/span><\/p>\n<p style=\"text-align: center;\"><span style=\"font-family: verdana, geneva, sans-serif; font-size: 10pt; color: #000000;\"><i><span style=\"font-weight: 400;\"><strong>Dica:<\/strong> Se estiver no celular, somente tecle no n\u00famero para discar automaticamente.<\/span><\/i><\/span><\/p>\n<p><span style=\"font-family: verdana, geneva, sans-serif; font-size: 12pt; color: #ffffff;\">.<\/span><\/p>\n<p style=\"text-align: center;\"><strong><span style=\"font-family: verdana, geneva, sans-serif; font-size: 12pt; color: #000000;\">E registre seu nome e seus pedidos na Celebra\u00e7\u00e3o dedicada \u00e0 Virgem Sant\u00edssima.\u00a0<\/span><\/strong><\/p>\n<p><span style=\"font-family: verdana, geneva, sans-serif; font-size: 12pt; color: #ffffff;\">.<\/span><\/p>\n<blockquote>\n<p style=\"text-align: center;\"><span style=\"font-family: verdana, geneva, sans-serif; font-size: 12pt; color: #000000;\"><b>Hor\u00e1rio de Atendimento: <\/b><span style=\"font-weight: 400;\">De segunda a sexta-feira, das 08h \u00e0s 18h.<\/span><b>\u00a0<\/b><\/span><\/p>\n<p style=\"text-align: center;\"><span style=\"font-weight: 400; font-family: verdana, geneva, sans-serif; font-size: 12pt; color: #000000;\">A liga\u00e7\u00e3o \u00e9 gratuita para todo o Brasil.\u00a0<\/span><\/p>\n<\/blockquote>\n<p><span style=\"font-family: verdana, geneva, sans-serif; font-size: 12pt; color: #ffffff;\">.<\/span><\/p>\n<p style=\"text-align: center;\"><span style=\"font-family: verdana, geneva, sans-serif; font-size: 12pt; color: #000000;\"><span style=\"font-weight: 400;\">Se desejar, <\/span><strong><span style=\"color: #0000ff;\"><a style=\"color: #0000ff;\" href=\"https:\/\/adf.org.br\/velario\/fatima?origem=13362\" target=\"_blank\" rel=\"noopener noreferrer\">acesse aqui<\/a><\/span><\/strong><span style=\"font-weight: 400;\"> para incluir suas inten\u00e7\u00f5es. <\/span><\/span><\/p>\n<p><span style=\"color: #ffffff;\">.<\/span><\/p>\n<p style=\"text-align: center;\"><span style=\"font-family: verdana, geneva, sans-serif; font-size: 12pt; color: #000000;\"><span style=\"font-weight: 400;\">N\u00e3o perca essa oportunidade de entregar nas m\u00e3os de Nossa Senhora suas preces.\u00a0<\/span><\/span><\/p>\n<p><span style=\"font-family: verdana, geneva, sans-serif; font-size: 12pt; color: #ffffff;\">.<\/span><\/p>\n<p style=\"text-align: center;\"><span style=\"font-family: verdana, geneva, sans-serif; font-size: 12pt; color: #000000;\"><span style=\"color: #800080;\"><i><span style=\"font-weight: 400;\"><strong>\u201c\u00d3 Maria, concebida sem pecado, rogai por n\u00f3s que recorremos a v\u00f3s.\u201d<\/strong> <\/span><\/i><\/span><span style=\"font-weight: 400;\">\u2764\ufe0f\ud83d\ude4f<\/span><\/span><\/p>\n<p><span style=\"font-family: verdana, geneva, sans-serif; font-size: 12pt; color: #ffffff;\">.<\/span><\/p>\n<hr \/>\n<p style=\"text-align: center;\"><span style=\"font-family: verdana, geneva, sans-serif; font-size: 12pt; color: #000000;\"><a style=\"color: #000000;\" href=\"https:\/\/adf.org.br\/apostolosdefatima?origem=13362#Participar\" target=\"_blank\" rel=\"noopener noreferrer\"><img loading=\"lazy\" class=\"alignnone wp-image-57612 size-full\" src=\"https:\/\/www.adf.org.br\/home\/wp-content\/uploads\/2020\/02\/2-Ap\u00f3stolo-de-F\u00e1tima-min.png\" alt=\"\" width=\"600\" height=\"200\" \/><\/a><\/span><\/p>\n<p><span style=\"color: #ffffff; font-family: verdana, geneva, sans-serif; font-size: 12pt;\">.<\/span><\/p>\n<\/div>\n","protected":false},"excerpt":{"rendered":"<p>. Canal Devotos de F\u00e1tima . Inscreva-se aqui, curta e compartilhe os v\u00eddeos do canal Devotos de F\u00e1tima no Youtube. . Precisamos divulgar para a humanidade a import\u00e2ncia das mensagens de Nossa Senhora, ainda mais nos dias de hoje em que a paz est\u00e1 t\u00e3o ausente nas fam\u00edlias e no mundo.\u00a0 . . Com poucos [&hellip;]<\/p>\n","protected":false},"author":31,"featured_media":57616,"comment_status":"open","ping_status":"open","sticky":false,"template":"","format":"standard","meta":[],"categories":[20,2323,2473,60,56,101],"tags":[2242,792,2255,2607,38,57,166,1722,923,470],"yoast_head":"<!-- This site is optimized with the Yoast SEO plugin v17.4 - https:\/\/yoast.com\/wordpress\/plugins\/seo\/ -->\n<title>A persegui\u00e7\u00e3o aos Pastorinhos de Nossa Senhora - Associa\u00e7\u00e3o Devotos de F\u00e1tima<\/title>\n<meta name=\"description\" content=\"Voc\u00ea j\u00e1 foi perseguido por causa de sua religi\u00e3o? Imagine se fosse uma crian\u00e7a? Veja como Nossa Senhora lutou contra a revolu\u00e7\u00e3o e o ate\u00edsmo.\" \/>\n<meta name=\"robots\" content=\"index, follow, max-snippet:-1, max-image-preview:large, max-video-preview:-1\" \/>\n<link rel=\"canonical\" href=\"https:\/\/www.adf.org.br\/home\/a-perseguicao-aos-pastorinhos-de-nossa-senhora\/\" \/>\n<meta property=\"og:locale\" content=\"pt_BR\" \/>\n<meta property=\"og:type\" content=\"article\" \/>\n<meta property=\"og:title\" content=\"A persegui\u00e7\u00e3o aos Pastorinhos de Nossa Senhora - Associa\u00e7\u00e3o Devotos de F\u00e1tima\" \/>\n<meta property=\"og:description\" content=\"Voc\u00ea j\u00e1 foi perseguido por causa de sua religi\u00e3o? Imagine se fosse uma crian\u00e7a? Veja como Nossa Senhora lutou contra a revolu\u00e7\u00e3o e o ate\u00edsmo.\" \/>\n<meta property=\"og:url\" content=\"https:\/\/www.adf.org.br\/home\/a-perseguicao-aos-pastorinhos-de-nossa-senhora\/\" \/>\n<meta property=\"og:site_name\" content=\"Associa\u00e7\u00e3o Devotos de F\u00e1tima\" \/>\n<meta property=\"article:published_time\" content=\"2020-02-21T10:30:31+00:00\" \/>\n<meta name=\"twitter:card\" content=\"summary_large_image\" \/>\n<meta name=\"twitter:label1\" content=\"Escrito por\" \/>\n\t<meta name=\"twitter:data1\" content=\"Gabriel Barbosa\" \/>\n\t<meta name=\"twitter:label2\" content=\"Est. tempo de leitura\" \/>\n\t<meta name=\"twitter:data2\" content=\"1 minuto\" \/>\n<script type=\"application\/ld+json\" class=\"yoast-schema-graph\">{\"@context\":\"https:\/\/schema.org\",\"@graph\":[{\"@type\":\"WebSite\",\"@id\":\"https:\/\/www.adf.org.br\/home\/#website\",\"url\":\"https:\/\/www.adf.org.br\/home\/\",\"name\":\"Associa\\u00e7\\u00e3o Devotos de F\\u00e1tima\",\"description\":\"Associa\\u00e7\\u00e3o Devotos de F\\u00e1tima\",\"potentialAction\":[{\"@type\":\"SearchAction\",\"target\":{\"@type\":\"EntryPoint\",\"urlTemplate\":\"https:\/\/www.adf.org.br\/home\/?s={search_term_string}\"},\"query-input\":\"required name=search_term_string\"}],\"inLanguage\":\"pt-BR\"},{\"@type\":\"ImageObject\",\"@id\":\"https:\/\/www.adf.org.br\/home\/a-perseguicao-aos-pastorinhos-de-nossa-senhora\/#primaryimage\",\"inLanguage\":\"pt-BR\",\"url\":\"\",\"contentUrl\":\"\"},{\"@type\":\"WebPage\",\"@id\":\"https:\/\/www.adf.org.br\/home\/a-perseguicao-aos-pastorinhos-de-nossa-senhora\/#webpage\",\"url\":\"https:\/\/www.adf.org.br\/home\/a-perseguicao-aos-pastorinhos-de-nossa-senhora\/\",\"name\":\"A persegui\\u00e7\\u00e3o aos Pastorinhos de Nossa Senhora - Associa\\u00e7\\u00e3o Devotos de F\\u00e1tima\",\"isPartOf\":{\"@id\":\"https:\/\/www.adf.org.br\/home\/#website\"},\"primaryImageOfPage\":{\"@id\":\"https:\/\/www.adf.org.br\/home\/a-perseguicao-aos-pastorinhos-de-nossa-senhora\/#primaryimage\"},\"datePublished\":\"2020-02-21T10:30:31+00:00\",\"dateModified\":\"2020-02-21T10:30:31+00:00\",\"author\":{\"@id\":\"https:\/\/www.adf.org.br\/home\/#\/schema\/person\/f35a5c5aa7728a3dedf4ea9aa1fc2753\"},\"description\":\"Voc\\u00ea j\\u00e1 foi perseguido por causa de sua religi\\u00e3o? Imagine se fosse uma crian\\u00e7a? Veja como Nossa Senhora lutou contra a revolu\\u00e7\\u00e3o e o ate\\u00edsmo.\",\"breadcrumb\":{\"@id\":\"https:\/\/www.adf.org.br\/home\/a-perseguicao-aos-pastorinhos-de-nossa-senhora\/#breadcrumb\"},\"inLanguage\":\"pt-BR\",\"potentialAction\":[{\"@type\":\"ReadAction\",\"target\":[\"https:\/\/www.adf.org.br\/home\/a-perseguicao-aos-pastorinhos-de-nossa-senhora\/\"]}]},{\"@type\":\"BreadcrumbList\",\"@id\":\"https:\/\/www.adf.org.br\/home\/a-perseguicao-aos-pastorinhos-de-nossa-senhora\/#breadcrumb\",\"itemListElement\":[{\"@type\":\"ListItem\",\"position\":1,\"name\":\"Home\",\"item\":\"https:\/\/www.adf.org.br\/home\/\"},{\"@type\":\"ListItem\",\"position\":2,\"name\":\"A persegui\\u00e7\\u00e3o aos Pastorinhos de Nossa Senhora\"}]},{\"@type\":\"Person\",\"@id\":\"https:\/\/www.adf.org.br\/home\/#\/schema\/person\/f35a5c5aa7728a3dedf4ea9aa1fc2753\",\"name\":\"Gabriel Barbosa\",\"image\":{\"@type\":\"ImageObject\",\"@id\":\"https:\/\/www.adf.org.br\/home\/#personlogo\",\"inLanguage\":\"pt-BR\",\"url\":\"https:\/\/secure.gravatar.com\/avatar\/2b2cb2f4637682c5605e8d36818f51ef?s=96&d=mm&r=g\",\"contentUrl\":\"https:\/\/secure.gravatar.com\/avatar\/2b2cb2f4637682c5605e8d36818f51ef?s=96&d=mm&r=g\",\"caption\":\"Gabriel Barbosa\"},\"url\":\"https:\/\/www.adf.org.br\/home\/author\/gabrielpmk-com-br\/\"}]}<\/script>\n<!-- \/ Yoast SEO plugin. -->","yoast_head_json":{"title":"A persegui\u00e7\u00e3o aos Pastorinhos de Nossa Senhora - Associa\u00e7\u00e3o Devotos de F\u00e1tima","description":"Voc\u00ea j\u00e1 foi perseguido por causa de sua religi\u00e3o? Imagine se fosse uma crian\u00e7a? Veja como Nossa Senhora lutou contra a revolu\u00e7\u00e3o e o ate\u00edsmo.","robots":{"index":"index","follow":"follow","max-snippet":"max-snippet:-1","max-image-preview":"max-image-preview:large","max-video-preview":"max-video-preview:-1"},"canonical":"https:\/\/www.adf.org.br\/home\/a-perseguicao-aos-pastorinhos-de-nossa-senhora\/","og_locale":"pt_BR","og_type":"article","og_title":"A persegui\u00e7\u00e3o aos Pastorinhos de Nossa Senhora - Associa\u00e7\u00e3o Devotos de F\u00e1tima","og_description":"Voc\u00ea j\u00e1 foi perseguido por causa de sua religi\u00e3o? Imagine se fosse uma crian\u00e7a? Veja como Nossa Senhora lutou contra a revolu\u00e7\u00e3o e o ate\u00edsmo.","og_url":"https:\/\/www.adf.org.br\/home\/a-perseguicao-aos-pastorinhos-de-nossa-senhora\/","og_site_name":"Associa\u00e7\u00e3o Devotos de F\u00e1tima","article_published_time":"2020-02-21T10:30:31+00:00","twitter_card":"summary_large_image","twitter_misc":{"Escrito por":"Gabriel Barbosa","Est. tempo de leitura":"1 minuto"},"schema":{"@context":"https:\/\/schema.org","@graph":[{"@type":"WebSite","@id":"https:\/\/www.adf.org.br\/home\/#website","url":"https:\/\/www.adf.org.br\/home\/","name":"Associa\u00e7\u00e3o Devotos de F\u00e1tima","description":"Associa\u00e7\u00e3o Devotos de F\u00e1tima","potentialAction":[{"@type":"SearchAction","target":{"@type":"EntryPoint","urlTemplate":"https:\/\/www.adf.org.br\/home\/?s={search_term_string}"},"query-input":"required name=search_term_string"}],"inLanguage":"pt-BR"},{"@type":"ImageObject","@id":"https:\/\/www.adf.org.br\/home\/a-perseguicao-aos-pastorinhos-de-nossa-senhora\/#primaryimage","inLanguage":"pt-BR","url":"","contentUrl":""},{"@type":"WebPage","@id":"https:\/\/www.adf.org.br\/home\/a-perseguicao-aos-pastorinhos-de-nossa-senhora\/#webpage","url":"https:\/\/www.adf.org.br\/home\/a-perseguicao-aos-pastorinhos-de-nossa-senhora\/","name":"A persegui\u00e7\u00e3o aos Pastorinhos de Nossa Senhora - Associa\u00e7\u00e3o Devotos de F\u00e1tima","isPartOf":{"@id":"https:\/\/www.adf.org.br\/home\/#website"},"primaryImageOfPage":{"@id":"https:\/\/www.adf.org.br\/home\/a-perseguicao-aos-pastorinhos-de-nossa-senhora\/#primaryimage"},"datePublished":"2020-02-21T10:30:31+00:00","dateModified":"2020-02-21T10:30:31+00:00","author":{"@id":"https:\/\/www.adf.org.br\/home\/#\/schema\/person\/f35a5c5aa7728a3dedf4ea9aa1fc2753"},"description":"Voc\u00ea j\u00e1 foi perseguido por causa de sua religi\u00e3o? Imagine se fosse uma crian\u00e7a? Veja como Nossa Senhora lutou contra a revolu\u00e7\u00e3o e o ate\u00edsmo.","breadcrumb":{"@id":"https:\/\/www.adf.org.br\/home\/a-perseguicao-aos-pastorinhos-de-nossa-senhora\/#breadcrumb"},"inLanguage":"pt-BR","potentialAction":[{"@type":"ReadAction","target":["https:\/\/www.adf.org.br\/home\/a-perseguicao-aos-pastorinhos-de-nossa-senhora\/"]}]},{"@type":"BreadcrumbList","@id":"https:\/\/www.adf.org.br\/home\/a-perseguicao-aos-pastorinhos-de-nossa-senhora\/#breadcrumb","itemListElement":[{"@type":"ListItem","position":1,"name":"Home","item":"https:\/\/www.adf.org.br\/home\/"},{"@type":"ListItem","position":2,"name":"A persegui\u00e7\u00e3o aos Pastorinhos de Nossa Senhora"}]},{"@type":"Person","@id":"https:\/\/www.adf.org.br\/home\/#\/schema\/person\/f35a5c5aa7728a3dedf4ea9aa1fc2753","name":"Gabriel Barbosa","image":{"@type":"ImageObject","@id":"https:\/\/www.adf.org.br\/home\/#personlogo","inLanguage":"pt-BR","url":"https:\/\/secure.gravatar.com\/avatar\/2b2cb2f4637682c5605e8d36818f51ef?s=96&d=mm&r=g","contentUrl":"https:\/\/secure.gravatar.com\/avatar\/2b2cb2f4637682c5605e8d36818f51ef?s=96&d=mm&r=g","caption":"Gabriel Barbosa"},"url":"https:\/\/www.adf.org.br\/home\/author\/gabrielpmk-com-br\/"}]}},"_links":{"self":[{"href":"https:\/\/www.adf.org.br\/home\/wp-json\/wp\/v2\/posts\/57608"}],"collection":[{"href":"https:\/\/www.adf.org.br\/home\/wp-json\/wp\/v2\/posts"}],"about":[{"href":"https:\/\/www.adf.org.br\/home\/wp-json\/wp\/v2\/types\/post"}],"author":[{"embeddable":true,"href":"https:\/\/www.adf.org.br\/home\/wp-json\/wp\/v2\/users\/31"}],"replies":[{"embeddable":true,"href":"https:\/\/www.adf.org.br\/home\/wp-json\/wp\/v2\/comments?post=57608"}],"version-history":[{"count":0,"href":"https:\/\/www.adf.org.br\/home\/wp-json\/wp\/v2\/posts\/57608\/revisions"}],"wp:featuredmedia":[{"embeddable":true,"href":"https:\/\/www.adf.org.br\/home\/wp-json\/wp\/v2\/media\/57616"}],"wp:attachment":[{"href":"https:\/\/www.adf.org.br\/home\/wp-json\/wp\/v2\/media?parent=57608"}],"wp:term":[{"taxonomy":"category","embeddable":true,"href":"https:\/\/www.adf.org.br\/home\/wp-json\/wp\/v2\/categories?post=57608"},{"taxonomy":"post_tag","embeddable":true,"href":"https:\/\/www.adf.org.br\/home\/wp-json\/wp\/v2\/tags?post=57608"}],"curies":[{"name":"wp","href":"https:\/\/api.w.org\/{rel}","templated":true}]}}