{"id":57582,"date":"2020-02-20T07:30:49","date_gmt":"2020-02-20T10:30:49","guid":{"rendered":"http:\/\/www.adf.org.br\/home\/?p=57582"},"modified":"2020-02-20T07:30:49","modified_gmt":"2020-02-20T10:30:49","slug":"centenario-da-morte-de-santa-jacinta-marto-a-doce-pastorinha-de-nossa-senhora-de-fatima","status":"publish","type":"post","link":"https:\/\/www.adf.org.br\/home\/centenario-da-morte-de-santa-jacinta-marto-a-doce-pastorinha-de-nossa-senhora-de-fatima\/","title":{"rendered":"Centen\u00e1rio da Morte de Santa Jacinta Marto, a doce pastorinha de Nossa Senhora de F\u00e1tima"},"content":{"rendered":"<p><span style=\"font-family: verdana, geneva, sans-serif; font-size: 12pt;\"><a href=\"https:\/\/adf.org.br\/apostolosdefatima?origem=13354#Participar\" target=\"_blank\" rel=\"noopener noreferrer\"><img loading=\"lazy\" class=\"aligncenter wp-image-57585 size-full\" src=\"https:\/\/www.adf.org.br\/home\/wp-content\/uploads\/2020\/02\/Jacinta-Tamanho-Menor-2.jpg\" alt=\"\" width=\"332\" height=\"547\" \/><\/a><\/span><\/p>\n<p><span style=\"font-family: verdana, geneva, sans-serif; color: #ffffff; font-size: 12pt;\">.<\/span><\/p>\n<p><span style=\"font-family: verdana, geneva, sans-serif; color: #000000; font-size: 12pt;\"><span style=\"font-weight: 400;\"><span style=\"font-size: 18pt;\">H<\/span>\u00e1 exatos 100 anos, <\/span><span style=\"color: #003366;\"><b>Jacinta Marto <\/b><\/span><span style=\"font-weight: 400;\">se despedia deste mundo para os bra\u00e7os de Nossa Senhora.\u00a0<\/span><\/span><\/p>\n<p><span style=\"font-family: verdana, geneva, sans-serif; color: #ffffff; font-size: 12pt;\">.<\/span><\/p>\n<p><span style=\"font-family: verdana, geneva, sans-serif; color: #000000; font-size: 12pt;\"><span style=\"font-weight: 400;\">A mais jovem dos tr\u00eas pastorinhos, que testemunharam as apari\u00e7\u00f5es da <\/span><span style=\"font-weight: 400;\">Sant\u00edssima Virgem de F\u00e1tima<\/span><span style=\"font-weight: 400;\">, foi um modelo de amor e devo\u00e7\u00e3o a Nosso Senhor Jesus Cristo e ao Imaculado Cora\u00e7\u00e3o de Maria.\u00a0<\/span><\/span><\/p>\n<p><span style=\"font-family: verdana, geneva, sans-serif; color: #ffffff; font-size: 12pt;\">.<\/span><\/p>\n<p><span style=\"font-weight: 400; font-family: verdana, geneva, sans-serif; color: #000000; font-size: 12pt;\">Conhe\u00e7a a seguir um pouco mais sobre sua curta, mas significativa hist\u00f3ria de vida.<\/span><\/p>\n<p><span style=\"font-family: verdana, geneva, sans-serif; color: #ffffff; font-size: 12pt;\">.<\/span><\/p>\n<h3><span style=\"font-family: verdana, geneva, sans-serif; color: #003366; font-size: 12pt;\"><b>A ca\u00e7ula da fam\u00edlia<\/b><\/span><\/h3>\n<p><span style=\"font-family: verdana, geneva, sans-serif; color: #ffffff; font-size: 12pt;\">.<\/span><\/p>\n<p><span style=\"font-weight: 400; font-family: verdana, geneva, sans-serif; color: #000000; font-size: 12pt;\">Filha de Manuel Pedro Marto e Ol\u00edmpia de Jesus dos Santos, Jacinta nasceu no dia 05 de mar\u00e7o de 1910. Era a s\u00e9tima e \u00faltima filha, tendo sido batizada em 19 de mar\u00e7o de 1910, na Igreja Paroquial de F\u00e1tima.<\/span><\/p>\n<p><span style=\"font-family: verdana, geneva, sans-serif; color: #ffffff; font-size: 12pt;\">.<\/span><\/p>\n<p><span style=\"font-weight: 400; font-family: verdana, geneva, sans-serif; color: #000000; font-size: 12pt;\">Desde cedo, ajudava seus pais a pastorear o rebanho, sempre na companhia de seu irm\u00e3o Francisco e de sua prima L\u00facia.\u00a0<\/span><\/p>\n<p><span style=\"font-family: verdana, geneva, sans-serif; color: #ffffff; font-size: 12pt;\">.<\/span><\/p>\n<h3><span style=\"font-family: verdana, geneva, sans-serif; color: #003366; font-size: 12pt;\"><b>O dia que mudaria sua vida\u00a0<\/b><\/span><\/h3>\n<p><span style=\"color: #ffffff; font-family: verdana, geneva, sans-serif; font-size: 12pt;\">.<\/span><\/p>\n<p><span style=\"font-family: verdana, geneva, sans-serif; font-size: 12pt;\"><a href=\"https:\/\/adf.org.br\/apostolosdefatima?origem=13354#Participar\" target=\"_blank\" rel=\"noopener noreferrer\"><img loading=\"lazy\" class=\"aligncenter wp-image-57588 size-full\" src=\"https:\/\/www.adf.org.br\/home\/wp-content\/uploads\/2020\/02\/As-Apari\u00e7\u00f5es-de-F\u00e1tima-aos-Tr\u00eas-Pastorinhos.jpg\" alt=\"\" width=\"534\" height=\"393\" \/><\/a><\/span><\/p>\n<p><span style=\"color: #ffffff; font-family: verdana, geneva, sans-serif; font-size: 12pt;\">.<\/span><\/p>\n<p><span style=\"font-family: verdana, geneva, sans-serif; color: #000000; font-size: 12pt;\"><span style=\"font-weight: 400;\">Num desses pastoreios, na Cova da Iria, os tr\u00eas viram algo que marcaria suas vidas e, tamb\u00e9m, o mundo: <\/span><span style=\"color: #003366;\"><b>a apari\u00e7\u00e3o de uma Senhora <\/b><span style=\"font-weight: 400;\">\u201cmais brilhante que o sol\u201d<\/span>,<b> a Virgem Sant\u00edssima<\/b><\/span><span style=\"font-weight: 400;\">.\u00a0<\/span><\/span><\/p>\n<p><span style=\"font-family: verdana, geneva, sans-serif; color: #ffffff; font-size: 12pt;\">.<\/span><\/p>\n<p><span style=\"font-weight: 400; font-family: verdana, geneva, sans-serif; color: #000000; font-size: 12pt;\">Era 13 de maio de 1917, essa seria a primeira das seis apari\u00e7\u00f5es que ocorreriam at\u00e9 outubro do mesmo ano.\u00a0<\/span><\/p>\n<p><span style=\"font-family: verdana, geneva, sans-serif; color: #ffffff; font-size: 12pt;\">.<\/span><\/p>\n<h3><span style=\"font-family: verdana, geneva, sans-serif; color: #003366; font-size: 12pt;\"><b>A incr\u00edvel maturidade da f\u00e9\u00a0<\/b><\/span><\/h3>\n<p><span style=\"color: #ffffff; font-family: verdana, geneva, sans-serif; font-size: 12pt;\">.<\/span><\/p>\n<p><span style=\"font-family: verdana, geneva, sans-serif; font-size: 12pt;\"><a href=\"https:\/\/adf.org.br\/apostolosdefatima?origem=13354#Participar\" target=\"_blank\" rel=\"noopener noreferrer\"><img loading=\"lazy\" class=\"aligncenter wp-image-57586 size-medium\" src=\"https:\/\/www.adf.org.br\/home\/wp-content\/uploads\/2020\/02\/Jacinta-marto-fatima-portugal-1917-197x300.jpg\" alt=\"\" width=\"197\" height=\"300\" \/><\/a><\/span><\/p>\n<p><span style=\"color: #ffffff; font-family: verdana, geneva, sans-serif; font-size: 12pt;\">.<\/span><\/p>\n<p><span style=\"font-weight: 400; font-family: verdana, geneva, sans-serif; color: #000000; font-size: 12pt;\">Apesar da pouca idade, ela tinha apenas 7 anos na primeira apari\u00e7\u00e3o de Nossa Senhora, Jacinta j\u00e1 apresentava sinais de uma maturidade crist\u00e3 extraordin\u00e1ria.\u00a0<\/span><\/p>\n<p><span style=\"font-family: verdana, geneva, sans-serif; color: #ffffff; font-size: 12pt;\">.<\/span><\/p>\n<blockquote>\n<p style=\"padding-left: 40px;\"><strong><span style=\"font-family: verdana, geneva, sans-serif; color: #003366; font-size: 12pt;\">Rezava <\/span><\/strong><span style=\"font-family: verdana, geneva, sans-serif; color: #003366; font-size: 12pt;\">frequentemente<\/span><span style=\"font-family: verdana, geneva, sans-serif; color: #003366; font-size: 12pt;\">, participava todos os dias da<\/span><strong><span style=\"font-family: verdana, geneva, sans-serif; color: #003366; font-size: 12pt;\"> Missa<\/span><\/strong><span style=\"font-family: verdana, geneva, sans-serif; color: #003366; font-size: 12pt;\">, fazia<\/span><strong><span style=\"font-family: verdana, geneva, sans-serif; color: #003366; font-size: 12pt;\"> penit\u00eancias<\/span><\/strong><span style=\"font-family: verdana, geneva, sans-serif; color: #003366; font-size: 12pt;\">,<\/span><strong><span style=\"font-family: verdana, geneva, sans-serif; color: #003366; font-size: 12pt;\"> sacrif\u00edcios <\/span><\/strong><span style=\"font-family: verdana, geneva, sans-serif; color: #003366; font-size: 12pt;\">e tinha um grande <\/span><strong><span style=\"font-family: verdana, geneva, sans-serif; color: #003366; font-size: 12pt;\">desejo de receber a Comunh\u00e3o. <\/span><\/strong><\/p>\n<\/blockquote>\n<p><span style=\"color: #ffffff;\">.<\/span><\/p>\n<p><span style=\"font-weight: 400; font-family: verdana, geneva, sans-serif; color: #000000; font-size: 12pt;\">Tudo pela paz no mundo, pelo Santo Padre, mas principalmente pela repara\u00e7\u00e3o e convers\u00e3o dos pobres pecadores, dos quais tinha grande compaix\u00e3o.<\/span><\/p>\n<p><span style=\"font-family: verdana, geneva, sans-serif; color: #ffffff; font-size: 12pt;\">.<\/span><\/p>\n<h3><span style=\"font-family: verdana, geneva, sans-serif; color: #003366; font-size: 12pt;\"><b>A partida para o C\u00e9u<\/b><\/span><\/h3>\n<p><span style=\"font-family: verdana, geneva, sans-serif; color: #ffffff; font-size: 12pt;\">.<\/span><\/p>\n<p><span style=\"font-weight: 400; font-family: verdana, geneva, sans-serif; color: #000000; font-size: 12pt;\">No dia 20 de fevereiro de 1920, aos 9 anos, no Hospital de Dona Estef\u00e2nia, em Lisboa, a mais nova dos pastorinhos de F\u00e1tima partiu ao encontro de Deus.<\/span><\/p>\n<p><span style=\"font-family: verdana, geneva, sans-serif; color: #ffffff; font-size: 12pt;\">.<\/span><\/p>\n<p><span style=\"font-weight: 400; font-family: verdana, geneva, sans-serif; color: #000000; font-size: 12pt;\">Foi <strong>beatificada<\/strong> pelo Papa Jo\u00e3o Paulo II no dia 13 de maio de 2000, e <strong>canonizada<\/strong> pelo Papa Francisco a 13 de maio de 2017, no Santu\u00e1rio de F\u00e1tima, no marco da celebra\u00e7\u00e3o do Centen\u00e1rio das Apari\u00e7\u00f5es.<\/span><\/p>\n<p><span style=\"font-family: verdana, geneva, sans-serif; color: #ffffff; font-size: 12pt;\">.<\/span><\/p>\n<p style=\"text-align: center;\"><span style=\"font-family: verdana, geneva, sans-serif; color: #003366; font-size: 12pt;\"><b><i>\u201cGosto tanto de dizer a Jesus que O amo! <\/i><\/b><i><span style=\"font-weight: 400;\">Quando lho digo muitas vezes parece que tenho lume (fogo) no peito, mas n\u00e3o me queimo.\u201d<\/span><\/i><\/span><\/p>\n<p style=\"text-align: center;\"><span style=\"font-family: verdana, geneva, sans-serif; color: #003366; font-size: 12pt;\"><b>&#8211; Santa Jacinta Marto &#8211;\u00a0<\/b><\/span><\/p>\n<p><span style=\"font-family: verdana, geneva, sans-serif; color: #ffffff; font-size: 12pt;\">.<\/span><span style=\"font-family: verdana, geneva, sans-serif; color: #ffffff; font-size: 12pt;\">.<\/span><\/p>\n<p style=\"text-align: right;\"><span style=\"font-size: 10pt; font-family: verdana, geneva, sans-serif; color: #000000;\"><b>Fontes: <\/b><span style=\"font-weight: 400;\"><span style=\"color: #0000ff;\"><a style=\"color: #0000ff;\" href=\"https:\/\/www.fatima.pt\/pt\/news\/santuario-de-fatima-vai-assinalar-centenario-da-morte-de-santa-jacinta-2019-12-20\" target=\"_blank\" rel=\"noopener noreferrer\">Santu\u00e1rio de F\u00e1tima<\/a><\/span> \/ <span style=\"color: #0000ff;\"><a style=\"color: #0000ff;\" href=\"https:\/\/www.acidigital.com\/noticias\/santuario-de-fatima-recordara-centenario-de-falecimento-de-santa-jacinta-marto-17951\" target=\"_blank\" rel=\"noopener noreferrer\">ACI Digital<\/a> <\/span>\/ <a href=\"https:\/\/www.a12.com\/redacaoa12\/espiritualidade\/francisco-e-jacinta-os-beatos-pastorinhos-de-fatima\" target=\"_blank\" rel=\"noopener noreferrer\"><span style=\"color: #0000ff;\">A12<\/span><\/a> \/ <\/span><i><span style=\"font-weight: 400;\">Jacinta de F\u00e1tima<\/span><\/i><span style=\"font-weight: 400;\"> \u2013 Sofrer para salvar os pecadores, 2010.<\/span><\/span><\/p>\n<p><span style=\"font-family: verdana, geneva, sans-serif; color: #ffffff; font-size: 12pt;\">.<\/span><\/p>\n<blockquote><p><span style=\"font-family: verdana, geneva, sans-serif; color: #000000; font-size: 12pt;\"><b>Veja outras curiosidades sobre a vida da pequena Jacinta:<\/b><\/span><\/p>\n<p><span style=\"font-family: verdana, geneva, sans-serif; color: #ffcc99; font-size: 12pt;\">.<\/span><\/p>\n<p><a href=\"http:\/\/www.adf.org.br\/home\/os-tres-pastorinhos-de-fatima-jacinta-leia-e-aprenda-com-maturidade-da-fe-de-uma-crianca\/\" target=\"_blank\" rel=\"noopener noreferrer\"><span style=\"font-family: verdana, geneva, sans-serif; color: #0000ff; font-size: 12pt;\">Os Tr\u00eas Pastorinhos de F\u00e1tima: Jacinta \u2013 Leia e aprenda com a maturidade da F\u00e9 de uma crian\u00e7a<\/span><\/a><\/p>\n<p><a href=\"http:\/\/www.adf.org.br\/home\/pastorinha-jacinta-o-admiravel-amor-da-pequena-devota-em-nossa-senhora\/\" target=\"_blank\" rel=\"noopener noreferrer\"><span style=\"font-family: verdana, geneva, sans-serif; color: #0000ff; font-size: 12pt;\">O admir\u00e1vel amor da pequena devota em Nossa Senhora<\/span><\/a><\/p>\n<p><a href=\"http:\/\/www.adf.org.br\/home\/pastorinha-jacinta-o-que-nossa-senhora-revelou-sobre-guerra\/\" target=\"_blank\" rel=\"noopener noreferrer\"><span style=\"font-family: verdana, geneva, sans-serif; color: #0000ff; font-size: 12pt;\">O que Nossa Senhora revelou sobre a Guerra<\/span><\/a><\/p>\n<p><a href=\"http:\/\/www.adf.org.br\/home\/pastorinha-jacinta-o-que-nossa-senhora-revelou-sobre-os-pecados\/\" target=\"_blank\" rel=\"noopener noreferrer\"><span style=\"font-family: verdana, geneva, sans-serif; color: #0000ff; font-size: 12pt;\">O que Nossa Senhora revelou sobre os pecados<\/span><\/a><\/p><\/blockquote>\n<p><span style=\"font-family: verdana, geneva, sans-serif; color: #ffffff;\">.<\/span><\/p>\n<hr \/>\n<p><a href=\"https:\/\/adf.org.br\/apostolosdefatima?origem=13354\" target=\"_blank\" rel=\"noopener noreferrer\"><img loading=\"lazy\" class=\"aligncenter wp-image-57033 size-full\" src=\"https:\/\/www.adf.org.br\/home\/wp-content\/uploads\/2020\/01\/Ap\u00f3stolo-de-F\u00e1tima-Logo-2.png\" alt=\"\" width=\"209\" height=\"185\" \/><\/a><\/p>\n<p style=\"text-align: center;\"><span style=\"font-family: verdana, geneva, sans-serif; color: #ffffff; font-size: 12pt;\">.<\/span><\/p>\n<h3 style=\"text-align: center;\"><strong><span style=\"font-family: verdana, geneva, sans-serif; color: #003366; font-size: 14pt;\">Tenha Jacinta como exemplo de f\u00e9 e vida crist\u00e3<\/span><\/strong><\/h3>\n<p style=\"text-align: center;\"><span style=\"font-family: verdana, geneva, sans-serif; color: #ffffff; font-size: 12pt;\">.<\/span><\/p>\n<p style=\"text-align: center;\"><span style=\"font-family: verdana, geneva, sans-serif; color: #000000; font-size: 12pt;\">Seja um <a href=\"https:\/\/adf.org.br\/apostolosdefatima?origem=13354#Participar\" target=\"_blank\" rel=\"noopener noreferrer\"><span style=\"color: #0000ff;\">Ap\u00f3stolo de F\u00e1tima<\/span><\/a> e ajude a divulgar, sem sair de casa, a devo\u00e7\u00e3o e o amor do Imaculado Cora\u00e7\u00e3o de Maria.<\/span><\/p>\n<p style=\"text-align: center;\"><span style=\"font-family: verdana, geneva, sans-serif; color: #ffffff; font-size: 12pt;\">.<\/span><\/p>\n<p style=\"text-align: center;\"><span style=\"font-family: verdana, geneva, sans-serif; color: #000000; font-size: 14pt;\">Para saber como, ligue para:<\/span><br \/>\n<a href=\"tel:08006082128\"><span style=\"color: #0000ff;\"><strong><span style=\"font-family: verdana, geneva, sans-serif; font-size: 24pt;\">0800 608 2128<\/span><\/strong><\/span><\/a><br \/>\n<em><span style=\"font-family: verdana, geneva, sans-serif; color: #000000; font-size: 10pt;\">Dica: Se estiver no celular, somente tecle no n\u00famero para discar automaticamente.<\/span><\/em><\/p>\n<p style=\"text-align: center;\"><span style=\"font-family: verdana, geneva, sans-serif; color: #ffffff; font-size: 12pt;\">.<\/span><\/p>\n<p style=\"text-align: center;\"><span style=\"font-family: verdana, geneva, sans-serif; color: #000000; font-size: 14pt;\">E fa\u00e7a sua <a href=\"https:\/\/adf.org.br\/apostolosdefatima\/2\/form\/?origem=13354\" target=\"_blank\" rel=\"noopener noreferrer\"><span style=\"color: #0000ff;\">inscri\u00e7\u00e3o<\/span><\/a> num dos maiores apostolados marianos do Brasil.<\/span><\/p>\n<p style=\"text-align: center;\"><span style=\"font-family: verdana, geneva, sans-serif; color: #ffffff; font-size: 12pt;\">.<\/span><\/p>\n<blockquote>\n<p style=\"text-align: center;\"><span style=\"font-family: verdana, geneva, sans-serif; color: #000000; font-size: 12pt;\">A liga\u00e7\u00e3o \u00e9 gratuita para todo o Brasil e estamos dispon\u00edveis de segunda a sexta-feira, das 08h \u00e0s 18h.<\/span><\/p>\n<\/blockquote>\n<p style=\"text-align: center;\"><span style=\"font-family: verdana, geneva, sans-serif; color: #ffffff; font-size: 12pt;\">.<\/span><\/p>\n<p style=\"text-align: center;\"><strong><span style=\"font-family: verdana, geneva, sans-serif; color: #000000; font-size: 12pt;\">Como uma forma de mostrarmos nossa gratid\u00e3o pelo seu apoio, voc\u00ea poder\u00e1:<\/span><\/strong><\/p>\n<p style=\"text-align: center;\"><span style=\"font-family: verdana, geneva, sans-serif; color: #ffffff; font-size: 12pt;\">.<\/span><\/p>\n<p style=\"text-align: center;\"><span style=\"font-family: verdana, geneva, sans-serif; color: #000000; font-size: 12pt;\"><a href=\"https:\/\/adf.org.br\/apostolosdefatima?origem=13354#ChanceUnica\" target=\"_blank\" rel=\"noopener noreferrer\"><img loading=\"lazy\" class=\"alignnone wp-image-57598 size-full\" src=\"https:\/\/www.adf.org.br\/home\/wp-content\/uploads\/2020\/02\/Presentes-de-Agradecimento.jpg\" alt=\"\" width=\"662\" height=\"351\" \/><\/a><\/span><\/p>\n<p style=\"text-align: center;\"><span style=\"font-family: verdana, geneva, sans-serif; color: #ffffff; font-size: 12pt;\">.<\/span><\/p>\n<blockquote>\n<p style=\"text-align: left;\"><span style=\"font-family: verdana, geneva, sans-serif; color: #000000; font-size: 12pt;\">&#8211; Ter seu <span style=\"color: #003366;\"><strong>nome enviado ao Santu\u00e1rio<\/strong><\/span> de Nossa Senhora de F\u00e1tima;<\/span><br \/>\n<span style=\"font-family: verdana, geneva, sans-serif; color: #000000; font-size: 12pt;\">&#8211; Receber o <span style=\"color: #003366;\"><strong>acesso exclusivo da Vela Permanente<\/strong><\/span> para incluir suas inten\u00e7\u00f5es nas Santas Missas;<\/span><br \/>\n<span style=\"font-family: verdana, geneva, sans-serif; color: #000000; font-size: 12pt;\">&#8211; Incluir seu nome em <span style=\"color: #003366;\"><strong>mais de 60 Missas<\/strong> <\/span>em honra \u00e0 Virgem Maria que faremos celebrar ao ano;<\/span><br \/>\n<span style=\"font-family: verdana, geneva, sans-serif; color: #000000; font-size: 12pt;\">&#8211; <strong>E muito mais!<\/strong><\/span><\/p>\n<\/blockquote>\n<p style=\"text-align: center;\"><span style=\"font-family: verdana, geneva, sans-serif; color: #ffffff; font-size: 12pt;\">.<\/span><\/p>\n<p style=\"text-align: center;\"><strong><span style=\"font-family: verdana, geneva, sans-serif; color: #000000; font-size: 12pt;\">Ent\u00e3o, qual \u00e9 a sua resposta para esse convite que poder\u00e1 transformar sua vida espiritual?<\/span><\/strong><\/p>\n<p style=\"text-align: center;\"><span style=\"font-family: verdana, geneva, sans-serif; color: #ffffff; font-size: 12pt;\">.<\/span><\/p>\n<h3 style=\"text-align: center;\"><a href=\"https:\/\/adf.org.br\/apostolosdefatima\/2\/form\/?origem=13354\" target=\"_blank\" rel=\"noopener noreferrer\"><strong><span style=\"font-family: verdana, geneva, sans-serif; color: #0000ff; font-size: 14pt;\">Sim! Eu quero ser um Ap\u00f3stolo de F\u00e1tima.<\/span><\/strong><\/a><\/h3>\n<p style=\"text-align: center;\"><span style=\"font-family: verdana, geneva, sans-serif; color: #ffffff; font-size: 12pt;\">.<\/span><\/p>\n<p style=\"text-align: center;\"><span style=\"font-family: verdana, geneva, sans-serif; color: #000000; font-size: 12pt;\">Certamente Nossa Senhora ir\u00e1 recompensar voc\u00ea com muitas gra\u00e7as em sua vida. \ud83d\ude4f<\/span><\/p>\n<p style=\"text-align: center;\"><span style=\"font-family: verdana, geneva, sans-serif; color: #ffffff; font-size: 12pt;\">.<\/span><\/p>\n<p style=\"text-align: center;\"><span style=\"font-family: verdana, geneva, sans-serif; color: #000000; font-size: 12pt;\"><strong>Para mais informa\u00e7\u00f5es, acesse:<\/strong> <a href=\"https:\/\/adf.org.br\/apostolosdefatima?origem=13354#Participar\" target=\"_blank\" rel=\"noopener noreferrer\"><span style=\"color: #0000ff;\">www.adf.org.br\/apostolosdefatima<\/span><\/a><\/span><\/p>\n<p style=\"text-align: center;\"><span style=\"color: #ffffff;\">.<\/span><\/p>\n<p style=\"text-align: center;\"><span style=\"color: #003366;\"><em><span style=\"font-family: verdana, geneva, sans-serif; font-size: 12pt;\">\u201cNossa Senhora de F\u00e1tima, rogai por n\u00f3s.\u201d <\/span><\/em><\/span><br \/>\n<span style=\"font-family: verdana, geneva, sans-serif; color: #003366; font-size: 12pt;\"><em>\u201cSanta Jacinta Marto, rogai por n\u00f3s.\u201d<\/em> <\/span><br \/>\n<span style=\"font-family: verdana, geneva, sans-serif; color: #000000; font-size: 12pt;\">\u2764\ufe0f\ud83d\ude4f<\/span><\/p>\n<p style=\"text-align: center;\"><span style=\"font-family: verdana, geneva, sans-serif; color: #ffffff; font-size: 12pt;\">.<\/span><\/p>\n<hr \/>\n<p style=\"text-align: center;\"><a href=\"http:\/\/feedburner.google.com\/fb\/a\/mailverify?uri=devotosdefatima&amp;loc=pt_B\" target=\"_blank\" rel=\"noopener noreferrer\"><img loading=\"lazy\" class=\"alignnone wp-image-57571 size-full\" src=\"https:\/\/www.adf.org.br\/home\/wp-content\/uploads\/2020\/02\/ADF-Bot\u00e3o-Feedburner-1.png\" alt=\"\" width=\"362\" height=\"192\" \/><\/a><\/p>\n","protected":false},"excerpt":{"rendered":"<p>. H\u00e1 exatos 100 anos, Jacinta Marto se despedia deste mundo para os bra\u00e7os de Nossa Senhora.\u00a0 . A mais jovem dos tr\u00eas pastorinhos, que testemunharam as apari\u00e7\u00f5es da Sant\u00edssima Virgem de F\u00e1tima, foi um modelo de amor e devo\u00e7\u00e3o a Nosso Senhor Jesus Cristo e ao Imaculado Cora\u00e7\u00e3o de Maria.\u00a0 . Conhe\u00e7a a seguir [&hellip;]<\/p>\n","protected":false},"author":31,"featured_media":57600,"comment_status":"open","ping_status":"open","sticky":false,"template":"","format":"standard","meta":[],"categories":[20,2323,118,56,2547],"tags":[2885,2242,2886,2454,38,57,2735,2882,470],"yoast_head":"<!-- This site is optimized with the Yoast SEO plugin v17.4 - https:\/\/yoast.com\/wordpress\/plugins\/seo\/ -->\n<title>Centen\u00e1rio da Morte de Santa Jacinta Marto, a doce pastorinha de Nossa Senhora de F\u00e1tima - Associa\u00e7\u00e3o Devotos de F\u00e1tima<\/title>\n<meta name=\"description\" content=\"Em comemora\u00e7\u00e3o ao Centen\u00e1rio de Morte de Santa Jacinta Marto, conhe\u00e7a e emocione-se com a hist\u00f3ria da pastorinha de Nossa Senhora de F\u00e1tima.\" \/>\n<meta name=\"robots\" content=\"index, follow, max-snippet:-1, max-image-preview:large, max-video-preview:-1\" \/>\n<link rel=\"canonical\" href=\"https:\/\/www.adf.org.br\/home\/centenario-da-morte-de-santa-jacinta-marto-a-doce-pastorinha-de-nossa-senhora-de-fatima\/\" \/>\n<meta property=\"og:locale\" content=\"pt_BR\" \/>\n<meta property=\"og:type\" content=\"article\" \/>\n<meta property=\"og:title\" content=\"Centen\u00e1rio da Morte de Santa Jacinta Marto, a doce pastorinha de Nossa Senhora de F\u00e1tima - Associa\u00e7\u00e3o Devotos de F\u00e1tima\" \/>\n<meta property=\"og:description\" content=\"Em comemora\u00e7\u00e3o ao Centen\u00e1rio de Morte de Santa Jacinta Marto, conhe\u00e7a e emocione-se com a hist\u00f3ria da pastorinha de Nossa Senhora de F\u00e1tima.\" \/>\n<meta property=\"og:url\" content=\"https:\/\/www.adf.org.br\/home\/centenario-da-morte-de-santa-jacinta-marto-a-doce-pastorinha-de-nossa-senhora-de-fatima\/\" \/>\n<meta property=\"og:site_name\" content=\"Associa\u00e7\u00e3o Devotos de F\u00e1tima\" \/>\n<meta property=\"article:published_time\" content=\"2020-02-20T10:30:49+00:00\" \/>\n<meta name=\"twitter:card\" content=\"summary_large_image\" \/>\n<meta name=\"twitter:label1\" content=\"Escrito por\" \/>\n\t<meta name=\"twitter:data1\" content=\"Gabriel Barbosa\" \/>\n\t<meta name=\"twitter:label2\" content=\"Est. tempo de leitura\" \/>\n\t<meta name=\"twitter:data2\" content=\"3 minutos\" \/>\n<script type=\"application\/ld+json\" class=\"yoast-schema-graph\">{\"@context\":\"https:\/\/schema.org\",\"@graph\":[{\"@type\":\"WebSite\",\"@id\":\"https:\/\/www.adf.org.br\/home\/#website\",\"url\":\"https:\/\/www.adf.org.br\/home\/\",\"name\":\"Associa\\u00e7\\u00e3o Devotos de F\\u00e1tima\",\"description\":\"Associa\\u00e7\\u00e3o Devotos de F\\u00e1tima\",\"potentialAction\":[{\"@type\":\"SearchAction\",\"target\":{\"@type\":\"EntryPoint\",\"urlTemplate\":\"https:\/\/www.adf.org.br\/home\/?s={search_term_string}\"},\"query-input\":\"required name=search_term_string\"}],\"inLanguage\":\"pt-BR\"},{\"@type\":\"ImageObject\",\"@id\":\"https:\/\/www.adf.org.br\/home\/centenario-da-morte-de-santa-jacinta-marto-a-doce-pastorinha-de-nossa-senhora-de-fatima\/#primaryimage\",\"inLanguage\":\"pt-BR\",\"url\":\"\",\"contentUrl\":\"\"},{\"@type\":\"WebPage\",\"@id\":\"https:\/\/www.adf.org.br\/home\/centenario-da-morte-de-santa-jacinta-marto-a-doce-pastorinha-de-nossa-senhora-de-fatima\/#webpage\",\"url\":\"https:\/\/www.adf.org.br\/home\/centenario-da-morte-de-santa-jacinta-marto-a-doce-pastorinha-de-nossa-senhora-de-fatima\/\",\"name\":\"Centen\\u00e1rio da Morte de Santa Jacinta Marto, a doce pastorinha de Nossa Senhora de F\\u00e1tima - Associa\\u00e7\\u00e3o Devotos de F\\u00e1tima\",\"isPartOf\":{\"@id\":\"https:\/\/www.adf.org.br\/home\/#website\"},\"primaryImageOfPage\":{\"@id\":\"https:\/\/www.adf.org.br\/home\/centenario-da-morte-de-santa-jacinta-marto-a-doce-pastorinha-de-nossa-senhora-de-fatima\/#primaryimage\"},\"datePublished\":\"2020-02-20T10:30:49+00:00\",\"dateModified\":\"2020-02-20T10:30:49+00:00\",\"author\":{\"@id\":\"https:\/\/www.adf.org.br\/home\/#\/schema\/person\/f35a5c5aa7728a3dedf4ea9aa1fc2753\"},\"description\":\"Em comemora\\u00e7\\u00e3o ao Centen\\u00e1rio de Morte de Santa Jacinta Marto, conhe\\u00e7a e emocione-se com a hist\\u00f3ria da pastorinha de Nossa Senhora de F\\u00e1tima.\",\"breadcrumb\":{\"@id\":\"https:\/\/www.adf.org.br\/home\/centenario-da-morte-de-santa-jacinta-marto-a-doce-pastorinha-de-nossa-senhora-de-fatima\/#breadcrumb\"},\"inLanguage\":\"pt-BR\",\"potentialAction\":[{\"@type\":\"ReadAction\",\"target\":[\"https:\/\/www.adf.org.br\/home\/centenario-da-morte-de-santa-jacinta-marto-a-doce-pastorinha-de-nossa-senhora-de-fatima\/\"]}]},{\"@type\":\"BreadcrumbList\",\"@id\":\"https:\/\/www.adf.org.br\/home\/centenario-da-morte-de-santa-jacinta-marto-a-doce-pastorinha-de-nossa-senhora-de-fatima\/#breadcrumb\",\"itemListElement\":[{\"@type\":\"ListItem\",\"position\":1,\"name\":\"Home\",\"item\":\"https:\/\/www.adf.org.br\/home\/\"},{\"@type\":\"ListItem\",\"position\":2,\"name\":\"Centen\\u00e1rio da Morte de Santa Jacinta Marto, a doce pastorinha de Nossa Senhora de F\\u00e1tima\"}]},{\"@type\":\"Person\",\"@id\":\"https:\/\/www.adf.org.br\/home\/#\/schema\/person\/f35a5c5aa7728a3dedf4ea9aa1fc2753\",\"name\":\"Gabriel Barbosa\",\"image\":{\"@type\":\"ImageObject\",\"@id\":\"https:\/\/www.adf.org.br\/home\/#personlogo\",\"inLanguage\":\"pt-BR\",\"url\":\"https:\/\/secure.gravatar.com\/avatar\/2b2cb2f4637682c5605e8d36818f51ef?s=96&d=mm&r=g\",\"contentUrl\":\"https:\/\/secure.gravatar.com\/avatar\/2b2cb2f4637682c5605e8d36818f51ef?s=96&d=mm&r=g\",\"caption\":\"Gabriel Barbosa\"},\"url\":\"https:\/\/www.adf.org.br\/home\/author\/gabrielpmk-com-br\/\"}]}<\/script>\n<!-- \/ Yoast SEO plugin. -->","yoast_head_json":{"title":"Centen\u00e1rio da Morte de Santa Jacinta Marto, a doce pastorinha de Nossa Senhora de F\u00e1tima - Associa\u00e7\u00e3o Devotos de F\u00e1tima","description":"Em comemora\u00e7\u00e3o ao Centen\u00e1rio de Morte de Santa Jacinta Marto, conhe\u00e7a e emocione-se com a hist\u00f3ria da pastorinha de Nossa Senhora de F\u00e1tima.","robots":{"index":"index","follow":"follow","max-snippet":"max-snippet:-1","max-image-preview":"max-image-preview:large","max-video-preview":"max-video-preview:-1"},"canonical":"https:\/\/www.adf.org.br\/home\/centenario-da-morte-de-santa-jacinta-marto-a-doce-pastorinha-de-nossa-senhora-de-fatima\/","og_locale":"pt_BR","og_type":"article","og_title":"Centen\u00e1rio da Morte de Santa Jacinta Marto, a doce pastorinha de Nossa Senhora de F\u00e1tima - Associa\u00e7\u00e3o Devotos de F\u00e1tima","og_description":"Em comemora\u00e7\u00e3o ao Centen\u00e1rio de Morte de Santa Jacinta Marto, conhe\u00e7a e emocione-se com a hist\u00f3ria da pastorinha de Nossa Senhora de F\u00e1tima.","og_url":"https:\/\/www.adf.org.br\/home\/centenario-da-morte-de-santa-jacinta-marto-a-doce-pastorinha-de-nossa-senhora-de-fatima\/","og_site_name":"Associa\u00e7\u00e3o Devotos de F\u00e1tima","article_published_time":"2020-02-20T10:30:49+00:00","twitter_card":"summary_large_image","twitter_misc":{"Escrito por":"Gabriel Barbosa","Est. tempo de leitura":"3 minutos"},"schema":{"@context":"https:\/\/schema.org","@graph":[{"@type":"WebSite","@id":"https:\/\/www.adf.org.br\/home\/#website","url":"https:\/\/www.adf.org.br\/home\/","name":"Associa\u00e7\u00e3o Devotos de F\u00e1tima","description":"Associa\u00e7\u00e3o Devotos de F\u00e1tima","potentialAction":[{"@type":"SearchAction","target":{"@type":"EntryPoint","urlTemplate":"https:\/\/www.adf.org.br\/home\/?s={search_term_string}"},"query-input":"required name=search_term_string"}],"inLanguage":"pt-BR"},{"@type":"ImageObject","@id":"https:\/\/www.adf.org.br\/home\/centenario-da-morte-de-santa-jacinta-marto-a-doce-pastorinha-de-nossa-senhora-de-fatima\/#primaryimage","inLanguage":"pt-BR","url":"","contentUrl":""},{"@type":"WebPage","@id":"https:\/\/www.adf.org.br\/home\/centenario-da-morte-de-santa-jacinta-marto-a-doce-pastorinha-de-nossa-senhora-de-fatima\/#webpage","url":"https:\/\/www.adf.org.br\/home\/centenario-da-morte-de-santa-jacinta-marto-a-doce-pastorinha-de-nossa-senhora-de-fatima\/","name":"Centen\u00e1rio da Morte de Santa Jacinta Marto, a doce pastorinha de Nossa Senhora de F\u00e1tima - Associa\u00e7\u00e3o Devotos de F\u00e1tima","isPartOf":{"@id":"https:\/\/www.adf.org.br\/home\/#website"},"primaryImageOfPage":{"@id":"https:\/\/www.adf.org.br\/home\/centenario-da-morte-de-santa-jacinta-marto-a-doce-pastorinha-de-nossa-senhora-de-fatima\/#primaryimage"},"datePublished":"2020-02-20T10:30:49+00:00","dateModified":"2020-02-20T10:30:49+00:00","author":{"@id":"https:\/\/www.adf.org.br\/home\/#\/schema\/person\/f35a5c5aa7728a3dedf4ea9aa1fc2753"},"description":"Em comemora\u00e7\u00e3o ao Centen\u00e1rio de Morte de Santa Jacinta Marto, conhe\u00e7a e emocione-se com a hist\u00f3ria da pastorinha de Nossa Senhora de F\u00e1tima.","breadcrumb":{"@id":"https:\/\/www.adf.org.br\/home\/centenario-da-morte-de-santa-jacinta-marto-a-doce-pastorinha-de-nossa-senhora-de-fatima\/#breadcrumb"},"inLanguage":"pt-BR","potentialAction":[{"@type":"ReadAction","target":["https:\/\/www.adf.org.br\/home\/centenario-da-morte-de-santa-jacinta-marto-a-doce-pastorinha-de-nossa-senhora-de-fatima\/"]}]},{"@type":"BreadcrumbList","@id":"https:\/\/www.adf.org.br\/home\/centenario-da-morte-de-santa-jacinta-marto-a-doce-pastorinha-de-nossa-senhora-de-fatima\/#breadcrumb","itemListElement":[{"@type":"ListItem","position":1,"name":"Home","item":"https:\/\/www.adf.org.br\/home\/"},{"@type":"ListItem","position":2,"name":"Centen\u00e1rio da Morte de Santa Jacinta Marto, a doce pastorinha de Nossa Senhora de F\u00e1tima"}]},{"@type":"Person","@id":"https:\/\/www.adf.org.br\/home\/#\/schema\/person\/f35a5c5aa7728a3dedf4ea9aa1fc2753","name":"Gabriel Barbosa","image":{"@type":"ImageObject","@id":"https:\/\/www.adf.org.br\/home\/#personlogo","inLanguage":"pt-BR","url":"https:\/\/secure.gravatar.com\/avatar\/2b2cb2f4637682c5605e8d36818f51ef?s=96&d=mm&r=g","contentUrl":"https:\/\/secure.gravatar.com\/avatar\/2b2cb2f4637682c5605e8d36818f51ef?s=96&d=mm&r=g","caption":"Gabriel Barbosa"},"url":"https:\/\/www.adf.org.br\/home\/author\/gabrielpmk-com-br\/"}]}},"_links":{"self":[{"href":"https:\/\/www.adf.org.br\/home\/wp-json\/wp\/v2\/posts\/57582"}],"collection":[{"href":"https:\/\/www.adf.org.br\/home\/wp-json\/wp\/v2\/posts"}],"about":[{"href":"https:\/\/www.adf.org.br\/home\/wp-json\/wp\/v2\/types\/post"}],"author":[{"embeddable":true,"href":"https:\/\/www.adf.org.br\/home\/wp-json\/wp\/v2\/users\/31"}],"replies":[{"embeddable":true,"href":"https:\/\/www.adf.org.br\/home\/wp-json\/wp\/v2\/comments?post=57582"}],"version-history":[{"count":0,"href":"https:\/\/www.adf.org.br\/home\/wp-json\/wp\/v2\/posts\/57582\/revisions"}],"wp:featuredmedia":[{"embeddable":true,"href":"https:\/\/www.adf.org.br\/home\/wp-json\/wp\/v2\/media\/57600"}],"wp:attachment":[{"href":"https:\/\/www.adf.org.br\/home\/wp-json\/wp\/v2\/media?parent=57582"}],"wp:term":[{"taxonomy":"category","embeddable":true,"href":"https:\/\/www.adf.org.br\/home\/wp-json\/wp\/v2\/categories?post=57582"},{"taxonomy":"post_tag","embeddable":true,"href":"https:\/\/www.adf.org.br\/home\/wp-json\/wp\/v2\/tags?post=57582"}],"curies":[{"name":"wp","href":"https:\/\/api.w.org\/{rel}","templated":true}]}}