{"id":57568,"date":"2021-02-20T00:30:54","date_gmt":"2021-02-20T03:30:54","guid":{"rendered":"http:\/\/www.adf.org.br\/home\/?p=57568"},"modified":"2021-02-18T12:38:44","modified_gmt":"2021-02-18T15:38:44","slug":"20-02-dia-dos-santos-pastorinhos-de-fatima-francisco-e-jacinta-marto","status":"publish","type":"post","link":"https:\/\/www.adf.org.br\/home\/20-02-dia-dos-santos-pastorinhos-de-fatima-francisco-e-jacinta-marto\/","title":{"rendered":"20\/02 &#8211; Dia dos Santos Pastorinhos de F\u00e1tima: Francisco e Jacinta Marto"},"content":{"rendered":"<p style=\"text-align: center;\"><a href=\"https:\/\/adf.org.br\/apostolosdefatima?origem=17784#Participar\" target=\"_blank\" rel=\"noopener noreferrer\"><img loading=\"lazy\" class=\"alignnone wp-image-57575 size-full\" src=\"https:\/\/www.adf.org.br\/home\/wp-content\/uploads\/2020\/02\/Nossa-Senhora-de-F\u00e1tima-e-Francisco-e-Jacinta-Marto.jpg\" alt=\"\" width=\"576\" height=\"453\" \/><\/a><\/p>\n<p><span style=\"color: #ffffff;\">.<\/span><\/p>\n<p><span style=\"font-family: verdana, geneva, sans-serif; color: #000000; font-size: 12pt;\"><span style=\"font-weight: 400;\"><span style=\"font-size: 18pt;\">H<\/span>oje \u00e9 uma data muito especial, pois festejamos o <\/span><b>Dia de S\u00e3o Francisco Marto<\/b><span style=\"font-weight: 400;\"> e de <\/span><b>Santa Jacinta Marto<\/b><span style=\"font-weight: 400;\">, os Pastorinhos de F\u00e1tima.<\/span><\/span><\/p>\n<p><span style=\"color: #ffffff;\">.<\/span><\/p>\n<p><span style=\"font-weight: 400; font-family: verdana, geneva, sans-serif; color: #000000; font-size: 12pt;\">Reze a <strong>ora\u00e7\u00e3o<\/strong> a seguir em honra aos Videntes da Sant\u00edssima Virgem:<\/span><\/p>\n<p><span style=\"color: #ffffff;\">.<\/span><\/p>\n<blockquote>\n<h3 style=\"text-align: center;\"><span style=\"font-family: verdana, geneva, sans-serif; color: #003366; font-size: 14pt;\"><b>Ora\u00e7\u00e3o aos Santos Francisco e Jacinta Marto\u00a0\u00a0<\/b><\/span><\/h3>\n<p><span style=\"color: #ffcc99;\">.<\/span><\/p>\n<p><span style=\"font-family: verdana, geneva, sans-serif; color: #000000; font-size: 12pt;\"><i><span style=\"font-weight: 400;\"><strong>Jacinta e Francisco<\/strong>, Pastorinhos de F\u00e1tima, queremos aprender convosco o caminho que nos leva a uma vida de verdadeira uni\u00e3o com Jesus.<\/span><\/i><\/span><\/p>\n<p><span style=\"font-family: verdana, geneva, sans-serif; color: #000000; font-size: 12pt;\"><i><span style=\"font-weight: 400;\"><strong>Ensina-nos Jacinta,<\/strong> a amar os outros com todo o nosso cora\u00e7\u00e3o,<\/span><\/i><\/span><\/p>\n<p><span style=\"font-family: verdana, geneva, sans-serif; color: #000000; font-size: 12pt;\"><i><span style=\"font-weight: 400;\">a reconhecer neles o Amor de Deus e a dar a vida para que nenhum se perca.<\/span><\/i><\/span><\/p>\n<p><span style=\"font-family: verdana, geneva, sans-serif; color: #000000; font-size: 12pt;\"><i><span style=\"font-weight: 400;\">Ensina-nos a desejar t\u00e3o intensamente como tu a convers\u00e3o dos pecadores,<\/span><\/i><\/span><\/p>\n<p><span style=\"font-family: verdana, geneva, sans-serif; color: #000000; font-size: 12pt;\"><i><span style=\"font-weight: 400;\">a come\u00e7ar por cada um de n\u00f3s.<\/span><\/i><\/span><span style=\"color: #ffcc99;\">.<\/span><\/p>\n<p><span style=\"font-family: verdana, geneva, sans-serif; color: #000000; font-size: 12pt;\"><i><span style=\"font-weight: 400;\"><strong>Ensina-nos, Francisco,<\/strong> o teu enorme amor, fiel e silencioso, por Jesus.<\/span><\/i><\/span><\/p>\n<p><span style=\"font-family: verdana, geneva, sans-serif; color: #000000; font-size: 12pt;\"><i><span style=\"font-weight: 400;\">Faz-nos desejar cada vez mais a sua companhia na ora\u00e7\u00e3o e identificar-nos<\/span><\/i><\/span><\/p>\n<p><span style=\"font-family: verdana, geneva, sans-serif; color: #000000; font-size: 12pt;\"><i><span style=\"font-weight: 400;\">com a dor do seu Cora\u00e7\u00e3o ferido pela ingratid\u00e3o dos homens.<\/span><\/i><\/span><span style=\"color: #ffcc99;\">.<\/span><\/p>\n<p><span style=\"font-family: verdana, geneva, sans-serif; color: #000000; font-size: 12pt;\"><i><span style=\"font-weight: 400;\"><strong>Pastorinhos de F\u00e1tima<\/strong>, pela vossa m\u00e3o queremos entrar cada vez mais no cora\u00e7\u00e3o de Maria, nosso ref\u00fagio, que nos h\u00e1 de conduzir at\u00e9 Deus.<\/span><\/i><\/span><\/p>\n<p><strong><span style=\"font-family: verdana, geneva, sans-serif; color: #000000; font-size: 12pt;\"><i>Am\u00e9m.<\/i><\/span><\/strong><\/p>\n<p><span style=\"color: #ffffff;\">.<\/span><\/p><\/blockquote>\n<p style=\"text-align: center;\"><span style=\"font-family: verdana, geneva, sans-serif; color: #000000; font-size: 12pt;\"><i><span style=\"font-weight: 400;\"><strong>&#8220;Santos Pastorinhos de F\u00e1tima, Francisco e Jacinta Marto, rogai por n\u00f3s.&#8221;<\/strong>\u00a0<\/span><\/i><\/span><\/p>\n<p style=\"text-align: right;\"><span style=\"font-family: verdana, geneva, sans-serif; color: #000000; font-size: 10pt;\"><b>Fonte: <\/b><span style=\"font-weight: 400;\"><span style=\"color: #000000;\">ACI Digital<\/span>\u00a0<\/span><\/span><\/p>\n<p><span style=\"font-family: verdana, geneva, sans-serif; font-size: 12pt; color: #ffffff;\">.<\/span><\/p>\n<hr \/>\n<h3 style=\"text-align: center;\"><span style=\"font-family: verdana, geneva, sans-serif; color: #800080; font-size: 14pt;\"><b>Voc\u00ea tem um pedido para fazer a Nossa Senhora?<\/b><\/span><\/h3>\n<p>&nbsp;<\/p>\n<p style=\"text-align: center;\"><span style=\"font-family: verdana, geneva, sans-serif; color: #000000; font-size: 12pt;\"><a href=\"https:\/\/adf.org.br\/velario\/fatima?origem=17784\" target=\"_blank\" rel=\"noopener noreferrer\"><span style=\"font-weight: 400; color: #0000ff;\"><strong>Acesse aqui<\/strong><\/span><\/a><span style=\"font-weight: 400;\"> ou na imagem abaixo e acenda a<\/span><b> Vela das Gra\u00e7as<\/b><span style=\"font-weight: 400;\">, por intercess\u00e3o de Nossa Senhora de F\u00e1tima.\u00a0<\/span><\/span><\/p>\n<p style=\"text-align: center;\"><span style=\"font-family: verdana, geneva, sans-serif; color: #ffffff; font-size: 12pt;\">.<\/span><\/p>\n<p style=\"text-align: center;\"><a href=\"https:\/\/adf.org.br\/velario\/fatima?origem=17784\" target=\"_blank\" rel=\"noopener noreferrer\"><img loading=\"lazy\" class=\"alignnone wp-image-57570 size-full\" src=\"https:\/\/www.adf.org.br\/home\/wp-content\/uploads\/2020\/02\/Acenda-uma-Vela-para-Nossa-Senhora.jpg\" alt=\"\" width=\"600\" height=\"350\" \/><\/a><\/p>\n<p><span style=\"color: #ffffff;\">.<\/span><\/p>\n<p style=\"text-align: center;\"><span style=\"font-weight: 400; font-family: verdana, geneva, sans-serif; color: #000000; font-size: 12pt;\">Conforme o pedido da Virgem Sant\u00edssima, reze o ter\u00e7o e tenha confian\u00e7a em <a href=\"https:\/\/adf.org.br\/velario\/fatima?origem=17784\" target=\"_blank\" rel=\"noopener noreferrer\"><strong><span style=\"color: #0000ff;\">Nossa Senhora<\/span><\/strong><\/a> assim como os Santos Pastorinhos.<\/span><\/p>\n<p>&nbsp;<\/p>\n<p style=\"text-align: center;\"><span style=\"font-weight: 400; font-family: verdana, geneva, sans-serif; color: #000000; font-size: 12pt;\"><span style=\"color: #800080;\"><strong>ELA<\/strong><\/span> seguramente ouvir\u00e1<strong> VOC\u00ca<\/strong> e o ajudar\u00e1 a alcan\u00e7ar a gra\u00e7a que tanto necessita.\u00a0<\/span><\/p>\n<p style=\"text-align: center;\"><span style=\"color: #ffffff; font-family: verdana, geneva, sans-serif; font-size: 12pt;\">.<\/span><\/p>\n<p style=\"text-align: center;\"><span style=\"font-family: verdana, geneva, sans-serif; color: #000080; font-size: 12pt;\"><b><i>\u201cNossa Senhora de F\u00e1tima, rogai por n\u00f3s!\u201d\u00a0<\/i><\/b><\/span><\/p>\n<p style=\"text-align: center;\"><span style=\"color: #ffffff; font-family: verdana, geneva, sans-serif; font-size: 12pt;\">.<\/span><\/p>\n<hr \/>\n<p style=\"text-align: center;\"><a href=\"https:\/\/www.adf.org.br\/home\/pagina-de-cadastro\/?origem=17784\" target=\"_blank\" rel=\"noopener noreferrer\"><img loading=\"lazy\" class=\"alignnone wp-image-57571 size-full\" src=\"https:\/\/www.adf.org.br\/home\/wp-content\/uploads\/2020\/02\/ADF-Bot\u00e3o-Feedburner-1.png\" alt=\"\" width=\"362\" height=\"192\" \/><\/a><span style=\"color: #ffffff;\">.<\/span><\/p>\n","protected":false},"excerpt":{"rendered":"<p>. Hoje \u00e9 uma data muito especial, pois festejamos o Dia de S\u00e3o Francisco Marto e de Santa Jacinta Marto, os Pastorinhos de F\u00e1tima. . Reze a ora\u00e7\u00e3o a seguir em honra aos Videntes da Sant\u00edssima Virgem: . Ora\u00e7\u00e3o aos Santos Francisco e Jacinta Marto\u00a0\u00a0 . Jacinta e Francisco, Pastorinhos de F\u00e1tima, queremos aprender convosco [&hellip;]<\/p>\n","protected":false},"author":31,"featured_media":61019,"comment_status":"open","ping_status":"open","sticky":false,"template":"","format":"standard","meta":[],"categories":[20,118,56,14,2547,2332],"tags":[2879,382,2350,38,57,2880,2881,2882,2760,267,826,470],"yoast_head":"<!-- This site is optimized with the Yoast SEO plugin v17.4 - https:\/\/yoast.com\/wordpress\/plugins\/seo\/ -->\n<title>20\/02 - Dia dos Santos Pastorinhos de F\u00e1tima: Francisco e Jacinta Marto<\/title>\n<meta name=\"description\" content=\"No dia dos Santos Pastorinhos de F\u00e1tima, Francisco e Jacinta Marto, reze esta ora\u00e7\u00e3o especial: &quot;Jacinta e Francisco, Pastorinhos de F\u00e1tima...\" \/>\n<meta name=\"robots\" content=\"index, follow, max-snippet:-1, max-image-preview:large, max-video-preview:-1\" \/>\n<link rel=\"canonical\" href=\"https:\/\/www.adf.org.br\/home\/20-02-dia-dos-santos-pastorinhos-de-fatima-francisco-e-jacinta-marto\/\" \/>\n<meta property=\"og:locale\" content=\"pt_BR\" \/>\n<meta property=\"og:type\" content=\"article\" \/>\n<meta property=\"og:title\" content=\"20\/02 - Dia dos Santos Pastorinhos de F\u00e1tima: Francisco e Jacinta Marto\" \/>\n<meta property=\"og:description\" content=\"No dia dos Santos Pastorinhos de F\u00e1tima, Francisco e Jacinta Marto, reze esta ora\u00e7\u00e3o especial: &quot;Jacinta e Francisco, Pastorinhos de F\u00e1tima...\" \/>\n<meta property=\"og:url\" content=\"https:\/\/www.adf.org.br\/home\/20-02-dia-dos-santos-pastorinhos-de-fatima-francisco-e-jacinta-marto\/\" \/>\n<meta property=\"og:site_name\" content=\"Associa\u00e7\u00e3o Devotos de F\u00e1tima\" \/>\n<meta property=\"article:published_time\" content=\"2021-02-20T03:30:54+00:00\" \/>\n<meta property=\"article:modified_time\" content=\"2021-02-18T15:38:44+00:00\" \/>\n<meta property=\"og:image\" content=\"https:\/\/www.adf.org.br\/home\/wp-content\/uploads\/2020\/08\/pastorinhos.jpg\" \/>\n\t<meta property=\"og:image:width\" content=\"620\" \/>\n\t<meta property=\"og:image:height\" content=\"393\" \/>\n<meta name=\"twitter:card\" content=\"summary_large_image\" \/>\n<meta name=\"twitter:label1\" content=\"Escrito por\" \/>\n\t<meta name=\"twitter:data1\" content=\"Gabriel Barbosa\" \/>\n\t<meta name=\"twitter:label2\" content=\"Est. tempo de leitura\" \/>\n\t<meta name=\"twitter:data2\" content=\"1 minuto\" \/>\n<script type=\"application\/ld+json\" class=\"yoast-schema-graph\">{\"@context\":\"https:\/\/schema.org\",\"@graph\":[{\"@type\":\"WebSite\",\"@id\":\"https:\/\/www.adf.org.br\/home\/#website\",\"url\":\"https:\/\/www.adf.org.br\/home\/\",\"name\":\"Associa\\u00e7\\u00e3o Devotos de F\\u00e1tima\",\"description\":\"Associa\\u00e7\\u00e3o Devotos de F\\u00e1tima\",\"potentialAction\":[{\"@type\":\"SearchAction\",\"target\":{\"@type\":\"EntryPoint\",\"urlTemplate\":\"https:\/\/www.adf.org.br\/home\/?s={search_term_string}\"},\"query-input\":\"required name=search_term_string\"}],\"inLanguage\":\"pt-BR\"},{\"@type\":\"ImageObject\",\"@id\":\"https:\/\/www.adf.org.br\/home\/20-02-dia-dos-santos-pastorinhos-de-fatima-francisco-e-jacinta-marto\/#primaryimage\",\"inLanguage\":\"pt-BR\",\"url\":\"https:\/\/www.adf.org.br\/home\/wp-content\/uploads\/2020\/08\/pastorinhos.jpg\",\"contentUrl\":\"https:\/\/www.adf.org.br\/home\/wp-content\/uploads\/2020\/08\/pastorinhos.jpg\",\"width\":620,\"height\":393},{\"@type\":\"WebPage\",\"@id\":\"https:\/\/www.adf.org.br\/home\/20-02-dia-dos-santos-pastorinhos-de-fatima-francisco-e-jacinta-marto\/#webpage\",\"url\":\"https:\/\/www.adf.org.br\/home\/20-02-dia-dos-santos-pastorinhos-de-fatima-francisco-e-jacinta-marto\/\",\"name\":\"20\/02 - Dia dos Santos Pastorinhos de F\\u00e1tima: Francisco e Jacinta Marto\",\"isPartOf\":{\"@id\":\"https:\/\/www.adf.org.br\/home\/#website\"},\"primaryImageOfPage\":{\"@id\":\"https:\/\/www.adf.org.br\/home\/20-02-dia-dos-santos-pastorinhos-de-fatima-francisco-e-jacinta-marto\/#primaryimage\"},\"datePublished\":\"2021-02-20T03:30:54+00:00\",\"dateModified\":\"2021-02-18T15:38:44+00:00\",\"author\":{\"@id\":\"https:\/\/www.adf.org.br\/home\/#\/schema\/person\/f35a5c5aa7728a3dedf4ea9aa1fc2753\"},\"description\":\"No dia dos Santos Pastorinhos de F\\u00e1tima, Francisco e Jacinta Marto, reze esta ora\\u00e7\\u00e3o especial: \\\"Jacinta e Francisco, Pastorinhos de F\\u00e1tima...\",\"breadcrumb\":{\"@id\":\"https:\/\/www.adf.org.br\/home\/20-02-dia-dos-santos-pastorinhos-de-fatima-francisco-e-jacinta-marto\/#breadcrumb\"},\"inLanguage\":\"pt-BR\",\"potentialAction\":[{\"@type\":\"ReadAction\",\"target\":[\"https:\/\/www.adf.org.br\/home\/20-02-dia-dos-santos-pastorinhos-de-fatima-francisco-e-jacinta-marto\/\"]}]},{\"@type\":\"BreadcrumbList\",\"@id\":\"https:\/\/www.adf.org.br\/home\/20-02-dia-dos-santos-pastorinhos-de-fatima-francisco-e-jacinta-marto\/#breadcrumb\",\"itemListElement\":[{\"@type\":\"ListItem\",\"position\":1,\"name\":\"Home\",\"item\":\"https:\/\/www.adf.org.br\/home\/\"},{\"@type\":\"ListItem\",\"position\":2,\"name\":\"20\/02 &#8211; Dia dos Santos Pastorinhos de F\\u00e1tima: Francisco e Jacinta Marto\"}]},{\"@type\":\"Person\",\"@id\":\"https:\/\/www.adf.org.br\/home\/#\/schema\/person\/f35a5c5aa7728a3dedf4ea9aa1fc2753\",\"name\":\"Gabriel Barbosa\",\"image\":{\"@type\":\"ImageObject\",\"@id\":\"https:\/\/www.adf.org.br\/home\/#personlogo\",\"inLanguage\":\"pt-BR\",\"url\":\"https:\/\/secure.gravatar.com\/avatar\/2b2cb2f4637682c5605e8d36818f51ef?s=96&d=mm&r=g\",\"contentUrl\":\"https:\/\/secure.gravatar.com\/avatar\/2b2cb2f4637682c5605e8d36818f51ef?s=96&d=mm&r=g\",\"caption\":\"Gabriel Barbosa\"},\"url\":\"https:\/\/www.adf.org.br\/home\/author\/gabrielpmk-com-br\/\"}]}<\/script>\n<!-- \/ Yoast SEO plugin. -->","yoast_head_json":{"title":"20\/02 - Dia dos Santos Pastorinhos de F\u00e1tima: Francisco e Jacinta Marto","description":"No dia dos Santos Pastorinhos de F\u00e1tima, Francisco e Jacinta Marto, reze esta ora\u00e7\u00e3o especial: \"Jacinta e Francisco, Pastorinhos de F\u00e1tima...","robots":{"index":"index","follow":"follow","max-snippet":"max-snippet:-1","max-image-preview":"max-image-preview:large","max-video-preview":"max-video-preview:-1"},"canonical":"https:\/\/www.adf.org.br\/home\/20-02-dia-dos-santos-pastorinhos-de-fatima-francisco-e-jacinta-marto\/","og_locale":"pt_BR","og_type":"article","og_title":"20\/02 - Dia dos Santos Pastorinhos de F\u00e1tima: Francisco e Jacinta Marto","og_description":"No dia dos Santos Pastorinhos de F\u00e1tima, Francisco e Jacinta Marto, reze esta ora\u00e7\u00e3o especial: \"Jacinta e Francisco, Pastorinhos de F\u00e1tima...","og_url":"https:\/\/www.adf.org.br\/home\/20-02-dia-dos-santos-pastorinhos-de-fatima-francisco-e-jacinta-marto\/","og_site_name":"Associa\u00e7\u00e3o Devotos de F\u00e1tima","article_published_time":"2021-02-20T03:30:54+00:00","article_modified_time":"2021-02-18T15:38:44+00:00","og_image":[{"width":620,"height":393,"url":"https:\/\/www.adf.org.br\/home\/wp-content\/uploads\/2020\/08\/pastorinhos.jpg","type":"image\/jpeg"}],"twitter_card":"summary_large_image","twitter_misc":{"Escrito por":"Gabriel Barbosa","Est. tempo de leitura":"1 minuto"},"schema":{"@context":"https:\/\/schema.org","@graph":[{"@type":"WebSite","@id":"https:\/\/www.adf.org.br\/home\/#website","url":"https:\/\/www.adf.org.br\/home\/","name":"Associa\u00e7\u00e3o Devotos de F\u00e1tima","description":"Associa\u00e7\u00e3o Devotos de F\u00e1tima","potentialAction":[{"@type":"SearchAction","target":{"@type":"EntryPoint","urlTemplate":"https:\/\/www.adf.org.br\/home\/?s={search_term_string}"},"query-input":"required name=search_term_string"}],"inLanguage":"pt-BR"},{"@type":"ImageObject","@id":"https:\/\/www.adf.org.br\/home\/20-02-dia-dos-santos-pastorinhos-de-fatima-francisco-e-jacinta-marto\/#primaryimage","inLanguage":"pt-BR","url":"https:\/\/www.adf.org.br\/home\/wp-content\/uploads\/2020\/08\/pastorinhos.jpg","contentUrl":"https:\/\/www.adf.org.br\/home\/wp-content\/uploads\/2020\/08\/pastorinhos.jpg","width":620,"height":393},{"@type":"WebPage","@id":"https:\/\/www.adf.org.br\/home\/20-02-dia-dos-santos-pastorinhos-de-fatima-francisco-e-jacinta-marto\/#webpage","url":"https:\/\/www.adf.org.br\/home\/20-02-dia-dos-santos-pastorinhos-de-fatima-francisco-e-jacinta-marto\/","name":"20\/02 - Dia dos Santos Pastorinhos de F\u00e1tima: Francisco e Jacinta Marto","isPartOf":{"@id":"https:\/\/www.adf.org.br\/home\/#website"},"primaryImageOfPage":{"@id":"https:\/\/www.adf.org.br\/home\/20-02-dia-dos-santos-pastorinhos-de-fatima-francisco-e-jacinta-marto\/#primaryimage"},"datePublished":"2021-02-20T03:30:54+00:00","dateModified":"2021-02-18T15:38:44+00:00","author":{"@id":"https:\/\/www.adf.org.br\/home\/#\/schema\/person\/f35a5c5aa7728a3dedf4ea9aa1fc2753"},"description":"No dia dos Santos Pastorinhos de F\u00e1tima, Francisco e Jacinta Marto, reze esta ora\u00e7\u00e3o especial: \"Jacinta e Francisco, Pastorinhos de F\u00e1tima...","breadcrumb":{"@id":"https:\/\/www.adf.org.br\/home\/20-02-dia-dos-santos-pastorinhos-de-fatima-francisco-e-jacinta-marto\/#breadcrumb"},"inLanguage":"pt-BR","potentialAction":[{"@type":"ReadAction","target":["https:\/\/www.adf.org.br\/home\/20-02-dia-dos-santos-pastorinhos-de-fatima-francisco-e-jacinta-marto\/"]}]},{"@type":"BreadcrumbList","@id":"https:\/\/www.adf.org.br\/home\/20-02-dia-dos-santos-pastorinhos-de-fatima-francisco-e-jacinta-marto\/#breadcrumb","itemListElement":[{"@type":"ListItem","position":1,"name":"Home","item":"https:\/\/www.adf.org.br\/home\/"},{"@type":"ListItem","position":2,"name":"20\/02 &#8211; Dia dos Santos Pastorinhos de F\u00e1tima: Francisco e Jacinta Marto"}]},{"@type":"Person","@id":"https:\/\/www.adf.org.br\/home\/#\/schema\/person\/f35a5c5aa7728a3dedf4ea9aa1fc2753","name":"Gabriel Barbosa","image":{"@type":"ImageObject","@id":"https:\/\/www.adf.org.br\/home\/#personlogo","inLanguage":"pt-BR","url":"https:\/\/secure.gravatar.com\/avatar\/2b2cb2f4637682c5605e8d36818f51ef?s=96&d=mm&r=g","contentUrl":"https:\/\/secure.gravatar.com\/avatar\/2b2cb2f4637682c5605e8d36818f51ef?s=96&d=mm&r=g","caption":"Gabriel Barbosa"},"url":"https:\/\/www.adf.org.br\/home\/author\/gabrielpmk-com-br\/"}]}},"_links":{"self":[{"href":"https:\/\/www.adf.org.br\/home\/wp-json\/wp\/v2\/posts\/57568"}],"collection":[{"href":"https:\/\/www.adf.org.br\/home\/wp-json\/wp\/v2\/posts"}],"about":[{"href":"https:\/\/www.adf.org.br\/home\/wp-json\/wp\/v2\/types\/post"}],"author":[{"embeddable":true,"href":"https:\/\/www.adf.org.br\/home\/wp-json\/wp\/v2\/users\/31"}],"replies":[{"embeddable":true,"href":"https:\/\/www.adf.org.br\/home\/wp-json\/wp\/v2\/comments?post=57568"}],"version-history":[{"count":8,"href":"https:\/\/www.adf.org.br\/home\/wp-json\/wp\/v2\/posts\/57568\/revisions"}],"predecessor-version":[{"id":63630,"href":"https:\/\/www.adf.org.br\/home\/wp-json\/wp\/v2\/posts\/57568\/revisions\/63630"}],"wp:featuredmedia":[{"embeddable":true,"href":"https:\/\/www.adf.org.br\/home\/wp-json\/wp\/v2\/media\/61019"}],"wp:attachment":[{"href":"https:\/\/www.adf.org.br\/home\/wp-json\/wp\/v2\/media?parent=57568"}],"wp:term":[{"taxonomy":"category","embeddable":true,"href":"https:\/\/www.adf.org.br\/home\/wp-json\/wp\/v2\/categories?post=57568"},{"taxonomy":"post_tag","embeddable":true,"href":"https:\/\/www.adf.org.br\/home\/wp-json\/wp\/v2\/tags?post=57568"}],"curies":[{"name":"wp","href":"https:\/\/api.w.org\/{rel}","templated":true}]}}