{"id":57414,"date":"2020-02-13T07:30:19","date_gmt":"2020-02-13T10:30:19","guid":{"rendered":"http:\/\/www.adf.org.br\/home\/?p=57414"},"modified":"2020-02-13T07:30:19","modified_gmt":"2020-02-13T10:30:19","slug":"as-aparicoes-de-nossa-senhora-de-lourdes-parte-1","status":"publish","type":"post","link":"https:\/\/www.adf.org.br\/home\/as-aparicoes-de-nossa-senhora-de-lourdes-parte-1\/","title":{"rendered":"As Apari\u00e7\u00f5es de Nossa Senhora de Lourdes &#8211; Parte 1"},"content":{"rendered":"<div class=\"video-youtube\" style=\"text-align: center;\"><iframe loading=\"lazy\" src=\"https:\/\/www.youtube.com\/embed\/Nnbe3VWJdCc\" width=\"560\" height=\"315\" frameborder=\"0\" allowfullscreen=\"allowfullscreen\"><br \/>\n<\/iframe><\/div>\n<div style=\"text-align: center;\"><span style=\"font-family: verdana, geneva, sans-serif; color: #ffffff; font-size: 12pt;\">.<\/span><\/div>\n<div style=\"text-align: center;\">\n<h3><span style=\"font-size: 12pt;\"><strong><span style=\"font-family: verdana, geneva, sans-serif; color: #003366;\">Assista aos pr\u00f3ximos v\u00eddeos sobre a Sant\u00edssima Virgem de Lourdes\u00a0<\/span><\/strong><\/span><\/h3>\n<p><span style=\"color: #ffffff;\">.<\/span><\/p>\n<blockquote><p><span style=\"font-family: verdana, geneva, sans-serif; color: #000000; font-size: 12pt;\"><a href=\"https:\/\/www.youtube.com\/user\/devotosdefatima?sub_confirmation=1\" target=\"_blank\" rel=\"noopener noreferrer\"><span style=\"color: #0000ff;\"><b>Clique aqui<\/b><\/span><\/a><span style=\"font-weight: 400;\"> e fa\u00e7a agora mesmo sua inscri\u00e7\u00e3o no <span style=\"color: #000000;\">Canal do Youtube<\/span> dedicado \u00e0 Nossa Senhora que mais cresce no pa\u00eds.\u00a0<\/span><\/span><\/p><\/blockquote>\n<p><span style=\"font-family: verdana, geneva, sans-serif; color: #ffffff; font-size: 12pt;\">.<\/span><br \/>\n<span style=\"font-family: verdana, geneva, sans-serif; color: #000000; font-size: 12pt;\"><strong>J\u00e1 s\u00e3o mais de <span style=\"color: #003366;\">210 MIL <\/span><span style=\"color: #000000;\">inscritos<\/span> e mais de<span style=\"color: #003366;\"> 8 MILH\u00d5ES<\/span> de visualiza\u00e7\u00f5es.\u00a0<\/strong><\/span><\/p>\n<p><span style=\"font-family: verdana, geneva, sans-serif; color: #ffffff; font-size: 12pt;\">.<\/span><\/p>\n<p><span style=\"font-family: verdana, geneva, sans-serif; color: #003366; font-size: 12pt;\"><b>IMPORTANTE!<\/b><\/span><\/p>\n<p><span style=\"font-family: verdana, geneva, sans-serif; color: #000000; font-size: 12pt;\"><span style=\"font-weight: 400;\">Ative o sininho do canal para receber o aviso quando novos v\u00eddeos forem publicados. Desta forma, voc\u00ea n\u00e3o perde nenhum conte\u00fado! \ud83d\ude09<\/span><\/span><\/p>\n<p><span style=\"font-family: verdana, geneva, sans-serif; color: #ffffff; font-size: 12pt;\">.<\/span><br \/>\n<span style=\"font-weight: 400; font-family: verdana, geneva, sans-serif; color: #003366; font-size: 12pt;\">Fortale\u00e7a seus la\u00e7os com Maria! <strong>ELA<\/strong> aguarda por voc\u00ea!\u00a0<\/span><\/p>\n<p><span style=\"font-family: verdana, geneva, sans-serif; color: #ffffff; font-size: 12pt;\">.<\/span><\/p>\n<hr \/>\n<h3><span style=\"font-family: verdana, geneva, sans-serif; color: #000000; font-size: 14pt;\"><b>Campanha\u00a0<\/b><\/span><\/h3>\n<p><span style=\"font-family: verdana, geneva, sans-serif; color: #800080; font-size: 14pt;\"><b>Ap\u00f3stolos da Cura de Nossa Senhora de Lourdes<\/b><\/span><\/p>\n<p><span style=\"font-family: verdana, geneva, sans-serif; color: #ffffff; font-size: 12pt;\">.<\/span><br \/>\n<span style=\"font-weight: 400; font-family: verdana, geneva, sans-serif; color: #000000; font-size: 14pt;\">Gostaria de\u2026<\/span><\/p>\n<p><span style=\"font-family: verdana, geneva, sans-serif; color: #ffffff; font-size: 12pt;\">.<\/span><br \/>\n<a href=\"https:\/\/adf.org.br\/apostolosdacura?origem=13263#presentes\" target=\"_blank\" rel=\"noopener noreferrer\"><img loading=\"lazy\" class=\"alignnone wp-image-57417 size-full\" src=\"https:\/\/www.adf.org.br\/home\/wp-content\/uploads\/2020\/02\/ADF-Ap\u00f3stolos-da-Cura_Presentes-de-Agradecimento.jpg\" alt=\"\" width=\"466\" height=\"343\" \/><\/a><\/p>\n<p><span style=\"font-family: verdana, geneva, sans-serif; color: #ffffff; font-size: 12pt;\">.<\/span><\/p>\n<blockquote>\n<p style=\"text-align: left; padding-left: 40px;\"><span style=\"font-family: verdana, geneva, sans-serif; color: #000000; font-size: 12pt;\"><span style=\"font-weight: 400;\">&#8230; apoiar a divulga\u00e7\u00e3o da devo\u00e7\u00e3o \u00e0 Sant\u00edssima Virgem de Lourdes,<\/span><b> sem sair de casa<\/b><span style=\"font-weight: 400;\">?<\/span><\/span><\/p>\n<p style=\"text-align: left; padding-left: 40px;\"><span style=\"font-family: verdana, geneva, sans-serif; color: #000000; font-size: 12pt;\"><span style=\"font-weight: 400;\">&#8230; ter religiosos pedindo a intercess\u00e3o de Nossa Senhora por suas inten\u00e7\u00f5es, nos<\/span><b> ter\u00e7os<\/b><span style=\"font-weight: 400;\"> que s\u00e3o rezados diariamente?<\/span><\/span><\/p>\n<p style=\"text-align: left; padding-left: 40px;\"><span style=\"font-family: verdana, geneva, sans-serif; color: #000000; font-size: 12pt;\"><span style=\"font-weight: 400;\">&#8230; colocar seu nome e suas preces em mais de<\/span><b> 60 Missas<\/b><span style=\"font-weight: 400;\"> anuais por meio de um acesso exclusivo?<\/span><\/span><\/p>\n<\/blockquote>\n<p><span style=\"color: #ffffff;\">&#8230;<\/span><\/p>\n<p><span style=\"font-weight: 400; font-family: verdana, geneva, sans-serif; color: #000000; font-size: 14pt;\">N\u00e3o perca tempo!<\/span><\/p>\n<p><span style=\"color: #ffffff;\">.<\/span><\/p>\n<p><span style=\"font-family: verdana, geneva, sans-serif; color: #ffffff; font-size: 12pt;\">.<\/span><a href=\"https:\/\/adf.org.br\/apostolosdacura\/inscrever\/?origem=13263\" target=\"_blank\" rel=\"noopener noreferrer\"><span style=\"font-family: verdana, geneva, sans-serif; color: #0000ff; font-size: 12pt;\"><strong>Inscreva-se aqui na Campanha Ap\u00f3stolos da Cura de Nossa Senhora de Lourdes.<\/strong><\/span><\/a><\/p>\n<p><span style=\"color: #ffffff;\">.<\/span><\/p>\n<p><span style=\"font-family: verdana, geneva, sans-serif; color: #ffffff; font-size: 12pt;\">.<\/span><span style=\"font-family: verdana, geneva, sans-serif; color: #000000; font-size: 12pt;\">Para mais informa\u00e7\u00f5es, acesse: <span style=\"color: #0000ff;\"><a style=\"color: #0000ff;\" href=\"https:\/\/adf.org.br\/apostolosdacura?origem=13263#motivos\" target=\"_blank\" rel=\"noopener noreferrer\"><span style=\"font-weight: 400;\">www.adf.org.br\/apostolosdacura<\/span><\/a><\/span><\/span><\/p>\n<p><span style=\"font-family: verdana, geneva, sans-serif; color: #ffffff; font-size: 12pt;\">.<\/span><\/p>\n<p><span style=\"font-family: verdana, geneva, sans-serif; color: #000000; font-size: 12pt;\"><strong><span style=\"color: #800080;\"><i>\u201cNossa Senhora de Lourdes, rogai por n\u00f3s.\u201d<\/i><\/span><\/strong><span style=\"font-weight: 400;\"> \ud83d\ude4f\u2764\ufe0f<\/span><\/span><\/p>\n<\/div>\n<div style=\"text-align: center;\"><span style=\"font-family: verdana, geneva, sans-serif; color: #ffffff; font-size: 12pt;\">.<\/span><\/div>\n","protected":false},"excerpt":{"rendered":"<p>. Assista aos pr\u00f3ximos v\u00eddeos sobre a Sant\u00edssima Virgem de Lourdes\u00a0 . Clique aqui e fa\u00e7a agora mesmo sua inscri\u00e7\u00e3o no Canal do Youtube dedicado \u00e0 Nossa Senhora que mais cresce no pa\u00eds.\u00a0 . J\u00e1 s\u00e3o mais de 210 MIL inscritos e mais de 8 MILH\u00d5ES de visualiza\u00e7\u00f5es.\u00a0 . IMPORTANTE! Ative o sininho do canal [&hellip;]<\/p>\n","protected":false},"author":31,"featured_media":57423,"comment_status":"open","ping_status":"open","sticky":false,"template":"","format":"standard","meta":[],"categories":[20,2387,2460,101],"tags":[2858,2562,2607,54,162,1064,2600,2256],"yoast_head":"<!-- This site is optimized with the Yoast SEO plugin v17.4 - https:\/\/yoast.com\/wordpress\/plugins\/seo\/ -->\n<title>As Apari\u00e7\u00f5es de Nossa Senhora de Lourdes - Parte 1 - Associa\u00e7\u00e3o Devotos de F\u00e1tima<\/title>\n<meta name=\"description\" content=\"Assista ao v\u00eddeo e conhe\u00e7a sobre a hist\u00f3ria das apari\u00e7\u00f5es de Nossa Senhora de Lourdes, a Padroeira da Sa\u00fade.\" \/>\n<meta name=\"robots\" content=\"index, follow, max-snippet:-1, max-image-preview:large, max-video-preview:-1\" \/>\n<link rel=\"canonical\" href=\"https:\/\/www.adf.org.br\/home\/as-aparicoes-de-nossa-senhora-de-lourdes-parte-1\/\" \/>\n<meta property=\"og:locale\" content=\"pt_BR\" \/>\n<meta property=\"og:type\" content=\"article\" \/>\n<meta property=\"og:title\" content=\"As Apari\u00e7\u00f5es de Nossa Senhora de Lourdes - Parte 1 - Associa\u00e7\u00e3o Devotos de F\u00e1tima\" \/>\n<meta property=\"og:description\" content=\"Assista ao v\u00eddeo e conhe\u00e7a sobre a hist\u00f3ria das apari\u00e7\u00f5es de Nossa Senhora de Lourdes, a Padroeira da Sa\u00fade.\" \/>\n<meta property=\"og:url\" content=\"https:\/\/www.adf.org.br\/home\/as-aparicoes-de-nossa-senhora-de-lourdes-parte-1\/\" \/>\n<meta property=\"og:site_name\" content=\"Associa\u00e7\u00e3o Devotos de F\u00e1tima\" \/>\n<meta property=\"article:published_time\" content=\"2020-02-13T10:30:19+00:00\" \/>\n<meta name=\"twitter:card\" content=\"summary_large_image\" \/>\n<meta name=\"twitter:label1\" content=\"Escrito por\" \/>\n\t<meta name=\"twitter:data1\" content=\"Gabriel Barbosa\" \/>\n\t<meta name=\"twitter:label2\" content=\"Est. tempo de leitura\" \/>\n\t<meta name=\"twitter:data2\" content=\"1 minuto\" \/>\n<script type=\"application\/ld+json\" class=\"yoast-schema-graph\">{\"@context\":\"https:\/\/schema.org\",\"@graph\":[{\"@type\":\"WebSite\",\"@id\":\"https:\/\/www.adf.org.br\/home\/#website\",\"url\":\"https:\/\/www.adf.org.br\/home\/\",\"name\":\"Associa\\u00e7\\u00e3o Devotos de F\\u00e1tima\",\"description\":\"Associa\\u00e7\\u00e3o Devotos de F\\u00e1tima\",\"potentialAction\":[{\"@type\":\"SearchAction\",\"target\":{\"@type\":\"EntryPoint\",\"urlTemplate\":\"https:\/\/www.adf.org.br\/home\/?s={search_term_string}\"},\"query-input\":\"required name=search_term_string\"}],\"inLanguage\":\"pt-BR\"},{\"@type\":\"ImageObject\",\"@id\":\"https:\/\/www.adf.org.br\/home\/as-aparicoes-de-nossa-senhora-de-lourdes-parte-1\/#primaryimage\",\"inLanguage\":\"pt-BR\",\"url\":\"\",\"contentUrl\":\"\"},{\"@type\":\"WebPage\",\"@id\":\"https:\/\/www.adf.org.br\/home\/as-aparicoes-de-nossa-senhora-de-lourdes-parte-1\/#webpage\",\"url\":\"https:\/\/www.adf.org.br\/home\/as-aparicoes-de-nossa-senhora-de-lourdes-parte-1\/\",\"name\":\"As Apari\\u00e7\\u00f5es de Nossa Senhora de Lourdes - Parte 1 - Associa\\u00e7\\u00e3o Devotos de F\\u00e1tima\",\"isPartOf\":{\"@id\":\"https:\/\/www.adf.org.br\/home\/#website\"},\"primaryImageOfPage\":{\"@id\":\"https:\/\/www.adf.org.br\/home\/as-aparicoes-de-nossa-senhora-de-lourdes-parte-1\/#primaryimage\"},\"datePublished\":\"2020-02-13T10:30:19+00:00\",\"dateModified\":\"2020-02-13T10:30:19+00:00\",\"author\":{\"@id\":\"https:\/\/www.adf.org.br\/home\/#\/schema\/person\/f35a5c5aa7728a3dedf4ea9aa1fc2753\"},\"description\":\"Assista ao v\\u00eddeo e conhe\\u00e7a sobre a hist\\u00f3ria das apari\\u00e7\\u00f5es de Nossa Senhora de Lourdes, a Padroeira da Sa\\u00fade.\",\"breadcrumb\":{\"@id\":\"https:\/\/www.adf.org.br\/home\/as-aparicoes-de-nossa-senhora-de-lourdes-parte-1\/#breadcrumb\"},\"inLanguage\":\"pt-BR\",\"potentialAction\":[{\"@type\":\"ReadAction\",\"target\":[\"https:\/\/www.adf.org.br\/home\/as-aparicoes-de-nossa-senhora-de-lourdes-parte-1\/\"]}]},{\"@type\":\"BreadcrumbList\",\"@id\":\"https:\/\/www.adf.org.br\/home\/as-aparicoes-de-nossa-senhora-de-lourdes-parte-1\/#breadcrumb\",\"itemListElement\":[{\"@type\":\"ListItem\",\"position\":1,\"name\":\"Home\",\"item\":\"https:\/\/www.adf.org.br\/home\/\"},{\"@type\":\"ListItem\",\"position\":2,\"name\":\"As Apari\\u00e7\\u00f5es de Nossa Senhora de Lourdes &#8211; Parte 1\"}]},{\"@type\":\"Person\",\"@id\":\"https:\/\/www.adf.org.br\/home\/#\/schema\/person\/f35a5c5aa7728a3dedf4ea9aa1fc2753\",\"name\":\"Gabriel Barbosa\",\"image\":{\"@type\":\"ImageObject\",\"@id\":\"https:\/\/www.adf.org.br\/home\/#personlogo\",\"inLanguage\":\"pt-BR\",\"url\":\"https:\/\/secure.gravatar.com\/avatar\/2b2cb2f4637682c5605e8d36818f51ef?s=96&d=mm&r=g\",\"contentUrl\":\"https:\/\/secure.gravatar.com\/avatar\/2b2cb2f4637682c5605e8d36818f51ef?s=96&d=mm&r=g\",\"caption\":\"Gabriel Barbosa\"},\"url\":\"https:\/\/www.adf.org.br\/home\/author\/gabrielpmk-com-br\/\"}]}<\/script>\n<!-- \/ Yoast SEO plugin. -->","yoast_head_json":{"title":"As Apari\u00e7\u00f5es de Nossa Senhora de Lourdes - Parte 1 - Associa\u00e7\u00e3o Devotos de F\u00e1tima","description":"Assista ao v\u00eddeo e conhe\u00e7a sobre a hist\u00f3ria das apari\u00e7\u00f5es de Nossa Senhora de Lourdes, a Padroeira da Sa\u00fade.","robots":{"index":"index","follow":"follow","max-snippet":"max-snippet:-1","max-image-preview":"max-image-preview:large","max-video-preview":"max-video-preview:-1"},"canonical":"https:\/\/www.adf.org.br\/home\/as-aparicoes-de-nossa-senhora-de-lourdes-parte-1\/","og_locale":"pt_BR","og_type":"article","og_title":"As Apari\u00e7\u00f5es de Nossa Senhora de Lourdes - Parte 1 - Associa\u00e7\u00e3o Devotos de F\u00e1tima","og_description":"Assista ao v\u00eddeo e conhe\u00e7a sobre a hist\u00f3ria das apari\u00e7\u00f5es de Nossa Senhora de Lourdes, a Padroeira da Sa\u00fade.","og_url":"https:\/\/www.adf.org.br\/home\/as-aparicoes-de-nossa-senhora-de-lourdes-parte-1\/","og_site_name":"Associa\u00e7\u00e3o Devotos de F\u00e1tima","article_published_time":"2020-02-13T10:30:19+00:00","twitter_card":"summary_large_image","twitter_misc":{"Escrito por":"Gabriel Barbosa","Est. tempo de leitura":"1 minuto"},"schema":{"@context":"https:\/\/schema.org","@graph":[{"@type":"WebSite","@id":"https:\/\/www.adf.org.br\/home\/#website","url":"https:\/\/www.adf.org.br\/home\/","name":"Associa\u00e7\u00e3o Devotos de F\u00e1tima","description":"Associa\u00e7\u00e3o Devotos de F\u00e1tima","potentialAction":[{"@type":"SearchAction","target":{"@type":"EntryPoint","urlTemplate":"https:\/\/www.adf.org.br\/home\/?s={search_term_string}"},"query-input":"required name=search_term_string"}],"inLanguage":"pt-BR"},{"@type":"ImageObject","@id":"https:\/\/www.adf.org.br\/home\/as-aparicoes-de-nossa-senhora-de-lourdes-parte-1\/#primaryimage","inLanguage":"pt-BR","url":"","contentUrl":""},{"@type":"WebPage","@id":"https:\/\/www.adf.org.br\/home\/as-aparicoes-de-nossa-senhora-de-lourdes-parte-1\/#webpage","url":"https:\/\/www.adf.org.br\/home\/as-aparicoes-de-nossa-senhora-de-lourdes-parte-1\/","name":"As Apari\u00e7\u00f5es de Nossa Senhora de Lourdes - Parte 1 - Associa\u00e7\u00e3o Devotos de F\u00e1tima","isPartOf":{"@id":"https:\/\/www.adf.org.br\/home\/#website"},"primaryImageOfPage":{"@id":"https:\/\/www.adf.org.br\/home\/as-aparicoes-de-nossa-senhora-de-lourdes-parte-1\/#primaryimage"},"datePublished":"2020-02-13T10:30:19+00:00","dateModified":"2020-02-13T10:30:19+00:00","author":{"@id":"https:\/\/www.adf.org.br\/home\/#\/schema\/person\/f35a5c5aa7728a3dedf4ea9aa1fc2753"},"description":"Assista ao v\u00eddeo e conhe\u00e7a sobre a hist\u00f3ria das apari\u00e7\u00f5es de Nossa Senhora de Lourdes, a Padroeira da Sa\u00fade.","breadcrumb":{"@id":"https:\/\/www.adf.org.br\/home\/as-aparicoes-de-nossa-senhora-de-lourdes-parte-1\/#breadcrumb"},"inLanguage":"pt-BR","potentialAction":[{"@type":"ReadAction","target":["https:\/\/www.adf.org.br\/home\/as-aparicoes-de-nossa-senhora-de-lourdes-parte-1\/"]}]},{"@type":"BreadcrumbList","@id":"https:\/\/www.adf.org.br\/home\/as-aparicoes-de-nossa-senhora-de-lourdes-parte-1\/#breadcrumb","itemListElement":[{"@type":"ListItem","position":1,"name":"Home","item":"https:\/\/www.adf.org.br\/home\/"},{"@type":"ListItem","position":2,"name":"As Apari\u00e7\u00f5es de Nossa Senhora de Lourdes &#8211; Parte 1"}]},{"@type":"Person","@id":"https:\/\/www.adf.org.br\/home\/#\/schema\/person\/f35a5c5aa7728a3dedf4ea9aa1fc2753","name":"Gabriel Barbosa","image":{"@type":"ImageObject","@id":"https:\/\/www.adf.org.br\/home\/#personlogo","inLanguage":"pt-BR","url":"https:\/\/secure.gravatar.com\/avatar\/2b2cb2f4637682c5605e8d36818f51ef?s=96&d=mm&r=g","contentUrl":"https:\/\/secure.gravatar.com\/avatar\/2b2cb2f4637682c5605e8d36818f51ef?s=96&d=mm&r=g","caption":"Gabriel Barbosa"},"url":"https:\/\/www.adf.org.br\/home\/author\/gabrielpmk-com-br\/"}]}},"_links":{"self":[{"href":"https:\/\/www.adf.org.br\/home\/wp-json\/wp\/v2\/posts\/57414"}],"collection":[{"href":"https:\/\/www.adf.org.br\/home\/wp-json\/wp\/v2\/posts"}],"about":[{"href":"https:\/\/www.adf.org.br\/home\/wp-json\/wp\/v2\/types\/post"}],"author":[{"embeddable":true,"href":"https:\/\/www.adf.org.br\/home\/wp-json\/wp\/v2\/users\/31"}],"replies":[{"embeddable":true,"href":"https:\/\/www.adf.org.br\/home\/wp-json\/wp\/v2\/comments?post=57414"}],"version-history":[{"count":0,"href":"https:\/\/www.adf.org.br\/home\/wp-json\/wp\/v2\/posts\/57414\/revisions"}],"wp:featuredmedia":[{"embeddable":true,"href":"https:\/\/www.adf.org.br\/home\/wp-json\/wp\/v2\/media\/57423"}],"wp:attachment":[{"href":"https:\/\/www.adf.org.br\/home\/wp-json\/wp\/v2\/media?parent=57414"}],"wp:term":[{"taxonomy":"category","embeddable":true,"href":"https:\/\/www.adf.org.br\/home\/wp-json\/wp\/v2\/categories?post=57414"},{"taxonomy":"post_tag","embeddable":true,"href":"https:\/\/www.adf.org.br\/home\/wp-json\/wp\/v2\/tags?post=57414"}],"curies":[{"name":"wp","href":"https:\/\/api.w.org\/{rel}","templated":true}]}}