{"id":57369,"date":"2020-02-10T09:11:00","date_gmt":"2020-02-10T12:11:00","guid":{"rendered":"http:\/\/www.adf.org.br\/home\/?p=57369"},"modified":"2020-02-10T09:11:00","modified_gmt":"2020-02-10T12:11:00","slug":"a-vidente-de-nossa-senhora-de-lourdes","status":"publish","type":"post","link":"https:\/\/www.adf.org.br\/home\/a-vidente-de-nossa-senhora-de-lourdes\/","title":{"rendered":"A Vidente de Nossa Senhora de Lourdes"},"content":{"rendered":"<div class=\"video-youtube\" style=\"text-align: center;\"><iframe loading=\"lazy\" src=\"https:\/\/www.youtube.com\/embed\/Ak77t-IDb_0\" width=\"560\" height=\"315\" frameborder=\"0\" allowfullscreen=\"allowfullscreen\"><br \/>\n<\/iframe><\/div>\n<div><span style=\"color: #ffffff; font-family: verdana, geneva, sans-serif; font-size: 12pt;\">.<\/span><\/div>\n<div>\n<h3 style=\"text-align: center;\"><span style=\"color: #800080; font-family: verdana, geneva, sans-serif; font-size: 14pt;\"><b>Vela de Nossa Senhora de Lourdes<\/b><\/span><\/h3>\n<p style=\"text-align: center;\"><span style=\"color: #000000; font-family: verdana, geneva, sans-serif; font-size: 12pt;\"><b>Pela Cura e Prote\u00e7\u00e3o da Sa\u00fade<\/b><\/span><\/p>\n<p><span style=\"color: #ffffff; font-family: verdana, geneva, sans-serif; font-size: 12pt;\">.<\/span><\/p>\n<p style=\"text-align: center;\"><span style=\"color: #000000; font-family: verdana, geneva, sans-serif; font-size: 12pt;\"><a href=\"https:\/\/adf.org.br\/velario\/lourdes?origem=13230\" target=\"_blank\" rel=\"noopener noreferrer\"><span style=\"color: #0000ff;\"><b>Acenda aqui<\/b><\/span><\/a><b> <\/b><span style=\"font-weight: 400;\">sua vela e aproveite para fazer seus pedidos de gra\u00e7as a Nossa Senhora:<\/span><\/span><\/p>\n<p><span style=\"color: #ffffff; font-family: verdana, geneva, sans-serif; font-size: 12pt;\">.<\/span><\/p>\n<p style=\"text-align: center;\"><span style=\"color: #000000; font-family: verdana, geneva, sans-serif; font-size: 12pt;\"><a href=\"https:\/\/adf.org.br\/velario\/lourdes?origem=13230\" target=\"_blank\" rel=\"noopener noreferrer\"><img loading=\"lazy\" class=\"alignnone wp-image-57371 size-full\" src=\"https:\/\/www.adf.org.br\/home\/wp-content\/uploads\/2020\/02\/Vela-de-Nossa-Senhora-de-Lourdes-1.jpg\" alt=\"\" width=\"620\" height=\"393\" \/><\/a><\/span><\/p>\n<p><span style=\"color: #ffffff; font-family: verdana, geneva, sans-serif; font-size: 12pt;\">.<\/span><\/p>\n<p style=\"text-align: center;\"><span style=\"font-weight: 400; color: #000000; font-family: verdana, geneva, sans-serif; font-size: 12pt;\">Junte toda sua f\u00e9 e reze com todo seu cora\u00e7\u00e3o, pois seguramente a Virgem Sant\u00edssima ir\u00e1 ouvir suas preces.\u00a0<\/span><\/p>\n<p><span style=\"color: #ffffff; font-family: verdana, geneva, sans-serif; font-size: 12pt;\">.<\/span><\/p>\n<p style=\"text-align: center;\"><span style=\"color: #000000; font-family: verdana, geneva, sans-serif; font-size: 12pt;\"><span style=\"color: #003366;\"><i><span style=\"font-weight: 400;\">\u201cNossa Senhora de Lourdes, rogai por n\u00f3s.\u201d <\/span><\/i><\/span><span style=\"font-weight: 400;\">\u2764\ufe0f\ud83d\ude4f<\/span><\/span><\/p>\n<p><span style=\"color: #ffffff; font-family: verdana, geneva, sans-serif; font-size: 12pt;\">.<\/span><\/p>\n<hr \/>\n<h3 style=\"text-align: center;\"><span style=\"color: #800080; font-family: verdana, geneva, sans-serif; font-size: 14pt;\"><b>Aten\u00e7\u00e3o!<\/b><\/span><\/h3>\n<p style=\"text-align: center;\"><span style=\"color: #003366; font-family: verdana, geneva, sans-serif; font-size: 12pt;\"><b>DISTRIBUI\u00c7\u00c3O GRATUITA DA MEDALHA DE NOSSA SENHORA DE LOURDES<\/b><\/span><\/p>\n<p><span style=\"color: #ffffff; font-family: verdana, geneva, sans-serif; font-size: 12pt;\">.<\/span><\/p>\n<p style=\"text-align: center;\"><span style=\"color: #000000; font-family: verdana, geneva, sans-serif; font-size: 12pt;\"><a style=\"color: #000000;\" href=\"tel:08006086246\"><img loading=\"lazy\" class=\"alignnone wp-image-57307 size-full\" src=\"https:\/\/www.adf.org.br\/home\/wp-content\/uploads\/2020\/02\/Medalha-Nossa-Senhora-de-Lourdes.png\" alt=\"\" width=\"123\" height=\"181\" \/><\/a><\/span><\/p>\n<p><span style=\"color: #ffffff; font-family: verdana, geneva, sans-serif; font-size: 12pt;\">.<\/span><\/p>\n<p style=\"text-align: center;\"><strong><span style=\"color: #000000; font-family: verdana, geneva, sans-serif; font-size: 12pt;\">Especialmente no m\u00eas* da Padroeira da Sa\u00fade todas as pessoas que ligarem para:\u00a0<\/span><\/strong><\/p>\n<p style=\"text-align: center;\"><span style=\"color: #000000; font-family: verdana, geneva, sans-serif; font-size: 12pt;\"><strong><span style=\"font-size: 24pt; color: #0000ff;\"><a style=\"color: #0000ff;\" href=\"tel:08006086246\">0800 608 6246<\/a><\/span><\/strong><span style=\"font-weight: 400;\"><br \/>\n<\/span><span style=\"font-size: 10pt;\"><i><span style=\"font-weight: 400;\"><strong>Dica:<\/strong> Se estiver no celular, somente tecle no n\u00famero para discar automaticamente.<\/span><\/i><span style=\"font-weight: 400;\">\u00a0<\/span><\/span><\/span><\/p>\n<p><span style=\"font-family: verdana, geneva, sans-serif; font-size: 12pt; color: #ffffff;\">.<\/span><\/p>\n<p style=\"text-align: center;\"><span style=\"color: #000000; font-family: verdana, geneva, sans-serif; font-size: 12pt;\"><span style=\"font-weight: 400;\">E pedirem a <\/span><span style=\"color: #003366;\"><b>Medalha da Virgem de Lourdes<\/b><\/span><span style=\"font-weight: 400;\"> ir\u00e3o receber DE GRA\u00c7A o artigo (medalha) sem precisar pagar nada!\u00a0<\/span><\/span><\/p>\n<p><span style=\"color: #ffffff; font-family: verdana, geneva, sans-serif; font-size: 12pt;\">.<\/span><\/p>\n<blockquote>\n<p style=\"text-align: center;\"><span style=\"font-weight: 400; color: #000000; font-family: verdana, geneva, sans-serif; font-size: 12pt;\">A liga\u00e7\u00e3o \u00e9 sem custo para qualquer regi\u00e3o do pa\u00eds.\u00a0<\/span><\/p>\n<p style=\"text-align: center;\"><span style=\"color: #000000; font-family: verdana, geneva, sans-serif; font-size: 12pt;\"><b>Hor\u00e1rio de Atendimento: <\/b><span style=\"font-weight: 400;\">De segunda a sexta-feira, das 08h \u00e0s 18h.\u00a0<\/span><\/span><\/p>\n<\/blockquote>\n<p><span style=\"color: #ffffff; font-family: verdana, geneva, sans-serif; font-size: 12pt;\">.<\/span><\/p>\n<p style=\"text-align: center;\"><span style=\"color: #000000; font-family: verdana, geneva, sans-serif; font-size: 10pt;\"><em><span style=\"font-weight: 400;\">*A\u00e7\u00e3o v\u00e1lida apenas para o m\u00eas de fevereiro de 2020 ou at\u00e9 esgotarem os estoques.\u00a0<\/span><\/em><\/span><\/p>\n<p><span style=\"color: #ffffff; font-family: verdana, geneva, sans-serif; font-size: 12pt;\">.<\/span><\/p>\n<hr \/>\n<p style=\"text-align: center;\"><a href=\"https:\/\/www.youtube.com\/user\/devotosdefatima?sub_confirmation=1\" target=\"_blank\" rel=\"noopener noreferrer\"><img loading=\"lazy\" class=\"alignnone wp-image-57370 size-full\" src=\"https:\/\/www.adf.org.br\/home\/wp-content\/uploads\/2020\/02\/YT-ADF-Bot\u00e3o-Tamanho-M\u00e9dio-1.png\" alt=\"\" width=\"300\" height=\"90\" \/><\/a><\/p>\n<p style=\"text-align: center;\"><span style=\"color: #ffffff;\">.<\/span><\/p>\n<\/div>\n","protected":false},"excerpt":{"rendered":"<p>. Vela de Nossa Senhora de Lourdes Pela Cura e Prote\u00e7\u00e3o da Sa\u00fade . Acenda aqui sua vela e aproveite para fazer seus pedidos de gra\u00e7as a Nossa Senhora: . . Junte toda sua f\u00e9 e reze com todo seu cora\u00e7\u00e3o, pois seguramente a Virgem Sant\u00edssima ir\u00e1 ouvir suas preces.\u00a0 . \u201cNossa Senhora de Lourdes, [&hellip;]<\/p>\n","protected":false},"author":31,"featured_media":57374,"comment_status":"open","ping_status":"open","sticky":false,"template":"","format":"standard","meta":[],"categories":[20,2387,2460,2332,101],"tags":[2562,524,54,2317,2778,1064,2435,2826,2600],"yoast_head":"<!-- This site is optimized with the Yoast SEO plugin v17.4 - https:\/\/yoast.com\/wordpress\/plugins\/seo\/ -->\n<title>A Vidente de Nossa Senhora de Lourdes - Associa\u00e7\u00e3o Devotos de F\u00e1tima<\/title>\n<meta name=\"description\" content=\"Santa Bernadete: A vidente da Sant\u00edssima Virgem de Lourdes. Conhe\u00e7a um dos maiores milagres de Nossa Senhora e aproveite para fazer seus ped..\" \/>\n<meta name=\"robots\" content=\"index, follow, max-snippet:-1, max-image-preview:large, max-video-preview:-1\" \/>\n<link rel=\"canonical\" href=\"https:\/\/www.adf.org.br\/home\/a-vidente-de-nossa-senhora-de-lourdes\/\" \/>\n<meta property=\"og:locale\" content=\"pt_BR\" \/>\n<meta property=\"og:type\" content=\"article\" \/>\n<meta property=\"og:title\" content=\"A Vidente de Nossa Senhora de Lourdes - Associa\u00e7\u00e3o Devotos de F\u00e1tima\" \/>\n<meta property=\"og:description\" content=\"Santa Bernadete: A vidente da Sant\u00edssima Virgem de Lourdes. Conhe\u00e7a um dos maiores milagres de Nossa Senhora e aproveite para fazer seus ped..\" \/>\n<meta property=\"og:url\" content=\"https:\/\/www.adf.org.br\/home\/a-vidente-de-nossa-senhora-de-lourdes\/\" \/>\n<meta property=\"og:site_name\" content=\"Associa\u00e7\u00e3o Devotos de F\u00e1tima\" \/>\n<meta property=\"article:published_time\" content=\"2020-02-10T12:11:00+00:00\" \/>\n<meta name=\"twitter:card\" content=\"summary_large_image\" \/>\n<meta name=\"twitter:label1\" content=\"Escrito por\" \/>\n\t<meta name=\"twitter:data1\" content=\"Gabriel Barbosa\" \/>\n\t<meta name=\"twitter:label2\" content=\"Est. tempo de leitura\" \/>\n\t<meta name=\"twitter:data2\" content=\"1 minuto\" \/>\n<script type=\"application\/ld+json\" class=\"yoast-schema-graph\">{\"@context\":\"https:\/\/schema.org\",\"@graph\":[{\"@type\":\"WebSite\",\"@id\":\"https:\/\/www.adf.org.br\/home\/#website\",\"url\":\"https:\/\/www.adf.org.br\/home\/\",\"name\":\"Associa\\u00e7\\u00e3o Devotos de F\\u00e1tima\",\"description\":\"Associa\\u00e7\\u00e3o Devotos de F\\u00e1tima\",\"potentialAction\":[{\"@type\":\"SearchAction\",\"target\":{\"@type\":\"EntryPoint\",\"urlTemplate\":\"https:\/\/www.adf.org.br\/home\/?s={search_term_string}\"},\"query-input\":\"required name=search_term_string\"}],\"inLanguage\":\"pt-BR\"},{\"@type\":\"ImageObject\",\"@id\":\"https:\/\/www.adf.org.br\/home\/a-vidente-de-nossa-senhora-de-lourdes\/#primaryimage\",\"inLanguage\":\"pt-BR\",\"url\":\"\",\"contentUrl\":\"\"},{\"@type\":\"WebPage\",\"@id\":\"https:\/\/www.adf.org.br\/home\/a-vidente-de-nossa-senhora-de-lourdes\/#webpage\",\"url\":\"https:\/\/www.adf.org.br\/home\/a-vidente-de-nossa-senhora-de-lourdes\/\",\"name\":\"A Vidente de Nossa Senhora de Lourdes - Associa\\u00e7\\u00e3o Devotos de F\\u00e1tima\",\"isPartOf\":{\"@id\":\"https:\/\/www.adf.org.br\/home\/#website\"},\"primaryImageOfPage\":{\"@id\":\"https:\/\/www.adf.org.br\/home\/a-vidente-de-nossa-senhora-de-lourdes\/#primaryimage\"},\"datePublished\":\"2020-02-10T12:11:00+00:00\",\"dateModified\":\"2020-02-10T12:11:00+00:00\",\"author\":{\"@id\":\"https:\/\/www.adf.org.br\/home\/#\/schema\/person\/f35a5c5aa7728a3dedf4ea9aa1fc2753\"},\"description\":\"Santa Bernadete: A vidente da Sant\\u00edssima Virgem de Lourdes. Conhe\\u00e7a um dos maiores milagres de Nossa Senhora e aproveite para fazer seus ped..\",\"breadcrumb\":{\"@id\":\"https:\/\/www.adf.org.br\/home\/a-vidente-de-nossa-senhora-de-lourdes\/#breadcrumb\"},\"inLanguage\":\"pt-BR\",\"potentialAction\":[{\"@type\":\"ReadAction\",\"target\":[\"https:\/\/www.adf.org.br\/home\/a-vidente-de-nossa-senhora-de-lourdes\/\"]}]},{\"@type\":\"BreadcrumbList\",\"@id\":\"https:\/\/www.adf.org.br\/home\/a-vidente-de-nossa-senhora-de-lourdes\/#breadcrumb\",\"itemListElement\":[{\"@type\":\"ListItem\",\"position\":1,\"name\":\"Home\",\"item\":\"https:\/\/www.adf.org.br\/home\/\"},{\"@type\":\"ListItem\",\"position\":2,\"name\":\"A Vidente de Nossa Senhora de Lourdes\"}]},{\"@type\":\"Person\",\"@id\":\"https:\/\/www.adf.org.br\/home\/#\/schema\/person\/f35a5c5aa7728a3dedf4ea9aa1fc2753\",\"name\":\"Gabriel Barbosa\",\"image\":{\"@type\":\"ImageObject\",\"@id\":\"https:\/\/www.adf.org.br\/home\/#personlogo\",\"inLanguage\":\"pt-BR\",\"url\":\"https:\/\/secure.gravatar.com\/avatar\/2b2cb2f4637682c5605e8d36818f51ef?s=96&d=mm&r=g\",\"contentUrl\":\"https:\/\/secure.gravatar.com\/avatar\/2b2cb2f4637682c5605e8d36818f51ef?s=96&d=mm&r=g\",\"caption\":\"Gabriel Barbosa\"},\"url\":\"https:\/\/www.adf.org.br\/home\/author\/gabrielpmk-com-br\/\"}]}<\/script>\n<!-- \/ Yoast SEO plugin. -->","yoast_head_json":{"title":"A Vidente de Nossa Senhora de Lourdes - Associa\u00e7\u00e3o Devotos de F\u00e1tima","description":"Santa Bernadete: A vidente da Sant\u00edssima Virgem de Lourdes. Conhe\u00e7a um dos maiores milagres de Nossa Senhora e aproveite para fazer seus ped..","robots":{"index":"index","follow":"follow","max-snippet":"max-snippet:-1","max-image-preview":"max-image-preview:large","max-video-preview":"max-video-preview:-1"},"canonical":"https:\/\/www.adf.org.br\/home\/a-vidente-de-nossa-senhora-de-lourdes\/","og_locale":"pt_BR","og_type":"article","og_title":"A Vidente de Nossa Senhora de Lourdes - Associa\u00e7\u00e3o Devotos de F\u00e1tima","og_description":"Santa Bernadete: A vidente da Sant\u00edssima Virgem de Lourdes. Conhe\u00e7a um dos maiores milagres de Nossa Senhora e aproveite para fazer seus ped..","og_url":"https:\/\/www.adf.org.br\/home\/a-vidente-de-nossa-senhora-de-lourdes\/","og_site_name":"Associa\u00e7\u00e3o Devotos de F\u00e1tima","article_published_time":"2020-02-10T12:11:00+00:00","twitter_card":"summary_large_image","twitter_misc":{"Escrito por":"Gabriel Barbosa","Est. tempo de leitura":"1 minuto"},"schema":{"@context":"https:\/\/schema.org","@graph":[{"@type":"WebSite","@id":"https:\/\/www.adf.org.br\/home\/#website","url":"https:\/\/www.adf.org.br\/home\/","name":"Associa\u00e7\u00e3o Devotos de F\u00e1tima","description":"Associa\u00e7\u00e3o Devotos de F\u00e1tima","potentialAction":[{"@type":"SearchAction","target":{"@type":"EntryPoint","urlTemplate":"https:\/\/www.adf.org.br\/home\/?s={search_term_string}"},"query-input":"required name=search_term_string"}],"inLanguage":"pt-BR"},{"@type":"ImageObject","@id":"https:\/\/www.adf.org.br\/home\/a-vidente-de-nossa-senhora-de-lourdes\/#primaryimage","inLanguage":"pt-BR","url":"","contentUrl":""},{"@type":"WebPage","@id":"https:\/\/www.adf.org.br\/home\/a-vidente-de-nossa-senhora-de-lourdes\/#webpage","url":"https:\/\/www.adf.org.br\/home\/a-vidente-de-nossa-senhora-de-lourdes\/","name":"A Vidente de Nossa Senhora de Lourdes - Associa\u00e7\u00e3o Devotos de F\u00e1tima","isPartOf":{"@id":"https:\/\/www.adf.org.br\/home\/#website"},"primaryImageOfPage":{"@id":"https:\/\/www.adf.org.br\/home\/a-vidente-de-nossa-senhora-de-lourdes\/#primaryimage"},"datePublished":"2020-02-10T12:11:00+00:00","dateModified":"2020-02-10T12:11:00+00:00","author":{"@id":"https:\/\/www.adf.org.br\/home\/#\/schema\/person\/f35a5c5aa7728a3dedf4ea9aa1fc2753"},"description":"Santa Bernadete: A vidente da Sant\u00edssima Virgem de Lourdes. Conhe\u00e7a um dos maiores milagres de Nossa Senhora e aproveite para fazer seus ped..","breadcrumb":{"@id":"https:\/\/www.adf.org.br\/home\/a-vidente-de-nossa-senhora-de-lourdes\/#breadcrumb"},"inLanguage":"pt-BR","potentialAction":[{"@type":"ReadAction","target":["https:\/\/www.adf.org.br\/home\/a-vidente-de-nossa-senhora-de-lourdes\/"]}]},{"@type":"BreadcrumbList","@id":"https:\/\/www.adf.org.br\/home\/a-vidente-de-nossa-senhora-de-lourdes\/#breadcrumb","itemListElement":[{"@type":"ListItem","position":1,"name":"Home","item":"https:\/\/www.adf.org.br\/home\/"},{"@type":"ListItem","position":2,"name":"A Vidente de Nossa Senhora de Lourdes"}]},{"@type":"Person","@id":"https:\/\/www.adf.org.br\/home\/#\/schema\/person\/f35a5c5aa7728a3dedf4ea9aa1fc2753","name":"Gabriel Barbosa","image":{"@type":"ImageObject","@id":"https:\/\/www.adf.org.br\/home\/#personlogo","inLanguage":"pt-BR","url":"https:\/\/secure.gravatar.com\/avatar\/2b2cb2f4637682c5605e8d36818f51ef?s=96&d=mm&r=g","contentUrl":"https:\/\/secure.gravatar.com\/avatar\/2b2cb2f4637682c5605e8d36818f51ef?s=96&d=mm&r=g","caption":"Gabriel Barbosa"},"url":"https:\/\/www.adf.org.br\/home\/author\/gabrielpmk-com-br\/"}]}},"_links":{"self":[{"href":"https:\/\/www.adf.org.br\/home\/wp-json\/wp\/v2\/posts\/57369"}],"collection":[{"href":"https:\/\/www.adf.org.br\/home\/wp-json\/wp\/v2\/posts"}],"about":[{"href":"https:\/\/www.adf.org.br\/home\/wp-json\/wp\/v2\/types\/post"}],"author":[{"embeddable":true,"href":"https:\/\/www.adf.org.br\/home\/wp-json\/wp\/v2\/users\/31"}],"replies":[{"embeddable":true,"href":"https:\/\/www.adf.org.br\/home\/wp-json\/wp\/v2\/comments?post=57369"}],"version-history":[{"count":0,"href":"https:\/\/www.adf.org.br\/home\/wp-json\/wp\/v2\/posts\/57369\/revisions"}],"wp:featuredmedia":[{"embeddable":true,"href":"https:\/\/www.adf.org.br\/home\/wp-json\/wp\/v2\/media\/57374"}],"wp:attachment":[{"href":"https:\/\/www.adf.org.br\/home\/wp-json\/wp\/v2\/media?parent=57369"}],"wp:term":[{"taxonomy":"category","embeddable":true,"href":"https:\/\/www.adf.org.br\/home\/wp-json\/wp\/v2\/categories?post=57369"},{"taxonomy":"post_tag","embeddable":true,"href":"https:\/\/www.adf.org.br\/home\/wp-json\/wp\/v2\/tags?post=57369"}],"curies":[{"name":"wp","href":"https:\/\/api.w.org\/{rel}","templated":true}]}}