{"id":57290,"date":"2020-02-02T00:31:08","date_gmt":"2020-02-02T03:31:08","guid":{"rendered":"http:\/\/www.adf.org.br\/home\/?p=57290"},"modified":"2020-02-02T00:31:08","modified_gmt":"2020-02-02T03:31:08","slug":"dia-de-nossa-senhora-das-candeias-reze-esta-oracao-a-santissima-virgem","status":"publish","type":"post","link":"https:\/\/www.adf.org.br\/home\/dia-de-nossa-senhora-das-candeias-reze-esta-oracao-a-santissima-virgem\/","title":{"rendered":"Dia de Nossa Senhora das Candeias: Reze esta Ora\u00e7\u00e3o a Sant\u00edssima Virgem"},"content":{"rendered":"<p><a href=\"https:\/\/adf.org.br\/apostolosdefatima?origem=13095#Participar\" target=\"_blank\" rel=\"noopener noreferrer\"><img loading=\"lazy\" class=\"aligncenter wp-image-57297 size-full\" src=\"https:\/\/www.adf.org.br\/home\/wp-content\/uploads\/2020\/02\/Nossa-Senhora-das-Candeias-1.png\" alt=\"\" width=\"359\" height=\"466\" \/><\/a><\/p>\n<p><span style=\"color: #ffffff;\">.<\/span><\/p>\n<p><span style=\"font-family: verdana, geneva, sans-serif; color: #000000; font-size: 12pt;\"><span style=\"font-weight: 400;\"><span style=\"font-size: 18pt;\">C<\/span>elebrada no dia 02 de fevereiro, <\/span><b>Nossa Senhora das Candeias<\/b><span style=\"font-weight: 400;\"> \u00e9 tamb\u00e9m conhecida como a <\/span><i><span style=\"font-weight: 400;\">Sant\u00edssima Virgem da Purifica\u00e7\u00e3o<\/span><\/i><span style=\"font-weight: 400;\">, da <\/span><i><span style=\"font-weight: 400;\">Luz<\/span><\/i><span style=\"font-weight: 400;\"> ou da <\/span><i><span style=\"font-weight: 400;\">Candel\u00e1ria<\/span><\/i><span style=\"font-weight: 400;\">.<\/span><\/span><\/p>\n<p><span style=\"color: #ffffff;\">.<\/span><\/p>\n<p><span style=\"font-family: verdana, geneva, sans-serif; color: #003366; font-size: 14pt;\"><b>Origem da Devo\u00e7\u00e3o\u00a0<\/b><\/span><\/p>\n<p><span style=\"color: #ffffff;\">.<\/span><\/p>\n<p><span style=\"font-family: verdana, geneva, sans-serif; color: #000000; font-size: 12pt;\"><span style=\"font-weight: 400;\"><span style=\"font-size: 12pt;\">A<\/span> origem desta bela devo\u00e7\u00e3o mariana nasceu na <\/span><b>Festa da Apresenta\u00e7\u00e3o do Menino Jesus ao Templo<\/b> <b>e na da<\/b> <b>Purifica\u00e7\u00e3o de Nossa Senhora<\/b><span style=\"font-weight: 400;\">, que ocorre 40 dias ap\u00f3s seu nascimento (sendo assim, comemorada no dia 2 de fevereiro).<\/span><\/span><\/p>\n<p><span style=\"color: #ffffff;\">.<\/span><\/p>\n<p style=\"padding-left: 80px;\"><span style=\"font-weight: 400; font-family: verdana, geneva, sans-serif; color: #003366; font-size: 12pt;\">De acordo com a tradi\u00e7\u00e3o mosaica, as parturientes, depois de darem \u00e0 luz, ficavam impuras, n\u00e3o podendo entrar nos templos nos quarenta dias seguintes do parto.\u00a0<\/span><\/p>\n<p><span style=\"color: #ffffff;\">.<\/span><\/p>\n<p><span style=\"font-weight: 400; font-family: verdana, geneva, sans-serif; color: #000000; font-size: 12pt;\">Passados os quarenta dias, tinham que se apresentar ao sumo sacerdote, para apresentar o seu sacrif\u00edcio (um cordeiro e duas pombas) e assim obter a purifica\u00e7\u00e3o.\u00a0<\/span><span style=\"font-family: verdana, geneva, sans-serif; color: #000000; font-size: 12pt;\"><span style=\"font-weight: 400;\">Assim,<\/span><b> Jos\u00e9 e Maria logo se apresentaram no Templo e foram acolhidos por Sime\u00e3o<\/b><span style=\"font-weight: 400;\">, para realizar o sacrif\u00edcio.\u00a0<\/span><\/span><\/p>\n<p><span style=\"color: #ffffff;\">.<\/span><\/p>\n<p style=\"padding-left: 80px;\"><span style=\"font-family: verdana, geneva, sans-serif; color: #003366; font-size: 12pt;\"><span style=\"font-weight: 400;\"><strong>Sime\u00e3o, profeta, revelou ao casal as maravilhas relacionadas ao Menino Jesus, disse a eles:<\/strong> \u201c<\/span><i><span style=\"font-weight: 400;\">Agora, Senhor, deixa partir o vosso servo em paz, conforme a Vossa Palavra. Pois os meus olhos viram a Vossa salva\u00e7\u00e3o que preparastes diante dos olhos das na\u00e7\u00f5es: Luz para aclarar os gentios, e gl\u00f3ria de Israel, vosso povo\u201d<\/span><\/i><span style=\"font-weight: 400;\"> (Lucas, 2, 29-33).\u00a0<\/span><\/span><\/p>\n<p><span style=\"color: #ffffff;\">.<\/span><\/p>\n<p><span style=\"font-weight: 400; font-family: verdana, geneva, sans-serif; color: #000000; font-size: 12pt;\">Do c\u00e2ntico de S\u00e3o Sime\u00e3o (conhecido pelas suas primeiras palavras em latim: o Nunc dimittis), que promete que Jesus ser\u00e1 a luz que ir\u00e1 aclarar os gentios, nasce o culto em torno de Nossa Senhora das Candeias;<\/span><\/p>\n<p><span style=\"color: #ffffff;\">.<\/span><\/p>\n<p><span style=\"font-family: verdana, geneva, sans-serif; color: #000000; font-size: 12pt;\"><b>Curiosidades: <\/b><span style=\"font-weight: 400;\">A palavra <\/span><b>\u201ccandeia\u201d<\/b><span style=\"font-weight: 400;\"> significa vela, tocha, l\u00e2mpada. Logo, as festas eram geralmente celebradas com uma prociss\u00e3o de velas, para relembrar o fato.<\/span><\/span><\/p>\n<p><span style=\"font-family: verdana, geneva, sans-serif; color: #ffffff; font-size: 12pt;\">.<\/span><\/p>\n<blockquote>\n<h3 style=\"text-align: center;\"><span style=\"font-family: verdana, geneva, sans-serif; color: #003366; font-size: 14pt;\"><b>Ora\u00e7\u00e3o a Nossa Senhora das Candeias<\/b><\/span><\/h3>\n<p><span style=\"color: #ffcc99;\"><em><span style=\"font-family: verdana, geneva, sans-serif; font-size: 12pt;\">.<\/span><\/em><\/span><\/p>\n<p><em><span style=\"font-weight: 400; font-family: verdana, geneva, sans-serif; color: #000000; font-size: 12pt;\"><span style=\"color: #003366;\">Virgem Sant\u00edssima das Candeias<\/span>, v\u00f3s que pelos merecimentos de vosso Filho Onipotente, tudo alcan\u00e7ais em benef\u00edcio dos pecadores de quem sois igualmente Senhora e M\u00e3e.\u00a0<\/span><\/em><\/p>\n<p><span style=\"color: #ffcc99;\"><em><span style=\"font-family: verdana, geneva, sans-serif; font-size: 12pt;\">.<\/span><\/em><\/span><\/p>\n<p><em><span style=\"font-weight: 400; font-family: verdana, geneva, sans-serif; color: #000000; font-size: 12pt;\"><span style=\"color: #003366;\">V\u00f3s que n\u00e3o desprezais as s\u00faplicas humanas<\/span> e nem a elas fechais o vosso cora\u00e7\u00e3o compassivo e misericordioso.\u00a0<\/span><\/em><\/p>\n<p><span style=\"color: #ffcc99;\"><em><span style=\"font-family: verdana, geneva, sans-serif; font-size: 12pt;\">.<\/span><\/em><\/span><\/p>\n<p><em><span style=\"font-weight: 400; font-family: verdana, geneva, sans-serif; color: #000000; font-size: 12pt;\"><span style=\"color: #003366;\">Iluminai-me, eu vos pe\u00e7o, na estrada da vida,<\/span> encorajai-me e encaminhai os meus passos e as minhas ora\u00e7\u00f5es para o verdadeiro bem.\u00a0<\/span><\/em><\/p>\n<p><span style=\"color: #ffcc99;\"><em><span style=\"font-family: verdana, geneva, sans-serif; font-size: 12pt;\">.<\/span><\/em><\/span><\/p>\n<p><em><span style=\"font-weight: 400; font-family: verdana, geneva, sans-serif; color: #000000; font-size: 12pt;\"><span style=\"color: #003366;\">Livrai-me de todos os perigos<\/span> a que est\u00e1 exposta \u00e0 minha fraqueza.\u00a0<\/span><\/em><\/p>\n<p><span style=\"color: #ffcc99;\"><em><span style=\"font-family: verdana, geneva, sans-serif; font-size: 12pt;\">.<\/span><\/em><\/span><\/p>\n<p><em><span style=\"font-weight: 400; font-family: verdana, geneva, sans-serif; color: #000000; font-size: 12pt;\"><span style=\"color: #003366;\">Defendei-me de meus inimigos,<\/span> como defendeste o vosso amado Filho das persegui\u00e7\u00f5es que sofreu sendo menino.\u00a0<\/span><\/em><\/p>\n<p><span style=\"color: #ffcc99;\">.<\/span><\/p>\n<p><em><span style=\"font-weight: 400; font-family: verdana, geneva, sans-serif; color: #000000; font-size: 12pt;\"><span style=\"color: #003366;\">N\u00e3o consintais que eu seja atingido<\/span> por ferro, fogo e nem por peste alguma, e depois de todos estes benef\u00edcios de vossa clem\u00eancia nesta vida, conduzi a minha alma para a morada dos anjos, onde com Jesus Cristo, vosso Filho e Nosso Senhor, viveis e reinais, pelos s\u00e9culos.\u00a0<\/span><\/em><\/p>\n<p><span style=\"color: #ffcc99;\">.<\/span><\/p>\n<p><em><span style=\"font-weight: 400; font-family: verdana, geneva, sans-serif; color: #000000; font-size: 12pt;\">Que assim seja.<\/span><\/em><\/p><\/blockquote>\n<p><span style=\"color: #ffffff;\"><em><span style=\"font-family: verdana, geneva, sans-serif; font-size: 12pt;\">.<\/span><\/em><\/span><\/p>\n<p style=\"text-align: right;\"><span style=\"font-family: verdana, geneva, sans-serif; color: #000000; font-size: 10pt;\"><b>Fontes: <\/b><span style=\"color: #0000ff;\"><a style=\"color: #0000ff;\" href=\"http:\/\/historiadenossasenhora.wordpress.com\" target=\"_blank\" rel=\"noopener noreferrer\"><span style=\"font-weight: 400;\">Hist\u00f3ria de Nossa Senhora<\/span><\/a><\/span><b> \/ <\/b><span style=\"font-weight: 400;\"><a href=\"https:\/\/www.a12.com\/academia\/catequese\/a-origem-da-devocao-a-senhora-das-candeias\" target=\"_blank\" rel=\"noopener noreferrer\"><span style=\"color: #0000ff;\">A12<\/span><\/a> \/ <span style=\"color: #0000ff;\"><a style=\"color: #0000ff;\" href=\"https:\/\/cruzterrasanta.com.br\/historia-de-nossa-senhora-das-candeias\/486\/102\/\" target=\"_blank\" rel=\"noopener noreferrer\">Cruz Terra Santa<\/a><\/span>\u00a0<\/span><\/span><\/p>\n<p><span style=\"color: #ffffff;\">.<\/span><\/p>\n<h3 style=\"text-align: center;\"><span style=\"font-size: 14pt;\"><a href=\"https:\/\/adf.org.br\/velario\/imaculado?origem=13095\" target=\"_blank\" rel=\"noopener noreferrer\"><span style=\"color: #0000ff; font-family: verdana, geneva, sans-serif;\"><b>Acenda aqui uma Vela para Nossa Senhora<\/b><\/span><span style=\"color: #0000ff; font-family: verdana, geneva, sans-serif;\"><b>.<\/b><\/span><\/a><\/span><\/h3>\n<p><span style=\"color: #ffffff;\">.<\/span><\/p>\n<hr \/>\n<p style=\"text-align: center;\"><a href=\"http:\/\/feedburner.google.com\/fb\/a\/mailverify?uri=devotosdefatima&amp;loc=pt_B\" target=\"_blank\" rel=\"noopener noreferrer\"><img loading=\"lazy\" class=\"alignnone wp-image-57292 size-full\" src=\"https:\/\/www.adf.org.br\/home\/wp-content\/uploads\/2020\/01\/ADF-Bot\u00e3o-Feedburner-1-1.png\" alt=\"\" width=\"600\" height=\"200\" \/><\/a><\/p>\n<p><span style=\"color: #ffffff;\"><b>.<\/b><\/span><\/p>\n","protected":false},"excerpt":{"rendered":"<p>. Celebrada no dia 02 de fevereiro, Nossa Senhora das Candeias \u00e9 tamb\u00e9m conhecida como a Sant\u00edssima Virgem da Purifica\u00e7\u00e3o, da Luz ou da Candel\u00e1ria. . Origem da Devo\u00e7\u00e3o\u00a0 . A origem desta bela devo\u00e7\u00e3o mariana nasceu na Festa da Apresenta\u00e7\u00e3o do Menino Jesus ao Templo e na da Purifica\u00e7\u00e3o de Nossa Senhora, que ocorre [&hellip;]<\/p>\n","protected":false},"author":31,"featured_media":57300,"comment_status":"open","ping_status":"open","sticky":false,"template":"","format":"standard","meta":[],"categories":[20,14,2547,2332],"tags":[2806,2807,38,2809,2810,2811,2812,2813,470],"yoast_head":"<!-- This site is optimized with the Yoast SEO plugin v17.4 - https:\/\/yoast.com\/wordpress\/plugins\/seo\/ -->\n<title>Dia de Nossa Senhora das Candeias: Reze esta Ora\u00e7\u00e3o a Sant\u00edssima Virgem - Associa\u00e7\u00e3o Devotos de F\u00e1tima<\/title>\n<meta name=\"description\" content=\"Celebrada em 02 de fevereiro, Nossa Senhora das Candeias tamb\u00e9m \u00e9 conhecida como a Sant\u00edssima Virgem da Candel\u00e1ria, da Luz ou da Purifica\u00e7\u00e3o..\" \/>\n<meta name=\"robots\" content=\"index, follow, max-snippet:-1, max-image-preview:large, max-video-preview:-1\" \/>\n<link rel=\"canonical\" href=\"https:\/\/www.adf.org.br\/home\/dia-de-nossa-senhora-das-candeias-reze-esta-oracao-a-santissima-virgem\/\" \/>\n<meta property=\"og:locale\" content=\"pt_BR\" \/>\n<meta property=\"og:type\" content=\"article\" \/>\n<meta property=\"og:title\" content=\"Dia de Nossa Senhora das Candeias: Reze esta Ora\u00e7\u00e3o a Sant\u00edssima Virgem - Associa\u00e7\u00e3o Devotos de F\u00e1tima\" \/>\n<meta property=\"og:description\" content=\"Celebrada em 02 de fevereiro, Nossa Senhora das Candeias tamb\u00e9m \u00e9 conhecida como a Sant\u00edssima Virgem da Candel\u00e1ria, da Luz ou da Purifica\u00e7\u00e3o..\" \/>\n<meta property=\"og:url\" content=\"https:\/\/www.adf.org.br\/home\/dia-de-nossa-senhora-das-candeias-reze-esta-oracao-a-santissima-virgem\/\" \/>\n<meta property=\"og:site_name\" content=\"Associa\u00e7\u00e3o Devotos de F\u00e1tima\" \/>\n<meta property=\"article:published_time\" content=\"2020-02-02T03:31:08+00:00\" \/>\n<meta name=\"twitter:card\" content=\"summary_large_image\" \/>\n<meta name=\"twitter:label1\" content=\"Escrito por\" \/>\n\t<meta name=\"twitter:data1\" content=\"Gabriel Barbosa\" \/>\n\t<meta name=\"twitter:label2\" content=\"Est. tempo de leitura\" \/>\n\t<meta name=\"twitter:data2\" content=\"2 minutos\" \/>\n<script type=\"application\/ld+json\" class=\"yoast-schema-graph\">{\"@context\":\"https:\/\/schema.org\",\"@graph\":[{\"@type\":\"WebSite\",\"@id\":\"https:\/\/www.adf.org.br\/home\/#website\",\"url\":\"https:\/\/www.adf.org.br\/home\/\",\"name\":\"Associa\\u00e7\\u00e3o Devotos de F\\u00e1tima\",\"description\":\"Associa\\u00e7\\u00e3o Devotos de F\\u00e1tima\",\"potentialAction\":[{\"@type\":\"SearchAction\",\"target\":{\"@type\":\"EntryPoint\",\"urlTemplate\":\"https:\/\/www.adf.org.br\/home\/?s={search_term_string}\"},\"query-input\":\"required name=search_term_string\"}],\"inLanguage\":\"pt-BR\"},{\"@type\":\"ImageObject\",\"@id\":\"https:\/\/www.adf.org.br\/home\/dia-de-nossa-senhora-das-candeias-reze-esta-oracao-a-santissima-virgem\/#primaryimage\",\"inLanguage\":\"pt-BR\",\"url\":\"\",\"contentUrl\":\"\"},{\"@type\":\"WebPage\",\"@id\":\"https:\/\/www.adf.org.br\/home\/dia-de-nossa-senhora-das-candeias-reze-esta-oracao-a-santissima-virgem\/#webpage\",\"url\":\"https:\/\/www.adf.org.br\/home\/dia-de-nossa-senhora-das-candeias-reze-esta-oracao-a-santissima-virgem\/\",\"name\":\"Dia de Nossa Senhora das Candeias: Reze esta Ora\\u00e7\\u00e3o a Sant\\u00edssima Virgem - Associa\\u00e7\\u00e3o Devotos de F\\u00e1tima\",\"isPartOf\":{\"@id\":\"https:\/\/www.adf.org.br\/home\/#website\"},\"primaryImageOfPage\":{\"@id\":\"https:\/\/www.adf.org.br\/home\/dia-de-nossa-senhora-das-candeias-reze-esta-oracao-a-santissima-virgem\/#primaryimage\"},\"datePublished\":\"2020-02-02T03:31:08+00:00\",\"dateModified\":\"2020-02-02T03:31:08+00:00\",\"author\":{\"@id\":\"https:\/\/www.adf.org.br\/home\/#\/schema\/person\/f35a5c5aa7728a3dedf4ea9aa1fc2753\"},\"description\":\"Celebrada em 02 de fevereiro, Nossa Senhora das Candeias tamb\\u00e9m \\u00e9 conhecida como a Sant\\u00edssima Virgem da Candel\\u00e1ria, da Luz ou da Purifica\\u00e7\\u00e3o..\",\"breadcrumb\":{\"@id\":\"https:\/\/www.adf.org.br\/home\/dia-de-nossa-senhora-das-candeias-reze-esta-oracao-a-santissima-virgem\/#breadcrumb\"},\"inLanguage\":\"pt-BR\",\"potentialAction\":[{\"@type\":\"ReadAction\",\"target\":[\"https:\/\/www.adf.org.br\/home\/dia-de-nossa-senhora-das-candeias-reze-esta-oracao-a-santissima-virgem\/\"]}]},{\"@type\":\"BreadcrumbList\",\"@id\":\"https:\/\/www.adf.org.br\/home\/dia-de-nossa-senhora-das-candeias-reze-esta-oracao-a-santissima-virgem\/#breadcrumb\",\"itemListElement\":[{\"@type\":\"ListItem\",\"position\":1,\"name\":\"Home\",\"item\":\"https:\/\/www.adf.org.br\/home\/\"},{\"@type\":\"ListItem\",\"position\":2,\"name\":\"Dia de Nossa Senhora das Candeias: Reze esta Ora\\u00e7\\u00e3o a Sant\\u00edssima Virgem\"}]},{\"@type\":\"Person\",\"@id\":\"https:\/\/www.adf.org.br\/home\/#\/schema\/person\/f35a5c5aa7728a3dedf4ea9aa1fc2753\",\"name\":\"Gabriel Barbosa\",\"image\":{\"@type\":\"ImageObject\",\"@id\":\"https:\/\/www.adf.org.br\/home\/#personlogo\",\"inLanguage\":\"pt-BR\",\"url\":\"https:\/\/secure.gravatar.com\/avatar\/2b2cb2f4637682c5605e8d36818f51ef?s=96&d=mm&r=g\",\"contentUrl\":\"https:\/\/secure.gravatar.com\/avatar\/2b2cb2f4637682c5605e8d36818f51ef?s=96&d=mm&r=g\",\"caption\":\"Gabriel Barbosa\"},\"url\":\"https:\/\/www.adf.org.br\/home\/author\/gabrielpmk-com-br\/\"}]}<\/script>\n<!-- \/ Yoast SEO plugin. -->","yoast_head_json":{"title":"Dia de Nossa Senhora das Candeias: Reze esta Ora\u00e7\u00e3o a Sant\u00edssima Virgem - Associa\u00e7\u00e3o Devotos de F\u00e1tima","description":"Celebrada em 02 de fevereiro, Nossa Senhora das Candeias tamb\u00e9m \u00e9 conhecida como a Sant\u00edssima Virgem da Candel\u00e1ria, da Luz ou da Purifica\u00e7\u00e3o..","robots":{"index":"index","follow":"follow","max-snippet":"max-snippet:-1","max-image-preview":"max-image-preview:large","max-video-preview":"max-video-preview:-1"},"canonical":"https:\/\/www.adf.org.br\/home\/dia-de-nossa-senhora-das-candeias-reze-esta-oracao-a-santissima-virgem\/","og_locale":"pt_BR","og_type":"article","og_title":"Dia de Nossa Senhora das Candeias: Reze esta Ora\u00e7\u00e3o a Sant\u00edssima Virgem - Associa\u00e7\u00e3o Devotos de F\u00e1tima","og_description":"Celebrada em 02 de fevereiro, Nossa Senhora das Candeias tamb\u00e9m \u00e9 conhecida como a Sant\u00edssima Virgem da Candel\u00e1ria, da Luz ou da Purifica\u00e7\u00e3o..","og_url":"https:\/\/www.adf.org.br\/home\/dia-de-nossa-senhora-das-candeias-reze-esta-oracao-a-santissima-virgem\/","og_site_name":"Associa\u00e7\u00e3o Devotos de F\u00e1tima","article_published_time":"2020-02-02T03:31:08+00:00","twitter_card":"summary_large_image","twitter_misc":{"Escrito por":"Gabriel Barbosa","Est. tempo de leitura":"2 minutos"},"schema":{"@context":"https:\/\/schema.org","@graph":[{"@type":"WebSite","@id":"https:\/\/www.adf.org.br\/home\/#website","url":"https:\/\/www.adf.org.br\/home\/","name":"Associa\u00e7\u00e3o Devotos de F\u00e1tima","description":"Associa\u00e7\u00e3o Devotos de F\u00e1tima","potentialAction":[{"@type":"SearchAction","target":{"@type":"EntryPoint","urlTemplate":"https:\/\/www.adf.org.br\/home\/?s={search_term_string}"},"query-input":"required name=search_term_string"}],"inLanguage":"pt-BR"},{"@type":"ImageObject","@id":"https:\/\/www.adf.org.br\/home\/dia-de-nossa-senhora-das-candeias-reze-esta-oracao-a-santissima-virgem\/#primaryimage","inLanguage":"pt-BR","url":"","contentUrl":""},{"@type":"WebPage","@id":"https:\/\/www.adf.org.br\/home\/dia-de-nossa-senhora-das-candeias-reze-esta-oracao-a-santissima-virgem\/#webpage","url":"https:\/\/www.adf.org.br\/home\/dia-de-nossa-senhora-das-candeias-reze-esta-oracao-a-santissima-virgem\/","name":"Dia de Nossa Senhora das Candeias: Reze esta Ora\u00e7\u00e3o a Sant\u00edssima Virgem - Associa\u00e7\u00e3o Devotos de F\u00e1tima","isPartOf":{"@id":"https:\/\/www.adf.org.br\/home\/#website"},"primaryImageOfPage":{"@id":"https:\/\/www.adf.org.br\/home\/dia-de-nossa-senhora-das-candeias-reze-esta-oracao-a-santissima-virgem\/#primaryimage"},"datePublished":"2020-02-02T03:31:08+00:00","dateModified":"2020-02-02T03:31:08+00:00","author":{"@id":"https:\/\/www.adf.org.br\/home\/#\/schema\/person\/f35a5c5aa7728a3dedf4ea9aa1fc2753"},"description":"Celebrada em 02 de fevereiro, Nossa Senhora das Candeias tamb\u00e9m \u00e9 conhecida como a Sant\u00edssima Virgem da Candel\u00e1ria, da Luz ou da Purifica\u00e7\u00e3o..","breadcrumb":{"@id":"https:\/\/www.adf.org.br\/home\/dia-de-nossa-senhora-das-candeias-reze-esta-oracao-a-santissima-virgem\/#breadcrumb"},"inLanguage":"pt-BR","potentialAction":[{"@type":"ReadAction","target":["https:\/\/www.adf.org.br\/home\/dia-de-nossa-senhora-das-candeias-reze-esta-oracao-a-santissima-virgem\/"]}]},{"@type":"BreadcrumbList","@id":"https:\/\/www.adf.org.br\/home\/dia-de-nossa-senhora-das-candeias-reze-esta-oracao-a-santissima-virgem\/#breadcrumb","itemListElement":[{"@type":"ListItem","position":1,"name":"Home","item":"https:\/\/www.adf.org.br\/home\/"},{"@type":"ListItem","position":2,"name":"Dia de Nossa Senhora das Candeias: Reze esta Ora\u00e7\u00e3o a Sant\u00edssima Virgem"}]},{"@type":"Person","@id":"https:\/\/www.adf.org.br\/home\/#\/schema\/person\/f35a5c5aa7728a3dedf4ea9aa1fc2753","name":"Gabriel Barbosa","image":{"@type":"ImageObject","@id":"https:\/\/www.adf.org.br\/home\/#personlogo","inLanguage":"pt-BR","url":"https:\/\/secure.gravatar.com\/avatar\/2b2cb2f4637682c5605e8d36818f51ef?s=96&d=mm&r=g","contentUrl":"https:\/\/secure.gravatar.com\/avatar\/2b2cb2f4637682c5605e8d36818f51ef?s=96&d=mm&r=g","caption":"Gabriel Barbosa"},"url":"https:\/\/www.adf.org.br\/home\/author\/gabrielpmk-com-br\/"}]}},"_links":{"self":[{"href":"https:\/\/www.adf.org.br\/home\/wp-json\/wp\/v2\/posts\/57290"}],"collection":[{"href":"https:\/\/www.adf.org.br\/home\/wp-json\/wp\/v2\/posts"}],"about":[{"href":"https:\/\/www.adf.org.br\/home\/wp-json\/wp\/v2\/types\/post"}],"author":[{"embeddable":true,"href":"https:\/\/www.adf.org.br\/home\/wp-json\/wp\/v2\/users\/31"}],"replies":[{"embeddable":true,"href":"https:\/\/www.adf.org.br\/home\/wp-json\/wp\/v2\/comments?post=57290"}],"version-history":[{"count":0,"href":"https:\/\/www.adf.org.br\/home\/wp-json\/wp\/v2\/posts\/57290\/revisions"}],"wp:featuredmedia":[{"embeddable":true,"href":"https:\/\/www.adf.org.br\/home\/wp-json\/wp\/v2\/media\/57300"}],"wp:attachment":[{"href":"https:\/\/www.adf.org.br\/home\/wp-json\/wp\/v2\/media?parent=57290"}],"wp:term":[{"taxonomy":"category","embeddable":true,"href":"https:\/\/www.adf.org.br\/home\/wp-json\/wp\/v2\/categories?post=57290"},{"taxonomy":"post_tag","embeddable":true,"href":"https:\/\/www.adf.org.br\/home\/wp-json\/wp\/v2\/tags?post=57290"}],"curies":[{"name":"wp","href":"https:\/\/api.w.org\/{rel}","templated":true}]}}