{"id":57047,"date":"2020-09-09T00:00:39","date_gmt":"2020-09-09T03:00:39","guid":{"rendered":"http:\/\/www.adf.org.br\/home\/?p=57047"},"modified":"2020-09-08T17:01:52","modified_gmt":"2020-09-08T20:01:52","slug":"nossa-senhora-de-lourdes-a-cura-inexplicavel-parte-2","status":"publish","type":"post","link":"https:\/\/www.adf.org.br\/home\/nossa-senhora-de-lourdes-a-cura-inexplicavel-parte-2\/","title":{"rendered":"Nossa Senhora de Lourdes: A Cura Inexplic\u00e1vel &#8211; Parte 2"},"content":{"rendered":"<p>&nbsp;<\/p>\n<p style=\"text-align: center;\"><a href=\"https:\/\/adf.org.br\/apostolosdacura?origem=15926\" target=\"_blank\" rel=\"noopener noreferrer\"><img loading=\"lazy\" class=\"alignnone wp-image-57051 size-full\" src=\"https:\/\/www.adf.org.br\/home\/wp-content\/uploads\/2020\/01\/Nossa-Senhora-de-Lourdes-14.jpg\" alt=\"\" width=\"305\" height=\"479\" \/><\/a><\/p>\n<p><span style=\"font-family: verdana, geneva, sans-serif; color: #ffffff;\">.<\/span><\/p>\n<h3><span style=\"font-family: verdana, geneva, sans-serif; color: #003366; font-size: 14pt;\"><b>O Milagre<\/b><\/span><span style=\"color: #ffffff;\">.<\/span><\/h3>\n<p><span style=\"font-weight: 400; font-family: verdana, geneva, sans-serif; color: #000000; font-size: 12pt;\"><span style=\"font-size: 18pt;\">T<\/span>odos os dias, sua m\u00e3e lhe dava a beber \u00e1gua de <a href=\"https:\/\/adf.org.br\/apostolosdacura?origem=15926#motivos\" target=\"_blank\" rel=\"noopener noreferrer\"><span style=\"color: #0000ff;\">Lourdes<\/span><\/a>. Mas ao mesmo tempo j\u00e1 preparava o vestido mortu\u00e1rio com o qual o falecido \u00e9 enterrado, segundo a tradi\u00e7\u00e3o da Sic\u00edlia.<\/span><\/p>\n<p><span style=\"font-weight: 400; font-family: verdana, geneva, sans-serif; color: #000000; font-size: 12pt;\">E foi num dia de Natal\u2026<\/span><span style=\"color: #ffffff;\">.<\/span><\/p>\n<h3><span style=\"font-family: verdana, geneva, sans-serif; color: #003366; font-size: 14pt;\"><b>Delizia em Lourdes<\/b><\/span><span style=\"color: #ffffff;\">.<\/span><\/h3>\n<p><span style=\"font-weight: 400; font-family: verdana, geneva, sans-serif; color: #000000; font-size: 12pt;\"><strong>Delizia sentia menos dores, at\u00e9 mesmo em seu joelho atingido pelo tumor.<\/strong> Pediu ent\u00e3o licen\u00e7a para se levantar. A m\u00e3e achou que fosse um de seus derradeiros desejos e autorizou.<\/span><span style=\"color: #ffffff;\">.<\/span><\/p>\n<blockquote>\n<p style=\"padding-left: 80px;\"><span style=\"font-weight: 400; font-family: verdana, geneva, sans-serif; color: #003366; font-size: 12pt;\"><strong>Ela ent\u00e3o se levantou<\/strong>, caminhou pela casa, e at\u00e9 foi dar alguns passos na rua!<\/span><span style=\"color: #ffffff;\">.<\/span><\/p>\n<\/blockquote>\n<p><span style=\"font-weight: 400; font-family: verdana, geneva, sans-serif; color: #000000; font-size: 12pt;\">O esfor\u00e7o, ap\u00f3s meses de paralisia, a deixou esgotada. Voltou a deitar, dormiu. Por\u00e9m, nos dias seguintes, os sinais de melhora foram cada vez mais evidentes. Em poucos meses recuperou 12 quilos.<\/span><span style=\"color: #ffffff;\">.<\/span><\/p>\n<p><span style=\"font-family: verdana, geneva, sans-serif; color: #000000; font-size: 12pt;\"><span style=\"font-weight: 400;\">Em maio de 1977 o m\u00e9dico ordenou novas radiografias. O diagn\u00f3stico foi <\/span><i><span style=\"font-weight: 400;\">\u201capar\u00eancia de repara\u00e7\u00e3o ao mesmo tempo endo-\u00f3sssea e cortical, com um desaparecimento completo das rea\u00e7\u00f5es periosteais. \u00c9 preciso notar tamb\u00e9m, a exist\u00eancia de um importante genu valgum\u201d<\/span><\/i><span style=\"font-weight: 400;\"> (em termos correntes, uma cicatriz \u00f3ssea).<\/span><\/span><span style=\"color: #ffffff;\">.<\/span><\/p>\n<blockquote>\n<p style=\"padding-left: 80px;\"><span style=\"font-family: verdana, geneva, sans-serif; color: #003366; font-size: 12pt;\"><span style=\"font-weight: 400;\">Em outras palavras, <\/span><b>o tumor maligno havia desaparecido<\/b><span style=\"font-weight: 400;\">!<\/span><\/span><span style=\"color: #ffffff;\">.<\/span><\/p>\n<\/blockquote>\n<p><span style=\"font-weight: 400; font-family: verdana, geneva, sans-serif; color: #000000; font-size: 12pt;\">A fam\u00edlia peregrinou em a\u00e7\u00e3o de gra\u00e7as a Lourdes, no fim de julho de 1977. Na ocasi\u00e3o a apresentaram no Bureau M\u00e9dico e marcaram consulta com o Dr. Mangiapan para o dia 28 daquele m\u00eas.<\/span><span style=\"color: #ffffff;\">.<\/span><\/p>\n<h3><span style=\"font-family: verdana, geneva, sans-serif; color: #003366; font-size: 14pt;\"><b>A comprova\u00e7\u00e3o m\u00e9dica sobre a cura<\/b><\/span><span style=\"color: #ffffff;\">.<\/span><\/h3>\n<p><span style=\"font-weight: 400; font-family: verdana, geneva, sans-serif; color: #000000; font-size: 12pt;\">Foi assim que os m\u00e9dicos puderam analisar todos os resultados dos exames de que dispunha a fam\u00edlia. Houve interrogat\u00f3rios, exig\u00eancia de mais laudos cl\u00ednicos e realiza\u00e7\u00e3o de novos exames.<\/span><span style=\"color: #ffffff;\">.<\/span><\/p>\n<p style=\"text-align: center;\"><a href=\"https:\/\/adf.org.br\/apostolosdacura?origem=15926#motivos\" target=\"_blank\" rel=\"noopener noreferrer\"><img loading=\"lazy\" class=\"alignnone wp-image-57052 size-full\" src=\"https:\/\/www.adf.org.br\/home\/wp-content\/uploads\/2020\/01\/Delizia-Cirolli-03.jpg\" alt=\"\" width=\"280\" height=\"400\" \/><\/a><\/p>\n<p><span style=\"color: #ffffff;\">.<\/span><\/p>\n<p><span style=\"font-weight: 400; font-family: verdana, geneva, sans-serif; color: #000000; font-size: 12pt;\">Em 1978, Delizia voltou a Lourdes e respondeu a novos interrogat\u00f3rios e exames. O Dr. Christian Nezelof, especialista mundialmente famoso em tumores \u00f3sseos, viu as antigas radiografias e tomografias e seu veredito foi \u201csarcoma de Ewing\u201d.<\/span><span style=\"color: #ffffff;\">.<\/span><\/p>\n<blockquote>\n<p style=\"padding-left: 80px;\"><span style=\"font-weight: 400; font-family: verdana, geneva, sans-serif; color: #003366; font-size: 12pt;\">Delizia voltou pela terceira vez a Lourdes em 1979. Ela tinha ent\u00e3o 14 anos e 8 meses, adquirira a morfologia completa de uma mulher, pesava 58 quilos e media 1,57. <strong>O \u00fanico vest\u00edgio da doen\u00e7a era a cicatriz \u00f3ssea que at\u00e9 dificultava seu caminhar<\/strong>.<\/span><span style=\"color: #ffffff;\">.<\/span><\/p>\n<\/blockquote>\n<p><span style=\"font-weight: 400; font-family: verdana, geneva, sans-serif; color: #000000; font-size: 12pt;\">Em julho de 1980 aconteceu seu quarto e \u00faltimo check-up em Lourdes. Em 28 de julho desse ano, na presen\u00e7a de 20 m\u00e9dicos de diversos pa\u00edses, o caso foi debatido e Delizia foi demoradamente examinada.<\/span><span style=\"color: #ffffff;\">.<\/span><\/p>\n<h3><span style=\"font-family: verdana, geneva, sans-serif; color: #003366; font-size: 14pt;\"><b>Fen\u00f4meno Cientificamente Inexplic\u00e1vel<\/b><\/span><span style=\"color: #ffffff;\">.<\/span><\/h3>\n<p><span style=\"font-family: verdana, geneva, sans-serif; color: #000000; font-size: 12pt;\"><span style=\"font-weight: 400;\">Por fim, a grande maioria dos m\u00e9dicos aprovou declara\u00e7\u00e3o sobre a cura, dizendo que <\/span><b><i>\u201cnas condi\u00e7\u00f5es em que ela aconteceu e se mant\u00e9m\u2026 pode ser considerada como um fen\u00f4meno contr\u00e1rio \u00e0s observa\u00e7\u00f5es e \u00e0s previs\u00f5es da experi\u00eancia m\u00e9dica e \u00e9 cientificamente inexplic\u00e1vel\u201d<\/i><\/b><span style=\"font-weight: 400;\">.<\/span><\/span><span style=\"color: #ffffff;\">.<\/span><\/p>\n<p><span style=\"font-weight: 400; font-family: verdana, geneva, sans-serif; color: #000000; font-size: 12pt;\">Na Catania foi criada uma Comiss\u00e3o M\u00e9dica Diocesana, que tamb\u00e9m concluiu com larga maioria ser uma cura \u201ccientificamente inexplic\u00e1vel\u201d. <\/span><span style=\"font-weight: 400; font-family: verdana, geneva, sans-serif; color: #000000; font-size: 12pt;\">A seguir, toda a documenta\u00e7\u00e3o do caso foi remetida ao Comit\u00e9 M\u00e9dico Internacional em Paris, que ap\u00f3s estudo e consulta decidiu por unanimidade, em 26 de setembro de 1982:<\/span><span style=\"color: #ffffff;\">.<\/span><\/p>\n<blockquote><p><span style=\"font-family: verdana, geneva, sans-serif; color: #003366; font-size: 12pt;\"><i><span style=\"font-weight: 400;\">\u201cA cura, sem qualquer tratamento, verificada ap\u00f3s seis anos de evolu\u00e7\u00e3o, da prolifera\u00e7\u00e3o maligna da extremidade superior da t\u00edbia direita que atingiu a jovem Delizia Cirolli, constitui um <\/span><\/i><b><i>fen\u00f4meno totalmente excepcional <\/i><\/b><i><span style=\"font-weight: 400;\">no senso mais estrito do termo, contr\u00e1ria a toda observa\u00e7\u00e3o e previs\u00e3o da experi\u00eancia m\u00e9dica e, al\u00e9m do mais, <\/span><\/i><b><i>inexplic\u00e1vel<\/i><\/b><i><span style=\"font-weight: 400;\">.\u201d<\/span><\/i><\/span><span style=\"color: #ffffff;\">.<\/span><\/p><\/blockquote>\n<h3><span style=\"font-family: verdana, geneva, sans-serif; color: #003366; font-size: 14pt;\"><b>A nova vida de Delizia<\/b><\/span><span style=\"color: #ffffff;\">.<\/span><\/h3>\n<p><span style=\"font-weight: 400; font-family: verdana, geneva, sans-serif; color: #000000; font-size: 12pt;\">Entrementes, a miraculada completou sua forma\u00e7\u00e3o escolar e iniciou estudos para obter um diploma de enfermeira. Casou-se em 1986 e a hoje Delizia Costa \u00e9 m\u00e3e de tr\u00eas filhos. Ap\u00f3s uma cirurgia bem-sucedida, foi-lhe tirada a \u201ccicatriz \u00f3ssea\u201d que prejudicava seu caminhar.<\/span><span style=\"color: #ffffff;\">.<\/span><\/p>\n<p><span style=\"font-weight: 400; font-family: verdana, geneva, sans-serif; color: #000000; font-size: 12pt;\">A medicina tinha encerrado seus procedimentos atestando a cura cientificamente inexplic\u00e1vel. <\/span><span style=\"font-weight: 400; font-family: verdana, geneva, sans-serif; color: #000000; font-size: 12pt;\"><strong>Por\u00e9m, n\u00e3o \u00e9 a medicina a que proclama o milagre. Isto \u00e9 atribui\u00e7\u00e3o exclusiva da Igreja e, em concreto, do bispo da diocese da beneficiada<\/strong>.<\/span><span style=\"color: #ffffff;\">.<\/span><\/p>\n<p><span style=\"font-weight: 400; font-family: verdana, geneva, sans-serif; color: #000000; font-size: 12pt;\">E aqui aparecem problemas. H\u00e1 mais de sete mil curas declaradas inexplic\u00e1veis pela ci\u00eancia, mas a respeito das quais os respectivos bispos n\u00e3o assumem nenhuma posi\u00e7\u00e3o. Esta falta de atitude, ali\u00e1s, causava desgosto a S\u00e3o Pio X, que instou os bispos envolvidos a se pronunciarem para o bem das almas.<\/span><span style=\"color: #ffffff;\">.<\/span><\/p>\n<p><span style=\"font-weight: 400; font-family: verdana, geneva, sans-serif; color: #000000; font-size: 12pt;\">No caso de Delizia foi diferente. Em 28 de junho de 1989, Mons. Luigi Bonmarito, arcebispo de Catania, assinou uma declara\u00e7\u00e3o em que dizia:<\/span><span style=\"color: #ffffff;\">.<\/span><\/p>\n<blockquote><p><em><span style=\"font-family: verdana, geneva, sans-serif; color: #003366; font-size: 12pt;\"><span style=\"font-weight: 400;\">\u201cAp\u00f3s tomar conhecimento dos relat\u00f3rios da Comiss\u00e3o M\u00e9dica e da Comiss\u00e3o Can\u00f4nica diocesana, designadas para o estudo da cura de Delizia Cirolli, de Patern\u00f2, constato o fato de que tal cura, levadas em conta as condi\u00e7\u00f5es em que aconteceu e se mant\u00e9m, \u00e9 \u2018cientificamente inexplic\u00e1vel\u2019 e, como Arcebispo de Catania, eu declaro a sua <\/span><b>\u00edndole \u2018milagrosa\u2019<\/b><span style=\"font-weight: 400;\">. Ela se acrescenta a muitas outras que, h\u00e1 130 anos, se verificam em Lourdes.\u201d<\/span><\/span><\/em><span style=\"color: #ffffff;\">.<\/span><\/p><\/blockquote>\n<p><span style=\"font-weight: 400; font-family: verdana, geneva, sans-serif; color: #000000; font-size: 12pt;\">A declara\u00e7\u00e3o do arcebispo foi entregue ao p\u00fablico no dia 6 de julho de 1989, simultaneamente em Catania e em Lourdes.<\/span><span style=\"color: #ffffff;\">.<\/span><\/p>\n<p><span style=\"font-weight: 400; font-family: verdana, geneva, sans-serif; color: #000000; font-size: 12pt;\">Delizia hoje vai regularmente a Lourdes como volunt\u00e1ria para ajudar aos doentes. Se o leitor esteve alguma vez l\u00e1, talvez tenha passado junto dela sem dar-se conta.<\/span><span style=\"color: #ffffff;\">.<\/span><\/p>\n<p style=\"text-align: right;\"><span style=\"font-family: verdana, geneva, sans-serif; color: #000000; font-size: 10pt;\"><b>Fonte: <\/b><em><span style=\"font-weight: 400;\">Blog Luzes de Esperan\u00e7a<\/span><\/em><\/span><span style=\"color: #ffffff;\">.<\/span><\/p>\n<p><a href=\"https:\/\/www.adf.org.br\/home\/nossa-senhora-de-lourdes-a-cura-inexplicavel-parte-1\/\" target=\"_blank\" rel=\"noopener noreferrer\"><span style=\"font-family: verdana, geneva, sans-serif; color: #0000ff; font-size: 12pt;\"><b>Nossa Senhora de Lourdes: A Cura Inexplic\u00e1vel &#8211; Parte 1<\/b><\/span><\/a><\/p>\n<p><span style=\"color: #ffffff;\">.<\/span><\/p>\n<hr \/>\n<p>&nbsp;<\/p>\n<p><a href=\"https:\/\/adf.org.br\/apostolosdacura\/inscrever\/?origem=15926\" target=\"_blank\" rel=\"noopener noreferrer\"><img loading=\"lazy\" class=\"aligncenter wp-image-57048 \" src=\"https:\/\/www.adf.org.br\/home\/wp-content\/uploads\/2020\/01\/3-Lourdes-min.png\" alt=\"\" width=\"489\" height=\"163\" \/><\/a><\/p>\n","protected":false},"excerpt":{"rendered":"<p>&nbsp; . O Milagre. Todos os dias, sua m\u00e3e lhe dava a beber \u00e1gua de Lourdes. Mas ao mesmo tempo j\u00e1 preparava o vestido mortu\u00e1rio com o qual o falecido \u00e9 enterrado, segundo a tradi\u00e7\u00e3o da Sic\u00edlia. E foi num dia de Natal\u2026. Delizia em Lourdes. Delizia sentia menos dores, at\u00e9 mesmo em seu joelho [&hellip;]<\/p>\n","protected":false},"author":31,"featured_media":61166,"comment_status":"open","ping_status":"open","sticky":false,"template":"","format":"standard","meta":[],"categories":[20,2387,2460,2332],"tags":[2598,680,2670,230,2715,54,2435,2600],"yoast_head":"<!-- This site is optimized with the Yoast SEO plugin v17.4 - https:\/\/yoast.com\/wordpress\/plugins\/seo\/ -->\n<title>Nossa Senhora de Lourdes: A Cura Inexplic\u00e1vel - Parte 2<\/title>\n<meta name=\"description\" content=\"Acompanhe a segunda e \u00faltima parte da hist\u00f3ria de Delizia Cirollido que foi agraciada com um milagre de Sant\u00edssima Virgem de Lourdes\" \/>\n<meta name=\"robots\" content=\"index, follow, max-snippet:-1, max-image-preview:large, max-video-preview:-1\" \/>\n<link rel=\"canonical\" href=\"https:\/\/www.adf.org.br\/home\/nossa-senhora-de-lourdes-a-cura-inexplicavel-parte-2\/\" \/>\n<meta property=\"og:locale\" content=\"pt_BR\" \/>\n<meta property=\"og:type\" content=\"article\" \/>\n<meta property=\"og:title\" content=\"Nossa Senhora de Lourdes: A Cura Inexplic\u00e1vel - Parte 2\" \/>\n<meta property=\"og:description\" content=\"Acompanhe a segunda e \u00faltima parte da hist\u00f3ria de Delizia Cirollido que foi agraciada com um milagre de Sant\u00edssima Virgem de Lourdes\" \/>\n<meta property=\"og:url\" content=\"https:\/\/www.adf.org.br\/home\/nossa-senhora-de-lourdes-a-cura-inexplicavel-parte-2\/\" \/>\n<meta property=\"og:site_name\" content=\"Associa\u00e7\u00e3o Devotos de F\u00e1tima\" \/>\n<meta property=\"article:published_time\" content=\"2020-09-09T03:00:39+00:00\" \/>\n<meta property=\"article:modified_time\" content=\"2020-09-08T20:01:52+00:00\" \/>\n<meta property=\"og:image\" content=\"https:\/\/www.adf.org.br\/home\/wp-content\/uploads\/2019\/11\/milagre-lourdes.jpg\" \/>\n\t<meta property=\"og:image:width\" content=\"544\" \/>\n\t<meta property=\"og:image:height\" content=\"322\" \/>\n<meta name=\"twitter:card\" content=\"summary_large_image\" \/>\n<meta name=\"twitter:label1\" content=\"Escrito por\" \/>\n\t<meta name=\"twitter:data1\" content=\"Gabriel Barbosa\" \/>\n\t<meta name=\"twitter:label2\" content=\"Est. tempo de leitura\" \/>\n\t<meta name=\"twitter:data2\" content=\"4 minutos\" \/>\n<script type=\"application\/ld+json\" class=\"yoast-schema-graph\">{\"@context\":\"https:\/\/schema.org\",\"@graph\":[{\"@type\":\"WebSite\",\"@id\":\"https:\/\/www.adf.org.br\/home\/#website\",\"url\":\"https:\/\/www.adf.org.br\/home\/\",\"name\":\"Associa\\u00e7\\u00e3o Devotos de F\\u00e1tima\",\"description\":\"Associa\\u00e7\\u00e3o Devotos de F\\u00e1tima\",\"potentialAction\":[{\"@type\":\"SearchAction\",\"target\":{\"@type\":\"EntryPoint\",\"urlTemplate\":\"https:\/\/www.adf.org.br\/home\/?s={search_term_string}\"},\"query-input\":\"required name=search_term_string\"}],\"inLanguage\":\"pt-BR\"},{\"@type\":\"ImageObject\",\"@id\":\"https:\/\/www.adf.org.br\/home\/nossa-senhora-de-lourdes-a-cura-inexplicavel-parte-2\/#primaryimage\",\"inLanguage\":\"pt-BR\",\"url\":\"https:\/\/www.adf.org.br\/home\/wp-content\/uploads\/2019\/11\/milagre-lourdes.jpg\",\"contentUrl\":\"https:\/\/www.adf.org.br\/home\/wp-content\/uploads\/2019\/11\/milagre-lourdes.jpg\",\"width\":544,\"height\":322},{\"@type\":\"WebPage\",\"@id\":\"https:\/\/www.adf.org.br\/home\/nossa-senhora-de-lourdes-a-cura-inexplicavel-parte-2\/#webpage\",\"url\":\"https:\/\/www.adf.org.br\/home\/nossa-senhora-de-lourdes-a-cura-inexplicavel-parte-2\/\",\"name\":\"Nossa Senhora de Lourdes: A Cura Inexplic\\u00e1vel - Parte 2\",\"isPartOf\":{\"@id\":\"https:\/\/www.adf.org.br\/home\/#website\"},\"primaryImageOfPage\":{\"@id\":\"https:\/\/www.adf.org.br\/home\/nossa-senhora-de-lourdes-a-cura-inexplicavel-parte-2\/#primaryimage\"},\"datePublished\":\"2020-09-09T03:00:39+00:00\",\"dateModified\":\"2020-09-08T20:01:52+00:00\",\"author\":{\"@id\":\"https:\/\/www.adf.org.br\/home\/#\/schema\/person\/f35a5c5aa7728a3dedf4ea9aa1fc2753\"},\"description\":\"Acompanhe a segunda e \\u00faltima parte da hist\\u00f3ria de Delizia Cirollido que foi agraciada com um milagre de Sant\\u00edssima Virgem de Lourdes\",\"breadcrumb\":{\"@id\":\"https:\/\/www.adf.org.br\/home\/nossa-senhora-de-lourdes-a-cura-inexplicavel-parte-2\/#breadcrumb\"},\"inLanguage\":\"pt-BR\",\"potentialAction\":[{\"@type\":\"ReadAction\",\"target\":[\"https:\/\/www.adf.org.br\/home\/nossa-senhora-de-lourdes-a-cura-inexplicavel-parte-2\/\"]}]},{\"@type\":\"BreadcrumbList\",\"@id\":\"https:\/\/www.adf.org.br\/home\/nossa-senhora-de-lourdes-a-cura-inexplicavel-parte-2\/#breadcrumb\",\"itemListElement\":[{\"@type\":\"ListItem\",\"position\":1,\"name\":\"Home\",\"item\":\"https:\/\/www.adf.org.br\/home\/\"},{\"@type\":\"ListItem\",\"position\":2,\"name\":\"Nossa Senhora de Lourdes: A Cura Inexplic\\u00e1vel &#8211; Parte 2\"}]},{\"@type\":\"Person\",\"@id\":\"https:\/\/www.adf.org.br\/home\/#\/schema\/person\/f35a5c5aa7728a3dedf4ea9aa1fc2753\",\"name\":\"Gabriel Barbosa\",\"image\":{\"@type\":\"ImageObject\",\"@id\":\"https:\/\/www.adf.org.br\/home\/#personlogo\",\"inLanguage\":\"pt-BR\",\"url\":\"https:\/\/secure.gravatar.com\/avatar\/2b2cb2f4637682c5605e8d36818f51ef?s=96&d=mm&r=g\",\"contentUrl\":\"https:\/\/secure.gravatar.com\/avatar\/2b2cb2f4637682c5605e8d36818f51ef?s=96&d=mm&r=g\",\"caption\":\"Gabriel Barbosa\"},\"url\":\"https:\/\/www.adf.org.br\/home\/author\/gabrielpmk-com-br\/\"}]}<\/script>\n<!-- \/ Yoast SEO plugin. -->","yoast_head_json":{"title":"Nossa Senhora de Lourdes: A Cura Inexplic\u00e1vel - Parte 2","description":"Acompanhe a segunda e \u00faltima parte da hist\u00f3ria de Delizia Cirollido que foi agraciada com um milagre de Sant\u00edssima Virgem de Lourdes","robots":{"index":"index","follow":"follow","max-snippet":"max-snippet:-1","max-image-preview":"max-image-preview:large","max-video-preview":"max-video-preview:-1"},"canonical":"https:\/\/www.adf.org.br\/home\/nossa-senhora-de-lourdes-a-cura-inexplicavel-parte-2\/","og_locale":"pt_BR","og_type":"article","og_title":"Nossa Senhora de Lourdes: A Cura Inexplic\u00e1vel - Parte 2","og_description":"Acompanhe a segunda e \u00faltima parte da hist\u00f3ria de Delizia Cirollido que foi agraciada com um milagre de Sant\u00edssima Virgem de Lourdes","og_url":"https:\/\/www.adf.org.br\/home\/nossa-senhora-de-lourdes-a-cura-inexplicavel-parte-2\/","og_site_name":"Associa\u00e7\u00e3o Devotos de F\u00e1tima","article_published_time":"2020-09-09T03:00:39+00:00","article_modified_time":"2020-09-08T20:01:52+00:00","og_image":[{"width":544,"height":322,"url":"https:\/\/www.adf.org.br\/home\/wp-content\/uploads\/2019\/11\/milagre-lourdes.jpg","type":"image\/jpeg"}],"twitter_card":"summary_large_image","twitter_misc":{"Escrito por":"Gabriel Barbosa","Est. tempo de leitura":"4 minutos"},"schema":{"@context":"https:\/\/schema.org","@graph":[{"@type":"WebSite","@id":"https:\/\/www.adf.org.br\/home\/#website","url":"https:\/\/www.adf.org.br\/home\/","name":"Associa\u00e7\u00e3o Devotos de F\u00e1tima","description":"Associa\u00e7\u00e3o Devotos de F\u00e1tima","potentialAction":[{"@type":"SearchAction","target":{"@type":"EntryPoint","urlTemplate":"https:\/\/www.adf.org.br\/home\/?s={search_term_string}"},"query-input":"required name=search_term_string"}],"inLanguage":"pt-BR"},{"@type":"ImageObject","@id":"https:\/\/www.adf.org.br\/home\/nossa-senhora-de-lourdes-a-cura-inexplicavel-parte-2\/#primaryimage","inLanguage":"pt-BR","url":"https:\/\/www.adf.org.br\/home\/wp-content\/uploads\/2019\/11\/milagre-lourdes.jpg","contentUrl":"https:\/\/www.adf.org.br\/home\/wp-content\/uploads\/2019\/11\/milagre-lourdes.jpg","width":544,"height":322},{"@type":"WebPage","@id":"https:\/\/www.adf.org.br\/home\/nossa-senhora-de-lourdes-a-cura-inexplicavel-parte-2\/#webpage","url":"https:\/\/www.adf.org.br\/home\/nossa-senhora-de-lourdes-a-cura-inexplicavel-parte-2\/","name":"Nossa Senhora de Lourdes: A Cura Inexplic\u00e1vel - Parte 2","isPartOf":{"@id":"https:\/\/www.adf.org.br\/home\/#website"},"primaryImageOfPage":{"@id":"https:\/\/www.adf.org.br\/home\/nossa-senhora-de-lourdes-a-cura-inexplicavel-parte-2\/#primaryimage"},"datePublished":"2020-09-09T03:00:39+00:00","dateModified":"2020-09-08T20:01:52+00:00","author":{"@id":"https:\/\/www.adf.org.br\/home\/#\/schema\/person\/f35a5c5aa7728a3dedf4ea9aa1fc2753"},"description":"Acompanhe a segunda e \u00faltima parte da hist\u00f3ria de Delizia Cirollido que foi agraciada com um milagre de Sant\u00edssima Virgem de Lourdes","breadcrumb":{"@id":"https:\/\/www.adf.org.br\/home\/nossa-senhora-de-lourdes-a-cura-inexplicavel-parte-2\/#breadcrumb"},"inLanguage":"pt-BR","potentialAction":[{"@type":"ReadAction","target":["https:\/\/www.adf.org.br\/home\/nossa-senhora-de-lourdes-a-cura-inexplicavel-parte-2\/"]}]},{"@type":"BreadcrumbList","@id":"https:\/\/www.adf.org.br\/home\/nossa-senhora-de-lourdes-a-cura-inexplicavel-parte-2\/#breadcrumb","itemListElement":[{"@type":"ListItem","position":1,"name":"Home","item":"https:\/\/www.adf.org.br\/home\/"},{"@type":"ListItem","position":2,"name":"Nossa Senhora de Lourdes: A Cura Inexplic\u00e1vel &#8211; Parte 2"}]},{"@type":"Person","@id":"https:\/\/www.adf.org.br\/home\/#\/schema\/person\/f35a5c5aa7728a3dedf4ea9aa1fc2753","name":"Gabriel Barbosa","image":{"@type":"ImageObject","@id":"https:\/\/www.adf.org.br\/home\/#personlogo","inLanguage":"pt-BR","url":"https:\/\/secure.gravatar.com\/avatar\/2b2cb2f4637682c5605e8d36818f51ef?s=96&d=mm&r=g","contentUrl":"https:\/\/secure.gravatar.com\/avatar\/2b2cb2f4637682c5605e8d36818f51ef?s=96&d=mm&r=g","caption":"Gabriel Barbosa"},"url":"https:\/\/www.adf.org.br\/home\/author\/gabrielpmk-com-br\/"}]}},"_links":{"self":[{"href":"https:\/\/www.adf.org.br\/home\/wp-json\/wp\/v2\/posts\/57047"}],"collection":[{"href":"https:\/\/www.adf.org.br\/home\/wp-json\/wp\/v2\/posts"}],"about":[{"href":"https:\/\/www.adf.org.br\/home\/wp-json\/wp\/v2\/types\/post"}],"author":[{"embeddable":true,"href":"https:\/\/www.adf.org.br\/home\/wp-json\/wp\/v2\/users\/31"}],"replies":[{"embeddable":true,"href":"https:\/\/www.adf.org.br\/home\/wp-json\/wp\/v2\/comments?post=57047"}],"version-history":[{"count":10,"href":"https:\/\/www.adf.org.br\/home\/wp-json\/wp\/v2\/posts\/57047\/revisions"}],"predecessor-version":[{"id":61475,"href":"https:\/\/www.adf.org.br\/home\/wp-json\/wp\/v2\/posts\/57047\/revisions\/61475"}],"wp:featuredmedia":[{"embeddable":true,"href":"https:\/\/www.adf.org.br\/home\/wp-json\/wp\/v2\/media\/61166"}],"wp:attachment":[{"href":"https:\/\/www.adf.org.br\/home\/wp-json\/wp\/v2\/media?parent=57047"}],"wp:term":[{"taxonomy":"category","embeddable":true,"href":"https:\/\/www.adf.org.br\/home\/wp-json\/wp\/v2\/categories?post=57047"},{"taxonomy":"post_tag","embeddable":true,"href":"https:\/\/www.adf.org.br\/home\/wp-json\/wp\/v2\/tags?post=57047"}],"curies":[{"name":"wp","href":"https:\/\/api.w.org\/{rel}","templated":true}]}}