{"id":56930,"date":"2020-12-14T08:00:09","date_gmt":"2020-12-14T11:00:09","guid":{"rendered":"http:\/\/www.adf.org.br\/home\/?p=56930"},"modified":"2020-12-08T14:47:38","modified_gmt":"2020-12-08T17:47:38","slug":"oracao-a-nossa-senhora-rainha-dos-anjos-2","status":"publish","type":"post","link":"https:\/\/www.adf.org.br\/home\/oracao-a-nossa-senhora-rainha-dos-anjos-2\/","title":{"rendered":"Ora\u00e7\u00e3o a Nossa Senhora Rainha dos Anjos! Reze Agora"},"content":{"rendered":"<p><a href=\"https:\/\/adf.org.br\/velario\/nossasenhorarainha?origem=16983\" target=\"_blank\" rel=\"noopener noreferrer\"><img loading=\"lazy\" class=\"aligncenter wp-image-56931 size-full\" src=\"https:\/\/www.adf.org.br\/home\/wp-content\/uploads\/2020\/01\/Nossa-Senhora-Rainha-dos-Anjos-2.jpg\" alt=\"\" width=\"454\" height=\"472\" \/><\/a><\/p>\n<p><span style=\"font-family: verdana, geneva, sans-serif; color: #ffffff; font-size: 12pt;\">.<\/span><\/p>\n<h3 style=\"text-align: center;\"><span style=\"font-family: verdana, geneva, sans-serif; color: #003366; font-size: 14pt;\"><b>Ora\u00e7\u00e3o a Nossa Senhora Rainha dos Anjos<\/b><\/span><\/h3>\n<p><span style=\"font-family: verdana, geneva, sans-serif; color: #ffffff; font-size: 12pt;\">.<\/span><\/p>\n<p><em><span style=\"font-weight: 400; font-family: verdana, geneva, sans-serif; color: #000000; font-size: 12pt;\"><span style=\"color: #003366;\">Ave, Augusta M\u00e3e de Deus, Soberana dos Anjos, Virgem poderosa,<\/span> que sois t\u00e3o terr\u00edvel como um ex\u00e9rcito disposto em ordem de batalha.\u00a0<\/span><\/em><span style=\"color: #ffffff;\"><em><span style=\"font-family: verdana, geneva, sans-serif; font-size: 12pt;\">.<\/span><\/em><\/span><\/p>\n<p><em><span style=\"font-weight: 400; font-family: verdana, geneva, sans-serif; color: #000000; font-size: 12pt;\"><span style=\"color: #003366;\">As inumer\u00e1veis legi\u00f5es de Esp\u00edritos celestes<\/span> gloriam-se de marchar sob o vosso estandarte, de Vos reconhecer por sua Rainha.<\/span><\/em><span style=\"color: #ffffff;\"><em><span style=\"font-family: verdana, geneva, sans-serif; font-size: 12pt;\">.<\/span><\/em><\/span><\/p>\n<p><em><span style=\"font-weight: 400; font-family: verdana, geneva, sans-serif; color: #000000; font-size: 12pt;\"><span style=\"color: #003366;\">Rica dos bens de vosso Filho fostes exaltada no C\u00e9u<\/span> acima de todos os coros ang\u00e9licos e estes ministros do Alt\u00edssimo Vos oferecem, constantemente, coroas para encarecer o vosso triunfo.<\/span><\/em><span style=\"color: #ffffff;\"><em><span style=\"font-family: verdana, geneva, sans-serif; font-size: 12pt;\">.<\/span><\/em><\/span><\/p>\n<p><em><span style=\"font-weight: 400; font-family: verdana, geneva, sans-serif; color: #000000; font-size: 12pt;\"><span style=\"color: #003366;\">Dignai-Vos, \u00f3 gloriosa Rainha dos Anjos,<\/span> interessar-Vos pela minha salva\u00e7\u00e3o, tomar-me sob a vossa prote\u00e7\u00e3o e conceder-me as vossas gra\u00e7as.<\/span><\/em><span style=\"color: #ffffff;\"><em><span style=\"font-family: verdana, geneva, sans-serif; font-size: 12pt;\">.<\/span><\/em><\/span><\/p>\n<p><em><span style=\"font-weight: 400; font-family: verdana, geneva, sans-serif; color: #000000; font-size: 12pt;\"><span style=\"color: #003366;\">Obtende-me a gra\u00e7a<\/span> de calcar os p\u00e9s o dem\u00f4nio do orgulho e de cumprir generosamente todos os meus deveres; conservai-me, no meio da corrup\u00e7\u00e3o geral, numa inviol\u00e1vel pureza, que me fa\u00e7a levar uma vida angelical, n\u00e3o obstante os la\u00e7os e as sedu\u00e7\u00f5es do esp\u00edrito das trevas; pedi a Deus para mim o precioso dom da perseveran\u00e7a, para que um dia possa bendizer, louvar e adorar ConVosco e com os Anjos, o Deus tr\u00eas vezes Santo, por toda a eternidade.\u00a0<\/span><\/em><span style=\"color: #ffffff;\"><em><span style=\"font-family: verdana, geneva, sans-serif; font-size: 12pt;\">.<\/span><\/em><\/span><\/p>\n<p><span style=\"color: #003366;\"><em><span style=\"font-weight: 400; font-family: verdana, geneva, sans-serif; font-size: 12pt;\">Am\u00e9m.<\/span><\/em><\/span><span style=\"font-family: verdana, geneva, sans-serif; color: #ffffff; font-size: 12pt;\">.<\/span><\/p>\n<p style=\"text-align: right;\"><span style=\"font-family: verdana, geneva, sans-serif; color: #000000; font-size: 10pt;\"><b>Fonte: <\/b><span style=\"font-weight: 400;\">O Poder da Ora\u00e7\u00e3o<\/span><\/span><span style=\"font-family: verdana, geneva, sans-serif; color: #ffffff; font-size: 12pt;\">.<\/span><\/p>\n<hr \/>\n<p style=\"text-align: center;\"><span style=\"font-family: verdana, geneva, sans-serif; color: #ffffff; font-size: 12pt;\">.<\/span><\/p>\n<p style=\"text-align: center;\"><span style=\"font-weight: 400; font-family: verdana, geneva, sans-serif; color: #000000; font-size: 12pt;\"><strong>Nossa Senhora<\/strong> est\u00e1 vendo todas as dificuldades e sofrimentos que est\u00e3o afligindo sua alma&#8230;\u00a0<\/span><span style=\"font-family: verdana, geneva, sans-serif; color: #ffffff; font-size: 12pt;\">.<\/span><\/p>\n<p style=\"text-align: center;\"><span style=\"font-family: verdana, geneva, sans-serif; color: #000000; font-size: 12pt;\"><span style=\"font-weight: 400;\">rogue a intercess\u00e3o de <span style=\"color: #0000ff;\"><a style=\"color: #0000ff;\" href=\"https:\/\/adf.org.br\/velario\/nossasenhorarainha?origem=16983\" target=\"_blank\" rel=\"noopener noreferrer\"><strong>Nossa M\u00e3e do C\u00e9u<\/strong><\/a><\/span>&#8230;<\/span><\/span><\/p>\n<p style=\"text-align: center;\"><span style=\"font-family: verdana, geneva, sans-serif; color: #000000; font-size: 12pt;\"><span style=\"font-weight: 400;\">&#8230;para que <span style=\"color: #000000;\"><strong>Ela<\/strong><\/span> d\u00ea seu divino amparo e conceda as gra\u00e7as necess\u00e1rias para voc\u00ea superar todas as adversidades.<\/span><\/span><\/p>\n<p>&nbsp;<\/p>\n<p style=\"text-align: center;\"><span style=\"color: #000080;\">Para isso, pe\u00e7a <strong>GRATUITAMENTE<\/strong>, essa fotografia de\u00a0<strong>Nossa Senhora de F\u00e1tima!<\/strong>\u00a0<\/span><\/p>\n<p>&nbsp;<\/p>\n<p><a href=\"tel:08006082128\" target=\"_blank\" rel=\"noopener noreferrer\"><img loading=\"lazy\" class=\"CToWUd aligncenter\" src=\"https:\/\/ci5.googleusercontent.com\/proxy\/uhSrkd-wK42Z_k_toRsNhfm0Ot0BH_aDja9Z7Ao_9dBIjRwhQP65OI8c0DMheVlhUKcc3WgJZ5VlxM9reYfIjLMTWI14T5E0VB-yEY5cdP0x-5poIWEoc-CSN1HzUZXXdtJD-4X_ClO9YHcI=s0-d-e1-ft#https:\/\/adf.org.br\/home\/emkt\/01_emkts\/2020\/Junho\/0800\/semana2\/09-06\/testeira_09-06_adf.jpg\" alt=\"Estampa\" width=\"482\" height=\"281\" \/><\/a><\/p>\n<p style=\"text-align: center;\"><span style=\"color: #000000;\"><i><strong>Dica:<\/strong> Se estiver no celular, somente tecle no n\u00famero para discar automaticamente.<\/i><\/span><\/p>\n<p>&nbsp;<\/p>\n<p><span style=\"font-family: verdana, geneva, sans-serif; color: #ffffff; font-size: 12pt;\"><span style=\"color: #000000;\"><span style=\"color: #0000ff;\"><a style=\"color: #0000ff;\" href=\"https:\/\/adf.org.br\/velario\/nossasenhorarainha?origem=16983\" target=\"_blank\" rel=\"noopener noreferrer\"><strong>Nossa M\u00e3e<\/strong><\/a><\/span> est\u00e1 sempre pronta a cuidar de n\u00f3s e nos aben\u00e7oar em todos os momentos. Ent\u00e3o recorra a <strong>Ela<\/strong> agora mesmo!<\/span><\/span><\/p>\n<p>&nbsp;<\/p>\n<p><span style=\"color: #000000;\">Somente com uma liga\u00e7\u00e3o\u00a0<strong>VOC\u00ca GANHAR\u00c1 UM SACRAMENTAL ABEN\u00c7OADO que ir\u00e1\u00a0 lhe ajudar em todas as turbul\u00eancias que possa estar enfrentando.<\/strong>\u00a0<\/span><\/p>\n<p>&nbsp;<\/p>\n<p style=\"text-align: center;\"><span style=\"color: #800080;\"><strong>Entregue suas afli\u00e7\u00f5es nas m\u00e3os de Nossa Senhora, ELA vai interceder por voc\u00ea.<\/strong><\/span><\/p>\n<p>&nbsp;<\/p>\n<p style=\"text-align: center;\"><strong><span style=\"color: #000080;\"><i>\u201cQue a Virgem Sant\u00edssima lhe proteja.\u201d<\/i><\/span><\/strong><\/p>\n","protected":false},"excerpt":{"rendered":"<p>. Ora\u00e7\u00e3o a Nossa Senhora Rainha dos Anjos . Ave, Augusta M\u00e3e de Deus, Soberana dos Anjos, Virgem poderosa, que sois t\u00e3o terr\u00edvel como um ex\u00e9rcito disposto em ordem de batalha.\u00a0. As inumer\u00e1veis legi\u00f5es de Esp\u00edritos celestes gloriam-se de marchar sob o vosso estandarte, de Vos reconhecer por sua Rainha.. Rica dos bens de vosso [&hellip;]<\/p>\n","protected":false},"author":31,"featured_media":60344,"comment_status":"open","ping_status":"open","sticky":false,"template":"","format":"standard","meta":[],"categories":[20,2473,14,2332],"tags":[876,2680,142,2681,844,4233],"yoast_head":"<!-- This site is optimized with the Yoast SEO plugin v17.4 - https:\/\/yoast.com\/wordpress\/plugins\/seo\/ -->\n<title>Ora\u00e7\u00e3o a Nossa Senhora Rainha dos Anjos<\/title>\n<meta name=\"description\" content=\"&quot;Ave, Augusta M\u00e3e de Deus, Soberana dos Anjos, Virgem poderosa...&quot; Acesse aqui a ora\u00e7\u00e3o completa a Nossa Senhora Rainha dos Anjos\" \/>\n<meta name=\"robots\" content=\"index, follow, max-snippet:-1, max-image-preview:large, max-video-preview:-1\" \/>\n<link rel=\"canonical\" href=\"https:\/\/www.adf.org.br\/home\/oracao-a-nossa-senhora-rainha-dos-anjos-2\/\" \/>\n<meta property=\"og:locale\" content=\"pt_BR\" \/>\n<meta property=\"og:type\" content=\"article\" \/>\n<meta property=\"og:title\" content=\"Ora\u00e7\u00e3o a Nossa Senhora Rainha dos Anjos\" \/>\n<meta property=\"og:description\" content=\"&quot;Ave, Augusta M\u00e3e de Deus, Soberana dos Anjos, Virgem poderosa...&quot; Acesse aqui a ora\u00e7\u00e3o completa a Nossa Senhora Rainha dos Anjos\" \/>\n<meta property=\"og:url\" content=\"https:\/\/www.adf.org.br\/home\/oracao-a-nossa-senhora-rainha-dos-anjos-2\/\" \/>\n<meta property=\"og:site_name\" content=\"Associa\u00e7\u00e3o Devotos de F\u00e1tima\" \/>\n<meta property=\"article:published_time\" content=\"2020-12-14T11:00:09+00:00\" \/>\n<meta property=\"article:modified_time\" content=\"2020-12-08T17:47:38+00:00\" \/>\n<meta property=\"og:image\" content=\"https:\/\/www.adf.org.br\/home\/wp-content\/uploads\/2020\/07\/nossa-senhora-rainha.jpg\" \/>\n\t<meta property=\"og:image:width\" content=\"454\" \/>\n\t<meta property=\"og:image:height\" content=\"472\" \/>\n<meta name=\"twitter:card\" content=\"summary_large_image\" \/>\n<meta name=\"twitter:label1\" content=\"Escrito por\" \/>\n\t<meta name=\"twitter:data1\" content=\"Gabriel Barbosa\" \/>\n\t<meta name=\"twitter:label2\" content=\"Est. tempo de leitura\" \/>\n\t<meta name=\"twitter:data2\" content=\"2 minutos\" \/>\n<script type=\"application\/ld+json\" class=\"yoast-schema-graph\">{\"@context\":\"https:\/\/schema.org\",\"@graph\":[{\"@type\":\"WebSite\",\"@id\":\"https:\/\/www.adf.org.br\/home\/#website\",\"url\":\"https:\/\/www.adf.org.br\/home\/\",\"name\":\"Associa\\u00e7\\u00e3o Devotos de F\\u00e1tima\",\"description\":\"Associa\\u00e7\\u00e3o Devotos de F\\u00e1tima\",\"potentialAction\":[{\"@type\":\"SearchAction\",\"target\":{\"@type\":\"EntryPoint\",\"urlTemplate\":\"https:\/\/www.adf.org.br\/home\/?s={search_term_string}\"},\"query-input\":\"required name=search_term_string\"}],\"inLanguage\":\"pt-BR\"},{\"@type\":\"ImageObject\",\"@id\":\"https:\/\/www.adf.org.br\/home\/oracao-a-nossa-senhora-rainha-dos-anjos-2\/#primaryimage\",\"inLanguage\":\"pt-BR\",\"url\":\"https:\/\/www.adf.org.br\/home\/wp-content\/uploads\/2020\/07\/nossa-senhora-rainha.jpg\",\"contentUrl\":\"https:\/\/www.adf.org.br\/home\/wp-content\/uploads\/2020\/07\/nossa-senhora-rainha.jpg\",\"width\":454,\"height\":472},{\"@type\":\"WebPage\",\"@id\":\"https:\/\/www.adf.org.br\/home\/oracao-a-nossa-senhora-rainha-dos-anjos-2\/#webpage\",\"url\":\"https:\/\/www.adf.org.br\/home\/oracao-a-nossa-senhora-rainha-dos-anjos-2\/\",\"name\":\"Ora\\u00e7\\u00e3o a Nossa Senhora Rainha dos Anjos\",\"isPartOf\":{\"@id\":\"https:\/\/www.adf.org.br\/home\/#website\"},\"primaryImageOfPage\":{\"@id\":\"https:\/\/www.adf.org.br\/home\/oracao-a-nossa-senhora-rainha-dos-anjos-2\/#primaryimage\"},\"datePublished\":\"2020-12-14T11:00:09+00:00\",\"dateModified\":\"2020-12-08T17:47:38+00:00\",\"author\":{\"@id\":\"https:\/\/www.adf.org.br\/home\/#\/schema\/person\/f35a5c5aa7728a3dedf4ea9aa1fc2753\"},\"description\":\"\\\"Ave, Augusta M\\u00e3e de Deus, Soberana dos Anjos, Virgem poderosa...\\\" Acesse aqui a ora\\u00e7\\u00e3o completa a Nossa Senhora Rainha dos Anjos\",\"breadcrumb\":{\"@id\":\"https:\/\/www.adf.org.br\/home\/oracao-a-nossa-senhora-rainha-dos-anjos-2\/#breadcrumb\"},\"inLanguage\":\"pt-BR\",\"potentialAction\":[{\"@type\":\"ReadAction\",\"target\":[\"https:\/\/www.adf.org.br\/home\/oracao-a-nossa-senhora-rainha-dos-anjos-2\/\"]}]},{\"@type\":\"BreadcrumbList\",\"@id\":\"https:\/\/www.adf.org.br\/home\/oracao-a-nossa-senhora-rainha-dos-anjos-2\/#breadcrumb\",\"itemListElement\":[{\"@type\":\"ListItem\",\"position\":1,\"name\":\"Home\",\"item\":\"https:\/\/www.adf.org.br\/home\/\"},{\"@type\":\"ListItem\",\"position\":2,\"name\":\"Ora\\u00e7\\u00e3o a Nossa Senhora Rainha dos Anjos! Reze Agora\"}]},{\"@type\":\"Person\",\"@id\":\"https:\/\/www.adf.org.br\/home\/#\/schema\/person\/f35a5c5aa7728a3dedf4ea9aa1fc2753\",\"name\":\"Gabriel Barbosa\",\"image\":{\"@type\":\"ImageObject\",\"@id\":\"https:\/\/www.adf.org.br\/home\/#personlogo\",\"inLanguage\":\"pt-BR\",\"url\":\"https:\/\/secure.gravatar.com\/avatar\/2b2cb2f4637682c5605e8d36818f51ef?s=96&d=mm&r=g\",\"contentUrl\":\"https:\/\/secure.gravatar.com\/avatar\/2b2cb2f4637682c5605e8d36818f51ef?s=96&d=mm&r=g\",\"caption\":\"Gabriel Barbosa\"},\"url\":\"https:\/\/www.adf.org.br\/home\/author\/gabrielpmk-com-br\/\"}]}<\/script>\n<!-- \/ Yoast SEO plugin. -->","yoast_head_json":{"title":"Ora\u00e7\u00e3o a Nossa Senhora Rainha dos Anjos","description":"\"Ave, Augusta M\u00e3e de Deus, Soberana dos Anjos, Virgem poderosa...\" Acesse aqui a ora\u00e7\u00e3o completa a Nossa Senhora Rainha dos Anjos","robots":{"index":"index","follow":"follow","max-snippet":"max-snippet:-1","max-image-preview":"max-image-preview:large","max-video-preview":"max-video-preview:-1"},"canonical":"https:\/\/www.adf.org.br\/home\/oracao-a-nossa-senhora-rainha-dos-anjos-2\/","og_locale":"pt_BR","og_type":"article","og_title":"Ora\u00e7\u00e3o a Nossa Senhora Rainha dos Anjos","og_description":"\"Ave, Augusta M\u00e3e de Deus, Soberana dos Anjos, Virgem poderosa...\" Acesse aqui a ora\u00e7\u00e3o completa a Nossa Senhora Rainha dos Anjos","og_url":"https:\/\/www.adf.org.br\/home\/oracao-a-nossa-senhora-rainha-dos-anjos-2\/","og_site_name":"Associa\u00e7\u00e3o Devotos de F\u00e1tima","article_published_time":"2020-12-14T11:00:09+00:00","article_modified_time":"2020-12-08T17:47:38+00:00","og_image":[{"width":454,"height":472,"url":"https:\/\/www.adf.org.br\/home\/wp-content\/uploads\/2020\/07\/nossa-senhora-rainha.jpg","type":"image\/jpeg"}],"twitter_card":"summary_large_image","twitter_misc":{"Escrito por":"Gabriel Barbosa","Est. tempo de leitura":"2 minutos"},"schema":{"@context":"https:\/\/schema.org","@graph":[{"@type":"WebSite","@id":"https:\/\/www.adf.org.br\/home\/#website","url":"https:\/\/www.adf.org.br\/home\/","name":"Associa\u00e7\u00e3o Devotos de F\u00e1tima","description":"Associa\u00e7\u00e3o Devotos de F\u00e1tima","potentialAction":[{"@type":"SearchAction","target":{"@type":"EntryPoint","urlTemplate":"https:\/\/www.adf.org.br\/home\/?s={search_term_string}"},"query-input":"required name=search_term_string"}],"inLanguage":"pt-BR"},{"@type":"ImageObject","@id":"https:\/\/www.adf.org.br\/home\/oracao-a-nossa-senhora-rainha-dos-anjos-2\/#primaryimage","inLanguage":"pt-BR","url":"https:\/\/www.adf.org.br\/home\/wp-content\/uploads\/2020\/07\/nossa-senhora-rainha.jpg","contentUrl":"https:\/\/www.adf.org.br\/home\/wp-content\/uploads\/2020\/07\/nossa-senhora-rainha.jpg","width":454,"height":472},{"@type":"WebPage","@id":"https:\/\/www.adf.org.br\/home\/oracao-a-nossa-senhora-rainha-dos-anjos-2\/#webpage","url":"https:\/\/www.adf.org.br\/home\/oracao-a-nossa-senhora-rainha-dos-anjos-2\/","name":"Ora\u00e7\u00e3o a Nossa Senhora Rainha dos Anjos","isPartOf":{"@id":"https:\/\/www.adf.org.br\/home\/#website"},"primaryImageOfPage":{"@id":"https:\/\/www.adf.org.br\/home\/oracao-a-nossa-senhora-rainha-dos-anjos-2\/#primaryimage"},"datePublished":"2020-12-14T11:00:09+00:00","dateModified":"2020-12-08T17:47:38+00:00","author":{"@id":"https:\/\/www.adf.org.br\/home\/#\/schema\/person\/f35a5c5aa7728a3dedf4ea9aa1fc2753"},"description":"\"Ave, Augusta M\u00e3e de Deus, Soberana dos Anjos, Virgem poderosa...\" Acesse aqui a ora\u00e7\u00e3o completa a Nossa Senhora Rainha dos Anjos","breadcrumb":{"@id":"https:\/\/www.adf.org.br\/home\/oracao-a-nossa-senhora-rainha-dos-anjos-2\/#breadcrumb"},"inLanguage":"pt-BR","potentialAction":[{"@type":"ReadAction","target":["https:\/\/www.adf.org.br\/home\/oracao-a-nossa-senhora-rainha-dos-anjos-2\/"]}]},{"@type":"BreadcrumbList","@id":"https:\/\/www.adf.org.br\/home\/oracao-a-nossa-senhora-rainha-dos-anjos-2\/#breadcrumb","itemListElement":[{"@type":"ListItem","position":1,"name":"Home","item":"https:\/\/www.adf.org.br\/home\/"},{"@type":"ListItem","position":2,"name":"Ora\u00e7\u00e3o a Nossa Senhora Rainha dos Anjos! Reze Agora"}]},{"@type":"Person","@id":"https:\/\/www.adf.org.br\/home\/#\/schema\/person\/f35a5c5aa7728a3dedf4ea9aa1fc2753","name":"Gabriel Barbosa","image":{"@type":"ImageObject","@id":"https:\/\/www.adf.org.br\/home\/#personlogo","inLanguage":"pt-BR","url":"https:\/\/secure.gravatar.com\/avatar\/2b2cb2f4637682c5605e8d36818f51ef?s=96&d=mm&r=g","contentUrl":"https:\/\/secure.gravatar.com\/avatar\/2b2cb2f4637682c5605e8d36818f51ef?s=96&d=mm&r=g","caption":"Gabriel Barbosa"},"url":"https:\/\/www.adf.org.br\/home\/author\/gabrielpmk-com-br\/"}]}},"_links":{"self":[{"href":"https:\/\/www.adf.org.br\/home\/wp-json\/wp\/v2\/posts\/56930"}],"collection":[{"href":"https:\/\/www.adf.org.br\/home\/wp-json\/wp\/v2\/posts"}],"about":[{"href":"https:\/\/www.adf.org.br\/home\/wp-json\/wp\/v2\/types\/post"}],"author":[{"embeddable":true,"href":"https:\/\/www.adf.org.br\/home\/wp-json\/wp\/v2\/users\/31"}],"replies":[{"embeddable":true,"href":"https:\/\/www.adf.org.br\/home\/wp-json\/wp\/v2\/comments?post=56930"}],"version-history":[{"count":15,"href":"https:\/\/www.adf.org.br\/home\/wp-json\/wp\/v2\/posts\/56930\/revisions"}],"predecessor-version":[{"id":62806,"href":"https:\/\/www.adf.org.br\/home\/wp-json\/wp\/v2\/posts\/56930\/revisions\/62806"}],"wp:featuredmedia":[{"embeddable":true,"href":"https:\/\/www.adf.org.br\/home\/wp-json\/wp\/v2\/media\/60344"}],"wp:attachment":[{"href":"https:\/\/www.adf.org.br\/home\/wp-json\/wp\/v2\/media?parent=56930"}],"wp:term":[{"taxonomy":"category","embeddable":true,"href":"https:\/\/www.adf.org.br\/home\/wp-json\/wp\/v2\/categories?post=56930"},{"taxonomy":"post_tag","embeddable":true,"href":"https:\/\/www.adf.org.br\/home\/wp-json\/wp\/v2\/tags?post=56930"}],"curies":[{"name":"wp","href":"https:\/\/api.w.org\/{rel}","templated":true}]}}