{"id":56851,"date":"2021-04-23T08:00:01","date_gmt":"2021-04-23T11:00:01","guid":{"rendered":"http:\/\/www.adf.org.br\/home\/?p=56851"},"modified":"2021-04-22T16:01:54","modified_gmt":"2021-04-22T19:01:54","slug":"milagres-de-fatima-a-esperanca-da-cura","status":"publish","type":"post","link":"https:\/\/www.adf.org.br\/home\/milagres-de-fatima-a-esperanca-da-cura\/","title":{"rendered":"MILAGRES DE F\u00c1TIMA: A ESPERAN\u00c7A DA CURA"},"content":{"rendered":"<p style=\"text-align: center;\"><a href=\"https:\/\/adf.org.br\/apostolosdefatima?origem=18575#Participar\" target=\"_blank\" rel=\"noopener noreferrer\"><img loading=\"lazy\" class=\"alignnone wp-image-56853 size-full\" src=\"https:\/\/www.adf.org.br\/home\/wp-content\/uploads\/2020\/01\/O-Milagre-do-Sol-Nossa-Senhora-de-F\u00e1tima.jpg\" alt=\"\" width=\"614\" height=\"393\" \/><\/a><\/p>\n<p><span style=\"font-family: verdana, geneva, sans-serif; color: #ffffff;\">.<\/span><span style=\"font-weight: 400; font-family: verdana, geneva, sans-serif; color: #000000; font-size: 12pt;\"><span style=\"font-size: 18pt;\">M<\/span>aria do Carmo, de 47 anos, natural da cidade de Arnal, em Portugal, havia cinco anos que sofria de uma penosa enfermidade.<\/span><span style=\"color: #ffffff; font-size: 12pt;\">.<\/span><\/p>\n<p style=\"padding-left: 80px;\"><span style=\"font-weight: 400; font-family: verdana, geneva, sans-serif; color: #003366; font-size: 12pt;\">Apresentava todos os sintomas da tuberculose, agravada, desde os princ\u00edpios de 1916, com dores agudas e persistentes em todo o corpo e outras indisposi\u00e7\u00f5es. Suspeitava-se que tivesse um tumor no \u00fatero.\u00a0<\/span><span style=\"color: #ffffff; font-size: 12pt;\">.<\/span><\/p>\n<p><span style=\"font-weight: 400; font-family: verdana, geneva, sans-serif; color: #000000; font-size: 12pt;\">N\u00e3o podendo comer, nem dormir, em julho de 1917 viu-se reduzida aos \u00faltimos extremos e, resignadamente, aguardava a morte quando ouviu falar nos fatos extraordin\u00e1rios ocorridos na Cova da Iria, local das apari\u00e7\u00f5es de Nossa Senhora, a trinta quil\u00f4metros da regi\u00e3o onde morava.<\/span><span style=\"color: #ffffff; font-size: 12pt;\">.<\/span><\/p>\n<p style=\"padding-left: 80px;\"><span style=\"font-family: verdana, geneva, sans-serif; color: #003366; font-size: 12pt;\"><span style=\"font-weight: 400;\">Um raio de esperan\u00e7a iluminou a sua alma e fez votos de ir quatro vezes \u00e0 F\u00e1tima a p\u00e9 e descal\u00e7a, para obter por intercess\u00e3o da <\/span><a href=\"https:\/\/adf.org.br\/apostolosdefatima?origem=18575#Participar\" target=\"_blank\" rel=\"noopener noreferrer\"><span style=\"color: #0000ff;\">Virgem Sant\u00edssima<\/span><\/a><span style=\"font-weight: 400;\"> a cura desejada\u2026<\/span><\/span><span style=\"color: #ffffff;\">.<\/span><\/p>\n<h3><span style=\"font-family: verdana, geneva, sans-serif; color: #003366; font-size: 12pt;\"><b>As peregrina\u00e7\u00f5es<\/b><\/span><span style=\"color: #ffffff;\">.<\/span><\/h3>\n<p><span style=\"font-family: verdana, geneva, sans-serif; color: #000000; font-size: 12pt;\"><span style=\"font-weight: 400;\">Em 13 de agosto queria iniciar a sua promessa, mas o marido op\u00f4s-se terminantemente: <\/span><i><span style=\"font-weight: 400;\">\u201cSomos pobres e n\u00e3o temos dinheiro para alugar um carro; a p\u00e9 \u00e9 imposs\u00edvel, poderias morrer no caminho. Tem paci\u00eancia; n\u00e3o te deixo ir\u201d<\/span><\/i><span style=\"font-weight: 400;\">.\u00a0<\/span><\/span><span style=\"font-weight: 400; font-family: verdana, geneva, sans-serif; color: #000000; font-size: 12pt;\"><span style=\"color: #ffffff;\">.<\/span>\u00a0<\/span><\/p>\n<p style=\"padding-left: 80px;\"><span style=\"font-weight: 400; font-family: verdana, geneva, sans-serif; color: #003366; font-size: 12pt;\">Ela, por\u00e9m, tanto insistiu que o marido teve de ceder e, amparada por ele, p\u00f4s-se a caminho \u00e0 01h da madrugada.<\/span><span style=\"color: #ffffff; font-size: 12pt;\">.<\/span><\/p>\n<p><span style=\"font-weight: 400; font-family: verdana, geneva, sans-serif; color: #000000; font-size: 12pt;\">Chegou \u00e0 F\u00e1tima depois de longas horas de penos\u00edssima viagem, quase desmaiada, sem for\u00e7as, e <em>\u201ctoda uma dor desde os p\u00e9s at\u00e9 a cabe\u00e7a\u201d<\/em>, para nos servirmos da sua pr\u00f3pria express\u00e3o. Passados alguns instantes, com grande admira\u00e7\u00e3o sua, sentiu-se muito melhor. A volta foi menos trabalhosa e desde ent\u00e3o pode comer algum alimento.<\/span><span style=\"color: #ffffff; font-size: 12pt;\">.<\/span><\/p>\n<p><span style=\"font-weight: 400; font-family: verdana, geneva, sans-serif; color: #000000; font-size: 12pt;\">Em 13 de setembro fez a segunda peregrina\u00e7\u00e3o com muito menos inc\u00f4modo, continuando depois a melhorar lentamente.<\/span><span style=\"color: #ffffff;\">..<\/span><\/p>\n<h3><span style=\"font-family: verdana, geneva, sans-serif; color: #003366; font-size: 12pt;\"><b>A chuva torrencial\u00a0<\/b><\/span><span style=\"color: #ffffff;\">.<\/span><\/h3>\n<p><span style=\"font-family: verdana, geneva, sans-serif; color: #000000; font-size: 12pt;\"><span style=\"font-weight: 400;\">A 13 de outubro, <\/span><b>data da sexta e \u00faltima apari\u00e7\u00e3o de Nossa Senhora<\/b><span style=\"font-weight: 400;\">, partiu pela terceira vez; mas antes de chegar \u00e0 F\u00e1tima foi surpreendida pela chuva torrencial, debaixo da qual chegou ao local das apari\u00e7\u00f5es com os vestidos todos ensopados em \u00e1gua.\u00a0<\/span><\/span><span style=\"color: #ffffff; font-size: 12pt;\">.<\/span><\/p>\n<p><span style=\"font-family: verdana, geneva, sans-serif; color: #000000; font-size: 12pt;\"><span style=\"font-weight: 400;\">Apesar disso, sentiu-se l\u00e1 perfeitamente bem, as dores desapareceram, e com elas a tosse, o incha\u00e7o dos membros e outros sintomas da doen\u00e7a. Voltaram o apetite e as for\u00e7as. A cura foi perfeita. Passado um ano podia declarar que <\/span><i><span style=\"font-weight: 400;\">\u201cn\u00e3o se lembrava de ter passado t\u00e3o bem, em tempo algum de sua vida\u201d<\/span><\/i><span style=\"font-weight: 400;\">.<\/span><\/span><span style=\"color: #ffffff; font-size: 12pt;\">.<\/span><\/p>\n<p style=\"text-align: right;\"><span style=\"font-family: verdana, geneva, sans-serif; color: #000000; font-size: 10pt;\"><b>Fonte: <\/b><i><span style=\"font-weight: 400;\">Nossa Senhora da F\u00e1tima<\/span><\/i><span style=\"font-weight: 400;\"> de P. L. Gonzaga A. da Fonseca S. J.<\/span><\/span><\/p>\n<p style=\"text-align: right;\"><span style=\"font-family: verdana, geneva, sans-serif; color: #ffffff;\">.<\/span><\/p>\n<hr \/>\n<div class=\"elementor-element elementor-element-391b865 elementor-widget elementor-widget-theme-post-content\" data-id=\"391b865\" data-element_type=\"widget\" data-widget_type=\"theme-post-content.default\">\n<div class=\"elementor-widget-container\">\n<p>&nbsp;<\/p>\n<p>&nbsp;<\/p>\n<p style=\"text-align: center;\"><b><span style=\"color: #000000;\">Depois do relato emocionante deste Milagre, CERTAMENTE voc\u00ea vai querer ficar mais<\/span><a href=\"https:\/\/adf.org.br\/apostolosdefatima?origem=18575#Participar\" target=\"_blank\" rel=\"noopener noreferrer\"><span style=\"color: #0000ff;\"> pr\u00f3ximo de Nossa Senhora.<\/span><\/a><\/b><\/p>\n<p style=\"text-align: center;\"><span style=\"color: #ff0000;\"><strong>\u00a0E sabe como isso \u00e9 poss\u00edvel?<\/strong><\/span><\/p>\n<p style=\"text-align: center;\"><span style=\"color: #000080;\">Basta voc\u00ea pedir a\u00a0<strong>Estampa de Nossa Senhora<\/strong>, para que <strong>Ela<\/strong> cuide de voc\u00ea.<\/span><\/p>\n<p>&nbsp;<\/p>\n<p><a href=\"tel:08006082128\" target=\"_blank\" rel=\"noopener noreferrer\"><img loading=\"lazy\" class=\"aligncenter wp-image-58816\" src=\"https:\/\/www.adf.org.br\/home\/wp-content\/uploads\/2020\/05\/image.png\" alt=\"Estampa de Nossa Senhora de F\u00e1tima\" width=\"234\" height=\"367\" \/><\/a><\/p>\n<p>&nbsp;<\/p>\n<p style=\"text-align: center;\"><span style=\"font-weight: 400; font-family: verdana, geneva, sans-serif; font-size: 14pt; color: #000000;\">Ligue para:<\/span><\/p>\n<p style=\"text-align: center;\"><a href=\"tel:08006082128\" target=\"_blank\" rel=\"noopener noreferrer\"><strong><span style=\"font-family: verdana, geneva, sans-serif; font-size: 24pt; color: #0000ff;\">0800 608 2128<\/span><\/strong><\/a><\/p>\n<h6 style=\"text-align: center;\"><span style=\"color: #000000;\"><i><strong>Dica:<\/strong>\u00a0Se estiver no celular, somente tecle no n\u00famero para discar automaticamente.<\/i><\/span><\/h6>\n<p style=\"text-align: center;\"><span style=\"font-weight: 400; font-family: verdana, geneva, sans-serif; font-size: 12pt; color: #000000;\">A liga\u00e7\u00e3o \u00e9 gr\u00e1tis para todo o Brasil.<\/span><\/p>\n<p style=\"text-align: center;\"><span style=\"font-family: verdana, geneva, sans-serif; font-size: 12pt; color: #000000;\"><b>Hor\u00e1rio de Atendimento: <\/b><span style=\"font-weight: 400;\">De segunda a sexta-feira, das 08h \u00e0s 18h.\u00a0<\/span><\/span><\/p>\n<\/div>\n<p>&nbsp;<\/p>\n<p><span style=\"color: #000080;\"><strong>A Virgem Maria, como nossa M\u00e3e, conhece todas as nossas dores e afli\u00e7\u00f5es.<\/strong><\/span><\/p>\n<p><span style=\"color: #000000;\">Portanto, tenha f\u00e9 em <strong><a href=\"https:\/\/adf.org.br\/apostolosdefatima?origem=18575#Participar\" target=\"_blank\" rel=\"noopener noreferrer\"><span style=\"color: #0000ff;\">Nossa Senhora<\/span><\/a><\/strong> e tome a importante decis\u00e3o de deixar que a <a href=\"https:\/\/adf.org.br\/apostolosdefatima?origem=18575#Participar\" target=\"_blank\" rel=\"noopener noreferrer\"><strong><span style=\"color: #0000ff;\">Virgem de F\u00e1tima<\/span><\/strong><\/a> cuide de sua vida.<\/span><\/p>\n<p><span style=\"color: #000000;\">Ent\u00e3o n\u00e3o perca mais tempo, ligue agora e <strong>pe\u00e7a a Estampa<\/strong>, <strong>que j\u00e1 est\u00e1 benta por um sacerdote.<\/strong><\/span><\/p>\n<p style=\"text-align: left;\"><span style=\"color: #800080;\"><strong>Certamente, Ela quer derramar sobre voc\u00ea in\u00fameras b\u00ean\u00e7\u00e3os!<\/strong><\/span><\/p>\n<\/div>\n<p>&nbsp;<\/p>\n<hr \/>\n<p><a href=\"https:\/\/www.adf.org.br\/home\/pagina-de-cadastro\/?origem=18575\" target=\"_blank\" rel=\"noopener noreferrer\"><img loading=\"lazy\" class=\"aligncenter wp-image-53973 size-full\" src=\"https:\/\/www.adf.org.br\/home\/wp-content\/uploads\/2019\/08\/ADF-Bot%C3%A3o-Feedburner.png\" alt=\"ADF - Bot\u00e3o Feedburner\" width=\"362\" height=\"192\" \/><\/a><\/p>\n<div class=\"elementor-element elementor-element-391b865 elementor-widget elementor-widget-theme-post-content\" data-id=\"391b865\" data-element_type=\"widget\" data-widget_type=\"theme-post-content.default\">\n<div class=\"elementor-widget-container\">\n<p style=\"text-align: center;\"><strong><span style=\"font-family: verdana, geneva, sans-serif; font-size: 12pt; color: #003366;\"><i>\u201cDoce Cora\u00e7\u00e3o de Maria, sede a nossa salva\u00e7\u00e3o.\u201d<\/i><\/span><\/strong><span style=\"color: #ffffff;\">.<\/span><\/p>\n<\/div>\n<\/div>\n","protected":false},"excerpt":{"rendered":"<p>.Maria do Carmo, de 47 anos, natural da cidade de Arnal, em Portugal, havia cinco anos que sofria de uma penosa enfermidade.. Apresentava todos os sintomas da tuberculose, agravada, desde os princ\u00edpios de 1916, com dores agudas e persistentes em todo o corpo e outras indisposi\u00e7\u00f5es. Suspeitava-se que tivesse um tumor no \u00fatero.\u00a0. N\u00e3o podendo [&hellip;]<\/p>\n","protected":false},"author":31,"featured_media":0,"comment_status":"open","ping_status":"open","sticky":false,"template":"","format":"standard","meta":[],"categories":[2224,20,2323,56],"tags":[2242,876,146,38,57,4543,923,470,313],"yoast_head":"<!-- This site is optimized with the Yoast SEO plugin v17.4 - https:\/\/yoast.com\/wordpress\/plugins\/seo\/ -->\n<title>Milagres de F\u00e1tima: A Esperan\u00e7a da Cura<\/title>\n<meta name=\"description\" content=\"Ela aguardava a morte, mas tinha esperan\u00e7a em Nossa Senhora e tomou uma importante decis\u00e3o que mudaria sua vida. Veja qual foi aqui.\" \/>\n<meta name=\"robots\" content=\"index, follow, max-snippet:-1, max-image-preview:large, max-video-preview:-1\" \/>\n<link rel=\"canonical\" href=\"https:\/\/www.adf.org.br\/home\/milagres-de-fatima-a-esperanca-da-cura\/\" \/>\n<meta property=\"og:locale\" content=\"pt_BR\" \/>\n<meta property=\"og:type\" content=\"article\" \/>\n<meta property=\"og:title\" content=\"Milagres de F\u00e1tima: A Esperan\u00e7a da Cura\" \/>\n<meta property=\"og:description\" content=\"Ela aguardava a morte, mas tinha esperan\u00e7a em Nossa Senhora e tomou uma importante decis\u00e3o que mudaria sua vida. Veja qual foi aqui.\" \/>\n<meta property=\"og:url\" content=\"https:\/\/www.adf.org.br\/home\/milagres-de-fatima-a-esperanca-da-cura\/\" \/>\n<meta property=\"og:site_name\" content=\"Associa\u00e7\u00e3o Devotos de F\u00e1tima\" \/>\n<meta property=\"article:published_time\" content=\"2021-04-23T11:00:01+00:00\" \/>\n<meta property=\"article:modified_time\" content=\"2021-04-22T19:01:54+00:00\" \/>\n<meta property=\"og:image\" content=\"https:\/\/www.adf.org.br\/home\/wp-content\/uploads\/2010\/03\/NossaSradeFatima5.jpg\" \/>\n\t<meta property=\"og:image:width\" content=\"800\" \/>\n\t<meta property=\"og:image:height\" content=\"600\" \/>\n<meta name=\"twitter:card\" content=\"summary_large_image\" \/>\n<meta name=\"twitter:label1\" content=\"Escrito por\" \/>\n\t<meta name=\"twitter:data1\" content=\"Gabriel Barbosa\" \/>\n\t<meta name=\"twitter:label2\" content=\"Est. tempo de leitura\" \/>\n\t<meta name=\"twitter:data2\" content=\"3 minutos\" \/>\n<script type=\"application\/ld+json\" class=\"yoast-schema-graph\">{\"@context\":\"https:\/\/schema.org\",\"@graph\":[{\"@type\":\"WebSite\",\"@id\":\"https:\/\/www.adf.org.br\/home\/#website\",\"url\":\"https:\/\/www.adf.org.br\/home\/\",\"name\":\"Associa\\u00e7\\u00e3o Devotos de F\\u00e1tima\",\"description\":\"Associa\\u00e7\\u00e3o Devotos de F\\u00e1tima\",\"potentialAction\":[{\"@type\":\"SearchAction\",\"target\":{\"@type\":\"EntryPoint\",\"urlTemplate\":\"https:\/\/www.adf.org.br\/home\/?s={search_term_string}\"},\"query-input\":\"required name=search_term_string\"}],\"inLanguage\":\"pt-BR\"},{\"@type\":\"ImageObject\",\"@id\":\"https:\/\/www.adf.org.br\/home\/milagres-de-fatima-a-esperanca-da-cura\/#primaryimage\",\"inLanguage\":\"pt-BR\",\"url\":\"https:\/\/www.adf.org.br\/home\/wp-content\/uploads\/2020\/01\/O-Milagre-do-Sol-Nossa-Senhora-de-F\\u00e1tima.jpg\",\"contentUrl\":\"https:\/\/www.adf.org.br\/home\/wp-content\/uploads\/2020\/01\/O-Milagre-do-Sol-Nossa-Senhora-de-F\\u00e1tima.jpg\"},{\"@type\":\"WebPage\",\"@id\":\"https:\/\/www.adf.org.br\/home\/milagres-de-fatima-a-esperanca-da-cura\/#webpage\",\"url\":\"https:\/\/www.adf.org.br\/home\/milagres-de-fatima-a-esperanca-da-cura\/\",\"name\":\"Milagres de F\\u00e1tima: A Esperan\\u00e7a da Cura\",\"isPartOf\":{\"@id\":\"https:\/\/www.adf.org.br\/home\/#website\"},\"primaryImageOfPage\":{\"@id\":\"https:\/\/www.adf.org.br\/home\/milagres-de-fatima-a-esperanca-da-cura\/#primaryimage\"},\"datePublished\":\"2021-04-23T11:00:01+00:00\",\"dateModified\":\"2021-04-22T19:01:54+00:00\",\"author\":{\"@id\":\"https:\/\/www.adf.org.br\/home\/#\/schema\/person\/f35a5c5aa7728a3dedf4ea9aa1fc2753\"},\"description\":\"Ela aguardava a morte, mas tinha esperan\\u00e7a em Nossa Senhora e tomou uma importante decis\\u00e3o que mudaria sua vida. Veja qual foi aqui.\",\"breadcrumb\":{\"@id\":\"https:\/\/www.adf.org.br\/home\/milagres-de-fatima-a-esperanca-da-cura\/#breadcrumb\"},\"inLanguage\":\"pt-BR\",\"potentialAction\":[{\"@type\":\"ReadAction\",\"target\":[\"https:\/\/www.adf.org.br\/home\/milagres-de-fatima-a-esperanca-da-cura\/\"]}]},{\"@type\":\"BreadcrumbList\",\"@id\":\"https:\/\/www.adf.org.br\/home\/milagres-de-fatima-a-esperanca-da-cura\/#breadcrumb\",\"itemListElement\":[{\"@type\":\"ListItem\",\"position\":1,\"name\":\"Home\",\"item\":\"https:\/\/www.adf.org.br\/home\/\"},{\"@type\":\"ListItem\",\"position\":2,\"name\":\"MILAGRES DE F\\u00c1TIMA: A ESPERAN\\u00c7A DA CURA\"}]},{\"@type\":\"Person\",\"@id\":\"https:\/\/www.adf.org.br\/home\/#\/schema\/person\/f35a5c5aa7728a3dedf4ea9aa1fc2753\",\"name\":\"Gabriel Barbosa\",\"image\":{\"@type\":\"ImageObject\",\"@id\":\"https:\/\/www.adf.org.br\/home\/#personlogo\",\"inLanguage\":\"pt-BR\",\"url\":\"https:\/\/secure.gravatar.com\/avatar\/2b2cb2f4637682c5605e8d36818f51ef?s=96&d=mm&r=g\",\"contentUrl\":\"https:\/\/secure.gravatar.com\/avatar\/2b2cb2f4637682c5605e8d36818f51ef?s=96&d=mm&r=g\",\"caption\":\"Gabriel Barbosa\"},\"url\":\"https:\/\/www.adf.org.br\/home\/author\/gabrielpmk-com-br\/\"}]}<\/script>\n<!-- \/ Yoast SEO plugin. -->","yoast_head_json":{"title":"Milagres de F\u00e1tima: A Esperan\u00e7a da Cura","description":"Ela aguardava a morte, mas tinha esperan\u00e7a em Nossa Senhora e tomou uma importante decis\u00e3o que mudaria sua vida. Veja qual foi aqui.","robots":{"index":"index","follow":"follow","max-snippet":"max-snippet:-1","max-image-preview":"max-image-preview:large","max-video-preview":"max-video-preview:-1"},"canonical":"https:\/\/www.adf.org.br\/home\/milagres-de-fatima-a-esperanca-da-cura\/","og_locale":"pt_BR","og_type":"article","og_title":"Milagres de F\u00e1tima: A Esperan\u00e7a da Cura","og_description":"Ela aguardava a morte, mas tinha esperan\u00e7a em Nossa Senhora e tomou uma importante decis\u00e3o que mudaria sua vida. Veja qual foi aqui.","og_url":"https:\/\/www.adf.org.br\/home\/milagres-de-fatima-a-esperanca-da-cura\/","og_site_name":"Associa\u00e7\u00e3o Devotos de F\u00e1tima","article_published_time":"2021-04-23T11:00:01+00:00","article_modified_time":"2021-04-22T19:01:54+00:00","og_image":[{"width":800,"height":600,"url":"https:\/\/www.adf.org.br\/home\/wp-content\/uploads\/2010\/03\/NossaSradeFatima5.jpg","type":"image\/jpeg"}],"twitter_card":"summary_large_image","twitter_misc":{"Escrito por":"Gabriel Barbosa","Est. tempo de leitura":"3 minutos"},"schema":{"@context":"https:\/\/schema.org","@graph":[{"@type":"WebSite","@id":"https:\/\/www.adf.org.br\/home\/#website","url":"https:\/\/www.adf.org.br\/home\/","name":"Associa\u00e7\u00e3o Devotos de F\u00e1tima","description":"Associa\u00e7\u00e3o Devotos de F\u00e1tima","potentialAction":[{"@type":"SearchAction","target":{"@type":"EntryPoint","urlTemplate":"https:\/\/www.adf.org.br\/home\/?s={search_term_string}"},"query-input":"required name=search_term_string"}],"inLanguage":"pt-BR"},{"@type":"ImageObject","@id":"https:\/\/www.adf.org.br\/home\/milagres-de-fatima-a-esperanca-da-cura\/#primaryimage","inLanguage":"pt-BR","url":"https:\/\/www.adf.org.br\/home\/wp-content\/uploads\/2020\/01\/O-Milagre-do-Sol-Nossa-Senhora-de-F\u00e1tima.jpg","contentUrl":"https:\/\/www.adf.org.br\/home\/wp-content\/uploads\/2020\/01\/O-Milagre-do-Sol-Nossa-Senhora-de-F\u00e1tima.jpg"},{"@type":"WebPage","@id":"https:\/\/www.adf.org.br\/home\/milagres-de-fatima-a-esperanca-da-cura\/#webpage","url":"https:\/\/www.adf.org.br\/home\/milagres-de-fatima-a-esperanca-da-cura\/","name":"Milagres de F\u00e1tima: A Esperan\u00e7a da Cura","isPartOf":{"@id":"https:\/\/www.adf.org.br\/home\/#website"},"primaryImageOfPage":{"@id":"https:\/\/www.adf.org.br\/home\/milagres-de-fatima-a-esperanca-da-cura\/#primaryimage"},"datePublished":"2021-04-23T11:00:01+00:00","dateModified":"2021-04-22T19:01:54+00:00","author":{"@id":"https:\/\/www.adf.org.br\/home\/#\/schema\/person\/f35a5c5aa7728a3dedf4ea9aa1fc2753"},"description":"Ela aguardava a morte, mas tinha esperan\u00e7a em Nossa Senhora e tomou uma importante decis\u00e3o que mudaria sua vida. Veja qual foi aqui.","breadcrumb":{"@id":"https:\/\/www.adf.org.br\/home\/milagres-de-fatima-a-esperanca-da-cura\/#breadcrumb"},"inLanguage":"pt-BR","potentialAction":[{"@type":"ReadAction","target":["https:\/\/www.adf.org.br\/home\/milagres-de-fatima-a-esperanca-da-cura\/"]}]},{"@type":"BreadcrumbList","@id":"https:\/\/www.adf.org.br\/home\/milagres-de-fatima-a-esperanca-da-cura\/#breadcrumb","itemListElement":[{"@type":"ListItem","position":1,"name":"Home","item":"https:\/\/www.adf.org.br\/home\/"},{"@type":"ListItem","position":2,"name":"MILAGRES DE F\u00c1TIMA: A ESPERAN\u00c7A DA CURA"}]},{"@type":"Person","@id":"https:\/\/www.adf.org.br\/home\/#\/schema\/person\/f35a5c5aa7728a3dedf4ea9aa1fc2753","name":"Gabriel Barbosa","image":{"@type":"ImageObject","@id":"https:\/\/www.adf.org.br\/home\/#personlogo","inLanguage":"pt-BR","url":"https:\/\/secure.gravatar.com\/avatar\/2b2cb2f4637682c5605e8d36818f51ef?s=96&d=mm&r=g","contentUrl":"https:\/\/secure.gravatar.com\/avatar\/2b2cb2f4637682c5605e8d36818f51ef?s=96&d=mm&r=g","caption":"Gabriel Barbosa"},"url":"https:\/\/www.adf.org.br\/home\/author\/gabrielpmk-com-br\/"}]}},"_links":{"self":[{"href":"https:\/\/www.adf.org.br\/home\/wp-json\/wp\/v2\/posts\/56851"}],"collection":[{"href":"https:\/\/www.adf.org.br\/home\/wp-json\/wp\/v2\/posts"}],"about":[{"href":"https:\/\/www.adf.org.br\/home\/wp-json\/wp\/v2\/types\/post"}],"author":[{"embeddable":true,"href":"https:\/\/www.adf.org.br\/home\/wp-json\/wp\/v2\/users\/31"}],"replies":[{"embeddable":true,"href":"https:\/\/www.adf.org.br\/home\/wp-json\/wp\/v2\/comments?post=56851"}],"version-history":[{"count":28,"href":"https:\/\/www.adf.org.br\/home\/wp-json\/wp\/v2\/posts\/56851\/revisions"}],"predecessor-version":[{"id":64172,"href":"https:\/\/www.adf.org.br\/home\/wp-json\/wp\/v2\/posts\/56851\/revisions\/64172"}],"wp:attachment":[{"href":"https:\/\/www.adf.org.br\/home\/wp-json\/wp\/v2\/media?parent=56851"}],"wp:term":[{"taxonomy":"category","embeddable":true,"href":"https:\/\/www.adf.org.br\/home\/wp-json\/wp\/v2\/categories?post=56851"},{"taxonomy":"post_tag","embeddable":true,"href":"https:\/\/www.adf.org.br\/home\/wp-json\/wp\/v2\/tags?post=56851"}],"curies":[{"name":"wp","href":"https:\/\/api.w.org\/{rel}","templated":true}]}}