{"id":56769,"date":"2021-06-14T08:00:25","date_gmt":"2021-06-14T11:00:25","guid":{"rendered":"http:\/\/www.adf.org.br\/home\/?p=56769"},"modified":"2021-06-10T14:58:13","modified_gmt":"2021-06-10T17:58:13","slug":"pastorinha-jacinta-o-admiravel-amor-da-pequena-devota-em-nossa-senhora","status":"publish","type":"post","link":"https:\/\/www.adf.org.br\/home\/pastorinha-jacinta-o-admiravel-amor-da-pequena-devota-em-nossa-senhora\/","title":{"rendered":"Jacinta de F\u00e1tima e o admir\u00e1vel amor pelo Imaculado Cora\u00e7\u00e3o de Maria"},"content":{"rendered":"<p style=\"text-align: center;\"><a href=\"https:\/\/adf.org.br\/apostolosdefatima?origem=19238#Participar\" target=\"_blank\" rel=\"noopener noreferrer\"><img loading=\"lazy\" class=\"alignnone wp-image-56772\" src=\"https:\/\/www.adf.org.br\/home\/wp-content\/uploads\/2020\/01\/Jacinta-e-Nossa-Senhora-2.jpg\" alt=\"\" width=\"522\" height=\"331\" \/><\/a><span style=\"color: #ffffff;\">.<\/span><\/p>\n<p>&nbsp;<\/p>\n<p style=\"text-align: left;\"><span style=\"font-weight: 400; font-family: verdana, geneva, sans-serif; color: #000000; font-size: 12pt;\"><strong><span style=\"font-size: 18pt;\">N<\/span><\/strong>uma certa ocasi\u00e3o, Padre Cruz, um sacerdote de Lisboa, veio de Lisboa para interrogar os pastorinhos de F\u00e1tima sobre as apari\u00e7\u00f5es de Nossa Senhora.\u00a0<\/span><span style=\"font-family: verdana, geneva, sans-serif; color: #ffffff; font-size: 12pt;\">.<\/span><\/p>\n<p style=\"text-align: left;\"><span style=\"font-weight: 400; font-family: verdana, geneva, sans-serif; color: #000000; font-size: 12pt;\">Ele pediu que mostrassem o local onde a Sant\u00edssima Virgem lhes havia aparecido. As crian\u00e7as o acompanharam ao lado de uma mula t\u00e3o pequena que os p\u00e9s do sacerdote quase tocavam o ch\u00e3o. <strong>No caminho, ele lhes ensinou uma s\u00e9rie de jaculat\u00f3rias e Jacinta escolheu duas que mais a agradaram<\/strong>:\u00a0<\/span><span style=\"font-family: verdana, geneva, sans-serif; color: #ffffff; font-size: 12pt;\">.<\/span><\/p>\n<p style=\"text-align: left; padding-left: 40px;\"><strong><span style=\"font-family: verdana, geneva, sans-serif; color: #003366; font-size: 12pt;\"><i>&#8211; \u00d3 meu Jesus, eu Vos amo.<\/i><\/span><\/strong><\/p>\n<p style=\"text-align: left; padding-left: 40px;\"><strong><span style=\"font-family: verdana, geneva, sans-serif; color: #003366; font-size: 12pt;\"><i>&#8211; Doce Cora\u00e7\u00e3o de Maria, sede a minha salva\u00e7\u00e3o.<\/i><\/span><\/strong><span style=\"font-family: verdana, geneva, sans-serif; color: #ffffff; font-size: 12pt;\">.<\/span><\/p>\n<p style=\"text-align: left;\"><span style=\"font-weight: 400; font-family: verdana, geneva, sans-serif; color: #000000; font-size: 12pt;\">Algumas vezes, depois de t\u00ea-las recitado, acrescentava com sua habitual simplicidade:<\/span><span style=\"font-family: verdana, geneva, sans-serif; color: #ffffff; font-size: 12pt;\">.<\/span><\/p>\n<p style=\"text-align: left; padding-left: 40px;\"><span style=\"font-family: verdana, geneva, sans-serif; color: #003366; font-size: 12pt;\"><i><span style=\"font-weight: 400;\">&#8211; Gosto tanto do Cora\u00e7\u00e3o Imaculado de Maria!<strong> \u00c9 o Cora\u00e7\u00e3o da nossa M\u00e3ezinha do C\u00e9u!<\/strong> Tu n\u00e3o gostas de dizer muitas vezes Doce Cora\u00e7\u00e3o de Maria? Imaculado Cora\u00e7\u00e3o de Maria? Eu gosto tanto, tanto!<\/span><\/i><\/span><span style=\"font-family: verdana, geneva, sans-serif; color: #ffffff; font-size: 12pt;\">.<\/span><\/p>\n<p style=\"text-align: left;\"><span style=\"font-weight: 400; font-family: verdana, geneva, sans-serif; color: #000000; font-size: 12pt;\">E ela ia colher flores nos campos cantarolando uma can\u00e7\u00e3o cuja letra inventava na hora:<\/span><span style=\"font-family: verdana, geneva, sans-serif; color: #ffffff; font-size: 12pt;\">.<\/span><\/p>\n<p style=\"text-align: left; padding-left: 40px;\"><span style=\"font-family: verdana, geneva, sans-serif; color: #003366; font-size: 12pt;\"><i><span style=\"font-weight: 400;\">&#8211; Doce Cora\u00e7\u00e3o de Maria, sede a minha salva\u00e7\u00e3o! Imaculado Cora\u00e7\u00e3o de Maria converte os pecadores, livra as almas do inferno!<\/span><\/i><\/span><span style=\"font-family: verdana, geneva, sans-serif; color: #ffffff; font-size: 12pt;\">.<\/span><\/p>\n<p style=\"text-align: left;\"><span style=\"font-weight: 400; font-family: verdana, geneva, sans-serif; color: #000000; font-size: 12pt;\">Mais tarde, durante sua doen\u00e7a, Jacinta afirmava:<\/span><span style=\"font-family: verdana, geneva, sans-serif; color: #ffffff; font-size: 12pt;\">.<\/span><\/p>\n<p style=\"text-align: left; padding-left: 40px;\"><span style=\"font-family: verdana, geneva, sans-serif; color: #003366; font-size: 12pt;\"><i><span style=\"font-weight: 400;\">&#8211; <strong>Gosto tanto de dizer a Jesus que O amo!<\/strong> Quando lho digo muitas vezes parece que tenho lume (fogo) no peito, mas n\u00e3o me queimo.\u00a0<\/span><\/i><\/span><span style=\"font-family: verdana, geneva, sans-serif; color: #ffffff; font-size: 12pt;\">.<\/span><\/p>\n<h3 style=\"text-align: left;\"><span style=\"font-weight: 400; font-family: verdana, geneva, sans-serif; color: #000000; font-size: 12pt;\">E em outra ocasi\u00e3o:<\/span><span style=\"font-family: verdana, geneva, sans-serif; color: #ffffff; font-size: 12pt;\">.<\/span><\/h3>\n<blockquote>\n<p style=\"text-align: left;\"><span style=\"font-family: verdana, geneva, sans-serif; color: #003366; font-size: 12pt;\"><i>&#8211; J\u00e1 me falta pouco para ir para o C\u00e9u. <strong>Tu ficas c\u00e1 para dizeres que Deus quer estabelecer no mundo a devo\u00e7\u00e3o do Imaculado Cora\u00e7\u00e3o de Maria. Quando for para dizeres isso, n\u00e3o te escondas<\/strong>.\u00a0<\/i><\/span><\/p>\n<p style=\"text-align: left;\"><span style=\"font-family: verdana, geneva, sans-serif; color: #003366; font-size: 12pt;\"><i>Diz a toda a gente que Deus nos concede as gra\u00e7as por meio do Cora\u00e7\u00e3o Imaculado de Maria; que pe\u00e7am a paz ao Imaculado Cora\u00e7\u00e3o de Maria, que Deus lha entregou a Ela.\u00a0<\/i><\/span><\/p>\n<p style=\"text-align: left;\"><span style=\"font-family: verdana, geneva, sans-serif; color: #003366; font-size: 12pt;\"><i>Se eu pudesse meter no cora\u00e7\u00e3o de toda a gente o lume que tenho c\u00e1 dentro no peito a queimar-me e a fazer-me gostar tanto do Cora\u00e7\u00e3o de Jesus e do Cora\u00e7\u00e3o de Maria!<\/i><\/span><span style=\"color: #ffffff; font-family: verdana, geneva, sans-serif; font-size: 12pt; text-align: center;\">.<\/span><\/p>\n<\/blockquote>\n<p style=\"text-align: right;\"><span style=\"font-family: verdana, geneva, sans-serif; color: #000000; font-size: 10pt;\"><b>Fonte &#8211; <\/b><em><span style=\"font-weight: 400;\">Livro: Jacinta de F\u00e1tima &#8211; Sofrer para salvar os pecadores<\/span><span style=\"font-weight: 400;\">.<\/span><\/em><\/span><\/p>\n<p style=\"text-align: center;\"><span style=\"font-family: verdana, geneva, sans-serif; color: #ffffff; font-size: 12pt;\">.<\/span><\/p>\n<hr \/>\n<p style=\"text-align: center;\"><span style=\"font-family: verdana, geneva, sans-serif; color: #000000; font-size: 12pt;\"><a href=\"https:\/\/adf.org.br\/apostolosdefatima?origem=19238#Participar\" target=\"_blank\" rel=\"noopener noreferrer\"><img loading=\"lazy\" class=\"alignnone wp-image-56413 size-full\" src=\"https:\/\/www.adf.org.br\/home\/wp-content\/uploads\/2019\/12\/Ap\u00f3stolo-de-F\u00e1tima-Logo-2-1.png\" alt=\"\" width=\"209\" height=\"185\" \/><\/a><\/span><\/p>\n<p style=\"text-align: center;\"><span style=\"font-family: verdana, geneva, sans-serif; color: #003366; font-size: 12pt;\"><i><span style=\"font-weight: 400;\">\u201cJ\u00e1 me falta pouco para ir para o C\u00e9u. Tu ficas c\u00e1 para dizeres que Deus quer estabelecer no mundo a devo\u00e7\u00e3o do Imaculado Cora\u00e7\u00e3o de Maria. <\/span><\/i><b><i>Quando for para dizeres isso, n\u00e3o te escondas<\/i><\/b><i><span style=\"font-weight: 400;\">.\u201d<\/span><\/i><\/span><\/p>\n<p style=\"text-align: center;\"><strong><span style=\"font-family: verdana, geneva, sans-serif; color: #003366; font-size: 12pt;\">&#8211; Jacinta de F\u00e1tima &#8211;<\/span><\/strong><\/p>\n<p style=\"text-align: center;\"><strong><span style=\"font-family: verdana, geneva, sans-serif; color: #003366; font-size: 12pt;\">\u00a0<\/span><\/strong><span style=\"font-family: verdana, geneva, sans-serif; font-size: 12pt; color: #ffffff;\">.<\/span><\/p>\n<p style=\"text-align: center;\"><strong><span style=\"font-size: 14pt;\"><span style=\"font-family: verdana, geneva, sans-serif; color: #000000;\">Que linda li\u00e7\u00e3o certamente a pequena Jacinta nos deixou&#8230;<\/span><\/span><\/strong><\/p>\n<p style=\"text-align: center;\"><span style=\"font-weight: 400; font-family: verdana, geneva, sans-serif; color: #000000; font-size: 12pt;\">Portanto, sabia que voc\u00ea pode contribuir para que a <span style=\"text-decoration: underline;\"><a href=\"https:\/\/adf.org.br\/apostolosdefatima?origem=19238#Participar\" target=\"_blank\" rel=\"noopener noreferrer\"><span style=\"color: #800080; text-decoration: underline;\"><span style=\"color: #0000ff; text-decoration: underline;\"><strong>devo\u00e7\u00e3o do<\/strong> <\/span><strong><span style=\"color: #0000ff; text-decoration: underline;\">Imaculado Cora\u00e7\u00e3o de<\/span> <span style=\"color: #0000ff; text-decoration: underline;\">Maria<\/span><\/strong><\/span><\/a><\/span> se estabele\u00e7a no mundo?<\/span><\/p>\n<p>&nbsp;<\/p>\n<p style=\"text-align: center;\"><span style=\"font-weight: 400; font-family: verdana, geneva, sans-serif; color: #000000; font-size: 12pt;\">Ent\u00e3o, basta voc\u00ea ingressar no <strong><span style=\"color: #0000ff;\"><a style=\"color: #0000ff;\" href=\"https:\/\/adf.org.br\/apostolosdefatima?origem=19238#Participar\" target=\"_blank\" rel=\"noopener noreferrer\"><span style=\"text-decoration: underline;\">grupo Ap\u00f3stolos de F\u00e1tima<\/span>.<\/a><\/span><\/strong><\/span><\/p>\n<p>&nbsp;<\/p>\n<p style=\"text-align: center;\"><span style=\"font-weight: 400; font-family: verdana, geneva, sans-serif; color: #000000; font-size: 12pt;\"> Fazendo isso voc\u00ea poder\u00e1 certamente se beneficiar da Promessa de Nossa Senhora: <\/span><\/p>\n<p style=\"text-align: center;\"><strong><span style=\"color: #800080;\"><em><span style=\"font-family: verdana, geneva, sans-serif; font-size: 12pt;\">&#8220;Deus quer estabelecer ao mundo a devo\u00e7\u00e3o ao meu imaculado Cora\u00e7\u00e3o. A quem a abra\u00e7ar, prometo a salva\u00e7\u00e3o.&#8221;<\/span><\/em><\/span><\/strong><\/p>\n<p>&nbsp;<\/p>\n<h3 style=\"text-align: center;\"><span style=\"font-family: verdana, geneva, sans-serif; color: #000000; font-size: 14pt;\"><b>Para saber como participar deste aben\u00e7oado grupo, ligue no:\u00a0<\/b><\/span><\/h3>\n<p style=\"text-align: center;\"><a href=\"tel:08006082128\" target=\"_blank\" rel=\"noopener noreferrer\"><strong><span style=\"font-family: verdana, geneva, sans-serif; color: #0000ff; font-size: 24pt;\"><span style=\"text-decoration: underline;\">0800 608 2128<\/span><\/span><\/strong><\/a><\/p>\n<p style=\"text-align: center;\"><span style=\"font-weight: 400; font-family: verdana, geneva, sans-serif; color: #000000; font-size: 12pt;\">A liga\u00e7\u00e3o \u00e9 gratuita para qualquer regi\u00e3o do Brasil.<\/span><\/p>\n<p>&nbsp;<\/p>\n<p style=\"text-align: center;\"><span style=\"font-family: verdana, geneva, sans-serif; color: #000000; font-size: 12pt;\"><span style=\"font-weight: 400;\">Estamos dispon\u00edveis de <\/span><b>segunda a sexta-feira, das 08h \u00e0s 18h<\/b><span style=\"font-weight: 400;\"> para atender a todos que desejam propagar a f\u00e9 e o amor de Maria Sant\u00edssima.\u00a0<\/span><\/span><\/p>\n<p>&nbsp;<\/p>\n<p><span style=\"color: #000000;\">Ent\u00e3o, fa\u00e7a isso agora mesmo e<\/span>\u00a0<span style=\"color: #0000ff;\"><strong><span style=\"text-decoration: underline;\"><a style=\"color: #0000ff; text-decoration: underline;\" href=\"https:\/\/adf.org.br\/apostolosdefatima?origem=19238#Participar\" target=\"_blank\" rel=\"noopener noreferrer\" data-saferedirecturl=\"https:\/\/www.google.com\/url?q=https:\/\/reginafidei.com.br\/e\/?tk%3Da1df0b69-9e53-49bc-f3b3-6af13bbfca05%26url%3DaHR0cHM6Ly9yZWdpbmFmaWRlaS5jb20uYnIvcHJvdGVnaWRvcy1kby1wYWRyZS1waW8vP29yaWdlbT0xNTE1NSNlc3Bpcml0dWFpcw%3D%3D&amp;source=gmail&amp;ust=1594811556537000&amp;usg=AFQjCNF3Z4KJdNcmItarmE0FhbZQ8eoQBg\">d\u00ea este Passo em Dire\u00e7\u00e3o o Imacul<\/a><a style=\"color: #0000ff; text-decoration: underline;\" href=\"https:\/\/adf.org.br\/apostolosdefatima?origem=19238#Participar\" target=\"_blank\" rel=\"noopener noreferrer\">ado Cora\u00e7\u00e3o de Maria<\/a><\/span>!<\/strong><\/span><\/p>\n<p>&nbsp;<\/p>\n<p><span style=\"color: #000000;\">Ao participar\u00a0<\/span><span style=\"text-decoration: underline;\"><span style=\"color: #0000ff;\"><a style=\"color: #0000ff;\" href=\"https:\/\/adf.org.br\/apostolosdefatima?origem=19238#Participar\" target=\"_blank\" rel=\"noopener noreferrer\"><strong>deste aben\u00e7oado grupo<\/strong><\/a><\/span><\/span>, <span style=\"color: #000000;\">voc\u00ea sentir\u00e1 que a Virgem Sant\u00edssima, certamente estar\u00e1 do seu lado em todos os momentos.<\/span><\/p>\n<p>&nbsp;<\/p>\n<p><span style=\"color: #800080;\"><strong>Portanto, confie na Sant\u00edssima Virgem, voc\u00ea s\u00f3 ter\u00e1 a ganhar com isso.<\/strong><\/span><\/p>\n<p>&nbsp;<\/p>\n<p><a href=\"https:\/\/www.adf.org.br\/home\/pagina-de-cadastro\/?origem=19238\" target=\"_blank\" rel=\"noopener noreferrer\"><img loading=\"lazy\" class=\"aligncenter wp-image-63380\" src=\"https:\/\/www.adf.org.br\/home\/wp-content\/uploads\/2021\/01\/boletim-adf.png\" sizes=\"(max-width: 529px) 100vw, 529px\" srcset=\"https:\/\/www.adf.org.br\/home\/wp-content\/uploads\/2021\/01\/boletim-adf.png 600w, https:\/\/www.adf.org.br\/home\/wp-content\/uploads\/2021\/01\/boletim-adf-300x100.png 300w\" alt=\"\" width=\"529\" height=\"176\" \/><\/a><\/p>\n<p>&nbsp;<\/p>\n<p style=\"text-align: center;\"><span style=\"color: #000080;\"><strong><span style=\"font-family: verdana, geneva, sans-serif; font-size: 12pt;\"><i>\u201cBendita seja a Santa e Imaculada Concei\u00e7\u00e3o da bem-aventurada Virgem Maria, M\u00e3e de Deus.\u201c<\/i><\/span><\/strong><\/span><\/p>\n","protected":false},"excerpt":{"rendered":"<p>. &nbsp; Numa certa ocasi\u00e3o, Padre Cruz, um sacerdote de Lisboa, veio de Lisboa para interrogar os pastorinhos de F\u00e1tima sobre as apari\u00e7\u00f5es de Nossa Senhora.\u00a0. Ele pediu que mostrassem o local onde a Sant\u00edssima Virgem lhes havia aparecido. As crian\u00e7as o acompanharam ao lado de uma mula t\u00e3o pequena que os p\u00e9s do sacerdote [&hellip;]<\/p>\n","protected":false},"author":31,"featured_media":60459,"comment_status":"open","ping_status":"open","sticky":false,"template":"","format":"standard","meta":[],"categories":[20,2323,118,56],"tags":[65,79,2454,2350,504,57,2589,58,923,470],"yoast_head":"<!-- This site is optimized with the Yoast SEO plugin v17.4 - https:\/\/yoast.com\/wordpress\/plugins\/seo\/ -->\n<title>Jacinta de F\u00e1tima e o admir\u00e1vel amor por Nossa Senhora<\/title>\n<meta name=\"description\" content=\"Aprenda com mais uma linda hist\u00f3ria sobre a vida da pastorinha Jacinta de F\u00e1tima e sua grande devo\u00e7\u00e3o por Nossa Senhora.\" \/>\n<meta name=\"robots\" content=\"index, follow, max-snippet:-1, max-image-preview:large, max-video-preview:-1\" \/>\n<link rel=\"canonical\" href=\"https:\/\/www.adf.org.br\/home\/pastorinha-jacinta-o-admiravel-amor-da-pequena-devota-em-nossa-senhora\/\" \/>\n<meta property=\"og:locale\" content=\"pt_BR\" \/>\n<meta property=\"og:type\" content=\"article\" \/>\n<meta property=\"og:title\" content=\"Jacinta de F\u00e1tima e o admir\u00e1vel amor por Nossa Senhora\" \/>\n<meta property=\"og:description\" content=\"Aprenda com mais uma linda hist\u00f3ria sobre a vida da pastorinha Jacinta de F\u00e1tima e sua grande devo\u00e7\u00e3o por Nossa Senhora.\" \/>\n<meta property=\"og:url\" content=\"https:\/\/www.adf.org.br\/home\/pastorinha-jacinta-o-admiravel-amor-da-pequena-devota-em-nossa-senhora\/\" \/>\n<meta property=\"og:site_name\" content=\"Associa\u00e7\u00e3o Devotos de F\u00e1tima\" \/>\n<meta property=\"article:published_time\" content=\"2021-06-14T11:00:25+00:00\" \/>\n<meta property=\"article:modified_time\" content=\"2021-06-10T17:58:13+00:00\" \/>\n<meta property=\"og:image\" content=\"https:\/\/www.adf.org.br\/home\/wp-content\/uploads\/2020\/07\/Jacinta-e-nossa-senhora.jpg\" \/>\n\t<meta property=\"og:image:width\" content=\"620\" \/>\n\t<meta property=\"og:image:height\" content=\"393\" \/>\n<meta name=\"twitter:card\" content=\"summary_large_image\" \/>\n<meta name=\"twitter:label1\" content=\"Escrito por\" \/>\n\t<meta name=\"twitter:data1\" content=\"Gabriel Barbosa\" \/>\n\t<meta name=\"twitter:label2\" content=\"Est. tempo de leitura\" \/>\n\t<meta name=\"twitter:data2\" content=\"3 minutos\" \/>\n<script type=\"application\/ld+json\" class=\"yoast-schema-graph\">{\"@context\":\"https:\/\/schema.org\",\"@graph\":[{\"@type\":\"WebSite\",\"@id\":\"https:\/\/www.adf.org.br\/home\/#website\",\"url\":\"https:\/\/www.adf.org.br\/home\/\",\"name\":\"Associa\\u00e7\\u00e3o Devotos de F\\u00e1tima\",\"description\":\"Associa\\u00e7\\u00e3o Devotos de F\\u00e1tima\",\"potentialAction\":[{\"@type\":\"SearchAction\",\"target\":{\"@type\":\"EntryPoint\",\"urlTemplate\":\"https:\/\/www.adf.org.br\/home\/?s={search_term_string}\"},\"query-input\":\"required name=search_term_string\"}],\"inLanguage\":\"pt-BR\"},{\"@type\":\"ImageObject\",\"@id\":\"https:\/\/www.adf.org.br\/home\/pastorinha-jacinta-o-admiravel-amor-da-pequena-devota-em-nossa-senhora\/#primaryimage\",\"inLanguage\":\"pt-BR\",\"url\":\"https:\/\/www.adf.org.br\/home\/wp-content\/uploads\/2020\/07\/Jacinta-e-nossa-senhora.jpg\",\"contentUrl\":\"https:\/\/www.adf.org.br\/home\/wp-content\/uploads\/2020\/07\/Jacinta-e-nossa-senhora.jpg\",\"width\":620,\"height\":393},{\"@type\":\"WebPage\",\"@id\":\"https:\/\/www.adf.org.br\/home\/pastorinha-jacinta-o-admiravel-amor-da-pequena-devota-em-nossa-senhora\/#webpage\",\"url\":\"https:\/\/www.adf.org.br\/home\/pastorinha-jacinta-o-admiravel-amor-da-pequena-devota-em-nossa-senhora\/\",\"name\":\"Jacinta de F\\u00e1tima e o admir\\u00e1vel amor por Nossa Senhora\",\"isPartOf\":{\"@id\":\"https:\/\/www.adf.org.br\/home\/#website\"},\"primaryImageOfPage\":{\"@id\":\"https:\/\/www.adf.org.br\/home\/pastorinha-jacinta-o-admiravel-amor-da-pequena-devota-em-nossa-senhora\/#primaryimage\"},\"datePublished\":\"2021-06-14T11:00:25+00:00\",\"dateModified\":\"2021-06-10T17:58:13+00:00\",\"author\":{\"@id\":\"https:\/\/www.adf.org.br\/home\/#\/schema\/person\/f35a5c5aa7728a3dedf4ea9aa1fc2753\"},\"description\":\"Aprenda com mais uma linda hist\\u00f3ria sobre a vida da pastorinha Jacinta de F\\u00e1tima e sua grande devo\\u00e7\\u00e3o por Nossa Senhora.\",\"breadcrumb\":{\"@id\":\"https:\/\/www.adf.org.br\/home\/pastorinha-jacinta-o-admiravel-amor-da-pequena-devota-em-nossa-senhora\/#breadcrumb\"},\"inLanguage\":\"pt-BR\",\"potentialAction\":[{\"@type\":\"ReadAction\",\"target\":[\"https:\/\/www.adf.org.br\/home\/pastorinha-jacinta-o-admiravel-amor-da-pequena-devota-em-nossa-senhora\/\"]}]},{\"@type\":\"BreadcrumbList\",\"@id\":\"https:\/\/www.adf.org.br\/home\/pastorinha-jacinta-o-admiravel-amor-da-pequena-devota-em-nossa-senhora\/#breadcrumb\",\"itemListElement\":[{\"@type\":\"ListItem\",\"position\":1,\"name\":\"Home\",\"item\":\"https:\/\/www.adf.org.br\/home\/\"},{\"@type\":\"ListItem\",\"position\":2,\"name\":\"Jacinta de F\\u00e1tima e o admir\\u00e1vel amor pelo Imaculado Cora\\u00e7\\u00e3o de Maria\"}]},{\"@type\":\"Person\",\"@id\":\"https:\/\/www.adf.org.br\/home\/#\/schema\/person\/f35a5c5aa7728a3dedf4ea9aa1fc2753\",\"name\":\"Gabriel Barbosa\",\"image\":{\"@type\":\"ImageObject\",\"@id\":\"https:\/\/www.adf.org.br\/home\/#personlogo\",\"inLanguage\":\"pt-BR\",\"url\":\"https:\/\/secure.gravatar.com\/avatar\/2b2cb2f4637682c5605e8d36818f51ef?s=96&d=mm&r=g\",\"contentUrl\":\"https:\/\/secure.gravatar.com\/avatar\/2b2cb2f4637682c5605e8d36818f51ef?s=96&d=mm&r=g\",\"caption\":\"Gabriel Barbosa\"},\"url\":\"https:\/\/www.adf.org.br\/home\/author\/gabrielpmk-com-br\/\"}]}<\/script>\n<!-- \/ Yoast SEO plugin. -->","yoast_head_json":{"title":"Jacinta de F\u00e1tima e o admir\u00e1vel amor por Nossa Senhora","description":"Aprenda com mais uma linda hist\u00f3ria sobre a vida da pastorinha Jacinta de F\u00e1tima e sua grande devo\u00e7\u00e3o por Nossa Senhora.","robots":{"index":"index","follow":"follow","max-snippet":"max-snippet:-1","max-image-preview":"max-image-preview:large","max-video-preview":"max-video-preview:-1"},"canonical":"https:\/\/www.adf.org.br\/home\/pastorinha-jacinta-o-admiravel-amor-da-pequena-devota-em-nossa-senhora\/","og_locale":"pt_BR","og_type":"article","og_title":"Jacinta de F\u00e1tima e o admir\u00e1vel amor por Nossa Senhora","og_description":"Aprenda com mais uma linda hist\u00f3ria sobre a vida da pastorinha Jacinta de F\u00e1tima e sua grande devo\u00e7\u00e3o por Nossa Senhora.","og_url":"https:\/\/www.adf.org.br\/home\/pastorinha-jacinta-o-admiravel-amor-da-pequena-devota-em-nossa-senhora\/","og_site_name":"Associa\u00e7\u00e3o Devotos de F\u00e1tima","article_published_time":"2021-06-14T11:00:25+00:00","article_modified_time":"2021-06-10T17:58:13+00:00","og_image":[{"width":620,"height":393,"url":"https:\/\/www.adf.org.br\/home\/wp-content\/uploads\/2020\/07\/Jacinta-e-nossa-senhora.jpg","type":"image\/jpeg"}],"twitter_card":"summary_large_image","twitter_misc":{"Escrito por":"Gabriel Barbosa","Est. tempo de leitura":"3 minutos"},"schema":{"@context":"https:\/\/schema.org","@graph":[{"@type":"WebSite","@id":"https:\/\/www.adf.org.br\/home\/#website","url":"https:\/\/www.adf.org.br\/home\/","name":"Associa\u00e7\u00e3o Devotos de F\u00e1tima","description":"Associa\u00e7\u00e3o Devotos de F\u00e1tima","potentialAction":[{"@type":"SearchAction","target":{"@type":"EntryPoint","urlTemplate":"https:\/\/www.adf.org.br\/home\/?s={search_term_string}"},"query-input":"required name=search_term_string"}],"inLanguage":"pt-BR"},{"@type":"ImageObject","@id":"https:\/\/www.adf.org.br\/home\/pastorinha-jacinta-o-admiravel-amor-da-pequena-devota-em-nossa-senhora\/#primaryimage","inLanguage":"pt-BR","url":"https:\/\/www.adf.org.br\/home\/wp-content\/uploads\/2020\/07\/Jacinta-e-nossa-senhora.jpg","contentUrl":"https:\/\/www.adf.org.br\/home\/wp-content\/uploads\/2020\/07\/Jacinta-e-nossa-senhora.jpg","width":620,"height":393},{"@type":"WebPage","@id":"https:\/\/www.adf.org.br\/home\/pastorinha-jacinta-o-admiravel-amor-da-pequena-devota-em-nossa-senhora\/#webpage","url":"https:\/\/www.adf.org.br\/home\/pastorinha-jacinta-o-admiravel-amor-da-pequena-devota-em-nossa-senhora\/","name":"Jacinta de F\u00e1tima e o admir\u00e1vel amor por Nossa Senhora","isPartOf":{"@id":"https:\/\/www.adf.org.br\/home\/#website"},"primaryImageOfPage":{"@id":"https:\/\/www.adf.org.br\/home\/pastorinha-jacinta-o-admiravel-amor-da-pequena-devota-em-nossa-senhora\/#primaryimage"},"datePublished":"2021-06-14T11:00:25+00:00","dateModified":"2021-06-10T17:58:13+00:00","author":{"@id":"https:\/\/www.adf.org.br\/home\/#\/schema\/person\/f35a5c5aa7728a3dedf4ea9aa1fc2753"},"description":"Aprenda com mais uma linda hist\u00f3ria sobre a vida da pastorinha Jacinta de F\u00e1tima e sua grande devo\u00e7\u00e3o por Nossa Senhora.","breadcrumb":{"@id":"https:\/\/www.adf.org.br\/home\/pastorinha-jacinta-o-admiravel-amor-da-pequena-devota-em-nossa-senhora\/#breadcrumb"},"inLanguage":"pt-BR","potentialAction":[{"@type":"ReadAction","target":["https:\/\/www.adf.org.br\/home\/pastorinha-jacinta-o-admiravel-amor-da-pequena-devota-em-nossa-senhora\/"]}]},{"@type":"BreadcrumbList","@id":"https:\/\/www.adf.org.br\/home\/pastorinha-jacinta-o-admiravel-amor-da-pequena-devota-em-nossa-senhora\/#breadcrumb","itemListElement":[{"@type":"ListItem","position":1,"name":"Home","item":"https:\/\/www.adf.org.br\/home\/"},{"@type":"ListItem","position":2,"name":"Jacinta de F\u00e1tima e o admir\u00e1vel amor pelo Imaculado Cora\u00e7\u00e3o de Maria"}]},{"@type":"Person","@id":"https:\/\/www.adf.org.br\/home\/#\/schema\/person\/f35a5c5aa7728a3dedf4ea9aa1fc2753","name":"Gabriel Barbosa","image":{"@type":"ImageObject","@id":"https:\/\/www.adf.org.br\/home\/#personlogo","inLanguage":"pt-BR","url":"https:\/\/secure.gravatar.com\/avatar\/2b2cb2f4637682c5605e8d36818f51ef?s=96&d=mm&r=g","contentUrl":"https:\/\/secure.gravatar.com\/avatar\/2b2cb2f4637682c5605e8d36818f51ef?s=96&d=mm&r=g","caption":"Gabriel Barbosa"},"url":"https:\/\/www.adf.org.br\/home\/author\/gabrielpmk-com-br\/"}]}},"_links":{"self":[{"href":"https:\/\/www.adf.org.br\/home\/wp-json\/wp\/v2\/posts\/56769"}],"collection":[{"href":"https:\/\/www.adf.org.br\/home\/wp-json\/wp\/v2\/posts"}],"about":[{"href":"https:\/\/www.adf.org.br\/home\/wp-json\/wp\/v2\/types\/post"}],"author":[{"embeddable":true,"href":"https:\/\/www.adf.org.br\/home\/wp-json\/wp\/v2\/users\/31"}],"replies":[{"embeddable":true,"href":"https:\/\/www.adf.org.br\/home\/wp-json\/wp\/v2\/comments?post=56769"}],"version-history":[{"count":29,"href":"https:\/\/www.adf.org.br\/home\/wp-json\/wp\/v2\/posts\/56769\/revisions"}],"predecessor-version":[{"id":64850,"href":"https:\/\/www.adf.org.br\/home\/wp-json\/wp\/v2\/posts\/56769\/revisions\/64850"}],"wp:featuredmedia":[{"embeddable":true,"href":"https:\/\/www.adf.org.br\/home\/wp-json\/wp\/v2\/media\/60459"}],"wp:attachment":[{"href":"https:\/\/www.adf.org.br\/home\/wp-json\/wp\/v2\/media?parent=56769"}],"wp:term":[{"taxonomy":"category","embeddable":true,"href":"https:\/\/www.adf.org.br\/home\/wp-json\/wp\/v2\/categories?post=56769"},{"taxonomy":"post_tag","embeddable":true,"href":"https:\/\/www.adf.org.br\/home\/wp-json\/wp\/v2\/tags?post=56769"}],"curies":[{"name":"wp","href":"https:\/\/api.w.org\/{rel}","templated":true}]}}