{"id":56684,"date":"2020-10-01T00:30:52","date_gmt":"2020-10-01T03:30:52","guid":{"rendered":"http:\/\/www.adf.org.br\/home\/?p=56684"},"modified":"2020-09-30T10:38:36","modified_gmt":"2020-09-30T13:38:36","slug":"oracao-a-santa-teresinha-do-menino-jesus","status":"publish","type":"post","link":"https:\/\/www.adf.org.br\/home\/oracao-a-santa-teresinha-do-menino-jesus\/","title":{"rendered":"Ora\u00e7\u00e3o \u00e0 Santa Teresinha do Menino Jesus"},"content":{"rendered":"<p><a href=\"https:\/\/adf.org.br\/velario\/gracas?origem=16181\" target=\"_blank\" rel=\"noopener noreferrer\"><img loading=\"lazy\" class=\"aligncenter wp-image-56686 size-full\" src=\"https:\/\/www.adf.org.br\/home\/wp-content\/uploads\/2019\/12\/Santa-Teresinha-do-Menino-Jesus-7.jpg\" alt=\"\" width=\"344\" height=\"506\" \/><\/a><\/p>\n<p><span style=\"font-family: verdana, geneva, sans-serif; font-size: 12pt; color: #ffffff;\">.<\/span><\/p>\n<p style=\"text-align: center;\"><span style=\"font-family: verdana, geneva, sans-serif; font-size: 14pt; color: #800080;\"><b>Ora\u00e7\u00e3o \u00e0 Santa Teresinha do Menino Jesus<\/b><\/span><\/p>\n<p style=\"text-align: center;\"><span style=\"font-family: verdana, geneva, sans-serif; font-size: 12pt; color: #ffffff;\">.<\/span><\/p>\n<p><em><span style=\"font-weight: 400; font-family: verdana, geneva, sans-serif; font-size: 12pt; color: #000000;\"><span style=\"color: #800080;\"><span style=\"font-size: 12pt;\">\u00d3<\/span> Santa Teresinha do Menino Jesus<\/span>, branca e mimosa flor de Jesus e Maria, que embalsamastes o Carmelo e o mundo inteiro com o vosso suave perfume, atra\u00ed-nos a Jesus, nosso Deus e \u00fanico bem, no caminho da ren\u00fancia, do amor e do abandono.<\/span><\/em><\/p>\n<p><span style=\"color: #ffffff;\"><em><span style=\"font-family: verdana, geneva, sans-serif; font-size: 12pt;\">.<\/span><\/em><\/span><\/p>\n<p><em><span style=\"font-weight: 400; font-family: verdana, geneva, sans-serif; font-size: 12pt; color: #000000;\"><span style=\"color: #800080;\">Santa Teresinha<\/span>, fazei-nos simples e d\u00f3ceis, humildes e confiantes para com o nosso Pai do C\u00e9u. Ah! N\u00e3o permitais que O ofendamos pelo pecado, que O contristemos pela desconfian\u00e7a. Assisti-nos em todas as afli\u00e7\u00f5es, alcan\u00e7ai-nos todas as gra\u00e7as espirituais e temporais, particularmente (<strong>diz a aqui a gra\u00e7a desejada<\/strong>).<\/span><\/em><\/p>\n<p><span style=\"color: #ffffff;\"><em><span style=\"font-family: verdana, geneva, sans-serif; font-size: 12pt;\">.<\/span><\/em><\/span><\/p>\n<p><em><span style=\"font-weight: 400; font-family: verdana, geneva, sans-serif; font-size: 12pt; color: #000000;\"><span style=\"color: #800080;\">Valei-nos na vida e na morte.<\/span> \u00d3 Santa Teresinha, lembrai-vos de que prometestes passar vosso c\u00e9u fazendo bem \u00e0 terra, sem descanso, at\u00e9 ver completo o n\u00famero de eleitos. Ah Cumpri em n\u00f3s a vossa promessa. Sede nossa protetora na travessia desta vida, e n\u00e3o descanseis at\u00e9 que nos vejais no C\u00e9u, cantando ao vosso lado eternamente as ternuras do amor misericordioso do Cora\u00e7\u00e3o de Jesus.\u00a0<\/span><\/em><span style=\"color: #ffffff;\"><em><span style=\"font-family: verdana, geneva, sans-serif; font-size: 12pt;\">.<\/span><\/em><\/span><\/p>\n<p><span style=\"color: #800080;\"><em><span style=\"font-weight: 400; font-family: verdana, geneva, sans-serif; font-size: 12pt;\">Am\u00e9m.<\/span><\/em><\/span><span style=\"font-family: verdana, geneva, sans-serif; font-size: 12pt; color: #ffffff;\">.<\/span><\/p>\n<p style=\"text-align: right;\"><span style=\"font-family: verdana, geneva, sans-serif; font-size: 10pt; color: #000000;\"><b>Fonte:<\/b> <i><span style=\"font-weight: 400;\">Ora\u00e7\u00f5es do Fiel Cat\u00f3lico<\/span><\/i><span style=\"font-weight: 400;\"> do Padre David Francisquini<\/span><\/span><span style=\"font-family: verdana, geneva, sans-serif; font-size: 12pt; color: #ffffff;\">.<\/span><\/p>\n<hr \/>\n<p>&nbsp;<\/p>\n<p style=\"text-align: center;\"><a href=\"https:\/\/adf.org.br\/velario\/gracas?origem=16181\" target=\"_blank\" rel=\"noopener noreferrer\"><img loading=\"lazy\" class=\"alignnone wp-image-56685 size-full\" src=\"https:\/\/www.adf.org.br\/home\/wp-content\/uploads\/2019\/12\/Vela-da-Medalha-Milagrosa.jpg\" alt=\"\" width=\"600\" height=\"220\" \/><\/a><\/p>\n<p><span style=\"color: #ffffff;\">.<\/span><\/p>\n","protected":false},"excerpt":{"rendered":"<p>. Ora\u00e7\u00e3o \u00e0 Santa Teresinha do Menino Jesus . \u00d3 Santa Teresinha do Menino Jesus, branca e mimosa flor de Jesus e Maria, que embalsamastes o Carmelo e o mundo inteiro com o vosso suave perfume, atra\u00ed-nos a Jesus, nosso Deus e \u00fanico bem, no caminho da ren\u00fancia, do amor e do abandono. . Santa [&hellip;]<\/p>\n","protected":false},"author":31,"featured_media":61713,"comment_status":"open","ping_status":"open","sticky":false,"template":"","format":"standard","meta":[],"categories":[20,126,50,14,2332],"tags":[142,2550,844,2543,2551],"yoast_head":"<!-- This site is optimized with the Yoast SEO plugin v17.4 - https:\/\/yoast.com\/wordpress\/plugins\/seo\/ -->\n<title>Ora\u00e7\u00e3o \u00e0 Santa Teresinha do Menino Jesus<\/title>\n<meta name=\"description\" content=\"Reze esta bel\u00edssima Ora\u00e7\u00e3o \u00e0 Santa Teresinha das do Menino Jesus e fa\u00e7a suas s\u00faplicas agora mesmo!\" \/>\n<meta name=\"robots\" content=\"index, follow, max-snippet:-1, max-image-preview:large, max-video-preview:-1\" \/>\n<link rel=\"canonical\" href=\"https:\/\/www.adf.org.br\/home\/oracao-a-santa-teresinha-do-menino-jesus\/\" \/>\n<meta property=\"og:locale\" content=\"pt_BR\" \/>\n<meta property=\"og:type\" content=\"article\" \/>\n<meta property=\"og:title\" content=\"Ora\u00e7\u00e3o \u00e0 Santa Teresinha do Menino Jesus\" \/>\n<meta property=\"og:description\" content=\"Reze esta bel\u00edssima Ora\u00e7\u00e3o \u00e0 Santa Teresinha das do Menino Jesus e fa\u00e7a suas s\u00faplicas agora mesmo!\" \/>\n<meta property=\"og:url\" content=\"https:\/\/www.adf.org.br\/home\/oracao-a-santa-teresinha-do-menino-jesus\/\" \/>\n<meta property=\"og:site_name\" content=\"Associa\u00e7\u00e3o Devotos de F\u00e1tima\" \/>\n<meta property=\"article:published_time\" content=\"2020-10-01T03:30:52+00:00\" \/>\n<meta property=\"article:modified_time\" content=\"2020-09-30T13:38:36+00:00\" \/>\n<meta property=\"og:image\" content=\"https:\/\/www.adf.org.br\/home\/wp-content\/uploads\/2020\/10\/capa-santa-teresinha.png\" \/>\n\t<meta property=\"og:image:width\" content=\"204\" \/>\n\t<meta property=\"og:image:height\" content=\"300\" \/>\n<meta name=\"twitter:card\" content=\"summary_large_image\" \/>\n<meta name=\"twitter:label1\" content=\"Escrito por\" \/>\n\t<meta name=\"twitter:data1\" content=\"Gabriel Barbosa\" \/>\n\t<meta name=\"twitter:label2\" content=\"Est. tempo de leitura\" \/>\n\t<meta name=\"twitter:data2\" content=\"1 minuto\" \/>\n<script type=\"application\/ld+json\" class=\"yoast-schema-graph\">{\"@context\":\"https:\/\/schema.org\",\"@graph\":[{\"@type\":\"WebSite\",\"@id\":\"https:\/\/www.adf.org.br\/home\/#website\",\"url\":\"https:\/\/www.adf.org.br\/home\/\",\"name\":\"Associa\\u00e7\\u00e3o Devotos de F\\u00e1tima\",\"description\":\"Associa\\u00e7\\u00e3o Devotos de F\\u00e1tima\",\"potentialAction\":[{\"@type\":\"SearchAction\",\"target\":{\"@type\":\"EntryPoint\",\"urlTemplate\":\"https:\/\/www.adf.org.br\/home\/?s={search_term_string}\"},\"query-input\":\"required name=search_term_string\"}],\"inLanguage\":\"pt-BR\"},{\"@type\":\"ImageObject\",\"@id\":\"https:\/\/www.adf.org.br\/home\/oracao-a-santa-teresinha-do-menino-jesus\/#primaryimage\",\"inLanguage\":\"pt-BR\",\"url\":\"https:\/\/www.adf.org.br\/home\/wp-content\/uploads\/2020\/10\/capa-santa-teresinha.png\",\"contentUrl\":\"https:\/\/www.adf.org.br\/home\/wp-content\/uploads\/2020\/10\/capa-santa-teresinha.png\",\"width\":204,\"height\":300},{\"@type\":\"WebPage\",\"@id\":\"https:\/\/www.adf.org.br\/home\/oracao-a-santa-teresinha-do-menino-jesus\/#webpage\",\"url\":\"https:\/\/www.adf.org.br\/home\/oracao-a-santa-teresinha-do-menino-jesus\/\",\"name\":\"Ora\\u00e7\\u00e3o \\u00e0 Santa Teresinha do Menino Jesus\",\"isPartOf\":{\"@id\":\"https:\/\/www.adf.org.br\/home\/#website\"},\"primaryImageOfPage\":{\"@id\":\"https:\/\/www.adf.org.br\/home\/oracao-a-santa-teresinha-do-menino-jesus\/#primaryimage\"},\"datePublished\":\"2020-10-01T03:30:52+00:00\",\"dateModified\":\"2020-09-30T13:38:36+00:00\",\"author\":{\"@id\":\"https:\/\/www.adf.org.br\/home\/#\/schema\/person\/f35a5c5aa7728a3dedf4ea9aa1fc2753\"},\"description\":\"Reze esta bel\\u00edssima Ora\\u00e7\\u00e3o \\u00e0 Santa Teresinha das do Menino Jesus e fa\\u00e7a suas s\\u00faplicas agora mesmo!\",\"breadcrumb\":{\"@id\":\"https:\/\/www.adf.org.br\/home\/oracao-a-santa-teresinha-do-menino-jesus\/#breadcrumb\"},\"inLanguage\":\"pt-BR\",\"potentialAction\":[{\"@type\":\"ReadAction\",\"target\":[\"https:\/\/www.adf.org.br\/home\/oracao-a-santa-teresinha-do-menino-jesus\/\"]}]},{\"@type\":\"BreadcrumbList\",\"@id\":\"https:\/\/www.adf.org.br\/home\/oracao-a-santa-teresinha-do-menino-jesus\/#breadcrumb\",\"itemListElement\":[{\"@type\":\"ListItem\",\"position\":1,\"name\":\"Home\",\"item\":\"https:\/\/www.adf.org.br\/home\/\"},{\"@type\":\"ListItem\",\"position\":2,\"name\":\"Ora\\u00e7\\u00e3o \\u00e0 Santa Teresinha do Menino Jesus\"}]},{\"@type\":\"Person\",\"@id\":\"https:\/\/www.adf.org.br\/home\/#\/schema\/person\/f35a5c5aa7728a3dedf4ea9aa1fc2753\",\"name\":\"Gabriel Barbosa\",\"image\":{\"@type\":\"ImageObject\",\"@id\":\"https:\/\/www.adf.org.br\/home\/#personlogo\",\"inLanguage\":\"pt-BR\",\"url\":\"https:\/\/secure.gravatar.com\/avatar\/2b2cb2f4637682c5605e8d36818f51ef?s=96&d=mm&r=g\",\"contentUrl\":\"https:\/\/secure.gravatar.com\/avatar\/2b2cb2f4637682c5605e8d36818f51ef?s=96&d=mm&r=g\",\"caption\":\"Gabriel Barbosa\"},\"url\":\"https:\/\/www.adf.org.br\/home\/author\/gabrielpmk-com-br\/\"}]}<\/script>\n<!-- \/ Yoast SEO plugin. -->","yoast_head_json":{"title":"Ora\u00e7\u00e3o \u00e0 Santa Teresinha do Menino Jesus","description":"Reze esta bel\u00edssima Ora\u00e7\u00e3o \u00e0 Santa Teresinha das do Menino Jesus e fa\u00e7a suas s\u00faplicas agora mesmo!","robots":{"index":"index","follow":"follow","max-snippet":"max-snippet:-1","max-image-preview":"max-image-preview:large","max-video-preview":"max-video-preview:-1"},"canonical":"https:\/\/www.adf.org.br\/home\/oracao-a-santa-teresinha-do-menino-jesus\/","og_locale":"pt_BR","og_type":"article","og_title":"Ora\u00e7\u00e3o \u00e0 Santa Teresinha do Menino Jesus","og_description":"Reze esta bel\u00edssima Ora\u00e7\u00e3o \u00e0 Santa Teresinha das do Menino Jesus e fa\u00e7a suas s\u00faplicas agora mesmo!","og_url":"https:\/\/www.adf.org.br\/home\/oracao-a-santa-teresinha-do-menino-jesus\/","og_site_name":"Associa\u00e7\u00e3o Devotos de F\u00e1tima","article_published_time":"2020-10-01T03:30:52+00:00","article_modified_time":"2020-09-30T13:38:36+00:00","og_image":[{"width":204,"height":300,"url":"https:\/\/www.adf.org.br\/home\/wp-content\/uploads\/2020\/10\/capa-santa-teresinha.png","type":"image\/png"}],"twitter_card":"summary_large_image","twitter_misc":{"Escrito por":"Gabriel Barbosa","Est. tempo de leitura":"1 minuto"},"schema":{"@context":"https:\/\/schema.org","@graph":[{"@type":"WebSite","@id":"https:\/\/www.adf.org.br\/home\/#website","url":"https:\/\/www.adf.org.br\/home\/","name":"Associa\u00e7\u00e3o Devotos de F\u00e1tima","description":"Associa\u00e7\u00e3o Devotos de F\u00e1tima","potentialAction":[{"@type":"SearchAction","target":{"@type":"EntryPoint","urlTemplate":"https:\/\/www.adf.org.br\/home\/?s={search_term_string}"},"query-input":"required name=search_term_string"}],"inLanguage":"pt-BR"},{"@type":"ImageObject","@id":"https:\/\/www.adf.org.br\/home\/oracao-a-santa-teresinha-do-menino-jesus\/#primaryimage","inLanguage":"pt-BR","url":"https:\/\/www.adf.org.br\/home\/wp-content\/uploads\/2020\/10\/capa-santa-teresinha.png","contentUrl":"https:\/\/www.adf.org.br\/home\/wp-content\/uploads\/2020\/10\/capa-santa-teresinha.png","width":204,"height":300},{"@type":"WebPage","@id":"https:\/\/www.adf.org.br\/home\/oracao-a-santa-teresinha-do-menino-jesus\/#webpage","url":"https:\/\/www.adf.org.br\/home\/oracao-a-santa-teresinha-do-menino-jesus\/","name":"Ora\u00e7\u00e3o \u00e0 Santa Teresinha do Menino Jesus","isPartOf":{"@id":"https:\/\/www.adf.org.br\/home\/#website"},"primaryImageOfPage":{"@id":"https:\/\/www.adf.org.br\/home\/oracao-a-santa-teresinha-do-menino-jesus\/#primaryimage"},"datePublished":"2020-10-01T03:30:52+00:00","dateModified":"2020-09-30T13:38:36+00:00","author":{"@id":"https:\/\/www.adf.org.br\/home\/#\/schema\/person\/f35a5c5aa7728a3dedf4ea9aa1fc2753"},"description":"Reze esta bel\u00edssima Ora\u00e7\u00e3o \u00e0 Santa Teresinha das do Menino Jesus e fa\u00e7a suas s\u00faplicas agora mesmo!","breadcrumb":{"@id":"https:\/\/www.adf.org.br\/home\/oracao-a-santa-teresinha-do-menino-jesus\/#breadcrumb"},"inLanguage":"pt-BR","potentialAction":[{"@type":"ReadAction","target":["https:\/\/www.adf.org.br\/home\/oracao-a-santa-teresinha-do-menino-jesus\/"]}]},{"@type":"BreadcrumbList","@id":"https:\/\/www.adf.org.br\/home\/oracao-a-santa-teresinha-do-menino-jesus\/#breadcrumb","itemListElement":[{"@type":"ListItem","position":1,"name":"Home","item":"https:\/\/www.adf.org.br\/home\/"},{"@type":"ListItem","position":2,"name":"Ora\u00e7\u00e3o \u00e0 Santa Teresinha do Menino Jesus"}]},{"@type":"Person","@id":"https:\/\/www.adf.org.br\/home\/#\/schema\/person\/f35a5c5aa7728a3dedf4ea9aa1fc2753","name":"Gabriel Barbosa","image":{"@type":"ImageObject","@id":"https:\/\/www.adf.org.br\/home\/#personlogo","inLanguage":"pt-BR","url":"https:\/\/secure.gravatar.com\/avatar\/2b2cb2f4637682c5605e8d36818f51ef?s=96&d=mm&r=g","contentUrl":"https:\/\/secure.gravatar.com\/avatar\/2b2cb2f4637682c5605e8d36818f51ef?s=96&d=mm&r=g","caption":"Gabriel Barbosa"},"url":"https:\/\/www.adf.org.br\/home\/author\/gabrielpmk-com-br\/"}]}},"_links":{"self":[{"href":"https:\/\/www.adf.org.br\/home\/wp-json\/wp\/v2\/posts\/56684"}],"collection":[{"href":"https:\/\/www.adf.org.br\/home\/wp-json\/wp\/v2\/posts"}],"about":[{"href":"https:\/\/www.adf.org.br\/home\/wp-json\/wp\/v2\/types\/post"}],"author":[{"embeddable":true,"href":"https:\/\/www.adf.org.br\/home\/wp-json\/wp\/v2\/users\/31"}],"replies":[{"embeddable":true,"href":"https:\/\/www.adf.org.br\/home\/wp-json\/wp\/v2\/comments?post=56684"}],"version-history":[{"count":5,"href":"https:\/\/www.adf.org.br\/home\/wp-json\/wp\/v2\/posts\/56684\/revisions"}],"predecessor-version":[{"id":61715,"href":"https:\/\/www.adf.org.br\/home\/wp-json\/wp\/v2\/posts\/56684\/revisions\/61715"}],"wp:featuredmedia":[{"embeddable":true,"href":"https:\/\/www.adf.org.br\/home\/wp-json\/wp\/v2\/media\/61713"}],"wp:attachment":[{"href":"https:\/\/www.adf.org.br\/home\/wp-json\/wp\/v2\/media?parent=56684"}],"wp:term":[{"taxonomy":"category","embeddable":true,"href":"https:\/\/www.adf.org.br\/home\/wp-json\/wp\/v2\/categories?post=56684"},{"taxonomy":"post_tag","embeddable":true,"href":"https:\/\/www.adf.org.br\/home\/wp-json\/wp\/v2\/tags?post=56684"}],"curies":[{"name":"wp","href":"https:\/\/api.w.org\/{rel}","templated":true}]}}