{"id":56599,"date":"2020-12-25T00:30:23","date_gmt":"2020-12-25T03:30:23","guid":{"rendered":"http:\/\/www.adf.org.br\/home\/?p=56599"},"modified":"2020-12-17T12:35:56","modified_gmt":"2020-12-17T15:35:56","slug":"santo-natal-o-nascimento-de-cristo-nosso-senhor-final","status":"publish","type":"post","link":"https:\/\/www.adf.org.br\/home\/santo-natal-o-nascimento-de-cristo-nosso-senhor-final\/","title":{"rendered":"Santo Natal: O Nascimento de Cristo, Nosso Senhor"},"content":{"rendered":"<p style=\"text-align: center;\"><a href=\"https:\/\/adf.org.br\/apostolosdefatima?origem=17197#Participar\" target=\"_blank\" rel=\"noopener noreferrer\"><img loading=\"lazy\" class=\"alignnone wp-image-56613\" src=\"https:\/\/www.adf.org.br\/home\/wp-content\/uploads\/2019\/12\/Natal-2019-4.jpg\" alt=\"\" width=\"604\" height=\"383\" \/><\/a><\/p>\n<p><span style=\"color: #ffffff;\">.<\/span><\/p>\n<h3><span style=\"font-family: verdana, geneva, sans-serif; color: #003366; font-size: 14pt;\"><b>Maria Sant\u00edssima, S\u00e3o Jos\u00e9 e os anjos limpam a gruta<\/b><\/span><span style=\"font-family: verdana, geneva, sans-serif; color: #ffffff; font-size: 12pt;\">.<\/span><\/h3>\n<p><span style=\"font-weight: 400; font-family: verdana, geneva, sans-serif; color: #000000; font-size: 12pt;\"><span style=\"font-size: 18pt;\">O<\/span> <strong>santo esposo S\u00e3o Jos\u00e9<\/strong>, atento \u00e0 majestade de sua divina Esposa, e que Ela parecia esquecer por amor \u00e0 humildade, suplicou-lhe n\u00e3o se encarregasse daquele trabalho (limpeza do local) que a ele pertencia. Adiantando-se, come\u00e7ou a limpar o ch\u00e3o e os cantos da gruta, ainda que nem por isso deixou de o acompanhar a humildade Senhora.<\/span><span style=\"font-family: verdana, geneva, sans-serif; color: #ffffff; font-size: 12pt;\">.<\/span><\/p>\n<p style=\"padding-left: 80px;\"><span style=\"font-weight: 400; font-family: verdana, geneva, sans-serif; color: #003366; font-size: 12pt;\">Estando os santos anjos em forma humana vis\u00edvel, pareceu, a nosso modo de entender, que ficaram envergonhados de n\u00e3o participar naquela t\u00e3o devota disputa de humildade. Imediatamente, em santa competi\u00e7\u00e3o, ajudaram, ou para melhor dizer, em brev\u00edssimo tempo limparam toda a gruta, deixando-a em ordem e cheia de fragr\u00e2ncia.<\/span><span style=\"font-family: verdana, geneva, sans-serif; color: #ffffff; font-size: 12pt;\">.<\/span><\/p>\n<p><span style=\"font-weight: 400; font-family: verdana, geneva, sans-serif; color: #000000; font-size: 12pt;\">S\u00e3o Jos\u00e9 acendeu fogo com o dispositivo que para isso levava, e, porque estava muito frio, aproximaram-se dele para se aquecer um pouco.<\/span><span style=\"font-family: verdana, geneva, sans-serif; color: #ffffff; font-size: 12pt;\">.<\/span><\/p>\n<p><span style=\"font-weight: 400; font-family: verdana, geneva, sans-serif; color: #000000; font-size: 12pt;\">Com incompar\u00e1vel alegria espiritual cearam do lanche que levaram. A Rainha do c\u00e9u e terra nada teria comido, se n\u00e3o fosse para obedecer a S\u00e3o Jos\u00e9, pois aproximando-se o divino parto, achava-se toda absorta no mist\u00e9rio.<\/span><\/p>\n<p><span style=\"font-family: verdana, geneva, sans-serif; color: #ffffff; font-size: 12pt;\">.<\/span><\/p>\n<h3><span style=\"font-family: verdana, geneva, sans-serif; color: #003366; font-size: 14pt;\"><b>Precedentes do nascimento de Cristo, nosso Senhor<\/b><\/span><span style=\"font-family: verdana, geneva, sans-serif; color: #ffffff; font-size: 12pt;\">.<\/span><\/h3>\n<p><span style=\"font-weight: 400; font-family: verdana, geneva, sans-serif; color: #000000; font-size: 12pt;\"><span style=\"font-size: 18pt;\">D<\/span><strong>eclarou o Alt\u00edssimo \u00e0 sua Virgem M\u00e3e que chegara o momento<\/strong> de deixar seu virginal seio e aparecer no mundo, e o modo como isso seria realizado.<\/span><span style=\"color: #ffffff;\">.<\/span><\/p>\n<p style=\"padding-left: 80px;\"><span style=\"font-weight: 400; font-family: verdana, geneva, sans-serif; color: #003366; font-size: 12pt;\">Conheceu a prudent\u00edssima Senhora, numa vis\u00e3o, as raz\u00f5es e fins alt\u00edssimos de t\u00e3o admir\u00e1veis obras, tanto da parte do Senhor, como do que se referia \u00e0s criaturas, para as quais se ordenavam.<\/span><span style=\"color: #ffffff;\">.<\/span><\/p>\n<p><span style=\"font-weight: 400; font-family: verdana, geneva, sans-serif; color: #000000; font-size: 12pt;\">Prostrou-se ante o trono real da divindade, dando-lhe a gl\u00f3ria, a magnific\u00eancia, a a\u00e7\u00e3o de gra\u00e7as e louvores, que Ela e todas as criaturas deviam a Deus, por miseric\u00f3rdia e digna\u00e7\u00e3o t\u00e3o inef\u00e1veis de seu imenso amor.<\/span><span style=\"color: #ffffff;\">.<\/span><\/p>\n<p><span style=\"font-weight: 400; font-family: verdana, geneva, sans-serif; color: #000000; font-size: 12pt;\">Ao mesmo tempo, pediu nova luz e gra\u00e7a para dignamente servir e educar o Verbo humanado que receberia nos bra\u00e7os e alimentaria com seu virginal leite.<\/span><span style=\"color: #ffffff;\">.<\/span><\/p>\n<p style=\"padding-left: 80px;\"><span style=\"font-weight: 400; font-family: verdana, geneva, sans-serif; color: #003366; font-size: 12pt;\"><strong>Fez a divina M\u00e3e esta s\u00faplica com profund\u00edssima humildade<\/strong>, como quem entendia a grandeza de t\u00e3o novo sacramento: criar e tratar como m\u00e3e a Deus feito homem. Julgava-se indigna de tal of\u00edcio, para cujo cumprimento seriam insuficientes os supremos serafins.<\/span><span style=\"color: #ffffff;\">.<\/span><\/p>\n<p><span style=\"font-weight: 400; font-family: verdana, geneva, sans-serif; color: #000000; font-size: 12pt;\">Prudente e humildemente o pensava e pesava a M\u00e3e da Sabedoria: e porque se humilhou at\u00e9 o p\u00f3 e se aniquilou na presen\u00e7a do Alt\u00edssimo, foi por Ele elevada e confirmada no t\u00edtulo de M\u00e3e sua.<\/span><span style=\"color: #ffffff;\">.<\/span><\/p>\n<p><strong><span style=\"font-family: verdana, geneva, sans-serif; color: #000000; font-size: 12pt;\">Ordenou-lhe que, como leg\u00edtima e verdadeira M\u00e3e, exercesse esse oficio; que o tratasse como a Filho do eterno Pai e juntamente Filho de suas entranhas.<\/span><\/strong><span style=\"color: #ffffff;\">.<\/span><\/p>\n<p><span style=\"font-weight: 400; font-family: verdana, geneva, sans-serif; color: #000000; font-size: 12pt;\">Tudo isto p\u00f4de ser confiado a tal M\u00e3e. Mais, n\u00e3o \u00e9 poss\u00edvel explicar com palavras.<\/span><\/p>\n<p><span style=\"color: #ffffff;\">.<\/span><\/p>\n<h3><span style=\"font-family: verdana, geneva, sans-serif; color: #003366; font-size: 14pt;\"><b>Nascimento de Cristo, nosso Senhor<\/b><\/span><span style=\"color: #ffffff;\">.<\/span><\/h3>\n<p><span style=\"font-weight: 400; font-family: verdana, geneva, sans-serif; color: #000000; font-size: 12pt;\">Esteve Maria Sant\u00edssima neste \u00eaxtase e vis\u00e3o beat\u00edfica, mais de uma hora imediata a seu divino parto. Ao mesmo tempo que voltava do \u00eaxtase, percebeu e viu que o corpo do Menino Deus movia-se em seu virginal seio, para deixar aquele sagrada habita\u00e7\u00e3o onde permanecera por nove meses.<\/span><span style=\"color: #ffffff;\">.<\/span><\/p>\n<p style=\"padding-left: 80px;\"><span style=\"font-weight: 400; font-family: verdana, geneva, sans-serif; color: #003366; font-size: 12pt;\">Este movimento do Menino n\u00e3o produziu dores \u00e0 Virgem M\u00e3e, como acontece \u00e0s demais filhas de Ad\u00e3o e Eva, em seus partos. Pelo contr\u00e1rio, transportou-a de j\u00fabilo incompar\u00e1vel, causando em sua alma e virginal corpo efeitos t\u00e3o divinos e elevados que ultrapassam a todo pensamento criado.<\/span><span style=\"color: #ffffff;\">.<\/span><\/p>\n<p><span style=\"font-weight: 400; font-family: verdana, geneva, sans-serif; color: #000000; font-size: 12pt;\">Corporalmente tornou-se t\u00e3o espiritualizada, formosa e refulgente que n\u00e3o parecia criatura humana e terrena. O rosto desprendia raios de luz como bel\u00edssimo e rosado sol; sua express\u00e3o era grave, de admir\u00e1vel majestade e inflamado de ardente amor.<\/span><span style=\"color: #ffffff;\">.<\/span><\/p>\n<p style=\"padding-left: 80px;\"><span style=\"font-weight: 400; font-family: verdana, geneva, sans-serif; color: #003366; font-size: 12pt;\">Estava ajoelhada na manjedoura, os olhos elevados para o c\u00e9u, as m\u00e3os juntas sobre o peito, o esp\u00edrito absorto na divindade, toda deificada. <strong>Nesta posi\u00e7\u00e3o, no final de seu \u00eaxtase, a eminent\u00edssima Senhora deu ao mundo o Unig\u00eanito do Pai e seu, nosso Salvador Jesus, Deus e homem verdadeiro.<\/strong><\/span><\/p>\n<p style=\"padding-left: 80px;\"><span style=\"color: #ffffff;\">.<\/span><\/p>\n<p style=\"text-align: center;\"><a href=\"https:\/\/adf.org.br\/apostolosdefatima?origem=17197#ChanceUnica\" target=\"_blank\" rel=\"noopener noreferrer\"><img loading=\"lazy\" class=\"alignnone wp-image-56602 size-full\" src=\"https:\/\/www.adf.org.br\/home\/wp-content\/uploads\/2019\/12\/Nossa-Senhora-e-Jesus-2-1.jpg\" alt=\"\" width=\"352\" height=\"496\" \/><\/a><\/p>\n<p><span style=\"color: #ffffff;\">.<\/span><\/p>\n<p><span style=\"font-weight: 400; font-family: verdana, geneva, sans-serif; color: #000000; font-size: 12pt;\">Era a meia-noite de um domingo, no ano 5.199 desde a cria\u00e7\u00e3o do mundo, como ensina a Santa Igreja Romana.<\/span><span style=\"color: #ffffff;\">.<\/span><\/p>\n<p style=\"text-align: right;\"><span style=\"font-family: verdana, geneva, sans-serif; color: #000000; font-size: 10pt;\"><b>Fonte: <\/b><i><span style=\"font-weight: 400;\">\u201cM\u00edstica Cidade de Deus\u201d<\/span><\/i><span style=\"font-weight: 400;\">, Soror Maria de \u00c1greda, Tomo II \u2013 Mosteiro Portaceli \u2013 Ano 2001<\/span><\/span><\/p>\n<p><span style=\"font-family: verdana, geneva, sans-serif; color: #ffffff; font-size: 12pt;\">.<\/span><\/p>\n<p><a href=\"https:\/\/www.adf.org.br\/home\/santo-natal-maria-santissima-e-sao-jose-chegam-a-belem-parte-i\/\" target=\"_blank\" rel=\"noopener noreferrer\"><span style=\"font-family: verdana, geneva, sans-serif; color: #0000ff; font-size: 12pt;\"><b>Santo Natal: Maria Sant\u00edssima e S\u00e3o Jos\u00e9 chegam a Bel\u00e9m &#8211; Parte I<\/b><\/span><\/a><span style=\"font-family: verdana, geneva, sans-serif; color: #0000ff; font-size: 12pt;\"><b>\u00a0<\/b><\/span><\/p>\n<p><a href=\"https:\/\/www.adf.org.br\/home\/santo-natal-a-gruta-primeiro-templo-de-cristo-na-terra-parte-ii\/\" target=\"_blank\" rel=\"noopener noreferrer\"><span style=\"font-family: verdana, geneva, sans-serif; color: #0000ff; font-size: 12pt;\"><b>Santo Natal: A gruta, primeiro templo de Cristo na terra &#8211; Parte II<\/b><\/span><\/a><\/p>\n<p><span style=\"color: #ffffff;\">.<\/span><\/p>\n<hr \/>\n<p><a href=\"http:\/\/www.adf.org.br\/velanatalina?origem=17197\" target=\"_blank\" rel=\"noopener noreferrer\"><img loading=\"lazy\" class=\"aligncenter wp-image-56600 \" src=\"https:\/\/www.adf.org.br\/home\/wp-content\/uploads\/2019\/12\/ADF-Vela-de-Natal-2.gif\" alt=\"\" width=\"561\" height=\"327\" \/><\/a><\/p>\n<p><span style=\"color: #ffffff;\">.<\/span><\/p>\n","protected":false},"excerpt":{"rendered":"<p>. Maria Sant\u00edssima, S\u00e3o Jos\u00e9 e os anjos limpam a gruta. O santo esposo S\u00e3o Jos\u00e9, atento \u00e0 majestade de sua divina Esposa, e que Ela parecia esquecer por amor \u00e0 humildade, suplicou-lhe n\u00e3o se encarregasse daquele trabalho (limpeza do local) que a ele pertencia. Adiantando-se, come\u00e7ou a limpar o ch\u00e3o e os cantos da [&hellip;]<\/p>\n","protected":false},"author":31,"featured_media":63109,"comment_status":"open","ping_status":"open","sticky":false,"template":"","format":"standard","meta":[],"categories":[20,3069,2332],"tags":[2242,357,133,139,3476,39,3477,98,470],"yoast_head":"<!-- This site is optimized with the Yoast SEO plugin v17.4 - https:\/\/yoast.com\/wordpress\/plugins\/seo\/ -->\n<title>Santo Natal: O Nascimento de Cristo, Nosso Senhor<\/title>\n<meta name=\"description\" content=\"Santo Natal: O Nascimento de Cristo, Nosso Senhor. Aproveite e acenda a sua vela Natalina, registrando o seu nome e de sua fam\u00edlia nas ora\u00e7\u00f5es.\" \/>\n<meta name=\"robots\" content=\"index, follow, max-snippet:-1, max-image-preview:large, max-video-preview:-1\" \/>\n<link rel=\"canonical\" href=\"https:\/\/www.adf.org.br\/home\/santo-natal-o-nascimento-de-cristo-nosso-senhor-final\/\" \/>\n<meta property=\"og:locale\" content=\"pt_BR\" \/>\n<meta property=\"og:type\" content=\"article\" \/>\n<meta property=\"og:title\" content=\"Santo Natal: O Nascimento de Cristo, Nosso Senhor\" \/>\n<meta property=\"og:description\" content=\"Santo Natal: O Nascimento de Cristo, Nosso Senhor. Aproveite e acenda a sua vela Natalina, registrando o seu nome e de sua fam\u00edlia nas ora\u00e7\u00f5es.\" \/>\n<meta property=\"og:url\" content=\"https:\/\/www.adf.org.br\/home\/santo-natal-o-nascimento-de-cristo-nosso-senhor-final\/\" \/>\n<meta property=\"og:site_name\" content=\"Associa\u00e7\u00e3o Devotos de F\u00e1tima\" \/>\n<meta property=\"article:published_time\" content=\"2020-12-25T03:30:23+00:00\" \/>\n<meta property=\"article:modified_time\" content=\"2020-12-17T15:35:56+00:00\" \/>\n<meta property=\"og:image\" content=\"https:\/\/www.adf.org.br\/home\/wp-content\/uploads\/2020\/12\/capa-post-25.12.jpg\" \/>\n\t<meta property=\"og:image:width\" content=\"620\" \/>\n\t<meta property=\"og:image:height\" content=\"393\" \/>\n<meta name=\"twitter:card\" content=\"summary_large_image\" \/>\n<meta name=\"twitter:label1\" content=\"Escrito por\" \/>\n\t<meta name=\"twitter:data1\" content=\"Gabriel Barbosa\" \/>\n\t<meta name=\"twitter:label2\" content=\"Est. tempo de leitura\" \/>\n\t<meta name=\"twitter:data2\" content=\"4 minutos\" \/>\n<script type=\"application\/ld+json\" class=\"yoast-schema-graph\">{\"@context\":\"https:\/\/schema.org\",\"@graph\":[{\"@type\":\"WebSite\",\"@id\":\"https:\/\/www.adf.org.br\/home\/#website\",\"url\":\"https:\/\/www.adf.org.br\/home\/\",\"name\":\"Associa\\u00e7\\u00e3o Devotos de F\\u00e1tima\",\"description\":\"Associa\\u00e7\\u00e3o Devotos de F\\u00e1tima\",\"potentialAction\":[{\"@type\":\"SearchAction\",\"target\":{\"@type\":\"EntryPoint\",\"urlTemplate\":\"https:\/\/www.adf.org.br\/home\/?s={search_term_string}\"},\"query-input\":\"required name=search_term_string\"}],\"inLanguage\":\"pt-BR\"},{\"@type\":\"ImageObject\",\"@id\":\"https:\/\/www.adf.org.br\/home\/santo-natal-o-nascimento-de-cristo-nosso-senhor-final\/#primaryimage\",\"inLanguage\":\"pt-BR\",\"url\":\"https:\/\/www.adf.org.br\/home\/wp-content\/uploads\/2020\/12\/capa-post-25.12.jpg\",\"contentUrl\":\"https:\/\/www.adf.org.br\/home\/wp-content\/uploads\/2020\/12\/capa-post-25.12.jpg\",\"width\":620,\"height\":393},{\"@type\":\"WebPage\",\"@id\":\"https:\/\/www.adf.org.br\/home\/santo-natal-o-nascimento-de-cristo-nosso-senhor-final\/#webpage\",\"url\":\"https:\/\/www.adf.org.br\/home\/santo-natal-o-nascimento-de-cristo-nosso-senhor-final\/\",\"name\":\"Santo Natal: O Nascimento de Cristo, Nosso Senhor\",\"isPartOf\":{\"@id\":\"https:\/\/www.adf.org.br\/home\/#website\"},\"primaryImageOfPage\":{\"@id\":\"https:\/\/www.adf.org.br\/home\/santo-natal-o-nascimento-de-cristo-nosso-senhor-final\/#primaryimage\"},\"datePublished\":\"2020-12-25T03:30:23+00:00\",\"dateModified\":\"2020-12-17T15:35:56+00:00\",\"author\":{\"@id\":\"https:\/\/www.adf.org.br\/home\/#\/schema\/person\/f35a5c5aa7728a3dedf4ea9aa1fc2753\"},\"description\":\"Santo Natal: O Nascimento de Cristo, Nosso Senhor. Aproveite e acenda a sua vela Natalina, registrando o seu nome e de sua fam\\u00edlia nas ora\\u00e7\\u00f5es.\",\"breadcrumb\":{\"@id\":\"https:\/\/www.adf.org.br\/home\/santo-natal-o-nascimento-de-cristo-nosso-senhor-final\/#breadcrumb\"},\"inLanguage\":\"pt-BR\",\"potentialAction\":[{\"@type\":\"ReadAction\",\"target\":[\"https:\/\/www.adf.org.br\/home\/santo-natal-o-nascimento-de-cristo-nosso-senhor-final\/\"]}]},{\"@type\":\"BreadcrumbList\",\"@id\":\"https:\/\/www.adf.org.br\/home\/santo-natal-o-nascimento-de-cristo-nosso-senhor-final\/#breadcrumb\",\"itemListElement\":[{\"@type\":\"ListItem\",\"position\":1,\"name\":\"Home\",\"item\":\"https:\/\/www.adf.org.br\/home\/\"},{\"@type\":\"ListItem\",\"position\":2,\"name\":\"Santo Natal: O Nascimento de Cristo, Nosso Senhor\"}]},{\"@type\":\"Person\",\"@id\":\"https:\/\/www.adf.org.br\/home\/#\/schema\/person\/f35a5c5aa7728a3dedf4ea9aa1fc2753\",\"name\":\"Gabriel Barbosa\",\"image\":{\"@type\":\"ImageObject\",\"@id\":\"https:\/\/www.adf.org.br\/home\/#personlogo\",\"inLanguage\":\"pt-BR\",\"url\":\"https:\/\/secure.gravatar.com\/avatar\/2b2cb2f4637682c5605e8d36818f51ef?s=96&d=mm&r=g\",\"contentUrl\":\"https:\/\/secure.gravatar.com\/avatar\/2b2cb2f4637682c5605e8d36818f51ef?s=96&d=mm&r=g\",\"caption\":\"Gabriel Barbosa\"},\"url\":\"https:\/\/www.adf.org.br\/home\/author\/gabrielpmk-com-br\/\"}]}<\/script>\n<!-- \/ Yoast SEO plugin. -->","yoast_head_json":{"title":"Santo Natal: O Nascimento de Cristo, Nosso Senhor","description":"Santo Natal: O Nascimento de Cristo, Nosso Senhor. Aproveite e acenda a sua vela Natalina, registrando o seu nome e de sua fam\u00edlia nas ora\u00e7\u00f5es.","robots":{"index":"index","follow":"follow","max-snippet":"max-snippet:-1","max-image-preview":"max-image-preview:large","max-video-preview":"max-video-preview:-1"},"canonical":"https:\/\/www.adf.org.br\/home\/santo-natal-o-nascimento-de-cristo-nosso-senhor-final\/","og_locale":"pt_BR","og_type":"article","og_title":"Santo Natal: O Nascimento de Cristo, Nosso Senhor","og_description":"Santo Natal: O Nascimento de Cristo, Nosso Senhor. Aproveite e acenda a sua vela Natalina, registrando o seu nome e de sua fam\u00edlia nas ora\u00e7\u00f5es.","og_url":"https:\/\/www.adf.org.br\/home\/santo-natal-o-nascimento-de-cristo-nosso-senhor-final\/","og_site_name":"Associa\u00e7\u00e3o Devotos de F\u00e1tima","article_published_time":"2020-12-25T03:30:23+00:00","article_modified_time":"2020-12-17T15:35:56+00:00","og_image":[{"width":620,"height":393,"url":"https:\/\/www.adf.org.br\/home\/wp-content\/uploads\/2020\/12\/capa-post-25.12.jpg","type":"image\/jpeg"}],"twitter_card":"summary_large_image","twitter_misc":{"Escrito por":"Gabriel Barbosa","Est. tempo de leitura":"4 minutos"},"schema":{"@context":"https:\/\/schema.org","@graph":[{"@type":"WebSite","@id":"https:\/\/www.adf.org.br\/home\/#website","url":"https:\/\/www.adf.org.br\/home\/","name":"Associa\u00e7\u00e3o Devotos de F\u00e1tima","description":"Associa\u00e7\u00e3o Devotos de F\u00e1tima","potentialAction":[{"@type":"SearchAction","target":{"@type":"EntryPoint","urlTemplate":"https:\/\/www.adf.org.br\/home\/?s={search_term_string}"},"query-input":"required name=search_term_string"}],"inLanguage":"pt-BR"},{"@type":"ImageObject","@id":"https:\/\/www.adf.org.br\/home\/santo-natal-o-nascimento-de-cristo-nosso-senhor-final\/#primaryimage","inLanguage":"pt-BR","url":"https:\/\/www.adf.org.br\/home\/wp-content\/uploads\/2020\/12\/capa-post-25.12.jpg","contentUrl":"https:\/\/www.adf.org.br\/home\/wp-content\/uploads\/2020\/12\/capa-post-25.12.jpg","width":620,"height":393},{"@type":"WebPage","@id":"https:\/\/www.adf.org.br\/home\/santo-natal-o-nascimento-de-cristo-nosso-senhor-final\/#webpage","url":"https:\/\/www.adf.org.br\/home\/santo-natal-o-nascimento-de-cristo-nosso-senhor-final\/","name":"Santo Natal: O Nascimento de Cristo, Nosso Senhor","isPartOf":{"@id":"https:\/\/www.adf.org.br\/home\/#website"},"primaryImageOfPage":{"@id":"https:\/\/www.adf.org.br\/home\/santo-natal-o-nascimento-de-cristo-nosso-senhor-final\/#primaryimage"},"datePublished":"2020-12-25T03:30:23+00:00","dateModified":"2020-12-17T15:35:56+00:00","author":{"@id":"https:\/\/www.adf.org.br\/home\/#\/schema\/person\/f35a5c5aa7728a3dedf4ea9aa1fc2753"},"description":"Santo Natal: O Nascimento de Cristo, Nosso Senhor. Aproveite e acenda a sua vela Natalina, registrando o seu nome e de sua fam\u00edlia nas ora\u00e7\u00f5es.","breadcrumb":{"@id":"https:\/\/www.adf.org.br\/home\/santo-natal-o-nascimento-de-cristo-nosso-senhor-final\/#breadcrumb"},"inLanguage":"pt-BR","potentialAction":[{"@type":"ReadAction","target":["https:\/\/www.adf.org.br\/home\/santo-natal-o-nascimento-de-cristo-nosso-senhor-final\/"]}]},{"@type":"BreadcrumbList","@id":"https:\/\/www.adf.org.br\/home\/santo-natal-o-nascimento-de-cristo-nosso-senhor-final\/#breadcrumb","itemListElement":[{"@type":"ListItem","position":1,"name":"Home","item":"https:\/\/www.adf.org.br\/home\/"},{"@type":"ListItem","position":2,"name":"Santo Natal: O Nascimento de Cristo, Nosso Senhor"}]},{"@type":"Person","@id":"https:\/\/www.adf.org.br\/home\/#\/schema\/person\/f35a5c5aa7728a3dedf4ea9aa1fc2753","name":"Gabriel Barbosa","image":{"@type":"ImageObject","@id":"https:\/\/www.adf.org.br\/home\/#personlogo","inLanguage":"pt-BR","url":"https:\/\/secure.gravatar.com\/avatar\/2b2cb2f4637682c5605e8d36818f51ef?s=96&d=mm&r=g","contentUrl":"https:\/\/secure.gravatar.com\/avatar\/2b2cb2f4637682c5605e8d36818f51ef?s=96&d=mm&r=g","caption":"Gabriel Barbosa"},"url":"https:\/\/www.adf.org.br\/home\/author\/gabrielpmk-com-br\/"}]}},"_links":{"self":[{"href":"https:\/\/www.adf.org.br\/home\/wp-json\/wp\/v2\/posts\/56599"}],"collection":[{"href":"https:\/\/www.adf.org.br\/home\/wp-json\/wp\/v2\/posts"}],"about":[{"href":"https:\/\/www.adf.org.br\/home\/wp-json\/wp\/v2\/types\/post"}],"author":[{"embeddable":true,"href":"https:\/\/www.adf.org.br\/home\/wp-json\/wp\/v2\/users\/31"}],"replies":[{"embeddable":true,"href":"https:\/\/www.adf.org.br\/home\/wp-json\/wp\/v2\/comments?post=56599"}],"version-history":[{"count":4,"href":"https:\/\/www.adf.org.br\/home\/wp-json\/wp\/v2\/posts\/56599\/revisions"}],"predecessor-version":[{"id":63111,"href":"https:\/\/www.adf.org.br\/home\/wp-json\/wp\/v2\/posts\/56599\/revisions\/63111"}],"wp:featuredmedia":[{"embeddable":true,"href":"https:\/\/www.adf.org.br\/home\/wp-json\/wp\/v2\/media\/63109"}],"wp:attachment":[{"href":"https:\/\/www.adf.org.br\/home\/wp-json\/wp\/v2\/media?parent=56599"}],"wp:term":[{"taxonomy":"category","embeddable":true,"href":"https:\/\/www.adf.org.br\/home\/wp-json\/wp\/v2\/categories?post=56599"},{"taxonomy":"post_tag","embeddable":true,"href":"https:\/\/www.adf.org.br\/home\/wp-json\/wp\/v2\/tags?post=56599"}],"curies":[{"name":"wp","href":"https:\/\/api.w.org\/{rel}","templated":true}]}}