{"id":56575,"date":"2020-12-23T07:00:07","date_gmt":"2020-12-23T10:00:07","guid":{"rendered":"http:\/\/www.adf.org.br\/home\/?p=56575"},"modified":"2020-12-17T11:54:43","modified_gmt":"2020-12-17T14:54:43","slug":"santo-natal-maria-santissima-e-sao-jose-chegam-a-belem-parte-i","status":"publish","type":"post","link":"https:\/\/www.adf.org.br\/home\/santo-natal-maria-santissima-e-sao-jose-chegam-a-belem-parte-i\/","title":{"rendered":"Santo Natal: Maria Sant\u00edssima e S\u00e3o Jos\u00e9 chegam a Bel\u00e9m &#8211; Parte I"},"content":{"rendered":"<p style=\"text-align: center;\"><a href=\"https:\/\/adf.org.br\/apostolosdefatima?origem=17191#ChanceUnica\" target=\"_blank\" rel=\"noopener noreferrer\"><img loading=\"lazy\" class=\"alignnone wp-image-56577 size-full\" src=\"https:\/\/www.adf.org.br\/home\/wp-content\/uploads\/2019\/12\/Mary_and_Joseph_seeking_refuge_in_Bethlehem_-_Simon_de_Vos-2.jpg\" alt=\"\" width=\"565\" height=\"395\" \/><\/a><\/p>\n<p><span style=\"color: #ffffff; font-family: verdana, geneva, sans-serif; font-size: 12pt;\">.<\/span><\/p>\n<h3><span style=\"color: #003366; font-family: verdana, geneva, sans-serif; font-size: 14pt;\"><b>Chegada a Bel\u00e9m. Maria Sant\u00edssima e S\u00e3o Jos\u00e9 n\u00e3o encontram pousada<\/b><\/span><\/h3>\n<p><span style=\"color: #ffffff; font-family: verdana, geneva, sans-serif; font-size: 12pt;\">.<\/span><\/p>\n<p><span style=\"font-weight: 400; color: #000000; font-family: verdana, geneva, sans-serif; font-size: 12pt;\"><span style=\"font-size: 18pt;\">M<\/span><strong>aria Sant\u00edssima e S\u00e3o Jos\u00e9 chegaram \u00e0 cidade de Bel\u00e9m<\/strong>, no quinto dia de viagem desde de Nazar\u00e9. Eram quatro horas da tarde, s\u00e1bado, num dia inverno, quando \u00e0quela hora j\u00e1 se p\u00f5e o sol e se aproxima a noite.<\/span><span style=\"color: #ffffff;\">.<\/span><\/p>\n<p><span style=\"font-weight: 400; color: #000000; font-family: verdana, geneva, sans-serif; font-size: 12pt;\">Entraram na cidade procurando pousada. Percorreram muitas ruas em busca n\u00e3o s\u00f3 de hot\u00e9is, mas tamb\u00e9m de casas de conhecidos e de parentes mais pr\u00f3ximos. Ningu\u00e9m os recebeu, e por muitos foram despedidos com grosseria e desprezo.<\/span><span style=\"color: #ffffff;\">.<\/span><\/p>\n<p style=\"padding-left: 80px;\"><span style=\"font-weight: 400; color: #003366; font-family: verdana, geneva, sans-serif; font-size: 12pt;\">Prosseguiram a honest\u00edssima Rainha e seu Esposo, batendo de casa em casa e de porta em porta, entre o tumulto da multid\u00e3o.<\/span><span style=\"color: #ffffff;\">.<\/span><\/p>\n<p><span style=\"font-weight: 400; color: #000000; font-family: verdana, geneva, sans-serif; font-size: 12pt;\">N\u00e3o ignorava a Senhora que os cora\u00e7\u00f5es e as casas dos homens estariam fechados para eles. N\u00e3o obstante, para obedecer a S\u00e3o Jos\u00e9, quis sofrer aquele vexame. Para seu recato, estado e idade, o sacrif\u00edcio daquela andan\u00e7a foi mais penoso do que n\u00e3o encontrar hospedagem.<\/span><span style=\"color: #ffffff;\">.<\/span><\/p>\n<p><span style=\"font-weight: 400; color: #000000; font-family: verdana, geneva, sans-serif; font-size: 12pt;\">Passando pela casa do registro p\u00fablico inscreveram-se, pagaram o imposto e a contribui\u00e7\u00e3o do tributo real, e assim ficaram livres desta preocupa\u00e7\u00e3o e de precisar voltar ao registro.<\/span><span style=\"color: #ffffff;\">.<\/span><\/p>\n<p style=\"padding-left: 80px;\"><span style=\"font-weight: 400; color: #003366; font-family: verdana, geneva, sans-serif; font-size: 12pt;\">Prosseguiram em busca de pouso. <strong>Havendo procurado em mais de cinquenta casas, em nenhuma foram acolhidos.<\/strong> Admiravam-se os esp\u00edritos ang\u00e9licos dos alt\u00edssimos mist\u00e9rios do Senhor, da paci\u00eancia e da mansid\u00e3o de sua virgem M\u00e3e, e da insens\u00edvel dureza dos homens.<\/span><span style=\"color: #ffffff;\">.<\/span><\/p>\n<p><span style=\"font-weight: 400; color: #000000; font-family: verdana, geneva, sans-serif; font-size: 12pt;\">Nesta admira\u00e7\u00e3o bendiziam ao Alt\u00edssimo em suas obras e ocultos des\u00edgnios que, desde aquele dia, exaltava a tanta gl\u00f3ria a humildade e pobreza desprezadas pelos mortais.<\/span><span style=\"color: #ffffff;\">.<\/span><\/p>\n<h3><span style=\"color: #003366; font-family: verdana, geneva, sans-serif; font-size: 14pt;\"><b>Dirigem-se para a Gruta<\/b><\/span><span style=\"color: #ffffff;\">.<\/span><\/h3>\n<p><span style=\"font-weight: 400; color: #000000; font-family: verdana, geneva, sans-serif; font-size: 12pt;\"><strong>Eram nove da noite<\/strong> <strong>quando<\/strong> <strong>o fidel\u00edssimo Jos\u00e9<\/strong>, cheio de amargura e \u00edntima dor, voltou-se para sua prudent\u00edssima esposa, e lhe disse:<\/span><span style=\"color: #ffffff;\">.<\/span><\/p>\n<blockquote><p><span style=\"color: #003366; font-family: verdana, geneva, sans-serif; font-size: 12pt;\"><i><span style=\"font-weight: 400;\">&#8220;Minha dulc\u00edssima Senhora, meu cora\u00e7\u00e3o desfalece de dor vendo que n\u00e3o vos posso acomodar n\u00e3o s\u00f3 como V\u00f3s mereceis e meu afeto deseja, mas nem com o abrigo e descanso que, raras vezes ou nunca se recusa ainda ao mais pobre e desprezado do mundo.\u00a0<\/span><\/i><\/span><\/p>\n<p><span style=\"color: #003366; font-family: verdana, geneva, sans-serif; font-size: 12pt;\"><i><span style=\"font-weight: 400;\">&#8220;<strong>Sem d\u00favida h\u00e1 mist\u00e9rio nesta permiss\u00e3o do C\u00e9u<\/strong>, que n\u00e3o se movam os cora\u00e7\u00f5es dos homens para nos receberem em suas casas.\u00a0<\/span><\/i><\/span><\/p>\n<p><span style=\"color: #003366; font-family: verdana, geneva, sans-serif; font-size: 12pt;\"><i><span style=\"font-weight: 400;\">Lembro-me, Senhora, que fora dos muros da cidade existe uma gruta que costuma servir de albergue aos pastores e seu gado. Vamos at\u00e9 l\u00e1, e se, por felicidade, estiver desocupada, tereis algum amparo do c\u00e9u quando nos falta o da terra.&#8221;<\/span><\/i><\/span><span style=\"color: #ffffff;\">.<\/span><\/p><\/blockquote>\n<p><span style=\"font-weight: 400; color: #000000; font-family: verdana, geneva, sans-serif; font-size: 12pt;\">Respondeu-lhe a <strong>prudent\u00edssima Virgem<\/strong>:<\/span><span style=\"color: #ffffff;\">.<\/span><\/p>\n<blockquote><p><span style=\"color: #003366; font-family: verdana, geneva, sans-serif; font-size: 12pt;\"><i><span style=\"font-weight: 400;\">&#8220;Meu esposo e Senhor, n\u00e3o se aflija vosso cora\u00e7\u00e3o por n\u00e3o se realizarem os ardentes desejos de vosso afeto pelo Senhor. J\u00e1 que o tenho em minhas entranhas, suplico-vos, por seu amor, que lhe agrade\u00e7amos suas disposi\u00e7\u00f5es. O lugar de que me falais ser\u00e1 muito de acordo com meu desejo.\u00a0<\/span><\/i><\/span><\/p>\n<p><span style=\"color: #003366; font-family: verdana, geneva, sans-serif; font-size: 12pt;\"><i><span style=\"font-weight: 400;\">&#8220;<strong>Mudem-se vossas l\u00e1grimas em alegria pelo amor e posse da pobreza, que \u00e9 o rico e inestim\u00e1vel tesouro de meu Filho sant\u00edssimo.\u00a0<\/strong><\/span><\/i><\/span><\/p>\n<p><span style=\"color: #003366; font-family: verdana, geneva, sans-serif; font-size: 12pt;\"><i><span style=\"font-weight: 400;\">Ele vem dos c\u00e9us procur\u00e1-lo, preparemo-lo com j\u00fabilo da alma, pois a minha n\u00e3o tem outro consolo, e o mesmo possa eu receber de v\u00f3s. <strong>Vamos contentes onde o Senhor nos conduz<\/strong>.&#8221;<\/span><\/i><\/span><span style=\"color: #ffffff;\">.<\/span><\/p><\/blockquote>\n<p><span style=\"font-weight: 400; color: #000000; font-family: verdana, geneva, sans-serif; font-size: 12pt;\">Os anjos encaminharam os divinos Esposos para l\u00e1, servindo-lhes de luminosas tochas, e chegando \u00e0 gruta encontraram-na desocupada.<\/span><span style=\"color: #ffffff;\">.<\/span><\/p>\n<p><span style=\"font-weight: 400; color: #000000; font-family: verdana, geneva, sans-serif; font-size: 12pt;\">Cheios de celestial consolo, louvaram ao Senhor por este benef\u00edcio.<\/span><span style=\"color: #ffffff;\">.<\/span><\/p>\n<p style=\"text-align: right;\"><span style=\"color: #000000; font-family: verdana, geneva, sans-serif; font-size: 10pt;\"><b>Fonte: <\/b><i><span style=\"font-weight: 400;\">\u201cM\u00edstica Cidade de Deus\u201d<\/span><\/i><span style=\"font-weight: 400;\">, Soror Maria de \u00c1greda, Tomo II \u2013 Mosteiro Portaceli \u2013 Ano 2001<\/span><\/span><\/p>\n<p><span style=\"color: #ffffff; font-family: verdana, geneva, sans-serif; font-size: 12pt;\">.<\/span><\/p>\n<hr \/>\n<p style=\"text-align: center;\"><a href=\"http:\/\/www.adf.org.br\/velanatalina?origem=17191\" target=\"_blank\" rel=\"noopener noreferrer\"><img loading=\"lazy\" class=\"alignnone wp-image-56576\" src=\"https:\/\/www.adf.org.br\/home\/wp-content\/uploads\/2019\/12\/ADF-Vela-de-Natal-1.gif\" alt=\"\" width=\"453\" height=\"264\" \/><\/a><\/p>\n<p><span style=\"color: #ffffff;\">.<\/span><\/p>\n","protected":false},"excerpt":{"rendered":"<p>. Chegada a Bel\u00e9m. Maria Sant\u00edssima e S\u00e3o Jos\u00e9 n\u00e3o encontram pousada . Maria Sant\u00edssima e S\u00e3o Jos\u00e9 chegaram \u00e0 cidade de Bel\u00e9m, no quinto dia de viagem desde de Nazar\u00e9. Eram quatro horas da tarde, s\u00e1bado, num dia inverno, quando \u00e0quela hora j\u00e1 se p\u00f5e o sol e se aproxima a noite.. Entraram na [&hellip;]<\/p>\n","protected":false},"author":31,"featured_media":63098,"comment_status":"open","ping_status":"open","sticky":false,"template":"","format":"standard","meta":[],"categories":[20,3069,2332],"tags":[2242,3473,357,139,39,38,98,3126,470],"yoast_head":"<!-- This site is optimized with the Yoast SEO plugin v17.4 - https:\/\/yoast.com\/wordpress\/plugins\/seo\/ -->\n<title>Santo Natal: Maria Sant\u00edssima e S\u00e3o Jos\u00e9 chegam a Bel\u00e9m - Parte I<\/title>\n<meta name=\"description\" content=\"Maria Sant\u00edssima e S\u00e3o Jos\u00e9 chegam a Bel\u00e9m - Parte I. Leia e depois acenda a Vela Natalina e aproveite para registrar todos os seus pedidos.\" \/>\n<meta name=\"robots\" content=\"index, follow, max-snippet:-1, max-image-preview:large, max-video-preview:-1\" \/>\n<link rel=\"canonical\" href=\"https:\/\/www.adf.org.br\/home\/santo-natal-maria-santissima-e-sao-jose-chegam-a-belem-parte-i\/\" \/>\n<meta property=\"og:locale\" content=\"pt_BR\" \/>\n<meta property=\"og:type\" content=\"article\" \/>\n<meta property=\"og:title\" content=\"Santo Natal: Maria Sant\u00edssima e S\u00e3o Jos\u00e9 chegam a Bel\u00e9m - Parte I\" \/>\n<meta property=\"og:description\" content=\"Maria Sant\u00edssima e S\u00e3o Jos\u00e9 chegam a Bel\u00e9m - Parte I. Leia e depois acenda a Vela Natalina e aproveite para registrar todos os seus pedidos.\" \/>\n<meta property=\"og:url\" content=\"https:\/\/www.adf.org.br\/home\/santo-natal-maria-santissima-e-sao-jose-chegam-a-belem-parte-i\/\" \/>\n<meta property=\"og:site_name\" content=\"Associa\u00e7\u00e3o Devotos de F\u00e1tima\" \/>\n<meta property=\"article:published_time\" content=\"2020-12-23T10:00:07+00:00\" \/>\n<meta property=\"article:modified_time\" content=\"2020-12-17T14:54:43+00:00\" \/>\n<meta property=\"og:image\" content=\"https:\/\/www.adf.org.br\/home\/wp-content\/uploads\/2020\/12\/capa-post-23.12-adf.jpg\" \/>\n\t<meta property=\"og:image:width\" content=\"565\" \/>\n\t<meta property=\"og:image:height\" content=\"395\" \/>\n<meta name=\"twitter:card\" content=\"summary_large_image\" \/>\n<meta name=\"twitter:label1\" content=\"Escrito por\" \/>\n\t<meta name=\"twitter:data1\" content=\"Gabriel Barbosa\" \/>\n\t<meta name=\"twitter:label2\" content=\"Est. tempo de leitura\" \/>\n\t<meta name=\"twitter:data2\" content=\"3 minutos\" \/>\n<script type=\"application\/ld+json\" class=\"yoast-schema-graph\">{\"@context\":\"https:\/\/schema.org\",\"@graph\":[{\"@type\":\"WebSite\",\"@id\":\"https:\/\/www.adf.org.br\/home\/#website\",\"url\":\"https:\/\/www.adf.org.br\/home\/\",\"name\":\"Associa\\u00e7\\u00e3o Devotos de F\\u00e1tima\",\"description\":\"Associa\\u00e7\\u00e3o Devotos de F\\u00e1tima\",\"potentialAction\":[{\"@type\":\"SearchAction\",\"target\":{\"@type\":\"EntryPoint\",\"urlTemplate\":\"https:\/\/www.adf.org.br\/home\/?s={search_term_string}\"},\"query-input\":\"required name=search_term_string\"}],\"inLanguage\":\"pt-BR\"},{\"@type\":\"ImageObject\",\"@id\":\"https:\/\/www.adf.org.br\/home\/santo-natal-maria-santissima-e-sao-jose-chegam-a-belem-parte-i\/#primaryimage\",\"inLanguage\":\"pt-BR\",\"url\":\"https:\/\/www.adf.org.br\/home\/wp-content\/uploads\/2020\/12\/capa-post-23.12-adf.jpg\",\"contentUrl\":\"https:\/\/www.adf.org.br\/home\/wp-content\/uploads\/2020\/12\/capa-post-23.12-adf.jpg\",\"width\":565,\"height\":395},{\"@type\":\"WebPage\",\"@id\":\"https:\/\/www.adf.org.br\/home\/santo-natal-maria-santissima-e-sao-jose-chegam-a-belem-parte-i\/#webpage\",\"url\":\"https:\/\/www.adf.org.br\/home\/santo-natal-maria-santissima-e-sao-jose-chegam-a-belem-parte-i\/\",\"name\":\"Santo Natal: Maria Sant\\u00edssima e S\\u00e3o Jos\\u00e9 chegam a Bel\\u00e9m - Parte I\",\"isPartOf\":{\"@id\":\"https:\/\/www.adf.org.br\/home\/#website\"},\"primaryImageOfPage\":{\"@id\":\"https:\/\/www.adf.org.br\/home\/santo-natal-maria-santissima-e-sao-jose-chegam-a-belem-parte-i\/#primaryimage\"},\"datePublished\":\"2020-12-23T10:00:07+00:00\",\"dateModified\":\"2020-12-17T14:54:43+00:00\",\"author\":{\"@id\":\"https:\/\/www.adf.org.br\/home\/#\/schema\/person\/f35a5c5aa7728a3dedf4ea9aa1fc2753\"},\"description\":\"Maria Sant\\u00edssima e S\\u00e3o Jos\\u00e9 chegam a Bel\\u00e9m - Parte I. Leia e depois acenda a Vela Natalina e aproveite para registrar todos os seus pedidos.\",\"breadcrumb\":{\"@id\":\"https:\/\/www.adf.org.br\/home\/santo-natal-maria-santissima-e-sao-jose-chegam-a-belem-parte-i\/#breadcrumb\"},\"inLanguage\":\"pt-BR\",\"potentialAction\":[{\"@type\":\"ReadAction\",\"target\":[\"https:\/\/www.adf.org.br\/home\/santo-natal-maria-santissima-e-sao-jose-chegam-a-belem-parte-i\/\"]}]},{\"@type\":\"BreadcrumbList\",\"@id\":\"https:\/\/www.adf.org.br\/home\/santo-natal-maria-santissima-e-sao-jose-chegam-a-belem-parte-i\/#breadcrumb\",\"itemListElement\":[{\"@type\":\"ListItem\",\"position\":1,\"name\":\"Home\",\"item\":\"https:\/\/www.adf.org.br\/home\/\"},{\"@type\":\"ListItem\",\"position\":2,\"name\":\"Santo Natal: Maria Sant\\u00edssima e S\\u00e3o Jos\\u00e9 chegam a Bel\\u00e9m &#8211; Parte I\"}]},{\"@type\":\"Person\",\"@id\":\"https:\/\/www.adf.org.br\/home\/#\/schema\/person\/f35a5c5aa7728a3dedf4ea9aa1fc2753\",\"name\":\"Gabriel Barbosa\",\"image\":{\"@type\":\"ImageObject\",\"@id\":\"https:\/\/www.adf.org.br\/home\/#personlogo\",\"inLanguage\":\"pt-BR\",\"url\":\"https:\/\/secure.gravatar.com\/avatar\/2b2cb2f4637682c5605e8d36818f51ef?s=96&d=mm&r=g\",\"contentUrl\":\"https:\/\/secure.gravatar.com\/avatar\/2b2cb2f4637682c5605e8d36818f51ef?s=96&d=mm&r=g\",\"caption\":\"Gabriel Barbosa\"},\"url\":\"https:\/\/www.adf.org.br\/home\/author\/gabrielpmk-com-br\/\"}]}<\/script>\n<!-- \/ Yoast SEO plugin. -->","yoast_head_json":{"title":"Santo Natal: Maria Sant\u00edssima e S\u00e3o Jos\u00e9 chegam a Bel\u00e9m - Parte I","description":"Maria Sant\u00edssima e S\u00e3o Jos\u00e9 chegam a Bel\u00e9m - Parte I. Leia e depois acenda a Vela Natalina e aproveite para registrar todos os seus pedidos.","robots":{"index":"index","follow":"follow","max-snippet":"max-snippet:-1","max-image-preview":"max-image-preview:large","max-video-preview":"max-video-preview:-1"},"canonical":"https:\/\/www.adf.org.br\/home\/santo-natal-maria-santissima-e-sao-jose-chegam-a-belem-parte-i\/","og_locale":"pt_BR","og_type":"article","og_title":"Santo Natal: Maria Sant\u00edssima e S\u00e3o Jos\u00e9 chegam a Bel\u00e9m - Parte I","og_description":"Maria Sant\u00edssima e S\u00e3o Jos\u00e9 chegam a Bel\u00e9m - Parte I. Leia e depois acenda a Vela Natalina e aproveite para registrar todos os seus pedidos.","og_url":"https:\/\/www.adf.org.br\/home\/santo-natal-maria-santissima-e-sao-jose-chegam-a-belem-parte-i\/","og_site_name":"Associa\u00e7\u00e3o Devotos de F\u00e1tima","article_published_time":"2020-12-23T10:00:07+00:00","article_modified_time":"2020-12-17T14:54:43+00:00","og_image":[{"width":565,"height":395,"url":"https:\/\/www.adf.org.br\/home\/wp-content\/uploads\/2020\/12\/capa-post-23.12-adf.jpg","type":"image\/jpeg"}],"twitter_card":"summary_large_image","twitter_misc":{"Escrito por":"Gabriel Barbosa","Est. tempo de leitura":"3 minutos"},"schema":{"@context":"https:\/\/schema.org","@graph":[{"@type":"WebSite","@id":"https:\/\/www.adf.org.br\/home\/#website","url":"https:\/\/www.adf.org.br\/home\/","name":"Associa\u00e7\u00e3o Devotos de F\u00e1tima","description":"Associa\u00e7\u00e3o Devotos de F\u00e1tima","potentialAction":[{"@type":"SearchAction","target":{"@type":"EntryPoint","urlTemplate":"https:\/\/www.adf.org.br\/home\/?s={search_term_string}"},"query-input":"required name=search_term_string"}],"inLanguage":"pt-BR"},{"@type":"ImageObject","@id":"https:\/\/www.adf.org.br\/home\/santo-natal-maria-santissima-e-sao-jose-chegam-a-belem-parte-i\/#primaryimage","inLanguage":"pt-BR","url":"https:\/\/www.adf.org.br\/home\/wp-content\/uploads\/2020\/12\/capa-post-23.12-adf.jpg","contentUrl":"https:\/\/www.adf.org.br\/home\/wp-content\/uploads\/2020\/12\/capa-post-23.12-adf.jpg","width":565,"height":395},{"@type":"WebPage","@id":"https:\/\/www.adf.org.br\/home\/santo-natal-maria-santissima-e-sao-jose-chegam-a-belem-parte-i\/#webpage","url":"https:\/\/www.adf.org.br\/home\/santo-natal-maria-santissima-e-sao-jose-chegam-a-belem-parte-i\/","name":"Santo Natal: Maria Sant\u00edssima e S\u00e3o Jos\u00e9 chegam a Bel\u00e9m - Parte I","isPartOf":{"@id":"https:\/\/www.adf.org.br\/home\/#website"},"primaryImageOfPage":{"@id":"https:\/\/www.adf.org.br\/home\/santo-natal-maria-santissima-e-sao-jose-chegam-a-belem-parte-i\/#primaryimage"},"datePublished":"2020-12-23T10:00:07+00:00","dateModified":"2020-12-17T14:54:43+00:00","author":{"@id":"https:\/\/www.adf.org.br\/home\/#\/schema\/person\/f35a5c5aa7728a3dedf4ea9aa1fc2753"},"description":"Maria Sant\u00edssima e S\u00e3o Jos\u00e9 chegam a Bel\u00e9m - Parte I. Leia e depois acenda a Vela Natalina e aproveite para registrar todos os seus pedidos.","breadcrumb":{"@id":"https:\/\/www.adf.org.br\/home\/santo-natal-maria-santissima-e-sao-jose-chegam-a-belem-parte-i\/#breadcrumb"},"inLanguage":"pt-BR","potentialAction":[{"@type":"ReadAction","target":["https:\/\/www.adf.org.br\/home\/santo-natal-maria-santissima-e-sao-jose-chegam-a-belem-parte-i\/"]}]},{"@type":"BreadcrumbList","@id":"https:\/\/www.adf.org.br\/home\/santo-natal-maria-santissima-e-sao-jose-chegam-a-belem-parte-i\/#breadcrumb","itemListElement":[{"@type":"ListItem","position":1,"name":"Home","item":"https:\/\/www.adf.org.br\/home\/"},{"@type":"ListItem","position":2,"name":"Santo Natal: Maria Sant\u00edssima e S\u00e3o Jos\u00e9 chegam a Bel\u00e9m &#8211; Parte I"}]},{"@type":"Person","@id":"https:\/\/www.adf.org.br\/home\/#\/schema\/person\/f35a5c5aa7728a3dedf4ea9aa1fc2753","name":"Gabriel Barbosa","image":{"@type":"ImageObject","@id":"https:\/\/www.adf.org.br\/home\/#personlogo","inLanguage":"pt-BR","url":"https:\/\/secure.gravatar.com\/avatar\/2b2cb2f4637682c5605e8d36818f51ef?s=96&d=mm&r=g","contentUrl":"https:\/\/secure.gravatar.com\/avatar\/2b2cb2f4637682c5605e8d36818f51ef?s=96&d=mm&r=g","caption":"Gabriel Barbosa"},"url":"https:\/\/www.adf.org.br\/home\/author\/gabrielpmk-com-br\/"}]}},"_links":{"self":[{"href":"https:\/\/www.adf.org.br\/home\/wp-json\/wp\/v2\/posts\/56575"}],"collection":[{"href":"https:\/\/www.adf.org.br\/home\/wp-json\/wp\/v2\/posts"}],"about":[{"href":"https:\/\/www.adf.org.br\/home\/wp-json\/wp\/v2\/types\/post"}],"author":[{"embeddable":true,"href":"https:\/\/www.adf.org.br\/home\/wp-json\/wp\/v2\/users\/31"}],"replies":[{"embeddable":true,"href":"https:\/\/www.adf.org.br\/home\/wp-json\/wp\/v2\/comments?post=56575"}],"version-history":[{"count":6,"href":"https:\/\/www.adf.org.br\/home\/wp-json\/wp\/v2\/posts\/56575\/revisions"}],"predecessor-version":[{"id":63097,"href":"https:\/\/www.adf.org.br\/home\/wp-json\/wp\/v2\/posts\/56575\/revisions\/63097"}],"wp:featuredmedia":[{"embeddable":true,"href":"https:\/\/www.adf.org.br\/home\/wp-json\/wp\/v2\/media\/63098"}],"wp:attachment":[{"href":"https:\/\/www.adf.org.br\/home\/wp-json\/wp\/v2\/media?parent=56575"}],"wp:term":[{"taxonomy":"category","embeddable":true,"href":"https:\/\/www.adf.org.br\/home\/wp-json\/wp\/v2\/categories?post=56575"},{"taxonomy":"post_tag","embeddable":true,"href":"https:\/\/www.adf.org.br\/home\/wp-json\/wp\/v2\/tags?post=56575"}],"curies":[{"name":"wp","href":"https:\/\/api.w.org\/{rel}","templated":true}]}}