{"id":56448,"date":"2020-07-21T08:00:56","date_gmt":"2020-07-21T11:00:56","guid":{"rendered":"http:\/\/www.adf.org.br\/home\/?p=56448"},"modified":"2020-07-20T11:12:17","modified_gmt":"2020-07-20T14:12:17","slug":"a-oracao-mais-cheia-de-esperanca-que-se-conhece-na-santa-igreja","status":"publish","type":"post","link":"https:\/\/www.adf.org.br\/home\/a-oracao-mais-cheia-de-esperanca-que-se-conhece-na-santa-igreja\/","title":{"rendered":"A Virgem Maria nunca ir\u00e1 lhe desamparar. Reze esta Ora\u00e7\u00e3o!"},"content":{"rendered":"<p>&nbsp;<\/p>\n<p><a href=\"https:\/\/adf.org.br\/apostolosdefatima\/2\/?origem=15262\" target=\"_blank\" rel=\"noopener noreferrer\"><img loading=\"lazy\" class=\"aligncenter wp-image-58655 size-full\" src=\"https:\/\/www.adf.org.br\/home\/wp-content\/uploads\/2020\/05\/Novena-de-Nossa-Senhora-de-F%C3%A1tima-1.png\" alt=\"Nossa Senhora de F\u00e1tima no texto Novena a Nossa Senhora de F\u00e1tima \u2013 6\u00ba Dia\" width=\"600\" height=\"431\" \/><\/a><\/p>\n<blockquote>\n<h3 style=\"text-align: center;\"><span style=\"font-family: verdana, geneva, sans-serif; color: #003366; font-size: 12pt;\"><b>Lembrai-vos (<\/b><b><i>Memorare<\/i><\/b><b><span style=\"font-size: 12pt;\">)<\/span><br \/>\n<\/b><\/span><strong><em><span style=\"font-family: verdana, geneva, sans-serif; color: #000000; font-size: 12pt;\">Por S\u00e3o Bernardo<\/span><\/em><\/strong><\/h3>\n<p><span style=\"color: #ffcc99;\">.<\/span><\/p>\n<p><em><span style=\"font-weight: 400; font-family: verdana, geneva, sans-serif; color: #000000; font-size: 12pt;\"><span style=\"color: #003366;\">Lembrai-vos, \u00f3 pur\u00edssima Virgem Maria,<\/span><br \/>\n<\/span><span style=\"font-weight: 400; font-family: verdana, geneva, sans-serif; color: #000000; font-size: 12pt;\">de que nunca se ouviu dizer<br \/>\n<\/span><span style=\"font-weight: 400; font-family: verdana, geneva, sans-serif; color: #000000; font-size: 12pt;\">que algum dos que recorreram \u00e0 vossa prote\u00e7\u00e3o,<br \/>\n<\/span><span style=\"font-weight: 400; font-family: verdana, geneva, sans-serif; color: #000000; font-size: 12pt;\">imploraram a vossa assist\u00eancia<br \/>\n<\/span><span style=\"font-weight: 400; font-family: verdana, geneva, sans-serif; color: #000000; font-size: 12pt;\">e clamaram por vosso socorro<br \/>\n<\/span><span style=\"font-weight: 400; font-family: verdana, geneva, sans-serif; color: #000000; font-size: 12pt;\">tenha sido por V\u00f3s desamparado.<\/span><\/em><\/p>\n<p><span style=\"color: #ffcc99;\">.<\/span><\/p>\n<p><em><span style=\"font-weight: 400; font-family: verdana, geneva, sans-serif; color: #000000; font-size: 12pt;\"><span style=\"color: #003366;\">Animado eu, pois, com igual confian\u00e7a,<\/span><br \/>\n<\/span><span style=\"font-weight: 400; font-family: verdana, geneva, sans-serif; color: #000000; font-size: 12pt;\">a V\u00f3s, \u00f3 Virgem entre todas singular,<br \/>\n<\/span><span style=\"font-weight: 400; font-family: verdana, geneva, sans-serif; color: #000000; font-size: 12pt;\">como \u00e0 M\u00e3e recorro, de V\u00f3s me valho e,<br \/>\n<\/span><span style=\"font-weight: 400; font-family: verdana, geneva, sans-serif; color: #000000; font-size: 12pt;\">gemendo sob o peso dos meus pecados,<br \/>\n<\/span><span style=\"font-weight: 400; font-family: verdana, geneva, sans-serif; color: #000000; font-size: 12pt;\">me prostro aos vossos p\u00e9s.<\/span><\/em><\/p>\n<p><span style=\"color: #ffcc99;\">.<\/span><\/p>\n<p><em><span style=\"font-weight: 400; font-family: verdana, geneva, sans-serif; color: #000000; font-size: 12pt;\"><span style=\"color: #003366;\">N\u00e3o rejeiteis as minhas s\u00faplicas,<\/span><br \/>\n<\/span><span style=\"font-weight: 400; font-family: verdana, geneva, sans-serif; color: #000000; font-size: 12pt;\">\u00f3 M\u00e3e do Verbo de Deus humanado,<br \/>\n<\/span><span style=\"font-weight: 400; font-family: verdana, geneva, sans-serif; color: #000000; font-size: 12pt;\">mas dignai-Vos de as ouvir prop\u00edcia,<br \/>\n<\/span><span style=\"font-weight: 400; font-family: verdana, geneva, sans-serif; color: #000000; font-size: 12pt;\">e de me alcan\u00e7ar o que vos rogo.<\/span><\/em><\/p>\n<p><em><strong><span style=\"font-family: verdana, geneva, sans-serif; color: #000000; font-size: 12pt;\">Am\u00e9m.<\/span><\/strong><\/em><span style=\"color: #ffffff;\">.<\/span><\/p><\/blockquote>\n<hr \/>\n<p><span style=\"color: #ffffff;\">.<\/span><\/p>\n<div class=\"elementor-element elementor-element-391b865 elementor-widget elementor-widget-theme-post-content\" data-id=\"391b865\" data-element_type=\"widget\" data-widget_type=\"theme-post-content.default\">\n<p style=\"text-align: center;\"><span style=\"color: #800080;\"><b>A Virgem Sant\u00edssima NUNCA DESAMPARA SEUS FILHOS!<\/b><\/span><\/p>\n<p><span style=\"color: #000000;\">Confiar no <strong>AMOR<\/strong> e na <strong>PROTE\u00c7\u00c3O<\/strong> de <span style=\"color: #0000ff;\"><a style=\"color: #0000ff;\" href=\"https:\/\/adf.org.br\/apostolosdefatima\/2\/?origem=15262\" target=\"_blank\" rel=\"noopener noreferrer\"><strong>NOSSA SENHORA DE F\u00c1TIMA<\/strong><\/a><\/span>, \u00e9 dar um passo que pode mudar sua vida.<\/span><\/p>\n<p style=\"text-align: center;\"><span style=\"color: #000080;\"><b>E voc\u00ea tem a oportunidade de fazer isso agora mesmo.<\/b><\/span><\/p>\n<p style=\"text-align: center;\"><span style=\"color: #000000;\">Sabe como?<\/span><\/p>\n<h6><a href=\"tel:08006082128\"><img loading=\"lazy\" class=\"aligncenter wp-image-58816\" src=\"https:\/\/www.adf.org.br\/home\/wp-content\/uploads\/2020\/05\/image.png\" alt=\"Estampa de Nossa Senhora de F\u00e1tima\" width=\"212\" height=\"335\" \/><\/a><\/h6>\n<p><span style=\"color: #000000;\">Basta voc\u00ea pedir a\u00a0<span style=\"color: #800080;\"><strong>Estampa de Nossa Senhora<\/strong><\/span>, para Emoldurar e colocar na sua casa!<\/span><\/p>\n<p><span style=\"color: #000000;\">Assim a Sant\u00edssima Virgem poder\u00e1 olhar por voc\u00ea e pela sua fam\u00edlia diariamente.\u00a0<\/span><\/p>\n<p style=\"text-align: center;\"><span style=\"color: #000000;\"><strong>E para isso, ligue gratuitamente,\u00a0 para o n\u00famero:<\/strong><\/span><\/p>\n<h1 style=\"text-align: center;\"><strong><a href=\"tel:08006082128\" target=\"_blank\" rel=\"noopener noreferrer\"><span style=\"color: #0000ff;\">0800 608 2128<\/span><\/a><br \/>\n<\/strong><i><\/i><\/h1>\n<h6 style=\"text-align: center;\"><span style=\"color: #000000;\"><i><strong>Dica:<\/strong>\u00a0Se estiver no celular, somente tecle no n\u00famero para discar automaticamente.<\/i><\/span><\/h6>\n<p>&nbsp;<\/p>\n<p><span style=\"color: #000000;\"><strong><span style=\"color: #000000;\">A<\/span> <a href=\"https:\/\/adf.org.br\/apostolosdefatima\/2\/?origem=15262\" target=\"_blank\" rel=\"noopener noreferrer\"><span style=\"color: #0000ff;\">Virgem de F\u00e1tima<\/span><\/a> <span style=\"color: #000000;\">poder\u00e1 derramar sobre voc\u00ea in\u00fameras gra\u00e7as!\u00a0<\/span><\/strong><\/span><\/p>\n<p><span style=\"color: #000000;\">Ent\u00e3o n\u00e3o perca mais tempo, ligue agora mesmo e pe\u00e7a a Estampa, que j\u00e1 est\u00e1 benta por um sacerdote.<\/span><\/p>\n<p><span style=\"color: #000000;\"><strong>Nossa Senhora est\u00e1 lhe aguarda de bra\u00e7os abertos, Ela vai cuidar de voc\u00ea!<\/strong><\/span><\/p>\n<p>&nbsp;<\/p>\n<p style=\"text-align: center;\"><span style=\"color: #000080;\"><strong><i>\u201cQue a Virgem Sant\u00edssima lhe proteja.\u201d<\/i><\/strong><\/span><span style=\"color: #ffffff;\">.<\/span><\/p>\n<\/div>\n","protected":false},"excerpt":{"rendered":"<p>&nbsp; Lembrai-vos (Memorare) Por S\u00e3o Bernardo . Lembrai-vos, \u00f3 pur\u00edssima Virgem Maria, de que nunca se ouviu dizer que algum dos que recorreram \u00e0 vossa prote\u00e7\u00e3o, imploraram a vossa assist\u00eancia e clamaram por vosso socorro tenha sido por V\u00f3s desamparado. . Animado eu, pois, com igual confian\u00e7a, a V\u00f3s, \u00f3 Virgem entre todas singular, como [&hellip;]<\/p>\n","protected":false},"author":31,"featured_media":60566,"comment_status":"open","ping_status":"open","sticky":false,"template":"","format":"standard","meta":[],"categories":[20,2311,50,2585,14,2332],"tags":[2569,2570,3356,38,2571,4299,470],"yoast_head":"<!-- This site is optimized with the Yoast SEO plugin v17.4 - https:\/\/yoast.com\/wordpress\/plugins\/seo\/ -->\n<title>A Virgem Maria nunca ir\u00e1 lhe desamparar. Reze esta Ora\u00e7\u00e3o!<\/title>\n<meta name=\"description\" content=\"A Virgem Sant\u00edssima NUNCA DESAMPARA SEUS FILHOS!Confiar no AMOR e na PROTE\u00c7\u00c3O de NOSSA SENHORA DE F\u00c1TIMA, \u00e9 dar um passo que pode mudar sua vida.\" \/>\n<meta name=\"robots\" content=\"index, follow, max-snippet:-1, max-image-preview:large, max-video-preview:-1\" \/>\n<link rel=\"canonical\" href=\"https:\/\/www.adf.org.br\/home\/a-oracao-mais-cheia-de-esperanca-que-se-conhece-na-santa-igreja\/\" \/>\n<meta property=\"og:locale\" content=\"pt_BR\" \/>\n<meta property=\"og:type\" content=\"article\" \/>\n<meta property=\"og:title\" content=\"A Virgem Maria nunca ir\u00e1 lhe desamparar. Reze esta Ora\u00e7\u00e3o!\" \/>\n<meta property=\"og:description\" content=\"A Virgem Sant\u00edssima NUNCA DESAMPARA SEUS FILHOS!Confiar no AMOR e na PROTE\u00c7\u00c3O de NOSSA SENHORA DE F\u00c1TIMA, \u00e9 dar um passo que pode mudar sua vida.\" \/>\n<meta property=\"og:url\" content=\"https:\/\/www.adf.org.br\/home\/a-oracao-mais-cheia-de-esperanca-que-se-conhece-na-santa-igreja\/\" \/>\n<meta property=\"og:site_name\" content=\"Associa\u00e7\u00e3o Devotos de F\u00e1tima\" \/>\n<meta property=\"article:published_time\" content=\"2020-07-21T11:00:56+00:00\" \/>\n<meta property=\"article:modified_time\" content=\"2020-07-20T14:12:17+00:00\" \/>\n<meta property=\"og:image\" content=\"https:\/\/www.adf.org.br\/home\/wp-content\/uploads\/2020\/07\/nossa-senhora-nova.png\" \/>\n\t<meta property=\"og:image:width\" content=\"600\" \/>\n\t<meta property=\"og:image:height\" content=\"431\" \/>\n<meta name=\"twitter:card\" content=\"summary_large_image\" \/>\n<meta name=\"twitter:label1\" content=\"Escrito por\" \/>\n\t<meta name=\"twitter:data1\" content=\"Gabriel Barbosa\" \/>\n\t<meta name=\"twitter:label2\" content=\"Est. tempo de leitura\" \/>\n\t<meta name=\"twitter:data2\" content=\"1 minuto\" \/>\n<script type=\"application\/ld+json\" class=\"yoast-schema-graph\">{\"@context\":\"https:\/\/schema.org\",\"@graph\":[{\"@type\":\"WebSite\",\"@id\":\"https:\/\/www.adf.org.br\/home\/#website\",\"url\":\"https:\/\/www.adf.org.br\/home\/\",\"name\":\"Associa\\u00e7\\u00e3o Devotos de F\\u00e1tima\",\"description\":\"Associa\\u00e7\\u00e3o Devotos de F\\u00e1tima\",\"potentialAction\":[{\"@type\":\"SearchAction\",\"target\":{\"@type\":\"EntryPoint\",\"urlTemplate\":\"https:\/\/www.adf.org.br\/home\/?s={search_term_string}\"},\"query-input\":\"required name=search_term_string\"}],\"inLanguage\":\"pt-BR\"},{\"@type\":\"ImageObject\",\"@id\":\"https:\/\/www.adf.org.br\/home\/a-oracao-mais-cheia-de-esperanca-que-se-conhece-na-santa-igreja\/#primaryimage\",\"inLanguage\":\"pt-BR\",\"url\":\"https:\/\/www.adf.org.br\/home\/wp-content\/uploads\/2020\/07\/nossa-senhora-nova.png\",\"contentUrl\":\"https:\/\/www.adf.org.br\/home\/wp-content\/uploads\/2020\/07\/nossa-senhora-nova.png\",\"width\":600,\"height\":431},{\"@type\":\"WebPage\",\"@id\":\"https:\/\/www.adf.org.br\/home\/a-oracao-mais-cheia-de-esperanca-que-se-conhece-na-santa-igreja\/#webpage\",\"url\":\"https:\/\/www.adf.org.br\/home\/a-oracao-mais-cheia-de-esperanca-que-se-conhece-na-santa-igreja\/\",\"name\":\"A Virgem Maria nunca ir\\u00e1 lhe desamparar. Reze esta Ora\\u00e7\\u00e3o!\",\"isPartOf\":{\"@id\":\"https:\/\/www.adf.org.br\/home\/#website\"},\"primaryImageOfPage\":{\"@id\":\"https:\/\/www.adf.org.br\/home\/a-oracao-mais-cheia-de-esperanca-que-se-conhece-na-santa-igreja\/#primaryimage\"},\"datePublished\":\"2020-07-21T11:00:56+00:00\",\"dateModified\":\"2020-07-20T14:12:17+00:00\",\"author\":{\"@id\":\"https:\/\/www.adf.org.br\/home\/#\/schema\/person\/f35a5c5aa7728a3dedf4ea9aa1fc2753\"},\"description\":\"A Virgem Sant\\u00edssima NUNCA DESAMPARA SEUS FILHOS!Confiar no AMOR e na PROTE\\u00c7\\u00c3O de NOSSA SENHORA DE F\\u00c1TIMA, \\u00e9 dar um passo que pode mudar sua vida.\",\"breadcrumb\":{\"@id\":\"https:\/\/www.adf.org.br\/home\/a-oracao-mais-cheia-de-esperanca-que-se-conhece-na-santa-igreja\/#breadcrumb\"},\"inLanguage\":\"pt-BR\",\"potentialAction\":[{\"@type\":\"ReadAction\",\"target\":[\"https:\/\/www.adf.org.br\/home\/a-oracao-mais-cheia-de-esperanca-que-se-conhece-na-santa-igreja\/\"]}]},{\"@type\":\"BreadcrumbList\",\"@id\":\"https:\/\/www.adf.org.br\/home\/a-oracao-mais-cheia-de-esperanca-que-se-conhece-na-santa-igreja\/#breadcrumb\",\"itemListElement\":[{\"@type\":\"ListItem\",\"position\":1,\"name\":\"Home\",\"item\":\"https:\/\/www.adf.org.br\/home\/\"},{\"@type\":\"ListItem\",\"position\":2,\"name\":\"A Virgem Maria nunca ir\\u00e1 lhe desamparar. Reze esta Ora\\u00e7\\u00e3o!\"}]},{\"@type\":\"Person\",\"@id\":\"https:\/\/www.adf.org.br\/home\/#\/schema\/person\/f35a5c5aa7728a3dedf4ea9aa1fc2753\",\"name\":\"Gabriel Barbosa\",\"image\":{\"@type\":\"ImageObject\",\"@id\":\"https:\/\/www.adf.org.br\/home\/#personlogo\",\"inLanguage\":\"pt-BR\",\"url\":\"https:\/\/secure.gravatar.com\/avatar\/2b2cb2f4637682c5605e8d36818f51ef?s=96&d=mm&r=g\",\"contentUrl\":\"https:\/\/secure.gravatar.com\/avatar\/2b2cb2f4637682c5605e8d36818f51ef?s=96&d=mm&r=g\",\"caption\":\"Gabriel Barbosa\"},\"url\":\"https:\/\/www.adf.org.br\/home\/author\/gabrielpmk-com-br\/\"}]}<\/script>\n<!-- \/ Yoast SEO plugin. -->","yoast_head_json":{"title":"A Virgem Maria nunca ir\u00e1 lhe desamparar. Reze esta Ora\u00e7\u00e3o!","description":"A Virgem Sant\u00edssima NUNCA DESAMPARA SEUS FILHOS!Confiar no AMOR e na PROTE\u00c7\u00c3O de NOSSA SENHORA DE F\u00c1TIMA, \u00e9 dar um passo que pode mudar sua vida.","robots":{"index":"index","follow":"follow","max-snippet":"max-snippet:-1","max-image-preview":"max-image-preview:large","max-video-preview":"max-video-preview:-1"},"canonical":"https:\/\/www.adf.org.br\/home\/a-oracao-mais-cheia-de-esperanca-que-se-conhece-na-santa-igreja\/","og_locale":"pt_BR","og_type":"article","og_title":"A Virgem Maria nunca ir\u00e1 lhe desamparar. Reze esta Ora\u00e7\u00e3o!","og_description":"A Virgem Sant\u00edssima NUNCA DESAMPARA SEUS FILHOS!Confiar no AMOR e na PROTE\u00c7\u00c3O de NOSSA SENHORA DE F\u00c1TIMA, \u00e9 dar um passo que pode mudar sua vida.","og_url":"https:\/\/www.adf.org.br\/home\/a-oracao-mais-cheia-de-esperanca-que-se-conhece-na-santa-igreja\/","og_site_name":"Associa\u00e7\u00e3o Devotos de F\u00e1tima","article_published_time":"2020-07-21T11:00:56+00:00","article_modified_time":"2020-07-20T14:12:17+00:00","og_image":[{"width":600,"height":431,"url":"https:\/\/www.adf.org.br\/home\/wp-content\/uploads\/2020\/07\/nossa-senhora-nova.png","type":"image\/png"}],"twitter_card":"summary_large_image","twitter_misc":{"Escrito por":"Gabriel Barbosa","Est. tempo de leitura":"1 minuto"},"schema":{"@context":"https:\/\/schema.org","@graph":[{"@type":"WebSite","@id":"https:\/\/www.adf.org.br\/home\/#website","url":"https:\/\/www.adf.org.br\/home\/","name":"Associa\u00e7\u00e3o Devotos de F\u00e1tima","description":"Associa\u00e7\u00e3o Devotos de F\u00e1tima","potentialAction":[{"@type":"SearchAction","target":{"@type":"EntryPoint","urlTemplate":"https:\/\/www.adf.org.br\/home\/?s={search_term_string}"},"query-input":"required name=search_term_string"}],"inLanguage":"pt-BR"},{"@type":"ImageObject","@id":"https:\/\/www.adf.org.br\/home\/a-oracao-mais-cheia-de-esperanca-que-se-conhece-na-santa-igreja\/#primaryimage","inLanguage":"pt-BR","url":"https:\/\/www.adf.org.br\/home\/wp-content\/uploads\/2020\/07\/nossa-senhora-nova.png","contentUrl":"https:\/\/www.adf.org.br\/home\/wp-content\/uploads\/2020\/07\/nossa-senhora-nova.png","width":600,"height":431},{"@type":"WebPage","@id":"https:\/\/www.adf.org.br\/home\/a-oracao-mais-cheia-de-esperanca-que-se-conhece-na-santa-igreja\/#webpage","url":"https:\/\/www.adf.org.br\/home\/a-oracao-mais-cheia-de-esperanca-que-se-conhece-na-santa-igreja\/","name":"A Virgem Maria nunca ir\u00e1 lhe desamparar. Reze esta Ora\u00e7\u00e3o!","isPartOf":{"@id":"https:\/\/www.adf.org.br\/home\/#website"},"primaryImageOfPage":{"@id":"https:\/\/www.adf.org.br\/home\/a-oracao-mais-cheia-de-esperanca-que-se-conhece-na-santa-igreja\/#primaryimage"},"datePublished":"2020-07-21T11:00:56+00:00","dateModified":"2020-07-20T14:12:17+00:00","author":{"@id":"https:\/\/www.adf.org.br\/home\/#\/schema\/person\/f35a5c5aa7728a3dedf4ea9aa1fc2753"},"description":"A Virgem Sant\u00edssima NUNCA DESAMPARA SEUS FILHOS!Confiar no AMOR e na PROTE\u00c7\u00c3O de NOSSA SENHORA DE F\u00c1TIMA, \u00e9 dar um passo que pode mudar sua vida.","breadcrumb":{"@id":"https:\/\/www.adf.org.br\/home\/a-oracao-mais-cheia-de-esperanca-que-se-conhece-na-santa-igreja\/#breadcrumb"},"inLanguage":"pt-BR","potentialAction":[{"@type":"ReadAction","target":["https:\/\/www.adf.org.br\/home\/a-oracao-mais-cheia-de-esperanca-que-se-conhece-na-santa-igreja\/"]}]},{"@type":"BreadcrumbList","@id":"https:\/\/www.adf.org.br\/home\/a-oracao-mais-cheia-de-esperanca-que-se-conhece-na-santa-igreja\/#breadcrumb","itemListElement":[{"@type":"ListItem","position":1,"name":"Home","item":"https:\/\/www.adf.org.br\/home\/"},{"@type":"ListItem","position":2,"name":"A Virgem Maria nunca ir\u00e1 lhe desamparar. Reze esta Ora\u00e7\u00e3o!"}]},{"@type":"Person","@id":"https:\/\/www.adf.org.br\/home\/#\/schema\/person\/f35a5c5aa7728a3dedf4ea9aa1fc2753","name":"Gabriel Barbosa","image":{"@type":"ImageObject","@id":"https:\/\/www.adf.org.br\/home\/#personlogo","inLanguage":"pt-BR","url":"https:\/\/secure.gravatar.com\/avatar\/2b2cb2f4637682c5605e8d36818f51ef?s=96&d=mm&r=g","contentUrl":"https:\/\/secure.gravatar.com\/avatar\/2b2cb2f4637682c5605e8d36818f51ef?s=96&d=mm&r=g","caption":"Gabriel Barbosa"},"url":"https:\/\/www.adf.org.br\/home\/author\/gabrielpmk-com-br\/"}]}},"_links":{"self":[{"href":"https:\/\/www.adf.org.br\/home\/wp-json\/wp\/v2\/posts\/56448"}],"collection":[{"href":"https:\/\/www.adf.org.br\/home\/wp-json\/wp\/v2\/posts"}],"about":[{"href":"https:\/\/www.adf.org.br\/home\/wp-json\/wp\/v2\/types\/post"}],"author":[{"embeddable":true,"href":"https:\/\/www.adf.org.br\/home\/wp-json\/wp\/v2\/users\/31"}],"replies":[{"embeddable":true,"href":"https:\/\/www.adf.org.br\/home\/wp-json\/wp\/v2\/comments?post=56448"}],"version-history":[{"count":14,"href":"https:\/\/www.adf.org.br\/home\/wp-json\/wp\/v2\/posts\/56448\/revisions"}],"predecessor-version":[{"id":60562,"href":"https:\/\/www.adf.org.br\/home\/wp-json\/wp\/v2\/posts\/56448\/revisions\/60562"}],"wp:featuredmedia":[{"embeddable":true,"href":"https:\/\/www.adf.org.br\/home\/wp-json\/wp\/v2\/media\/60566"}],"wp:attachment":[{"href":"https:\/\/www.adf.org.br\/home\/wp-json\/wp\/v2\/media?parent=56448"}],"wp:term":[{"taxonomy":"category","embeddable":true,"href":"https:\/\/www.adf.org.br\/home\/wp-json\/wp\/v2\/categories?post=56448"},{"taxonomy":"post_tag","embeddable":true,"href":"https:\/\/www.adf.org.br\/home\/wp-json\/wp\/v2\/tags?post=56448"}],"curies":[{"name":"wp","href":"https:\/\/api.w.org\/{rel}","templated":true}]}}