{"id":56331,"date":"2019-12-10T07:30:54","date_gmt":"2019-12-10T09:30:54","guid":{"rendered":"http:\/\/www.adf.org.br\/home\/?p=56331"},"modified":"2019-12-10T07:30:54","modified_gmt":"2019-12-10T09:30:54","slug":"video-um-rei-foi-destronado-e-ela-soube-antes-de-todo-mundo","status":"publish","type":"post","link":"https:\/\/www.adf.org.br\/home\/video-um-rei-foi-destronado-e-ela-soube-antes-de-todo-mundo\/","title":{"rendered":"V\u00eddeo: Um Rei foi destronado. E ela soube antes de todo mundo."},"content":{"rendered":"<div class=\"video-youtube\" style=\"text-align: center;\"><iframe loading=\"lazy\" src=\"https:\/\/www.youtube.com\/embed\/vYyqZ-mrsYQ\" width=\"560\" height=\"315\" frameborder=\"0\" allowfullscreen=\"allowfullscreen\"><br \/>\n<\/iframe><\/div>\n<p style=\"text-align: center;\"><span style=\"font-family: verdana, geneva, sans-serif; color: #ffffff; font-size: 12pt;\">.<\/span><\/p>\n<h6 style=\"text-align: center;\"><span style=\"font-family: verdana, geneva, sans-serif; color: #003366; font-size: 14pt;\"><b>Canal Devotos de F\u00e1tima\u00a0<\/b><\/span><\/h6>\n<p style=\"text-align: center;\"><span style=\"font-family: verdana, geneva, sans-serif; color: #ffffff; font-size: 12pt;\">.<\/span><\/p>\n<p style=\"text-align: center;\"><span style=\"font-family: verdana, geneva, sans-serif; color: #000000; font-size: 12pt;\"><span style=\"font-weight: 400;\">Fa\u00e7a sua <\/span><a href=\"https:\/\/www.youtube.com\/user\/devotosdefatima?sub_confirmation=1\" target=\"_blank\" rel=\"noopener noreferrer\"><span style=\"font-weight: 400; color: #0000ff;\">inscri\u00e7\u00e3o<\/span><\/a><span style=\"font-weight: 400;\"> e ajude a propagar o amor e a devo\u00e7\u00e3o em Nossa Senhora. ?<\/span><\/span><\/p>\n<p style=\"text-align: center;\"><span style=\"font-family: verdana, geneva, sans-serif; color: #ffffff; font-size: 12pt;\">.<\/span><\/p>\n<p style=\"text-align: center;\"><span style=\"font-family: verdana, geneva, sans-serif; color: #000000; font-size: 12pt;\"><a href=\"https:\/\/www.youtube.com\/user\/devotosdefatima?sub_confirmation=1\" target=\"_blank\" rel=\"noopener noreferrer\"><img loading=\"lazy\" class=\"alignnone wp-image-55815 size-full\" src=\"https:\/\/www.adf.org.br\/home\/wp-content\/uploads\/2019\/11\/Bot\u00e3o-ADF-Menor-1.jpg\" alt=\"Bot\u00e3o-ADF-Menor\" width=\"252\" height=\"51\" \/><\/a><\/span><\/p>\n<p style=\"text-align: center;\"><span style=\"font-family: verdana, geneva, sans-serif; color: #ffffff; font-size: 12pt;\">.<\/span><\/p>\n<p style=\"text-align: center;\"><strong><span style=\"font-family: verdana, geneva, sans-serif; color: #000000; font-size: 12pt;\">Desta maneira voc\u00ea tamb\u00e9m ir\u00e1 contribuir com o crescimento do apostolado em honra a Maria Sant\u00edssima.<\/span><\/strong><\/p>\n<p style=\"text-align: center;\"><span style=\"font-family: verdana, geneva, sans-serif; color: #ffffff; font-size: 12pt;\">.<\/span><\/p>\n<blockquote>\n<p style=\"text-align: center;\"><span style=\"font-family: verdana, geneva, sans-serif; color: #000000; font-size: 12pt;\"><b>Dica: <\/b><span style=\"font-weight: 400;\">Ative o sininho do canal para ser notificado sempre que um novo v\u00eddeo for publicado.\u00a0<\/span><\/span><\/p>\n<\/blockquote>\n<p style=\"text-align: center;\"><span style=\"font-family: verdana, geneva, sans-serif; color: #ffffff; font-size: 12pt;\">.<\/span><\/p>\n<p style=\"text-align: center;\"><em><span style=\"font-weight: 400; font-family: verdana, geneva, sans-serif; color: #000000; font-size: 12pt;\">Todas as pessoas que fizerem sua inscri\u00e7\u00e3o ser\u00e3o inclu\u00eddas nas preces dos religiosos e volunt\u00e1rios que apoiam as obras de evangeliza\u00e7\u00e3o.<\/span><\/em><\/p>\n<p style=\"text-align: center;\"><span style=\"font-family: verdana, geneva, sans-serif; color: #ffffff; font-size: 12pt;\">.<\/span><\/p>\n<hr \/>\n<p style=\"text-align: center;\"><span style=\"font-family: verdana, geneva, sans-serif; color: #003366; font-size: 14pt;\"><b>Vela da Medalha Milagrosa de Nossa Senhora das Gra\u00e7as\u00a0<\/b><\/span><\/p>\n<p style=\"text-align: center;\"><span style=\"font-family: verdana, geneva, sans-serif; color: #ffffff; font-size: 12pt;\">.<\/span><\/p>\n<p style=\"text-align: center;\"><span style=\"font-weight: 400; font-family: verdana, geneva, sans-serif; color: #000000; font-size: 12pt;\">Voc\u00ea tem um pedido de gra\u00e7a para fazer a Sant\u00edssima Virgem?<\/span><\/p>\n<p style=\"text-align: center;\"><span style=\"font-family: verdana, geneva, sans-serif; color: #ffffff; font-size: 12pt;\">.<\/span><\/p>\n<p style=\"text-align: center;\"><span style=\"font-weight: 400; font-family: verdana, geneva, sans-serif; color: #000000; font-size: 12pt;\"><strong>Clique na imagem abaixo<\/strong>, inscreva suas preces e acenda a <a href=\"https:\/\/adf.org.br\/velario\/gracas?origem=12475\" target=\"_blank\" rel=\"noopener noreferrer\"><span style=\"color: #0000ff;\">Velinha Virtual de Nossa Senhora<\/span><\/a>:\u00a0<\/span><\/p>\n<p style=\"text-align: center;\"><span style=\"color: #ffffff;\">.<\/span><\/p>\n<p style=\"text-align: center;\"><span style=\"font-family: verdana, geneva, sans-serif; color: #000000; font-size: 12pt;\"><a style=\"color: #000000;\" href=\"https:\/\/adf.org.br\/velario\/gracas?origem=12475\" target=\"_blank\" rel=\"noopener noreferrer\"><img loading=\"lazy\" class=\"alignnone wp-image-56333 size-full\" src=\"https:\/\/www.adf.org.br\/home\/wp-content\/uploads\/2019\/12\/Nossa-Senhora-das-Gra\u00e7as-Vela-1-1.jpg\" alt=\"Nossa Senhora das Gra\u00e7as - Vela 1\" width=\"587\" height=\"359\" \/><\/a><\/span><\/p>\n<p style=\"text-align: center;\"><span style=\"font-family: verdana, geneva, sans-serif; color: #ffffff; font-size: 12pt;\">.<\/span><\/p>\n<p style=\"text-align: center;\"><span style=\"font-family: verdana, geneva, sans-serif; color: #003366; font-size: 12pt;\"><i>&#8220;Tenho muitas e muitas gra\u00e7as para dar \u00e0 humanidade, mas as pessoas n\u00e3o mas pedem.&#8221;<\/i><\/span><\/p>\n<p style=\"text-align: center;\"><span style=\"font-family: verdana, geneva, sans-serif; color: #003366; font-size: 12pt;\"><b>&#8211; Lamentou Nossa Senhora para Santa Catarina Labour\u00e9 &#8211;<\/b><\/span><\/p>\n<p style=\"text-align: center;\"><span style=\"color: #ffffff;\">.<\/span><\/p>\n<p style=\"text-align: center;\"><span style=\"font-family: verdana, geneva, sans-serif; color: #000000; font-size: 12pt;\"><b>Observa\u00e7\u00e3o:<\/b><span style=\"font-weight: 400;\"> \u00c9 gr\u00e1tis! Voc\u00ea n\u00e3o precisa pagar nada para fazer seus pedidos a Nossa Sant\u00edssima M\u00e3e.\u00a0<\/span><\/span><\/p>\n<p style=\"text-align: center;\"><span style=\"font-family: verdana, geneva, sans-serif; color: #ffffff; font-size: 12pt;\">.<\/span><\/p>\n","protected":false},"excerpt":{"rendered":"<p>. Canal Devotos de F\u00e1tima\u00a0 . Fa\u00e7a sua inscri\u00e7\u00e3o e ajude a propagar o amor e a devo\u00e7\u00e3o em Nossa Senhora. ? . . Desta maneira voc\u00ea tamb\u00e9m ir\u00e1 contribuir com o crescimento do apostolado em honra a Maria Sant\u00edssima. . Dica: Ative o sininho do canal para ser notificado sempre que um novo v\u00eddeo [&hellip;]<\/p>\n","protected":false},"author":31,"featured_media":56335,"comment_status":"open","ping_status":"open","sticky":false,"template":"","format":"standard","meta":[],"categories":[20,2311,50,2585,2332,101],"tags":[2607,2288,34,306,3454,522,2605,1893,470],"yoast_head":"<!-- This site is optimized with the Yoast SEO plugin v17.4 - https:\/\/yoast.com\/wordpress\/plugins\/seo\/ -->\n<title>V\u00eddeo: Um Rei foi destronado. E ela soube antes de todo mundo. - Associa\u00e7\u00e3o Devotos de F\u00e1tima<\/title>\n<meta name=\"robots\" content=\"index, follow, max-snippet:-1, max-image-preview:large, max-video-preview:-1\" \/>\n<link rel=\"canonical\" href=\"https:\/\/www.adf.org.br\/home\/video-um-rei-foi-destronado-e-ela-soube-antes-de-todo-mundo\/\" \/>\n<meta property=\"og:locale\" content=\"pt_BR\" \/>\n<meta property=\"og:type\" content=\"article\" \/>\n<meta property=\"og:title\" content=\"V\u00eddeo: Um Rei foi destronado. E ela soube antes de todo mundo. - Associa\u00e7\u00e3o Devotos de F\u00e1tima\" \/>\n<meta property=\"og:description\" content=\". Canal Devotos de F\u00e1tima\u00a0 . Fa\u00e7a sua inscri\u00e7\u00e3o e ajude a propagar o amor e a devo\u00e7\u00e3o em Nossa Senhora. ? . . Desta maneira voc\u00ea tamb\u00e9m ir\u00e1 contribuir com o crescimento do apostolado em honra a Maria Sant\u00edssima. . Dica: Ative o sininho do canal para ser notificado sempre que um novo v\u00eddeo [&hellip;]\" \/>\n<meta property=\"og:url\" content=\"https:\/\/www.adf.org.br\/home\/video-um-rei-foi-destronado-e-ela-soube-antes-de-todo-mundo\/\" \/>\n<meta property=\"og:site_name\" content=\"Associa\u00e7\u00e3o Devotos de F\u00e1tima\" \/>\n<meta property=\"article:published_time\" content=\"2019-12-10T09:30:54+00:00\" \/>\n<meta name=\"twitter:card\" content=\"summary_large_image\" \/>\n<meta name=\"twitter:label1\" content=\"Escrito por\" \/>\n\t<meta name=\"twitter:data1\" content=\"Gabriel Barbosa\" \/>\n\t<meta name=\"twitter:label2\" content=\"Est. tempo de leitura\" \/>\n\t<meta name=\"twitter:data2\" content=\"1 minuto\" \/>\n<script type=\"application\/ld+json\" class=\"yoast-schema-graph\">{\"@context\":\"https:\/\/schema.org\",\"@graph\":[{\"@type\":\"WebSite\",\"@id\":\"https:\/\/www.adf.org.br\/home\/#website\",\"url\":\"https:\/\/www.adf.org.br\/home\/\",\"name\":\"Associa\\u00e7\\u00e3o Devotos de F\\u00e1tima\",\"description\":\"Associa\\u00e7\\u00e3o Devotos de F\\u00e1tima\",\"potentialAction\":[{\"@type\":\"SearchAction\",\"target\":{\"@type\":\"EntryPoint\",\"urlTemplate\":\"https:\/\/www.adf.org.br\/home\/?s={search_term_string}\"},\"query-input\":\"required name=search_term_string\"}],\"inLanguage\":\"pt-BR\"},{\"@type\":\"ImageObject\",\"@id\":\"https:\/\/www.adf.org.br\/home\/video-um-rei-foi-destronado-e-ela-soube-antes-de-todo-mundo\/#primaryimage\",\"inLanguage\":\"pt-BR\",\"url\":\"\",\"contentUrl\":\"\"},{\"@type\":\"WebPage\",\"@id\":\"https:\/\/www.adf.org.br\/home\/video-um-rei-foi-destronado-e-ela-soube-antes-de-todo-mundo\/#webpage\",\"url\":\"https:\/\/www.adf.org.br\/home\/video-um-rei-foi-destronado-e-ela-soube-antes-de-todo-mundo\/\",\"name\":\"V\\u00eddeo: Um Rei foi destronado. E ela soube antes de todo mundo. - Associa\\u00e7\\u00e3o Devotos de F\\u00e1tima\",\"isPartOf\":{\"@id\":\"https:\/\/www.adf.org.br\/home\/#website\"},\"primaryImageOfPage\":{\"@id\":\"https:\/\/www.adf.org.br\/home\/video-um-rei-foi-destronado-e-ela-soube-antes-de-todo-mundo\/#primaryimage\"},\"datePublished\":\"2019-12-10T09:30:54+00:00\",\"dateModified\":\"2019-12-10T09:30:54+00:00\",\"author\":{\"@id\":\"https:\/\/www.adf.org.br\/home\/#\/schema\/person\/f35a5c5aa7728a3dedf4ea9aa1fc2753\"},\"breadcrumb\":{\"@id\":\"https:\/\/www.adf.org.br\/home\/video-um-rei-foi-destronado-e-ela-soube-antes-de-todo-mundo\/#breadcrumb\"},\"inLanguage\":\"pt-BR\",\"potentialAction\":[{\"@type\":\"ReadAction\",\"target\":[\"https:\/\/www.adf.org.br\/home\/video-um-rei-foi-destronado-e-ela-soube-antes-de-todo-mundo\/\"]}]},{\"@type\":\"BreadcrumbList\",\"@id\":\"https:\/\/www.adf.org.br\/home\/video-um-rei-foi-destronado-e-ela-soube-antes-de-todo-mundo\/#breadcrumb\",\"itemListElement\":[{\"@type\":\"ListItem\",\"position\":1,\"name\":\"Home\",\"item\":\"https:\/\/www.adf.org.br\/home\/\"},{\"@type\":\"ListItem\",\"position\":2,\"name\":\"V\\u00eddeo: Um Rei foi destronado. E ela soube antes de todo mundo.\"}]},{\"@type\":\"Person\",\"@id\":\"https:\/\/www.adf.org.br\/home\/#\/schema\/person\/f35a5c5aa7728a3dedf4ea9aa1fc2753\",\"name\":\"Gabriel Barbosa\",\"image\":{\"@type\":\"ImageObject\",\"@id\":\"https:\/\/www.adf.org.br\/home\/#personlogo\",\"inLanguage\":\"pt-BR\",\"url\":\"https:\/\/secure.gravatar.com\/avatar\/2b2cb2f4637682c5605e8d36818f51ef?s=96&d=mm&r=g\",\"contentUrl\":\"https:\/\/secure.gravatar.com\/avatar\/2b2cb2f4637682c5605e8d36818f51ef?s=96&d=mm&r=g\",\"caption\":\"Gabriel Barbosa\"},\"url\":\"https:\/\/www.adf.org.br\/home\/author\/gabrielpmk-com-br\/\"}]}<\/script>\n<!-- \/ Yoast SEO plugin. -->","yoast_head_json":{"title":"V\u00eddeo: Um Rei foi destronado. E ela soube antes de todo mundo. - Associa\u00e7\u00e3o Devotos de F\u00e1tima","robots":{"index":"index","follow":"follow","max-snippet":"max-snippet:-1","max-image-preview":"max-image-preview:large","max-video-preview":"max-video-preview:-1"},"canonical":"https:\/\/www.adf.org.br\/home\/video-um-rei-foi-destronado-e-ela-soube-antes-de-todo-mundo\/","og_locale":"pt_BR","og_type":"article","og_title":"V\u00eddeo: Um Rei foi destronado. E ela soube antes de todo mundo. - Associa\u00e7\u00e3o Devotos de F\u00e1tima","og_description":". Canal Devotos de F\u00e1tima\u00a0 . Fa\u00e7a sua inscri\u00e7\u00e3o e ajude a propagar o amor e a devo\u00e7\u00e3o em Nossa Senhora. ? . . Desta maneira voc\u00ea tamb\u00e9m ir\u00e1 contribuir com o crescimento do apostolado em honra a Maria Sant\u00edssima. . Dica: Ative o sininho do canal para ser notificado sempre que um novo v\u00eddeo [&hellip;]","og_url":"https:\/\/www.adf.org.br\/home\/video-um-rei-foi-destronado-e-ela-soube-antes-de-todo-mundo\/","og_site_name":"Associa\u00e7\u00e3o Devotos de F\u00e1tima","article_published_time":"2019-12-10T09:30:54+00:00","twitter_card":"summary_large_image","twitter_misc":{"Escrito por":"Gabriel Barbosa","Est. tempo de leitura":"1 minuto"},"schema":{"@context":"https:\/\/schema.org","@graph":[{"@type":"WebSite","@id":"https:\/\/www.adf.org.br\/home\/#website","url":"https:\/\/www.adf.org.br\/home\/","name":"Associa\u00e7\u00e3o Devotos de F\u00e1tima","description":"Associa\u00e7\u00e3o Devotos de F\u00e1tima","potentialAction":[{"@type":"SearchAction","target":{"@type":"EntryPoint","urlTemplate":"https:\/\/www.adf.org.br\/home\/?s={search_term_string}"},"query-input":"required name=search_term_string"}],"inLanguage":"pt-BR"},{"@type":"ImageObject","@id":"https:\/\/www.adf.org.br\/home\/video-um-rei-foi-destronado-e-ela-soube-antes-de-todo-mundo\/#primaryimage","inLanguage":"pt-BR","url":"","contentUrl":""},{"@type":"WebPage","@id":"https:\/\/www.adf.org.br\/home\/video-um-rei-foi-destronado-e-ela-soube-antes-de-todo-mundo\/#webpage","url":"https:\/\/www.adf.org.br\/home\/video-um-rei-foi-destronado-e-ela-soube-antes-de-todo-mundo\/","name":"V\u00eddeo: Um Rei foi destronado. E ela soube antes de todo mundo. - Associa\u00e7\u00e3o Devotos de F\u00e1tima","isPartOf":{"@id":"https:\/\/www.adf.org.br\/home\/#website"},"primaryImageOfPage":{"@id":"https:\/\/www.adf.org.br\/home\/video-um-rei-foi-destronado-e-ela-soube-antes-de-todo-mundo\/#primaryimage"},"datePublished":"2019-12-10T09:30:54+00:00","dateModified":"2019-12-10T09:30:54+00:00","author":{"@id":"https:\/\/www.adf.org.br\/home\/#\/schema\/person\/f35a5c5aa7728a3dedf4ea9aa1fc2753"},"breadcrumb":{"@id":"https:\/\/www.adf.org.br\/home\/video-um-rei-foi-destronado-e-ela-soube-antes-de-todo-mundo\/#breadcrumb"},"inLanguage":"pt-BR","potentialAction":[{"@type":"ReadAction","target":["https:\/\/www.adf.org.br\/home\/video-um-rei-foi-destronado-e-ela-soube-antes-de-todo-mundo\/"]}]},{"@type":"BreadcrumbList","@id":"https:\/\/www.adf.org.br\/home\/video-um-rei-foi-destronado-e-ela-soube-antes-de-todo-mundo\/#breadcrumb","itemListElement":[{"@type":"ListItem","position":1,"name":"Home","item":"https:\/\/www.adf.org.br\/home\/"},{"@type":"ListItem","position":2,"name":"V\u00eddeo: Um Rei foi destronado. E ela soube antes de todo mundo."}]},{"@type":"Person","@id":"https:\/\/www.adf.org.br\/home\/#\/schema\/person\/f35a5c5aa7728a3dedf4ea9aa1fc2753","name":"Gabriel Barbosa","image":{"@type":"ImageObject","@id":"https:\/\/www.adf.org.br\/home\/#personlogo","inLanguage":"pt-BR","url":"https:\/\/secure.gravatar.com\/avatar\/2b2cb2f4637682c5605e8d36818f51ef?s=96&d=mm&r=g","contentUrl":"https:\/\/secure.gravatar.com\/avatar\/2b2cb2f4637682c5605e8d36818f51ef?s=96&d=mm&r=g","caption":"Gabriel Barbosa"},"url":"https:\/\/www.adf.org.br\/home\/author\/gabrielpmk-com-br\/"}]}},"_links":{"self":[{"href":"https:\/\/www.adf.org.br\/home\/wp-json\/wp\/v2\/posts\/56331"}],"collection":[{"href":"https:\/\/www.adf.org.br\/home\/wp-json\/wp\/v2\/posts"}],"about":[{"href":"https:\/\/www.adf.org.br\/home\/wp-json\/wp\/v2\/types\/post"}],"author":[{"embeddable":true,"href":"https:\/\/www.adf.org.br\/home\/wp-json\/wp\/v2\/users\/31"}],"replies":[{"embeddable":true,"href":"https:\/\/www.adf.org.br\/home\/wp-json\/wp\/v2\/comments?post=56331"}],"version-history":[{"count":0,"href":"https:\/\/www.adf.org.br\/home\/wp-json\/wp\/v2\/posts\/56331\/revisions"}],"wp:featuredmedia":[{"embeddable":true,"href":"https:\/\/www.adf.org.br\/home\/wp-json\/wp\/v2\/media\/56335"}],"wp:attachment":[{"href":"https:\/\/www.adf.org.br\/home\/wp-json\/wp\/v2\/media?parent=56331"}],"wp:term":[{"taxonomy":"category","embeddable":true,"href":"https:\/\/www.adf.org.br\/home\/wp-json\/wp\/v2\/categories?post=56331"},{"taxonomy":"post_tag","embeddable":true,"href":"https:\/\/www.adf.org.br\/home\/wp-json\/wp\/v2\/tags?post=56331"}],"curies":[{"name":"wp","href":"https:\/\/api.w.org\/{rel}","templated":true}]}}