{"id":56315,"date":"2019-12-09T07:30:59","date_gmt":"2019-12-09T09:30:59","guid":{"rendered":"http:\/\/www.adf.org.br\/home\/?p=56315"},"modified":"2019-12-09T07:30:59","modified_gmt":"2019-12-09T09:30:59","slug":"missa-de-nossa-senhora-de-fatima-por-bencaos-nos-trabalhos-e-empreendimentos","status":"publish","type":"post","link":"https:\/\/www.adf.org.br\/home\/missa-de-nossa-senhora-de-fatima-por-bencaos-nos-trabalhos-e-empreendimentos\/","title":{"rendered":"Missa de Nossa Senhora de F\u00e1tima por b\u00ean\u00e7\u00e3os nos trabalhos e empreendimentos"},"content":{"rendered":"<p style=\"text-align: left;\"><span style=\"font-weight: 400; font-family: verdana, geneva, sans-serif; color: #000000; font-size: 12pt;\"><span style=\"font-size: 18pt;\">D<\/span>esemprego, empresas fechando, com\u00e9rcio lutando para manter as portas abertas&#8230;sabemos que o ano n\u00e3o foi f\u00e1cil.<\/span><\/p>\n<p style=\"text-align: left;\"><span style=\"font-family: verdana, geneva, sans-serif; color: #ffffff; font-size: 12pt;\">.<\/span><\/p>\n<p style=\"text-align: left;\"><span style=\"font-family: verdana, geneva, sans-serif; color: #000000; font-size: 12pt;\"><span style=\"font-weight: 400;\">Mas <\/span><strong><a href=\"https:\/\/adf.org.br\/apostolosdefatima?origem=12474\" target=\"_blank\" rel=\"noopener noreferrer\"><span style=\"color: #0000ff;\">Nossa Senhora de F\u00e1tima<\/span><\/a><\/strong> <span style=\"font-weight: 400;\">est\u00e1 sempre ao nosso lado e com aux\u00edlio <\/span><span style=\"color: #003366;\"><b>d\u2019Ela<\/b><\/span><span style=\"font-weight: 400;\"> teremos um 2020 muito aben\u00e7oado e repleto de sucesso e prosperidade.<\/span><\/span><\/p>\n<p style=\"text-align: center;\"><span style=\"font-family: verdana, geneva, sans-serif; color: #ffffff; font-size: 12pt;\">.<\/span><\/p>\n<p style=\"text-align: center;\"><span style=\"color: #003366;\"><strong><span style=\"font-family: verdana, geneva, sans-serif; font-size: 14pt;\">Missa por B\u00ean\u00e7\u00e3os nos Trabalhos e Empreendimentos<\/span><\/strong><\/span><\/p>\n<p style=\"text-align: center;\"><span style=\"font-family: verdana, geneva, sans-serif; font-size: 12pt; color: #ffffff;\">.<\/span><\/p>\n<p style=\"text-align: center;\"><a href=\"https:\/\/adf.org.br\/velario\/fatima?origem=12474\" target=\"_blank\" rel=\"noopener noreferrer\"><img loading=\"lazy\" class=\"alignnone wp-image-56316 size-full\" src=\"https:\/\/www.adf.org.br\/home\/wp-content\/uploads\/2019\/12\/Nossa-Senhora-Imagem-Destacada-7.jpg\" alt=\"Nossa Senhora - Imagem Destacada 7\" width=\"620\" height=\"393\" \/><\/a><\/p>\n<p style=\"text-align: center;\"><span style=\"color: #ffffff;\">.<\/span><\/p>\n<p style=\"text-align: center;\"><span style=\"font-weight: 400; font-family: verdana, geneva, sans-serif; color: #000000; font-size: 12pt;\">Suplique para que Maria Sant\u00edssima conceda muitas b\u00ean\u00e7\u00e3os sobre seu emprego, empresa, com\u00e9rcio, trabalho.<\/span><\/p>\n<p style=\"text-align: center;\"><span style=\"font-family: verdana, geneva, sans-serif; color: #ffffff; font-size: 12pt;\">.<\/span><\/p>\n<h6 style=\"text-align: center;\"><span style=\"font-family: verdana, geneva, sans-serif; color: #000000; font-size: 14pt;\"><span style=\"font-weight: 400;\">Ligue <\/span><b>sem custo <\/b><span style=\"font-weight: 400;\">para:<\/span><\/span><\/h6>\n<p style=\"text-align: center;\"><a href=\"tel:08006082128\" target=\"_blank\" rel=\"noopener noreferrer\"><strong><span style=\"font-family: verdana, geneva, sans-serif; color: #0000ff; font-size: 24pt;\">0800 608 2128<\/span><\/strong><\/a><\/p>\n<p style=\"text-align: center;\"><span style=\"font-family: verdana, geneva, sans-serif; color: #ffffff; font-size: 12pt;\">.<\/span><\/p>\n<p style=\"text-align: center;\"><span style=\"font-weight: 400; font-family: verdana, geneva, sans-serif; color: #000000; font-size: 14pt;\">E coloque seu nome e suas preces na Santa Missa que faremos celebrar esta semana.\u00a0<\/span><\/p>\n<p style=\"text-align: center;\"><span style=\"font-family: verdana, geneva, sans-serif; color: #ffffff; font-size: 12pt;\">.<\/span><\/p>\n<blockquote>\n<p style=\"text-align: center;\"><span style=\"font-family: verdana, geneva, sans-serif; color: #000000; font-size: 12pt;\"><span style=\"font-weight: 400;\">A <\/span><b>liga\u00e7\u00e3o \u00e9 de gra\u00e7a<\/b><span style=\"font-weight: 400;\"> para todo o Brasil e nossos colaboradores est\u00e3o dispon\u00edveis de segunda a sexta-feira, das 08h \u00e0s 18h, para registrar todos os pedidos que ser\u00e3o lembrados na Missa.\u00a0<\/span><\/span><\/p>\n<\/blockquote>\n<p style=\"text-align: center;\"><span style=\"font-family: verdana, geneva, sans-serif; color: #ffffff; font-size: 12pt;\">.<\/span><\/p>\n<p style=\"text-align: center;\"><span style=\"font-family: verdana, geneva, sans-serif; color: #000000; font-size: 12pt;\"><span style=\"font-weight: 400;\">Voc\u00ea tamb\u00e9m pode acender <\/span><b>gratuitamente<\/b><span style=\"font-weight: 400;\"> uma <span style=\"color: #003366;\"><strong>Vela Virtual para a Sant\u00edssima Virgem de F\u00e1tima<\/strong><\/span>.\u00a0<\/span><\/span><span style=\"font-family: verdana, geneva, sans-serif; color: #000000; font-size: 12pt;\"><span style=\"font-weight: 400;\">Para isso, basta <\/span><strong><span style=\"color: #0000ff;\"><a style=\"color: #0000ff;\" href=\"https:\/\/adf.org.br\/velario?origem=12474\" target=\"_blank\" rel=\"noopener noreferrer\">clicar aqui<\/a>\u00a0<\/span><\/strong><span style=\"color: #0000ff;\"><span style=\"color: #000000;\">ou na imagem abaixo:<\/span><\/span><\/span><\/p>\n<p style=\"text-align: center;\"><span style=\"color: #ffffff;\">.<\/span><\/p>\n<p style=\"text-align: center;\"><a href=\"https:\/\/adf.org.br\/velario\/fatima?origem=12474\" target=\"_blank\" rel=\"noopener noreferrer\"><img loading=\"lazy\" class=\"alignnone wp-image-56326 size-full\" src=\"https:\/\/www.adf.org.br\/home\/wp-content\/uploads\/2019\/12\/Vela-e-Nossa-Senhora-de-F\u00e1tima.jpg\" alt=\"Vela e Nossa Senhora de F\u00e1tima\" width=\"568\" height=\"339\" \/><\/a><\/p>\n<p style=\"text-align: center;\"><span style=\"color: #ffffff;\">.<\/span><\/p>\n<p style=\"text-align: center;\"><strong><span style=\"font-size: 12pt;\"><span style=\"font-family: verdana, geneva, sans-serif; color: #ffffff;\">.<\/span><span style=\"font-family: verdana, geneva, sans-serif; color: #000000;\">Se precisa de um emprego, de uma gra\u00e7a em sua vida, pe\u00e7a a intercess\u00e3o de <a href=\"https:\/\/adf.org.br\/apostolosdefatima?origem=12474#ChanceUnica\" target=\"_blank\" rel=\"noopener noreferrer\"><span style=\"color: #0000ff;\">Nossa Senhora<\/span><\/a>!<\/span><\/span><\/strong><\/p>\n<p style=\"text-align: center;\"><span style=\"color: #ffffff;\">.<\/span><\/p>\n<p style=\"text-align: center;\"><span style=\"font-weight: 400; font-family: verdana, geneva, sans-serif; color: #000000; font-size: 12pt;\">Reze com toda sua f\u00e9 e entregue seu cora\u00e7\u00e3o, pois como diz a <strong><span style=\"color: #003366;\">Ora\u00e7\u00e3o de S\u00e3o Bernardo<\/span><\/strong>:\u00a0<\/span><\/p>\n<p style=\"text-align: center;\"><span style=\"font-family: verdana, geneva, sans-serif; color: #ffffff; font-size: 12pt;\">.<\/span><\/p>\n<p style=\"text-align: center;\"><span style=\"font-family: verdana, geneva, sans-serif; color: #003366; font-size: 12pt;\"><span style=\"font-weight: 400;\">\u201c[&#8230;] <\/span><i><span style=\"font-weight: 400;\"><strong>nunca se ouviu dizer que algum dos que recorreram \u00e0 vossa prote\u00e7\u00e3o<\/strong>, imploraram a vossa assist\u00eancia e clamaram por vosso socorro <strong>tenha sido por V\u00f3s desamparado<\/strong>.\u201d<\/span><\/i><\/span><\/p>\n<p style=\"text-align: center;\"><span style=\"font-family: verdana, geneva, sans-serif; color: #ffffff; font-size: 12pt;\">.<\/span><br \/>\n<span style=\"font-family: verdana, geneva, sans-serif; color: #000000; font-size: 12pt;\"><strong><i>\u201cNossa Senhora de F\u00e1tima, rogai por n\u00f3s.\u201d <\/i><\/strong><span style=\"font-weight: 400;\">?\u2764\ufe0f<\/span><\/span><\/p>\n<p style=\"text-align: center;\"><span style=\"font-family: verdana, geneva, sans-serif; color: #ffffff; font-size: 12pt;\">.<\/span><\/p>\n","protected":false},"excerpt":{"rendered":"<p>Desemprego, empresas fechando, com\u00e9rcio lutando para manter as portas abertas&#8230;sabemos que o ano n\u00e3o foi f\u00e1cil. . Mas Nossa Senhora de F\u00e1tima est\u00e1 sempre ao nosso lado e com aux\u00edlio d\u2019Ela teremos um 2020 muito aben\u00e7oado e repleto de sucesso e prosperidade. . Missa por B\u00ean\u00e7\u00e3os nos Trabalhos e Empreendimentos . . Suplique para que [&hellip;]<\/p>\n","protected":false},"author":31,"featured_media":56353,"comment_status":"open","ping_status":"open","sticky":false,"template":"","format":"standard","meta":[],"categories":[20,2323,2473,60,56,2332],"tags":[2242,3449,3450,2660,3451,57,26,3452,923],"yoast_head":"<!-- This site is optimized with the Yoast SEO plugin v17.4 - https:\/\/yoast.com\/wordpress\/plugins\/seo\/ -->\n<title>Missa de Nossa Senhora de F\u00e1tima por b\u00ean\u00e7\u00e3os nos trabalhos e empreendimentos - Associa\u00e7\u00e3o Devotos de F\u00e1tima<\/title>\n<meta name=\"robots\" content=\"index, follow, max-snippet:-1, max-image-preview:large, max-video-preview:-1\" \/>\n<link rel=\"canonical\" href=\"https:\/\/www.adf.org.br\/home\/missa-de-nossa-senhora-de-fatima-por-bencaos-nos-trabalhos-e-empreendimentos\/\" \/>\n<meta property=\"og:locale\" content=\"pt_BR\" \/>\n<meta property=\"og:type\" content=\"article\" \/>\n<meta property=\"og:title\" content=\"Missa de Nossa Senhora de F\u00e1tima por b\u00ean\u00e7\u00e3os nos trabalhos e empreendimentos - Associa\u00e7\u00e3o Devotos de F\u00e1tima\" \/>\n<meta property=\"og:description\" content=\"Desemprego, empresas fechando, com\u00e9rcio lutando para manter as portas abertas&#8230;sabemos que o ano n\u00e3o foi f\u00e1cil. . Mas Nossa Senhora de F\u00e1tima est\u00e1 sempre ao nosso lado e com aux\u00edlio d\u2019Ela teremos um 2020 muito aben\u00e7oado e repleto de sucesso e prosperidade. . Missa por B\u00ean\u00e7\u00e3os nos Trabalhos e Empreendimentos . . Suplique para que [&hellip;]\" \/>\n<meta property=\"og:url\" content=\"https:\/\/www.adf.org.br\/home\/missa-de-nossa-senhora-de-fatima-por-bencaos-nos-trabalhos-e-empreendimentos\/\" \/>\n<meta property=\"og:site_name\" content=\"Associa\u00e7\u00e3o Devotos de F\u00e1tima\" \/>\n<meta property=\"article:published_time\" content=\"2019-12-09T09:30:59+00:00\" \/>\n<meta name=\"twitter:card\" content=\"summary_large_image\" \/>\n<meta name=\"twitter:label1\" content=\"Escrito por\" \/>\n\t<meta name=\"twitter:data1\" content=\"Gabriel Barbosa\" \/>\n\t<meta name=\"twitter:label2\" content=\"Est. tempo de leitura\" \/>\n\t<meta name=\"twitter:data2\" content=\"1 minuto\" \/>\n<script type=\"application\/ld+json\" class=\"yoast-schema-graph\">{\"@context\":\"https:\/\/schema.org\",\"@graph\":[{\"@type\":\"WebSite\",\"@id\":\"https:\/\/www.adf.org.br\/home\/#website\",\"url\":\"https:\/\/www.adf.org.br\/home\/\",\"name\":\"Associa\\u00e7\\u00e3o Devotos de F\\u00e1tima\",\"description\":\"Associa\\u00e7\\u00e3o Devotos de F\\u00e1tima\",\"potentialAction\":[{\"@type\":\"SearchAction\",\"target\":{\"@type\":\"EntryPoint\",\"urlTemplate\":\"https:\/\/www.adf.org.br\/home\/?s={search_term_string}\"},\"query-input\":\"required name=search_term_string\"}],\"inLanguage\":\"pt-BR\"},{\"@type\":\"ImageObject\",\"@id\":\"https:\/\/www.adf.org.br\/home\/missa-de-nossa-senhora-de-fatima-por-bencaos-nos-trabalhos-e-empreendimentos\/#primaryimage\",\"inLanguage\":\"pt-BR\",\"url\":\"\",\"contentUrl\":\"\"},{\"@type\":\"WebPage\",\"@id\":\"https:\/\/www.adf.org.br\/home\/missa-de-nossa-senhora-de-fatima-por-bencaos-nos-trabalhos-e-empreendimentos\/#webpage\",\"url\":\"https:\/\/www.adf.org.br\/home\/missa-de-nossa-senhora-de-fatima-por-bencaos-nos-trabalhos-e-empreendimentos\/\",\"name\":\"Missa de Nossa Senhora de F\\u00e1tima por b\\u00ean\\u00e7\\u00e3os nos trabalhos e empreendimentos - Associa\\u00e7\\u00e3o Devotos de F\\u00e1tima\",\"isPartOf\":{\"@id\":\"https:\/\/www.adf.org.br\/home\/#website\"},\"primaryImageOfPage\":{\"@id\":\"https:\/\/www.adf.org.br\/home\/missa-de-nossa-senhora-de-fatima-por-bencaos-nos-trabalhos-e-empreendimentos\/#primaryimage\"},\"datePublished\":\"2019-12-09T09:30:59+00:00\",\"dateModified\":\"2019-12-09T09:30:59+00:00\",\"author\":{\"@id\":\"https:\/\/www.adf.org.br\/home\/#\/schema\/person\/f35a5c5aa7728a3dedf4ea9aa1fc2753\"},\"breadcrumb\":{\"@id\":\"https:\/\/www.adf.org.br\/home\/missa-de-nossa-senhora-de-fatima-por-bencaos-nos-trabalhos-e-empreendimentos\/#breadcrumb\"},\"inLanguage\":\"pt-BR\",\"potentialAction\":[{\"@type\":\"ReadAction\",\"target\":[\"https:\/\/www.adf.org.br\/home\/missa-de-nossa-senhora-de-fatima-por-bencaos-nos-trabalhos-e-empreendimentos\/\"]}]},{\"@type\":\"BreadcrumbList\",\"@id\":\"https:\/\/www.adf.org.br\/home\/missa-de-nossa-senhora-de-fatima-por-bencaos-nos-trabalhos-e-empreendimentos\/#breadcrumb\",\"itemListElement\":[{\"@type\":\"ListItem\",\"position\":1,\"name\":\"Home\",\"item\":\"https:\/\/www.adf.org.br\/home\/\"},{\"@type\":\"ListItem\",\"position\":2,\"name\":\"Missa de Nossa Senhora de F\\u00e1tima por b\\u00ean\\u00e7\\u00e3os nos trabalhos e empreendimentos\"}]},{\"@type\":\"Person\",\"@id\":\"https:\/\/www.adf.org.br\/home\/#\/schema\/person\/f35a5c5aa7728a3dedf4ea9aa1fc2753\",\"name\":\"Gabriel Barbosa\",\"image\":{\"@type\":\"ImageObject\",\"@id\":\"https:\/\/www.adf.org.br\/home\/#personlogo\",\"inLanguage\":\"pt-BR\",\"url\":\"https:\/\/secure.gravatar.com\/avatar\/2b2cb2f4637682c5605e8d36818f51ef?s=96&d=mm&r=g\",\"contentUrl\":\"https:\/\/secure.gravatar.com\/avatar\/2b2cb2f4637682c5605e8d36818f51ef?s=96&d=mm&r=g\",\"caption\":\"Gabriel Barbosa\"},\"url\":\"https:\/\/www.adf.org.br\/home\/author\/gabrielpmk-com-br\/\"}]}<\/script>\n<!-- \/ Yoast SEO plugin. -->","yoast_head_json":{"title":"Missa de Nossa Senhora de F\u00e1tima por b\u00ean\u00e7\u00e3os nos trabalhos e empreendimentos - Associa\u00e7\u00e3o Devotos de F\u00e1tima","robots":{"index":"index","follow":"follow","max-snippet":"max-snippet:-1","max-image-preview":"max-image-preview:large","max-video-preview":"max-video-preview:-1"},"canonical":"https:\/\/www.adf.org.br\/home\/missa-de-nossa-senhora-de-fatima-por-bencaos-nos-trabalhos-e-empreendimentos\/","og_locale":"pt_BR","og_type":"article","og_title":"Missa de Nossa Senhora de F\u00e1tima por b\u00ean\u00e7\u00e3os nos trabalhos e empreendimentos - Associa\u00e7\u00e3o Devotos de F\u00e1tima","og_description":"Desemprego, empresas fechando, com\u00e9rcio lutando para manter as portas abertas&#8230;sabemos que o ano n\u00e3o foi f\u00e1cil. . Mas Nossa Senhora de F\u00e1tima est\u00e1 sempre ao nosso lado e com aux\u00edlio d\u2019Ela teremos um 2020 muito aben\u00e7oado e repleto de sucesso e prosperidade. . Missa por B\u00ean\u00e7\u00e3os nos Trabalhos e Empreendimentos . . Suplique para que [&hellip;]","og_url":"https:\/\/www.adf.org.br\/home\/missa-de-nossa-senhora-de-fatima-por-bencaos-nos-trabalhos-e-empreendimentos\/","og_site_name":"Associa\u00e7\u00e3o Devotos de F\u00e1tima","article_published_time":"2019-12-09T09:30:59+00:00","twitter_card":"summary_large_image","twitter_misc":{"Escrito por":"Gabriel Barbosa","Est. tempo de leitura":"1 minuto"},"schema":{"@context":"https:\/\/schema.org","@graph":[{"@type":"WebSite","@id":"https:\/\/www.adf.org.br\/home\/#website","url":"https:\/\/www.adf.org.br\/home\/","name":"Associa\u00e7\u00e3o Devotos de F\u00e1tima","description":"Associa\u00e7\u00e3o Devotos de F\u00e1tima","potentialAction":[{"@type":"SearchAction","target":{"@type":"EntryPoint","urlTemplate":"https:\/\/www.adf.org.br\/home\/?s={search_term_string}"},"query-input":"required name=search_term_string"}],"inLanguage":"pt-BR"},{"@type":"ImageObject","@id":"https:\/\/www.adf.org.br\/home\/missa-de-nossa-senhora-de-fatima-por-bencaos-nos-trabalhos-e-empreendimentos\/#primaryimage","inLanguage":"pt-BR","url":"","contentUrl":""},{"@type":"WebPage","@id":"https:\/\/www.adf.org.br\/home\/missa-de-nossa-senhora-de-fatima-por-bencaos-nos-trabalhos-e-empreendimentos\/#webpage","url":"https:\/\/www.adf.org.br\/home\/missa-de-nossa-senhora-de-fatima-por-bencaos-nos-trabalhos-e-empreendimentos\/","name":"Missa de Nossa Senhora de F\u00e1tima por b\u00ean\u00e7\u00e3os nos trabalhos e empreendimentos - Associa\u00e7\u00e3o Devotos de F\u00e1tima","isPartOf":{"@id":"https:\/\/www.adf.org.br\/home\/#website"},"primaryImageOfPage":{"@id":"https:\/\/www.adf.org.br\/home\/missa-de-nossa-senhora-de-fatima-por-bencaos-nos-trabalhos-e-empreendimentos\/#primaryimage"},"datePublished":"2019-12-09T09:30:59+00:00","dateModified":"2019-12-09T09:30:59+00:00","author":{"@id":"https:\/\/www.adf.org.br\/home\/#\/schema\/person\/f35a5c5aa7728a3dedf4ea9aa1fc2753"},"breadcrumb":{"@id":"https:\/\/www.adf.org.br\/home\/missa-de-nossa-senhora-de-fatima-por-bencaos-nos-trabalhos-e-empreendimentos\/#breadcrumb"},"inLanguage":"pt-BR","potentialAction":[{"@type":"ReadAction","target":["https:\/\/www.adf.org.br\/home\/missa-de-nossa-senhora-de-fatima-por-bencaos-nos-trabalhos-e-empreendimentos\/"]}]},{"@type":"BreadcrumbList","@id":"https:\/\/www.adf.org.br\/home\/missa-de-nossa-senhora-de-fatima-por-bencaos-nos-trabalhos-e-empreendimentos\/#breadcrumb","itemListElement":[{"@type":"ListItem","position":1,"name":"Home","item":"https:\/\/www.adf.org.br\/home\/"},{"@type":"ListItem","position":2,"name":"Missa de Nossa Senhora de F\u00e1tima por b\u00ean\u00e7\u00e3os nos trabalhos e empreendimentos"}]},{"@type":"Person","@id":"https:\/\/www.adf.org.br\/home\/#\/schema\/person\/f35a5c5aa7728a3dedf4ea9aa1fc2753","name":"Gabriel Barbosa","image":{"@type":"ImageObject","@id":"https:\/\/www.adf.org.br\/home\/#personlogo","inLanguage":"pt-BR","url":"https:\/\/secure.gravatar.com\/avatar\/2b2cb2f4637682c5605e8d36818f51ef?s=96&d=mm&r=g","contentUrl":"https:\/\/secure.gravatar.com\/avatar\/2b2cb2f4637682c5605e8d36818f51ef?s=96&d=mm&r=g","caption":"Gabriel Barbosa"},"url":"https:\/\/www.adf.org.br\/home\/author\/gabrielpmk-com-br\/"}]}},"_links":{"self":[{"href":"https:\/\/www.adf.org.br\/home\/wp-json\/wp\/v2\/posts\/56315"}],"collection":[{"href":"https:\/\/www.adf.org.br\/home\/wp-json\/wp\/v2\/posts"}],"about":[{"href":"https:\/\/www.adf.org.br\/home\/wp-json\/wp\/v2\/types\/post"}],"author":[{"embeddable":true,"href":"https:\/\/www.adf.org.br\/home\/wp-json\/wp\/v2\/users\/31"}],"replies":[{"embeddable":true,"href":"https:\/\/www.adf.org.br\/home\/wp-json\/wp\/v2\/comments?post=56315"}],"version-history":[{"count":0,"href":"https:\/\/www.adf.org.br\/home\/wp-json\/wp\/v2\/posts\/56315\/revisions"}],"wp:featuredmedia":[{"embeddable":true,"href":"https:\/\/www.adf.org.br\/home\/wp-json\/wp\/v2\/media\/56353"}],"wp:attachment":[{"href":"https:\/\/www.adf.org.br\/home\/wp-json\/wp\/v2\/media?parent=56315"}],"wp:term":[{"taxonomy":"category","embeddable":true,"href":"https:\/\/www.adf.org.br\/home\/wp-json\/wp\/v2\/categories?post=56315"},{"taxonomy":"post_tag","embeddable":true,"href":"https:\/\/www.adf.org.br\/home\/wp-json\/wp\/v2\/tags?post=56315"}],"curies":[{"name":"wp","href":"https:\/\/api.w.org\/{rel}","templated":true}]}}